
{"id":3704,"date":"2019-01-14T13:42:08","date_gmt":"2019-01-14T11:42:08","guid":{"rendered":"https:\/\/ticsalutsocial.atoom.space\/?post_type=noticia&#038;p=3704"},"modified":"2021-07-21T15:39:44","modified_gmt":"2021-07-21T13:39:44","slug":"athika-impulsando-competencias-entre-profesionales-del-sector","status":"publish","type":"noticia","link":"https:\/\/ticsalutsocial.atoom.space\/es\/noticia\/athika-impulsando-competencias-entre-profesionales-del-sector\/","title":{"rendered":"ATHIKA, impulsando competencias entre profesionales del sector"},"content":{"rendered":"\n<p> Este enero de 2019 inicia el proyecto\u00a0ATHIKA, financiado por el programa ERASMUS+ (Comisi\u00f3n Europea &#8211;\u00a0EAC-A05-2017), centrado en el dise\u00f1o y despliegue de programas formativos multidisciplinarios. As\u00ed pues,\u00a0ATHIKA\u00a0tendr\u00e1 como objetivo mejorar las competencias de los profesionales sanitarios y de los ingenieros para facilitar la aplicaci\u00f3n de las nuevas tecnolog\u00edas al sector. <\/p>\n\n\n\n<p> El consorcio est\u00e1 formado por tres instituciones de educaci\u00f3n superior: La Salle \u2013 Universitat Ramon Llull,\u00a0University\u00a0of\u00a0Tartu\u00a0y\u00a0University\u00a0of\u00a0theWest\u00a0of\u00a0Scotland; cinco empresas:\u00a0TechnopolisGroup\u00a0(consultor\u00eda),\u00a0Mcrit\u00a0(consultor\u00eda),\u00a0Pharmatics\u00a0Limited\u00a0(investigaci\u00f3n y desarrollo ,\u00a0Technosens\u00a0Evolution\u00a0(desarrollo de software) y\u00a0Kaunas\u00a0STP\u00a0(parque tecnol\u00f3gico). <\/p>\n\n\n\n<p>La Fundaci\u00f3 TIC Salut Social,  participar\u00e1 en la identificaci\u00f3n de los retos y necesidades del sector de la salud as\u00ed como de experiencias en\u00a0eHealth\u00a0y\u00a0mHealth, para dotar a los profesionales de la pericia necesaria para desarrollar soluciones\u00a0eHealth\u00a0que den respuesta a los retos actuales del sector. <\/p>\n\n\n\n<p> Los nuevos sistemas TIC del sector sanitario requieren una mejor colaboraci\u00f3n entre profesionales sanitarios, pacientes y expertos tecnol\u00f3gicos para asegurar que los resultados sean positivos y no contraproducentes para el paciente.\u00a0ATHIKA\u00a0busca mejorar este v\u00ednculo formando profesionales de diferentes perfiles porque adquieran competencias en tecnolog\u00edas innovadoras y en \u00e9tica aplicada a la salud. Atendiendo al cariz\u00a0multidisciplinar\u00a0del consorcio, estos programas formativos involucrar\u00e1n acad\u00e9micos, entidades de la salud p\u00fablica, pymes, start-ups, emprendedores y consultores de negocios. Se llevar\u00e1n a cabo\u00a0workshops\u00a0y simposios entre todos los grupos involucrados de cara a intercambiar resultados, conocimientos y lecciones aprendidas. <\/p>\n\n\n\n<p> Los objetivos espec\u00edficos que se pretende lograr con\u00a0ATHIKA\u00a0son: <\/p>\n\n\n\n<ul class=\"wp-block-list\"><li>Proporcionar a los grupos un conjunto completo de competencias en Innovaci\u00f3n Sanitaria y en emprendimiento.<\/li><li>Desarrollar una alianza de conocimiento entre la educaci\u00f3n superior, las pymes y la industria.<\/li><li>Habilitar a los estudiantes la adquisici\u00f3n de habilidades espec\u00edficas de trabajo y de competencias clave que ayuden a incrementar su capacidad de ocupaci\u00f3n<\/li><li>Creaci\u00f3n de un modelo educativo innovador que pueda adaptarse en otras universidades. <\/li><\/ul>\n\n\n\n<p> Los pr\u00f3ximos pasos son la definici\u00f3n de las diferentes necesidades y retos en el \u00e1mbito de la salud y el bienestar analizando las principales dificultades que los profesionales involucrados est\u00e1n encontrando en el desarrollo de nuevas soluciones. Se evaluar\u00e1n los resultados obtenidos de la interacci\u00f3n entre los diferentes grupos involucrados, de cara a valorar soluciones para optimizar esta colaboraci\u00f3n para posteriores realizaciones de talleres y cursos. <\/p>\n","protected":false},"author":21,"featured_media":3701,"menu_order":0,"template":"","meta":{"_acf_changed":false,"inline_featured_image":false},"etiqueta":[],"tipus":[],"topic":[],"class_list":["post-3704","noticia","type-noticia","status-publish","has-post-thumbnail","hentry"],"acf":{"imatge":3703,"autor":"TIC Salut Social"},"yoast_head":"<!-- This site is optimized with the Yoast SEO plugin v27.1.1 - https:\/\/yoast.com\/product\/yoast-seo-wordpress\/ -->\n<title>ATHIKA, impulsando competencias entre profesionales del sector - Fundaci\u00f3 TIC Salut i Social<\/title>\n<meta name=\"robots\" content=\"index, follow, max-snippet:-1, max-image-preview:large, max-video-preview:-1\" \/>\n<link rel=\"canonical\" href=\"https:\/\/ticsalutsocial.atoom.space\/es\/noticia\/athika-impulsando-competencias-entre-profesionales-del-sector\/\" \/>\n<meta property=\"og:locale\" content=\"es_ES\" \/>\n<meta property=\"og:type\" content=\"article\" \/>\n<meta property=\"og:title\" content=\"ATHIKA, impulsando competencias entre profesionales del sector - Fundaci\u00f3 TIC Salut i Social\" \/>\n<meta property=\"og:description\" content=\"Este enero de 2019 inicia el proyecto\u00a0ATHIKA, financiado por el programa ERASMUS+ (Comisi\u00f3n Europea &#8211;\u00a0EAC-A05-2017), centrado en el dise\u00f1o y despliegue de programas formativos multidisciplinarios. As\u00ed pues,\u00a0ATHIKA\u00a0tendr\u00e1 como objetivo mejorar las competencias de los profesionales sanitarios y de los ingenieros para facilitar la aplicaci\u00f3n de las nuevas tecnolog\u00edas al sector. El consorcio est\u00e1 formado por [&hellip;]\" \/>\n<meta property=\"og:url\" content=\"https:\/\/ticsalutsocial.atoom.space\/es\/noticia\/athika-impulsando-competencias-entre-profesionales-del-sector\/\" \/>\n<meta property=\"og:site_name\" content=\"Fundaci\u00f3 TIC Salut i Social\" \/>\n<meta property=\"article:modified_time\" content=\"2021-07-21T13:39:44+00:00\" \/>\n<meta property=\"og:image\" content=\"https:\/\/ticsalutsocial.atoom.space\/wp-content\/uploads\/2019\/01\/rawpixel-711102-unsplash-scaled.jpg\" \/>\n\t<meta property=\"og:image:width\" content=\"2560\" \/>\n\t<meta property=\"og:image:height\" content=\"1499\" \/>\n\t<meta property=\"og:image:type\" content=\"image\/jpeg\" \/>\n<meta name=\"twitter:card\" content=\"summary_large_image\" \/>\n<meta name=\"twitter:label1\" content=\"Tiempo de lectura\" \/>\n\t<meta name=\"twitter:data1\" content=\"2 minutos\" \/>\n<script type=\"application\/ld+json\" class=\"yoast-schema-graph\">{\"@context\":\"https:\/\/schema.org\",\"@graph\":[{\"@type\":\"WebPage\",\"@id\":\"https:\/\/ticsalutsocial.atoom.space\/es\/noticia\/athika-impulsando-competencias-entre-profesionales-del-sector\/\",\"url\":\"https:\/\/ticsalutsocial.atoom.space\/es\/noticia\/athika-impulsando-competencias-entre-profesionales-del-sector\/\",\"name\":\"ATHIKA, impulsando competencias entre profesionales del sector - Fundaci\u00f3 TIC Salut i Social\",\"isPartOf\":{\"@id\":\"https:\/\/ticsalutsocial.atoom.space\/es\/#website\"},\"primaryImageOfPage\":{\"@id\":\"https:\/\/ticsalutsocial.atoom.space\/es\/noticia\/athika-impulsando-competencias-entre-profesionales-del-sector\/#primaryimage\"},\"image\":{\"@id\":\"https:\/\/ticsalutsocial.atoom.space\/es\/noticia\/athika-impulsando-competencias-entre-profesionales-del-sector\/#primaryimage\"},\"thumbnailUrl\":\"https:\/\/ticsalutsocial.atoom.space\/wp-content\/uploads\/2019\/01\/rawpixel-711102-unsplash-scaled.jpg\",\"datePublished\":\"2019-01-14T11:42:08+00:00\",\"dateModified\":\"2021-07-21T13:39:44+00:00\",\"breadcrumb\":{\"@id\":\"https:\/\/ticsalutsocial.atoom.space\/es\/noticia\/athika-impulsando-competencias-entre-profesionales-del-sector\/#breadcrumb\"},\"inLanguage\":\"es\",\"potentialAction\":[{\"@type\":\"ReadAction\",\"target\":[\"https:\/\/ticsalutsocial.atoom.space\/es\/noticia\/athika-impulsando-competencias-entre-profesionales-del-sector\/\"]}]},{\"@type\":\"ImageObject\",\"inLanguage\":\"es\",\"@id\":\"https:\/\/ticsalutsocial.atoom.space\/es\/noticia\/athika-impulsando-competencias-entre-profesionales-del-sector\/#primaryimage\",\"url\":\"https:\/\/ticsalutsocial.atoom.space\/wp-content\/uploads\/2019\/01\/rawpixel-711102-unsplash-scaled.jpg\",\"contentUrl\":\"https:\/\/ticsalutsocial.atoom.space\/wp-content\/uploads\/2019\/01\/rawpixel-711102-unsplash-scaled.jpg\",\"width\":2560,\"height\":1499},{\"@type\":\"BreadcrumbList\",\"@id\":\"https:\/\/ticsalutsocial.atoom.space\/es\/noticia\/athika-impulsando-competencias-entre-profesionales-del-sector\/#breadcrumb\",\"itemListElement\":[{\"@type\":\"ListItem\",\"position\":1,\"name\":\"Inici\",\"item\":\"https:\/\/ticsalutsocial.atoom.space\/es\/\"},{\"@type\":\"ListItem\",\"position\":2,\"name\":\"ATHIKA, impulsando competencias entre profesionales del sector\"}]},{\"@type\":\"WebSite\",\"@id\":\"https:\/\/ticsalutsocial.atoom.space\/es\/#website\",\"url\":\"https:\/\/ticsalutsocial.atoom.space\/es\/\",\"name\":\"Fundaci\u00f3 TIC Salut i Social\",\"description\":\"\",\"potentialAction\":[{\"@type\":\"SearchAction\",\"target\":{\"@type\":\"EntryPoint\",\"urlTemplate\":\"https:\/\/ticsalutsocial.atoom.space\/es\/?s={search_term_string}\"},\"query-input\":{\"@type\":\"PropertyValueSpecification\",\"valueRequired\":true,\"valueName\":\"search_term_string\"}}],\"inLanguage\":\"es\"}]}<\/script>\n<!-- \/ Yoast SEO plugin. -->","yoast_head_json":{"title":"ATHIKA, impulsando competencias entre profesionales del sector - Fundaci\u00f3 TIC Salut i Social","robots":{"index":"index","follow":"follow","max-snippet":"max-snippet:-1","max-image-preview":"max-image-preview:large","max-video-preview":"max-video-preview:-1"},"canonical":"https:\/\/ticsalutsocial.atoom.space\/es\/noticia\/athika-impulsando-competencias-entre-profesionales-del-sector\/","og_locale":"es_ES","og_type":"article","og_title":"ATHIKA, impulsando competencias entre profesionales del sector - Fundaci\u00f3 TIC Salut i Social","og_description":"Este enero de 2019 inicia el proyecto\u00a0ATHIKA, financiado por el programa ERASMUS+ (Comisi\u00f3n Europea &#8211;\u00a0EAC-A05-2017), centrado en el dise\u00f1o y despliegue de programas formativos multidisciplinarios. As\u00ed pues,\u00a0ATHIKA\u00a0tendr\u00e1 como objetivo mejorar las competencias de los profesionales sanitarios y de los ingenieros para facilitar la aplicaci\u00f3n de las nuevas tecnolog\u00edas al sector. El consorcio est\u00e1 formado por [&hellip;]","og_url":"https:\/\/ticsalutsocial.atoom.space\/es\/noticia\/athika-impulsando-competencias-entre-profesionales-del-sector\/","og_site_name":"Fundaci\u00f3 TIC Salut i Social","article_modified_time":"2021-07-21T13:39:44+00:00","og_image":[{"width":2560,"height":1499,"url":"https:\/\/ticsalutsocial.atoom.space\/wp-content\/uploads\/2019\/01\/rawpixel-711102-unsplash-scaled.jpg","type":"image\/jpeg"}],"twitter_card":"summary_large_image","twitter_misc":{"Tiempo de lectura":"2 minutos"},"schema":{"@context":"https:\/\/schema.org","@graph":[{"@type":"WebPage","@id":"https:\/\/ticsalutsocial.atoom.space\/es\/noticia\/athika-impulsando-competencias-entre-profesionales-del-sector\/","url":"https:\/\/ticsalutsocial.atoom.space\/es\/noticia\/athika-impulsando-competencias-entre-profesionales-del-sector\/","name":"ATHIKA, impulsando competencias entre profesionales del sector - Fundaci\u00f3 TIC Salut i Social","isPartOf":{"@id":"https:\/\/ticsalutsocial.atoom.space\/es\/#website"},"primaryImageOfPage":{"@id":"https:\/\/ticsalutsocial.atoom.space\/es\/noticia\/athika-impulsando-competencias-entre-profesionales-del-sector\/#primaryimage"},"image":{"@id":"https:\/\/ticsalutsocial.atoom.space\/es\/noticia\/athika-impulsando-competencias-entre-profesionales-del-sector\/#primaryimage"},"thumbnailUrl":"https:\/\/ticsalutsocial.atoom.space\/wp-content\/uploads\/2019\/01\/rawpixel-711102-unsplash-scaled.jpg","datePublished":"2019-01-14T11:42:08+00:00","dateModified":"2021-07-21T13:39:44+00:00","breadcrumb":{"@id":"https:\/\/ticsalutsocial.atoom.space\/es\/noticia\/athika-impulsando-competencias-entre-profesionales-del-sector\/#breadcrumb"},"inLanguage":"es","potentialAction":[{"@type":"ReadAction","target":["https:\/\/ticsalutsocial.atoom.space\/es\/noticia\/athika-impulsando-competencias-entre-profesionales-del-sector\/"]}]},{"@type":"ImageObject","inLanguage":"es","@id":"https:\/\/ticsalutsocial.atoom.space\/es\/noticia\/athika-impulsando-competencias-entre-profesionales-del-sector\/#primaryimage","url":"https:\/\/ticsalutsocial.atoom.space\/wp-content\/uploads\/2019\/01\/rawpixel-711102-unsplash-scaled.jpg","contentUrl":"https:\/\/ticsalutsocial.atoom.space\/wp-content\/uploads\/2019\/01\/rawpixel-711102-unsplash-scaled.jpg","width":2560,"height":1499},{"@type":"BreadcrumbList","@id":"https:\/\/ticsalutsocial.atoom.space\/es\/noticia\/athika-impulsando-competencias-entre-profesionales-del-sector\/#breadcrumb","itemListElement":[{"@type":"ListItem","position":1,"name":"Inici","item":"https:\/\/ticsalutsocial.atoom.space\/es\/"},{"@type":"ListItem","position":2,"name":"ATHIKA, impulsando competencias entre profesionales del sector"}]},{"@type":"WebSite","@id":"https:\/\/ticsalutsocial.atoom.space\/es\/#website","url":"https:\/\/ticsalutsocial.atoom.space\/es\/","name":"Fundaci\u00f3 TIC Salut i Social","description":"","potentialAction":[{"@type":"SearchAction","target":{"@type":"EntryPoint","urlTemplate":"https:\/\/ticsalutsocial.atoom.space\/es\/?s={search_term_string}"},"query-input":{"@type":"PropertyValueSpecification","valueRequired":true,"valueName":"search_term_string"}}],"inLanguage":"es"}]}},"_links":{"self":[{"href":"https:\/\/ticsalutsocial.atoom.space\/es\/wp-json\/wp\/v2\/noticia\/3704","targetHints":{"allow":["GET"]}}],"collection":[{"href":"https:\/\/ticsalutsocial.atoom.space\/es\/wp-json\/wp\/v2\/noticia"}],"about":[{"href":"https:\/\/ticsalutsocial.atoom.space\/es\/wp-json\/wp\/v2\/types\/noticia"}],"author":[{"embeddable":true,"href":"https:\/\/ticsalutsocial.atoom.space\/es\/wp-json\/wp\/v2\/users\/21"}],"wp:featuredmedia":[{"embeddable":true,"href":"https:\/\/ticsalutsocial.atoom.space\/es\/wp-json\/wp\/v2\/media\/3701"}],"wp:attachment":[{"href":"https:\/\/ticsalutsocial.atoom.space\/es\/wp-json\/wp\/v2\/media?parent=3704"}],"wp:term":[{"taxonomy":"etiqueta","embeddable":true,"href":"https:\/\/ticsalutsocial.atoom.space\/es\/wp-json\/wp\/v2\/etiqueta?post=3704"},{"taxonomy":"tipus","embeddable":true,"href":"https:\/\/ticsalutsocial.atoom.space\/es\/wp-json\/wp\/v2\/tipus?post=3704"},{"taxonomy":"topic","embeddable":true,"href":"https:\/\/ticsalutsocial.atoom.space\/es\/wp-json\/wp\/v2\/topic?post=3704"}],"curies":[{"name":"wp","href":"https:\/\/api.w.org\/{rel}","templated":true}]}}