
{"id":3710,"date":"2019-01-17T16:57:45","date_gmt":"2019-01-17T14:57:45","guid":{"rendered":"https:\/\/ticsalutsocial.atoom.space\/?post_type=noticia&#038;p=3710"},"modified":"2021-07-21T15:39:47","modified_gmt":"2021-07-21T13:39:47","slug":"valora-un-proyecto-para-monitorizar-epoc-y-asma","status":"publish","type":"noticia","link":"https:\/\/ticsalutsocial.atoom.space\/es\/noticia\/valora-un-proyecto-para-monitorizar-epoc-y-asma\/","title":{"rendered":"VALORA, un proyecto para monitorizar EPOC y asma"},"content":{"rendered":"<p>La <em>Fundaci\u00f3 TIC Salut Social<\/em> participa en un nuevo proyecto iniciado en 2018, VALORA. El objetivo es analizar el grado de satisfacci\u00f3n en el uso de la plataforma Propeller en pacientes con asma y EPOC y sus profesionales de referencia. Este estudio se realizar\u00e1 en colaboraci\u00f3n con distintos equipos de Atenci\u00f3n Primaria del SAP Delta de Llobregat bajo la supervisi\u00f3n cl\u00ednica del Dr. Simonet y coordinado por la propia fundaci\u00f3n.<\/p>\n<p>Un total de sesenta personas diagnosticadas con Enfermedad Obstructiva Cr\u00f3nica (EPOC) y\/o Asma son las protagonistas en la fase de pilotos. Los pacientes seleccionados utilizaran la plataforma Propeller durante un periodo de 6 meses. Dicha plataforma, Propeller, est\u00e1 compuesta por los siguientes elementos: a) un inhalador con sensor adaptado al dosificador Ellipta \u2013que avisa mediante un sistema de notificaci\u00f3n sonora y contabiliza las dosis requeridas seg\u00fan el tratamiento-; b) una app gratuita para control y supervisi\u00f3n del paciente; c) un portal web para uso de los pacientes y los profesionales sanitarios. Cada perfil de usuario dispone de una interfaz espec\u00edfica e independiente de otros usuarios que proporciona informaci\u00f3n sobre la salud respiratoria de los mismos.<\/p>\n<p>As\u00ed, este sistema analiza la frecuencia del uso del inhalador o adherencia temporal al tratamiento, calcula las tendencias de los pacientes y proporciona empoderamiento de su salud a los pacientes mediante informaci\u00f3n para la compresi\u00f3n del nivel respiratorio y otras especificidades de la patolog\u00eda.<\/p>\n<p>En este momento se ha obtenido la aprobaci\u00f3n del Comit\u00e9 \u00c9tico para realizar el estudio, y se espera empezar a reclutar pacientes en breve.<\/p>\n<p>&nbsp;<\/p>\n","protected":false},"author":21,"featured_media":3707,"menu_order":0,"template":"","meta":{"_acf_changed":false,"inline_featured_image":false},"etiqueta":[],"tipus":[],"topic":[130],"class_list":["post-3710","noticia","type-noticia","status-publish","has-post-thumbnail","hentry","topic-la-fundacion"],"acf":{"imatge":3709,"autor":"TIC Salut Social"},"yoast_head":"<!-- This site is optimized with the Yoast SEO plugin v27.1.1 - https:\/\/yoast.com\/product\/yoast-seo-wordpress\/ -->\n<title>VALORA, un proyecto para monitorizar EPOC y asma - Fundaci\u00f3 TIC Salut i Social<\/title>\n<meta name=\"robots\" content=\"index, follow, max-snippet:-1, max-image-preview:large, max-video-preview:-1\" \/>\n<link rel=\"canonical\" href=\"https:\/\/ticsalutsocial.atoom.space\/es\/noticia\/valora-un-proyecto-para-monitorizar-epoc-y-asma\/\" \/>\n<meta property=\"og:locale\" content=\"es_ES\" \/>\n<meta property=\"og:type\" content=\"article\" \/>\n<meta property=\"og:title\" content=\"VALORA, un proyecto para monitorizar EPOC y asma - Fundaci\u00f3 TIC Salut i Social\" \/>\n<meta property=\"og:description\" content=\"La Fundaci\u00f3 TIC Salut Social participa en un nuevo proyecto iniciado en 2018, VALORA. El objetivo es analizar el grado de satisfacci\u00f3n en el uso de la plataforma Propeller en pacientes con asma y EPOC y sus profesionales de referencia. Este estudio se realizar\u00e1 en colaboraci\u00f3n con distintos equipos de Atenci\u00f3n Primaria del SAP Delta [&hellip;]\" \/>\n<meta property=\"og:url\" content=\"https:\/\/ticsalutsocial.atoom.space\/es\/noticia\/valora-un-proyecto-para-monitorizar-epoc-y-asma\/\" \/>\n<meta property=\"og:site_name\" content=\"Fundaci\u00f3 TIC Salut i Social\" \/>\n<meta property=\"article:modified_time\" content=\"2021-07-21T13:39:47+00:00\" \/>\n<meta property=\"og:image\" content=\"https:\/\/ticsalutsocial.atoom.space\/wp-content\/uploads\/2019\/01\/michael-olsen-521882-unsplash-scaled.jpg\" \/>\n\t<meta property=\"og:image:width\" content=\"2560\" \/>\n\t<meta property=\"og:image:height\" content=\"1880\" \/>\n\t<meta property=\"og:image:type\" content=\"image\/jpeg\" \/>\n<meta name=\"twitter:card\" content=\"summary_large_image\" \/>\n<meta name=\"twitter:label1\" content=\"Tiempo de lectura\" \/>\n\t<meta name=\"twitter:data1\" content=\"1 minuto\" \/>\n<script type=\"application\/ld+json\" class=\"yoast-schema-graph\">{\"@context\":\"https:\/\/schema.org\",\"@graph\":[{\"@type\":\"WebPage\",\"@id\":\"https:\/\/ticsalutsocial.atoom.space\/es\/noticia\/valora-un-proyecto-para-monitorizar-epoc-y-asma\/\",\"url\":\"https:\/\/ticsalutsocial.atoom.space\/es\/noticia\/valora-un-proyecto-para-monitorizar-epoc-y-asma\/\",\"name\":\"VALORA, un proyecto para monitorizar EPOC y asma - Fundaci\u00f3 TIC Salut i Social\",\"isPartOf\":{\"@id\":\"https:\/\/ticsalutsocial.atoom.space\/es\/#website\"},\"primaryImageOfPage\":{\"@id\":\"https:\/\/ticsalutsocial.atoom.space\/es\/noticia\/valora-un-proyecto-para-monitorizar-epoc-y-asma\/#primaryimage\"},\"image\":{\"@id\":\"https:\/\/ticsalutsocial.atoom.space\/es\/noticia\/valora-un-proyecto-para-monitorizar-epoc-y-asma\/#primaryimage\"},\"thumbnailUrl\":\"https:\/\/ticsalutsocial.atoom.space\/wp-content\/uploads\/2019\/01\/michael-olsen-521882-unsplash-scaled.jpg\",\"datePublished\":\"2019-01-17T14:57:45+00:00\",\"dateModified\":\"2021-07-21T13:39:47+00:00\",\"breadcrumb\":{\"@id\":\"https:\/\/ticsalutsocial.atoom.space\/es\/noticia\/valora-un-proyecto-para-monitorizar-epoc-y-asma\/#breadcrumb\"},\"inLanguage\":\"es\",\"potentialAction\":[{\"@type\":\"ReadAction\",\"target\":[\"https:\/\/ticsalutsocial.atoom.space\/es\/noticia\/valora-un-proyecto-para-monitorizar-epoc-y-asma\/\"]}]},{\"@type\":\"ImageObject\",\"inLanguage\":\"es\",\"@id\":\"https:\/\/ticsalutsocial.atoom.space\/es\/noticia\/valora-un-proyecto-para-monitorizar-epoc-y-asma\/#primaryimage\",\"url\":\"https:\/\/ticsalutsocial.atoom.space\/wp-content\/uploads\/2019\/01\/michael-olsen-521882-unsplash-scaled.jpg\",\"contentUrl\":\"https:\/\/ticsalutsocial.atoom.space\/wp-content\/uploads\/2019\/01\/michael-olsen-521882-unsplash-scaled.jpg\",\"width\":2560,\"height\":1880},{\"@type\":\"BreadcrumbList\",\"@id\":\"https:\/\/ticsalutsocial.atoom.space\/es\/noticia\/valora-un-proyecto-para-monitorizar-epoc-y-asma\/#breadcrumb\",\"itemListElement\":[{\"@type\":\"ListItem\",\"position\":1,\"name\":\"Inici\",\"item\":\"https:\/\/ticsalutsocial.atoom.space\/es\/\"},{\"@type\":\"ListItem\",\"position\":2,\"name\":\"VALORA, un proyecto para monitorizar EPOC y asma\"}]},{\"@type\":\"WebSite\",\"@id\":\"https:\/\/ticsalutsocial.atoom.space\/es\/#website\",\"url\":\"https:\/\/ticsalutsocial.atoom.space\/es\/\",\"name\":\"Fundaci\u00f3 TIC Salut i Social\",\"description\":\"\",\"potentialAction\":[{\"@type\":\"SearchAction\",\"target\":{\"@type\":\"EntryPoint\",\"urlTemplate\":\"https:\/\/ticsalutsocial.atoom.space\/es\/?s={search_term_string}\"},\"query-input\":{\"@type\":\"PropertyValueSpecification\",\"valueRequired\":true,\"valueName\":\"search_term_string\"}}],\"inLanguage\":\"es\"}]}<\/script>\n<!-- \/ Yoast SEO plugin. -->","yoast_head_json":{"title":"VALORA, un proyecto para monitorizar EPOC y asma - Fundaci\u00f3 TIC Salut i Social","robots":{"index":"index","follow":"follow","max-snippet":"max-snippet:-1","max-image-preview":"max-image-preview:large","max-video-preview":"max-video-preview:-1"},"canonical":"https:\/\/ticsalutsocial.atoom.space\/es\/noticia\/valora-un-proyecto-para-monitorizar-epoc-y-asma\/","og_locale":"es_ES","og_type":"article","og_title":"VALORA, un proyecto para monitorizar EPOC y asma - Fundaci\u00f3 TIC Salut i Social","og_description":"La Fundaci\u00f3 TIC Salut Social participa en un nuevo proyecto iniciado en 2018, VALORA. El objetivo es analizar el grado de satisfacci\u00f3n en el uso de la plataforma Propeller en pacientes con asma y EPOC y sus profesionales de referencia. Este estudio se realizar\u00e1 en colaboraci\u00f3n con distintos equipos de Atenci\u00f3n Primaria del SAP Delta [&hellip;]","og_url":"https:\/\/ticsalutsocial.atoom.space\/es\/noticia\/valora-un-proyecto-para-monitorizar-epoc-y-asma\/","og_site_name":"Fundaci\u00f3 TIC Salut i Social","article_modified_time":"2021-07-21T13:39:47+00:00","og_image":[{"width":2560,"height":1880,"url":"https:\/\/ticsalutsocial.atoom.space\/wp-content\/uploads\/2019\/01\/michael-olsen-521882-unsplash-scaled.jpg","type":"image\/jpeg"}],"twitter_card":"summary_large_image","twitter_misc":{"Tiempo de lectura":"1 minuto"},"schema":{"@context":"https:\/\/schema.org","@graph":[{"@type":"WebPage","@id":"https:\/\/ticsalutsocial.atoom.space\/es\/noticia\/valora-un-proyecto-para-monitorizar-epoc-y-asma\/","url":"https:\/\/ticsalutsocial.atoom.space\/es\/noticia\/valora-un-proyecto-para-monitorizar-epoc-y-asma\/","name":"VALORA, un proyecto para monitorizar EPOC y asma - Fundaci\u00f3 TIC Salut i Social","isPartOf":{"@id":"https:\/\/ticsalutsocial.atoom.space\/es\/#website"},"primaryImageOfPage":{"@id":"https:\/\/ticsalutsocial.atoom.space\/es\/noticia\/valora-un-proyecto-para-monitorizar-epoc-y-asma\/#primaryimage"},"image":{"@id":"https:\/\/ticsalutsocial.atoom.space\/es\/noticia\/valora-un-proyecto-para-monitorizar-epoc-y-asma\/#primaryimage"},"thumbnailUrl":"https:\/\/ticsalutsocial.atoom.space\/wp-content\/uploads\/2019\/01\/michael-olsen-521882-unsplash-scaled.jpg","datePublished":"2019-01-17T14:57:45+00:00","dateModified":"2021-07-21T13:39:47+00:00","breadcrumb":{"@id":"https:\/\/ticsalutsocial.atoom.space\/es\/noticia\/valora-un-proyecto-para-monitorizar-epoc-y-asma\/#breadcrumb"},"inLanguage":"es","potentialAction":[{"@type":"ReadAction","target":["https:\/\/ticsalutsocial.atoom.space\/es\/noticia\/valora-un-proyecto-para-monitorizar-epoc-y-asma\/"]}]},{"@type":"ImageObject","inLanguage":"es","@id":"https:\/\/ticsalutsocial.atoom.space\/es\/noticia\/valora-un-proyecto-para-monitorizar-epoc-y-asma\/#primaryimage","url":"https:\/\/ticsalutsocial.atoom.space\/wp-content\/uploads\/2019\/01\/michael-olsen-521882-unsplash-scaled.jpg","contentUrl":"https:\/\/ticsalutsocial.atoom.space\/wp-content\/uploads\/2019\/01\/michael-olsen-521882-unsplash-scaled.jpg","width":2560,"height":1880},{"@type":"BreadcrumbList","@id":"https:\/\/ticsalutsocial.atoom.space\/es\/noticia\/valora-un-proyecto-para-monitorizar-epoc-y-asma\/#breadcrumb","itemListElement":[{"@type":"ListItem","position":1,"name":"Inici","item":"https:\/\/ticsalutsocial.atoom.space\/es\/"},{"@type":"ListItem","position":2,"name":"VALORA, un proyecto para monitorizar EPOC y asma"}]},{"@type":"WebSite","@id":"https:\/\/ticsalutsocial.atoom.space\/es\/#website","url":"https:\/\/ticsalutsocial.atoom.space\/es\/","name":"Fundaci\u00f3 TIC Salut i Social","description":"","potentialAction":[{"@type":"SearchAction","target":{"@type":"EntryPoint","urlTemplate":"https:\/\/ticsalutsocial.atoom.space\/es\/?s={search_term_string}"},"query-input":{"@type":"PropertyValueSpecification","valueRequired":true,"valueName":"search_term_string"}}],"inLanguage":"es"}]}},"_links":{"self":[{"href":"https:\/\/ticsalutsocial.atoom.space\/es\/wp-json\/wp\/v2\/noticia\/3710","targetHints":{"allow":["GET"]}}],"collection":[{"href":"https:\/\/ticsalutsocial.atoom.space\/es\/wp-json\/wp\/v2\/noticia"}],"about":[{"href":"https:\/\/ticsalutsocial.atoom.space\/es\/wp-json\/wp\/v2\/types\/noticia"}],"author":[{"embeddable":true,"href":"https:\/\/ticsalutsocial.atoom.space\/es\/wp-json\/wp\/v2\/users\/21"}],"wp:featuredmedia":[{"embeddable":true,"href":"https:\/\/ticsalutsocial.atoom.space\/es\/wp-json\/wp\/v2\/media\/3707"}],"wp:attachment":[{"href":"https:\/\/ticsalutsocial.atoom.space\/es\/wp-json\/wp\/v2\/media?parent=3710"}],"wp:term":[{"taxonomy":"etiqueta","embeddable":true,"href":"https:\/\/ticsalutsocial.atoom.space\/es\/wp-json\/wp\/v2\/etiqueta?post=3710"},{"taxonomy":"tipus","embeddable":true,"href":"https:\/\/ticsalutsocial.atoom.space\/es\/wp-json\/wp\/v2\/tipus?post=3710"},{"taxonomy":"topic","embeddable":true,"href":"https:\/\/ticsalutsocial.atoom.space\/es\/wp-json\/wp\/v2\/topic?post=3710"}],"curies":[{"name":"wp","href":"https:\/\/api.w.org\/{rel}","templated":true}]}}