
{"id":3743,"date":"2019-02-12T17:48:08","date_gmt":"2019-02-12T15:48:08","guid":{"rendered":"https:\/\/ticsalutsocial.atoom.space\/?post_type=noticia&#038;p=3743"},"modified":"2021-07-21T15:40:05","modified_gmt":"2021-07-21T13:40:05","slug":"formacion-y-sensibilizacion-con-videos-inmersivos","status":"publish","type":"noticia","link":"https:\/\/ticsalutsocial.atoom.space\/es\/noticia\/formacion-y-sensibilizacion-con-videos-inmersivos\/","title":{"rendered":"Formaci\u00f3n y sensibilizaci\u00f3n con videos inmersivos"},"content":{"rendered":"<p>La<em> Fundaci\u00f3n TIC Salut Social<\/em> ultima una nueva l\u00ednea de trabajo destinada a la realizaci\u00f3n de p\u00edldoras audiovisuales inmersivas en formato 360\u00b0 que podr\u00e1n ser reproducidas en dispositivos de realidad virtual o, en su defecto, en plataformas audiovisuales con opci\u00f3n de reproducci\u00f3n interactiva.<\/p>\n<p>El objetivo de este proyecto es mejorar las habilidades de profesionales del \u00e1mbito de la asistencia centrada en la persona, salud y social, as\u00ed como aportar conocimiento a las personas y familiares beneficiarias del servicio. Al mismo tiempo, tambi\u00e9n est\u00e1 pensado como fuente de materiales did\u00e1cticos para estudiantes de estos \u00e1mbitos donde, mediante la exposici\u00f3n a casos de uso reales, puedan hacer una primera aproximaci\u00f3n a los protocolos de actuaci\u00f3n. Por otro lado, tambi\u00e9n presenta un componente de sensibilizaci\u00f3n y visibilizaci\u00f3n de la ciudadan\u00eda, sean o no beneficiarios del servicio asistencial, de las profesiones y de las situaciones cotidianas con las que trabaja el sector. A menudo desconocidas por la mayor\u00eda de la sociedad.<\/p>\n<p>Actualmente se han firmado convenios de colaboraci\u00f3n con dos organizaciones. El <em>Consell Comarcal del Vall\u00e8s Oriental<\/em> y la <em>Fundaci\u00f3 Hospital d&#8217;Olot i Comarcal de la Garrotxa<\/em>. La fundaci\u00f3n est\u00e1 trabajando para crear un comit\u00e9 de expertos asistenciales, encargados de validar los procedimientos documentados, de tal forma que los contenidos sean fiables desde un punto de vista funcional y operativo.<\/p>\n<p>Paralelamente a la creaci\u00f3n del comit\u00e9 de expertos se ha iniciado una fase para detectar los primeros casos de uso relacionados con atenci\u00f3n domiciliaria por parte de trabajadores sociales con el <em>Consell Comarcal del Vall\u00e8s Oriental<\/em>. Tambi\u00e9n se ha realizado una primera p\u00edldora piloto con la <em>Fundaci\u00f3 Hospital d&#8217;Olot i Comarcal de la Garrotxa<\/em> grabando el suministro de medicaci\u00f3n para tratamientos oncol\u00f3gicos a una paciente v\u00eda port-a-cath.<\/p>\n","protected":false},"author":21,"featured_media":3740,"menu_order":0,"template":"","meta":{"_acf_changed":false,"inline_featured_image":false},"etiqueta":[],"tipus":[],"topic":[123],"class_list":["post-3743","noticia","type-noticia","status-publish","has-post-thumbnail","hentry","topic-actualidad"],"acf":{"imatge":3742,"autor":"Victor Barber\u00e0","textos_destacats":[{"texte":"Nuevas sinergias entre entidades proveedoras de salud y bienestar social para generar contenidos audiovisuales en 360\u00b0 destinados a formaci\u00f3n de profesionales y sensibilizaci\u00f3n ciudadana"}]},"yoast_head":"<!-- This site is optimized with the Yoast SEO plugin v27.1.1 - https:\/\/yoast.com\/product\/yoast-seo-wordpress\/ -->\n<title>Formaci\u00f3n y sensibilizaci\u00f3n con videos inmersivos - Fundaci\u00f3 TIC Salut i Social<\/title>\n<meta name=\"robots\" content=\"index, follow, max-snippet:-1, max-image-preview:large, max-video-preview:-1\" \/>\n<link rel=\"canonical\" href=\"https:\/\/ticsalutsocial.atoom.space\/es\/noticia\/formacion-y-sensibilizacion-con-videos-inmersivos\/\" \/>\n<meta property=\"og:locale\" content=\"es_ES\" \/>\n<meta property=\"og:type\" content=\"article\" \/>\n<meta property=\"og:title\" content=\"Formaci\u00f3n y sensibilizaci\u00f3n con videos inmersivos - Fundaci\u00f3 TIC Salut i Social\" \/>\n<meta property=\"og:description\" content=\"La Fundaci\u00f3n TIC Salut Social ultima una nueva l\u00ednea de trabajo destinada a la realizaci\u00f3n de p\u00edldoras audiovisuales inmersivas en formato 360\u00b0 que podr\u00e1n ser reproducidas en dispositivos de realidad virtual o, en su defecto, en plataformas audiovisuales con opci\u00f3n de reproducci\u00f3n interactiva. El objetivo de este proyecto es mejorar las habilidades de profesionales del [&hellip;]\" \/>\n<meta property=\"og:url\" content=\"https:\/\/ticsalutsocial.atoom.space\/es\/noticia\/formacion-y-sensibilizacion-con-videos-inmersivos\/\" \/>\n<meta property=\"og:site_name\" content=\"Fundaci\u00f3 TIC Salut i Social\" \/>\n<meta property=\"article:modified_time\" content=\"2021-07-21T13:40:05+00:00\" \/>\n<meta property=\"og:image\" content=\"https:\/\/ticsalutsocial.atoom.space\/wp-content\/uploads\/2019\/02\/kushagra-kevat-751139-unsplash-scaled.jpg\" \/>\n\t<meta property=\"og:image:width\" content=\"2560\" \/>\n\t<meta property=\"og:image:height\" content=\"1707\" \/>\n\t<meta property=\"og:image:type\" content=\"image\/jpeg\" \/>\n<meta name=\"twitter:card\" content=\"summary_large_image\" \/>\n<meta name=\"twitter:label1\" content=\"Tiempo de lectura\" \/>\n\t<meta name=\"twitter:data1\" content=\"2 minutos\" \/>\n<script type=\"application\/ld+json\" class=\"yoast-schema-graph\">{\"@context\":\"https:\/\/schema.org\",\"@graph\":[{\"@type\":\"WebPage\",\"@id\":\"https:\/\/ticsalutsocial.atoom.space\/es\/noticia\/formacion-y-sensibilizacion-con-videos-inmersivos\/\",\"url\":\"https:\/\/ticsalutsocial.atoom.space\/es\/noticia\/formacion-y-sensibilizacion-con-videos-inmersivos\/\",\"name\":\"Formaci\u00f3n y sensibilizaci\u00f3n con videos inmersivos - Fundaci\u00f3 TIC Salut i Social\",\"isPartOf\":{\"@id\":\"https:\/\/ticsalutsocial.atoom.space\/es\/#website\"},\"primaryImageOfPage\":{\"@id\":\"https:\/\/ticsalutsocial.atoom.space\/es\/noticia\/formacion-y-sensibilizacion-con-videos-inmersivos\/#primaryimage\"},\"image\":{\"@id\":\"https:\/\/ticsalutsocial.atoom.space\/es\/noticia\/formacion-y-sensibilizacion-con-videos-inmersivos\/#primaryimage\"},\"thumbnailUrl\":\"https:\/\/ticsalutsocial.atoom.space\/wp-content\/uploads\/2019\/02\/kushagra-kevat-751139-unsplash-scaled.jpg\",\"datePublished\":\"2019-02-12T15:48:08+00:00\",\"dateModified\":\"2021-07-21T13:40:05+00:00\",\"breadcrumb\":{\"@id\":\"https:\/\/ticsalutsocial.atoom.space\/es\/noticia\/formacion-y-sensibilizacion-con-videos-inmersivos\/#breadcrumb\"},\"inLanguage\":\"es\",\"potentialAction\":[{\"@type\":\"ReadAction\",\"target\":[\"https:\/\/ticsalutsocial.atoom.space\/es\/noticia\/formacion-y-sensibilizacion-con-videos-inmersivos\/\"]}]},{\"@type\":\"ImageObject\",\"inLanguage\":\"es\",\"@id\":\"https:\/\/ticsalutsocial.atoom.space\/es\/noticia\/formacion-y-sensibilizacion-con-videos-inmersivos\/#primaryimage\",\"url\":\"https:\/\/ticsalutsocial.atoom.space\/wp-content\/uploads\/2019\/02\/kushagra-kevat-751139-unsplash-scaled.jpg\",\"contentUrl\":\"https:\/\/ticsalutsocial.atoom.space\/wp-content\/uploads\/2019\/02\/kushagra-kevat-751139-unsplash-scaled.jpg\",\"width\":2560,\"height\":1707},{\"@type\":\"BreadcrumbList\",\"@id\":\"https:\/\/ticsalutsocial.atoom.space\/es\/noticia\/formacion-y-sensibilizacion-con-videos-inmersivos\/#breadcrumb\",\"itemListElement\":[{\"@type\":\"ListItem\",\"position\":1,\"name\":\"Inici\",\"item\":\"https:\/\/ticsalutsocial.atoom.space\/es\/\"},{\"@type\":\"ListItem\",\"position\":2,\"name\":\"Formaci\u00f3n y sensibilizaci\u00f3n con videos inmersivos\"}]},{\"@type\":\"WebSite\",\"@id\":\"https:\/\/ticsalutsocial.atoom.space\/es\/#website\",\"url\":\"https:\/\/ticsalutsocial.atoom.space\/es\/\",\"name\":\"Fundaci\u00f3 TIC Salut i Social\",\"description\":\"\",\"potentialAction\":[{\"@type\":\"SearchAction\",\"target\":{\"@type\":\"EntryPoint\",\"urlTemplate\":\"https:\/\/ticsalutsocial.atoom.space\/es\/?s={search_term_string}\"},\"query-input\":{\"@type\":\"PropertyValueSpecification\",\"valueRequired\":true,\"valueName\":\"search_term_string\"}}],\"inLanguage\":\"es\"}]}<\/script>\n<!-- \/ Yoast SEO plugin. -->","yoast_head_json":{"title":"Formaci\u00f3n y sensibilizaci\u00f3n con videos inmersivos - Fundaci\u00f3 TIC Salut i Social","robots":{"index":"index","follow":"follow","max-snippet":"max-snippet:-1","max-image-preview":"max-image-preview:large","max-video-preview":"max-video-preview:-1"},"canonical":"https:\/\/ticsalutsocial.atoom.space\/es\/noticia\/formacion-y-sensibilizacion-con-videos-inmersivos\/","og_locale":"es_ES","og_type":"article","og_title":"Formaci\u00f3n y sensibilizaci\u00f3n con videos inmersivos - Fundaci\u00f3 TIC Salut i Social","og_description":"La Fundaci\u00f3n TIC Salut Social ultima una nueva l\u00ednea de trabajo destinada a la realizaci\u00f3n de p\u00edldoras audiovisuales inmersivas en formato 360\u00b0 que podr\u00e1n ser reproducidas en dispositivos de realidad virtual o, en su defecto, en plataformas audiovisuales con opci\u00f3n de reproducci\u00f3n interactiva. El objetivo de este proyecto es mejorar las habilidades de profesionales del [&hellip;]","og_url":"https:\/\/ticsalutsocial.atoom.space\/es\/noticia\/formacion-y-sensibilizacion-con-videos-inmersivos\/","og_site_name":"Fundaci\u00f3 TIC Salut i Social","article_modified_time":"2021-07-21T13:40:05+00:00","og_image":[{"width":2560,"height":1707,"url":"https:\/\/ticsalutsocial.atoom.space\/wp-content\/uploads\/2019\/02\/kushagra-kevat-751139-unsplash-scaled.jpg","type":"image\/jpeg"}],"twitter_card":"summary_large_image","twitter_misc":{"Tiempo de lectura":"2 minutos"},"schema":{"@context":"https:\/\/schema.org","@graph":[{"@type":"WebPage","@id":"https:\/\/ticsalutsocial.atoom.space\/es\/noticia\/formacion-y-sensibilizacion-con-videos-inmersivos\/","url":"https:\/\/ticsalutsocial.atoom.space\/es\/noticia\/formacion-y-sensibilizacion-con-videos-inmersivos\/","name":"Formaci\u00f3n y sensibilizaci\u00f3n con videos inmersivos - Fundaci\u00f3 TIC Salut i Social","isPartOf":{"@id":"https:\/\/ticsalutsocial.atoom.space\/es\/#website"},"primaryImageOfPage":{"@id":"https:\/\/ticsalutsocial.atoom.space\/es\/noticia\/formacion-y-sensibilizacion-con-videos-inmersivos\/#primaryimage"},"image":{"@id":"https:\/\/ticsalutsocial.atoom.space\/es\/noticia\/formacion-y-sensibilizacion-con-videos-inmersivos\/#primaryimage"},"thumbnailUrl":"https:\/\/ticsalutsocial.atoom.space\/wp-content\/uploads\/2019\/02\/kushagra-kevat-751139-unsplash-scaled.jpg","datePublished":"2019-02-12T15:48:08+00:00","dateModified":"2021-07-21T13:40:05+00:00","breadcrumb":{"@id":"https:\/\/ticsalutsocial.atoom.space\/es\/noticia\/formacion-y-sensibilizacion-con-videos-inmersivos\/#breadcrumb"},"inLanguage":"es","potentialAction":[{"@type":"ReadAction","target":["https:\/\/ticsalutsocial.atoom.space\/es\/noticia\/formacion-y-sensibilizacion-con-videos-inmersivos\/"]}]},{"@type":"ImageObject","inLanguage":"es","@id":"https:\/\/ticsalutsocial.atoom.space\/es\/noticia\/formacion-y-sensibilizacion-con-videos-inmersivos\/#primaryimage","url":"https:\/\/ticsalutsocial.atoom.space\/wp-content\/uploads\/2019\/02\/kushagra-kevat-751139-unsplash-scaled.jpg","contentUrl":"https:\/\/ticsalutsocial.atoom.space\/wp-content\/uploads\/2019\/02\/kushagra-kevat-751139-unsplash-scaled.jpg","width":2560,"height":1707},{"@type":"BreadcrumbList","@id":"https:\/\/ticsalutsocial.atoom.space\/es\/noticia\/formacion-y-sensibilizacion-con-videos-inmersivos\/#breadcrumb","itemListElement":[{"@type":"ListItem","position":1,"name":"Inici","item":"https:\/\/ticsalutsocial.atoom.space\/es\/"},{"@type":"ListItem","position":2,"name":"Formaci\u00f3n y sensibilizaci\u00f3n con videos inmersivos"}]},{"@type":"WebSite","@id":"https:\/\/ticsalutsocial.atoom.space\/es\/#website","url":"https:\/\/ticsalutsocial.atoom.space\/es\/","name":"Fundaci\u00f3 TIC Salut i Social","description":"","potentialAction":[{"@type":"SearchAction","target":{"@type":"EntryPoint","urlTemplate":"https:\/\/ticsalutsocial.atoom.space\/es\/?s={search_term_string}"},"query-input":{"@type":"PropertyValueSpecification","valueRequired":true,"valueName":"search_term_string"}}],"inLanguage":"es"}]}},"_links":{"self":[{"href":"https:\/\/ticsalutsocial.atoom.space\/es\/wp-json\/wp\/v2\/noticia\/3743","targetHints":{"allow":["GET"]}}],"collection":[{"href":"https:\/\/ticsalutsocial.atoom.space\/es\/wp-json\/wp\/v2\/noticia"}],"about":[{"href":"https:\/\/ticsalutsocial.atoom.space\/es\/wp-json\/wp\/v2\/types\/noticia"}],"author":[{"embeddable":true,"href":"https:\/\/ticsalutsocial.atoom.space\/es\/wp-json\/wp\/v2\/users\/21"}],"wp:featuredmedia":[{"embeddable":true,"href":"https:\/\/ticsalutsocial.atoom.space\/es\/wp-json\/wp\/v2\/media\/3740"}],"wp:attachment":[{"href":"https:\/\/ticsalutsocial.atoom.space\/es\/wp-json\/wp\/v2\/media?parent=3743"}],"wp:term":[{"taxonomy":"etiqueta","embeddable":true,"href":"https:\/\/ticsalutsocial.atoom.space\/es\/wp-json\/wp\/v2\/etiqueta?post=3743"},{"taxonomy":"tipus","embeddable":true,"href":"https:\/\/ticsalutsocial.atoom.space\/es\/wp-json\/wp\/v2\/tipus?post=3743"},{"taxonomy":"topic","embeddable":true,"href":"https:\/\/ticsalutsocial.atoom.space\/es\/wp-json\/wp\/v2\/topic?post=3743"}],"curies":[{"name":"wp","href":"https:\/\/api.w.org\/{rel}","templated":true}]}}