
{"id":3763,"date":"2019-03-07T12:08:11","date_gmt":"2019-03-07T10:08:11","guid":{"rendered":"https:\/\/ticsalutsocial.atoom.space\/?post_type=noticia&#038;p=3763"},"modified":"2021-07-21T15:40:15","modified_gmt":"2021-07-21T13:40:15","slug":"la-aburrida-revolucion-de-la-cadena-de-bloques","status":"publish","type":"noticia","link":"https:\/\/ticsalutsocial.atoom.space\/es\/noticia\/la-aburrida-revolucion-de-la-cadena-de-bloques\/","title":{"rendered":"\u00bfLa aburrida revoluci\u00f3n de la cadena de bloques?"},"content":{"rendered":"<p>Des de su conceptualizaci\u00f3n hace ya diez a\u00f1os \u2013dif\u00edcil separar la tecnolog\u00eda de su aplicaci\u00f3n m\u00e1s famosa, el bitcoin- el blockchain ha estado en boca de todos, en el p\u00f3dium de las tecnolog\u00edas con m\u00e1s expectativas. Pero \u201cla revoluci\u00f3n m\u00e1s importante despu\u00e9s de internet\u201d, a diferencia de este, a\u00fan no ha revolucionado el mundo del comercio, el conocimiento o la comunicaci\u00f3n. Es m\u00e1s: \u00faltimamente, y sin prejuicio de iniciativas [1]\u00a0importantes y consolidadas que est\u00e1n siendo pioneras en su aplicaci\u00f3n, la opini\u00f3n p\u00fablica est\u00e1 moderando (\u00bfmadurando?) el discurso respecto de su impacto esperado.<\/p>\n<p>Algunos expertos definen el blockchain como una \u201ctecnolog\u00eda institucional\u201d: una herramienta que tiene que modificar la manera como los agentes se relacionan o coordinan en un ecosistema. Este nuevo pacto social depende no s\u00f3lo de factores t\u00e9cnicos sino tambi\u00e9n legales, pol\u00edticos, econ\u00f3micos, sociol\u00f3gicos\u2026 En una reciente visita a Barcelona [2], el profesor de la Universidad de Melbourne Jason Potts, predijo que unos \u201c10.000 <em>blockchains<\/em> dominar\u00e1n el mundo\u201d. \u00bfLo har\u00e1n por \u00e1reas territoriales, mercados o culturas sociales? Adelante con las hip\u00f3tesis sobre c\u00f3mo ser\u00e1 el dise\u00f1o organizativo de estos ecosistemas, pero recordando que no hay cambios de paradigma r\u00e1pidos. Los individuos son de \u201cmentalidad digital\u201d y \u201ccoraz\u00f3n anal\u00f3gico\u201d, pero el marco de gobernanza es doblemente anal\u00f3gico. La disrupci\u00f3n institucional es, por lo menos, improbable.<\/p>\n<p><img decoding=\"async\" class=\"alignnone size-full wp-image-16256\" src=\"https:\/\/ticsalutsocial.atoom.space\/wp-content\/uploads\/2019\/03\/main-qimg-35902148a383562d2adb7872339a421b-1.png\" alt=\"\" \/><\/p>\n<blockquote>\n<p style=\"text-align: justify;\"><em><span lang=\"ES\">Volumen de negocio previsto del sector blockchain, en el mundo (Gartner, Marzo 2017)<\/span><\/em><\/p>\n<\/blockquote>\n<p style=\"text-align: justify;\"><span lang=\"ES\">M\u00e1s all\u00e1 de su definici\u00f3n simple, cualquiera se puede perder f\u00e1cilmente en las implicaciones sociales o derivas cripto-matem\u00e1ticas del blockchain (\u00bfc\u00f3mo afecta la evoluci\u00f3n de la capacidad computacional en la anonimizaci\u00f3n y seguridad?). De cara a la pr\u00f3xima tecnolog\u00eda que aparezca en escena, necesitamos que las expectativas puestas no sean inversamente proporcionales al conocimiento de los ciudadanos y que no alimenten la ignorancia sino critiquemos, discutimos y evaluemos. Si \u201cla justicia que no entiende el pueblo no es justicia\u201d, la revoluci\u00f3n que no entienda el puebla podria no ser tampoco revoluci\u00f3n.<\/span><\/p>\n<p style=\"text-align: justify;\"><span lang=\"ES\">Novedad y complejidad necesitan estar equilibradas porque un cambio que implica a la gente (las instituciones la representan) necesita tiempo de asimilaci\u00f3n: nadie niega, pero, que este cambio acabe por llegar, tarde o temprano. Por eso, blockchain ser\u00e1 posiblemente \u201cla revoluci\u00f3n m\u00e1s aburrida de nuestra historia\u00a0[3]\u201d.<\/span><\/p>\n<p style=\"text-align: justify;\"><span lang=\"ES\">M\u00e1s all\u00e1 de su definici\u00f3n simple, cualquiera se puede perder f\u00e1cilmente en las implicaciones sociales o derivas cripto-matem\u00e1ticas del blockchain (\u00bfc\u00f3mo afecta la evoluci\u00f3n de la capacidad computacional en la anonimizaci\u00f3n y seguridad?). De cara a la pr\u00f3xima tecnolog\u00eda que aparezca en escena, necesitamos que las expectativas puestas no sean inversamente proporcionales al conocimiento de los ciudadanos y que no alimenten la ignorancia sino critiquemos, discutimos y evaluemos. Si \u201cla justicia que no entiende el pueblo no es justicia\u201d, la revoluci\u00f3n que no entienda el puebla podria no ser tampoco revoluci\u00f3n.<\/span><\/p>\n<p style=\"text-align: justify;\"><span lang=\"ES\">Novedad y complejidad necesitan estar equilibradas porque un cambio que implica a la gente (las instituciones la representan) necesita tiempo de asimilaci\u00f3n: nadie niega, pero, que este cambio acabe por llegar, tarde o temprano. Por eso, blockchain ser\u00e1 posiblemente \u201cla revoluci\u00f3n m\u00e1s aburrida de nuestra historia\u00a0[3]\u201d.<\/span><\/p>\n<p>&nbsp;<\/p>\n<p><strong>Bibliograf\u00eda<\/strong><\/p>\n<blockquote><p>[1]\u00a0<a href=\"https:\/\/e-estonia.com\/blockchain-healthcare-estonian-experience\/\" target=\"_blank\" rel=\"noopener\">Blockchain and healthcare: the Estonian experience<\/a> (Taavi Einaste<em>, Head <\/em>de\u00a0<em>Digital Healthcare <\/em>a<em> Nortal, f<\/em>ebrer 2018)<\/p>\n<p>[2] <a href=\"https:\/\/www.rmit.edu.au\/events\/all-events\/public-lectures\/2019\/expert-seminar--the-blockchain-economy\" target=\"_blank\" rel=\"noopener\">Expert seminar: The blockchain economy<\/a> (Seminari obert celebrat el 27 de febrer de 2019)<\/p>\n<p>[3] \u201c<a href=\"https:\/\/emprenem.ara.cat\/innovacio\/Paul-BrodyEl-blockchain-revolucio-avorrida_0_2190380983.html?_ga=2.132337482.578989188.1551647669-716420300.1549222471\" target=\"_blank\" rel=\"noopener\">El \u2018blockchain\u2019 ser\u00e0 la revoluci\u00f3 m\u00e9s avorrida de la nostra hist\u00f2ria<\/a>\u201d (Entrevista a Paul Brody al diari ARA, 3 de mar\u00e7 de 2019)<\/p><\/blockquote>\n","protected":false},"author":21,"featured_media":3760,"menu_order":0,"template":"","meta":{"_acf_changed":false,"inline_featured_image":false},"etiqueta":[],"tipus":[],"topic":[],"class_list":["post-3763","noticia","type-noticia","status-publish","has-post-thumbnail","hentry"],"acf":{"imatge":3762,"autor":"Francesc L\u00f3pez Segui","textos_destacats":[{"texte":"Comentario sobre la entrevista a Paul Brody en el peri\u00f3dico ARA"}]},"yoast_head":"<!-- This site is optimized with the Yoast SEO plugin v27.1.1 - https:\/\/yoast.com\/product\/yoast-seo-wordpress\/ -->\n<title>\u00bfLa aburrida revoluci\u00f3n de la cadena de bloques? - Fundaci\u00f3 TIC Salut i Social<\/title>\n<meta name=\"robots\" content=\"index, follow, max-snippet:-1, max-image-preview:large, max-video-preview:-1\" \/>\n<link rel=\"canonical\" href=\"https:\/\/ticsalutsocial.atoom.space\/es\/noticia\/la-aburrida-revolucion-de-la-cadena-de-bloques\/\" \/>\n<meta property=\"og:locale\" content=\"es_ES\" \/>\n<meta property=\"og:type\" content=\"article\" \/>\n<meta property=\"og:title\" content=\"\u00bfLa aburrida revoluci\u00f3n de la cadena de bloques? - Fundaci\u00f3 TIC Salut i Social\" \/>\n<meta property=\"og:description\" content=\"Des de su conceptualizaci\u00f3n hace ya diez a\u00f1os \u2013dif\u00edcil separar la tecnolog\u00eda de su aplicaci\u00f3n m\u00e1s famosa, el bitcoin- el blockchain ha estado en boca de todos, en el p\u00f3dium de las tecnolog\u00edas con m\u00e1s expectativas. Pero \u201cla revoluci\u00f3n m\u00e1s importante despu\u00e9s de internet\u201d, a diferencia de este, a\u00fan no ha revolucionado el mundo del [&hellip;]\" \/>\n<meta property=\"og:url\" content=\"https:\/\/ticsalutsocial.atoom.space\/es\/noticia\/la-aburrida-revolucion-de-la-cadena-de-bloques\/\" \/>\n<meta property=\"og:site_name\" content=\"Fundaci\u00f3 TIC Salut i Social\" \/>\n<meta property=\"article:modified_time\" content=\"2021-07-21T13:40:15+00:00\" \/>\n<meta property=\"og:image\" content=\"https:\/\/ticsalutsocial.atoom.space\/wp-content\/uploads\/2019\/03\/close-up-of-large-chain_800-1.jpg\" \/>\n\t<meta property=\"og:image:width\" content=\"800\" \/>\n\t<meta property=\"og:image:height\" content=\"450\" \/>\n\t<meta property=\"og:image:type\" content=\"image\/jpeg\" \/>\n<meta name=\"twitter:card\" content=\"summary_large_image\" \/>\n<meta name=\"twitter:label1\" content=\"Tiempo de lectura\" \/>\n\t<meta name=\"twitter:data1\" content=\"3 minutos\" \/>\n<script type=\"application\/ld+json\" class=\"yoast-schema-graph\">{\"@context\":\"https:\/\/schema.org\",\"@graph\":[{\"@type\":\"WebPage\",\"@id\":\"https:\/\/ticsalutsocial.atoom.space\/es\/noticia\/la-aburrida-revolucion-de-la-cadena-de-bloques\/\",\"url\":\"https:\/\/ticsalutsocial.atoom.space\/es\/noticia\/la-aburrida-revolucion-de-la-cadena-de-bloques\/\",\"name\":\"\u00bfLa aburrida revoluci\u00f3n de la cadena de bloques? - Fundaci\u00f3 TIC Salut i Social\",\"isPartOf\":{\"@id\":\"https:\/\/ticsalutsocial.atoom.space\/es\/#website\"},\"primaryImageOfPage\":{\"@id\":\"https:\/\/ticsalutsocial.atoom.space\/es\/noticia\/la-aburrida-revolucion-de-la-cadena-de-bloques\/#primaryimage\"},\"image\":{\"@id\":\"https:\/\/ticsalutsocial.atoom.space\/es\/noticia\/la-aburrida-revolucion-de-la-cadena-de-bloques\/#primaryimage\"},\"thumbnailUrl\":\"https:\/\/ticsalutsocial.atoom.space\/wp-content\/uploads\/2019\/03\/close-up-of-large-chain_800-1.jpg\",\"datePublished\":\"2019-03-07T10:08:11+00:00\",\"dateModified\":\"2021-07-21T13:40:15+00:00\",\"breadcrumb\":{\"@id\":\"https:\/\/ticsalutsocial.atoom.space\/es\/noticia\/la-aburrida-revolucion-de-la-cadena-de-bloques\/#breadcrumb\"},\"inLanguage\":\"es\",\"potentialAction\":[{\"@type\":\"ReadAction\",\"target\":[\"https:\/\/ticsalutsocial.atoom.space\/es\/noticia\/la-aburrida-revolucion-de-la-cadena-de-bloques\/\"]}]},{\"@type\":\"ImageObject\",\"inLanguage\":\"es\",\"@id\":\"https:\/\/ticsalutsocial.atoom.space\/es\/noticia\/la-aburrida-revolucion-de-la-cadena-de-bloques\/#primaryimage\",\"url\":\"https:\/\/ticsalutsocial.atoom.space\/wp-content\/uploads\/2019\/03\/close-up-of-large-chain_800-1.jpg\",\"contentUrl\":\"https:\/\/ticsalutsocial.atoom.space\/wp-content\/uploads\/2019\/03\/close-up-of-large-chain_800-1.jpg\",\"width\":800,\"height\":450},{\"@type\":\"BreadcrumbList\",\"@id\":\"https:\/\/ticsalutsocial.atoom.space\/es\/noticia\/la-aburrida-revolucion-de-la-cadena-de-bloques\/#breadcrumb\",\"itemListElement\":[{\"@type\":\"ListItem\",\"position\":1,\"name\":\"Inici\",\"item\":\"https:\/\/ticsalutsocial.atoom.space\/es\/\"},{\"@type\":\"ListItem\",\"position\":2,\"name\":\"\u00bfLa aburrida revoluci\u00f3n de la cadena de bloques?\"}]},{\"@type\":\"WebSite\",\"@id\":\"https:\/\/ticsalutsocial.atoom.space\/es\/#website\",\"url\":\"https:\/\/ticsalutsocial.atoom.space\/es\/\",\"name\":\"Fundaci\u00f3 TIC Salut i Social\",\"description\":\"\",\"potentialAction\":[{\"@type\":\"SearchAction\",\"target\":{\"@type\":\"EntryPoint\",\"urlTemplate\":\"https:\/\/ticsalutsocial.atoom.space\/es\/?s={search_term_string}\"},\"query-input\":{\"@type\":\"PropertyValueSpecification\",\"valueRequired\":true,\"valueName\":\"search_term_string\"}}],\"inLanguage\":\"es\"}]}<\/script>\n<!-- \/ Yoast SEO plugin. -->","yoast_head_json":{"title":"\u00bfLa aburrida revoluci\u00f3n de la cadena de bloques? - Fundaci\u00f3 TIC Salut i Social","robots":{"index":"index","follow":"follow","max-snippet":"max-snippet:-1","max-image-preview":"max-image-preview:large","max-video-preview":"max-video-preview:-1"},"canonical":"https:\/\/ticsalutsocial.atoom.space\/es\/noticia\/la-aburrida-revolucion-de-la-cadena-de-bloques\/","og_locale":"es_ES","og_type":"article","og_title":"\u00bfLa aburrida revoluci\u00f3n de la cadena de bloques? - Fundaci\u00f3 TIC Salut i Social","og_description":"Des de su conceptualizaci\u00f3n hace ya diez a\u00f1os \u2013dif\u00edcil separar la tecnolog\u00eda de su aplicaci\u00f3n m\u00e1s famosa, el bitcoin- el blockchain ha estado en boca de todos, en el p\u00f3dium de las tecnolog\u00edas con m\u00e1s expectativas. Pero \u201cla revoluci\u00f3n m\u00e1s importante despu\u00e9s de internet\u201d, a diferencia de este, a\u00fan no ha revolucionado el mundo del [&hellip;]","og_url":"https:\/\/ticsalutsocial.atoom.space\/es\/noticia\/la-aburrida-revolucion-de-la-cadena-de-bloques\/","og_site_name":"Fundaci\u00f3 TIC Salut i Social","article_modified_time":"2021-07-21T13:40:15+00:00","og_image":[{"width":800,"height":450,"url":"https:\/\/ticsalutsocial.atoom.space\/wp-content\/uploads\/2019\/03\/close-up-of-large-chain_800-1.jpg","type":"image\/jpeg"}],"twitter_card":"summary_large_image","twitter_misc":{"Tiempo de lectura":"3 minutos"},"schema":{"@context":"https:\/\/schema.org","@graph":[{"@type":"WebPage","@id":"https:\/\/ticsalutsocial.atoom.space\/es\/noticia\/la-aburrida-revolucion-de-la-cadena-de-bloques\/","url":"https:\/\/ticsalutsocial.atoom.space\/es\/noticia\/la-aburrida-revolucion-de-la-cadena-de-bloques\/","name":"\u00bfLa aburrida revoluci\u00f3n de la cadena de bloques? - Fundaci\u00f3 TIC Salut i Social","isPartOf":{"@id":"https:\/\/ticsalutsocial.atoom.space\/es\/#website"},"primaryImageOfPage":{"@id":"https:\/\/ticsalutsocial.atoom.space\/es\/noticia\/la-aburrida-revolucion-de-la-cadena-de-bloques\/#primaryimage"},"image":{"@id":"https:\/\/ticsalutsocial.atoom.space\/es\/noticia\/la-aburrida-revolucion-de-la-cadena-de-bloques\/#primaryimage"},"thumbnailUrl":"https:\/\/ticsalutsocial.atoom.space\/wp-content\/uploads\/2019\/03\/close-up-of-large-chain_800-1.jpg","datePublished":"2019-03-07T10:08:11+00:00","dateModified":"2021-07-21T13:40:15+00:00","breadcrumb":{"@id":"https:\/\/ticsalutsocial.atoom.space\/es\/noticia\/la-aburrida-revolucion-de-la-cadena-de-bloques\/#breadcrumb"},"inLanguage":"es","potentialAction":[{"@type":"ReadAction","target":["https:\/\/ticsalutsocial.atoom.space\/es\/noticia\/la-aburrida-revolucion-de-la-cadena-de-bloques\/"]}]},{"@type":"ImageObject","inLanguage":"es","@id":"https:\/\/ticsalutsocial.atoom.space\/es\/noticia\/la-aburrida-revolucion-de-la-cadena-de-bloques\/#primaryimage","url":"https:\/\/ticsalutsocial.atoom.space\/wp-content\/uploads\/2019\/03\/close-up-of-large-chain_800-1.jpg","contentUrl":"https:\/\/ticsalutsocial.atoom.space\/wp-content\/uploads\/2019\/03\/close-up-of-large-chain_800-1.jpg","width":800,"height":450},{"@type":"BreadcrumbList","@id":"https:\/\/ticsalutsocial.atoom.space\/es\/noticia\/la-aburrida-revolucion-de-la-cadena-de-bloques\/#breadcrumb","itemListElement":[{"@type":"ListItem","position":1,"name":"Inici","item":"https:\/\/ticsalutsocial.atoom.space\/es\/"},{"@type":"ListItem","position":2,"name":"\u00bfLa aburrida revoluci\u00f3n de la cadena de bloques?"}]},{"@type":"WebSite","@id":"https:\/\/ticsalutsocial.atoom.space\/es\/#website","url":"https:\/\/ticsalutsocial.atoom.space\/es\/","name":"Fundaci\u00f3 TIC Salut i Social","description":"","potentialAction":[{"@type":"SearchAction","target":{"@type":"EntryPoint","urlTemplate":"https:\/\/ticsalutsocial.atoom.space\/es\/?s={search_term_string}"},"query-input":{"@type":"PropertyValueSpecification","valueRequired":true,"valueName":"search_term_string"}}],"inLanguage":"es"}]}},"_links":{"self":[{"href":"https:\/\/ticsalutsocial.atoom.space\/es\/wp-json\/wp\/v2\/noticia\/3763","targetHints":{"allow":["GET"]}}],"collection":[{"href":"https:\/\/ticsalutsocial.atoom.space\/es\/wp-json\/wp\/v2\/noticia"}],"about":[{"href":"https:\/\/ticsalutsocial.atoom.space\/es\/wp-json\/wp\/v2\/types\/noticia"}],"author":[{"embeddable":true,"href":"https:\/\/ticsalutsocial.atoom.space\/es\/wp-json\/wp\/v2\/users\/21"}],"wp:featuredmedia":[{"embeddable":true,"href":"https:\/\/ticsalutsocial.atoom.space\/es\/wp-json\/wp\/v2\/media\/3760"}],"wp:attachment":[{"href":"https:\/\/ticsalutsocial.atoom.space\/es\/wp-json\/wp\/v2\/media?parent=3763"}],"wp:term":[{"taxonomy":"etiqueta","embeddable":true,"href":"https:\/\/ticsalutsocial.atoom.space\/es\/wp-json\/wp\/v2\/etiqueta?post=3763"},{"taxonomy":"tipus","embeddable":true,"href":"https:\/\/ticsalutsocial.atoom.space\/es\/wp-json\/wp\/v2\/tipus?post=3763"},{"taxonomy":"topic","embeddable":true,"href":"https:\/\/ticsalutsocial.atoom.space\/es\/wp-json\/wp\/v2\/topic?post=3763"}],"curies":[{"name":"wp","href":"https:\/\/api.w.org\/{rel}","templated":true}]}}