
{"id":3769,"date":"2019-03-07T14:34:41","date_gmt":"2019-03-07T12:34:41","guid":{"rendered":"https:\/\/ticsalutsocial.atoom.space\/?post_type=noticia&#038;p=3769"},"modified":"2021-07-21T15:40:18","modified_gmt":"2021-07-21T13:40:18","slug":"sinergias-por-el-futuro-de-la-documentacion","status":"publish","type":"noticia","link":"https:\/\/ticsalutsocial.atoom.space\/es\/noticia\/sinergias-por-el-futuro-de-la-documentacion\/","title":{"rendered":"Sinerg\u00edas por el futuro de la documentaci\u00f3n"},"content":{"rendered":"<p>Durante toda la ma\u00f1ana del viernes 22 de febrero de 2019 , el \u00c1rea de Interoperabilidad de la <em>Fundaci\u00f3 TIC Salut Social<\/em> asisti\u00f3 a la jornada <strong><em>Sinerg\u00edas por el futuro de la documentaci\u00f3n<\/em><\/strong>, organizada por la <em>Acad\u00e8mia de Ci\u00e8ncies M\u00e8diques i de la Salut de Catalunya i de Balears<\/em>.<\/p>\n<p>La jornada se inici\u00f3 con la inauguraci\u00f3n por parte del Presidente de la Sociedad Catalana de Documentaci\u00f3n M\u00e9dica, el Dr. Llu\u00eds Vilardell.<\/p>\n<p>En la primera mesa pudimos escuchar la visi\u00f3n de los profesionales de la educaci\u00f3n sobre el Ciclo Formativo de Grado Superior de Documentaci\u00f3n y Administraci\u00f3n Sanitarias. En esta mesa pudimos escuchar a los diferentes profesionales, como el Dr. Rafael Peral, compartiendo el punto de vista del <em>Departament d\u2019Educaci\u00f3<\/em>. La Dra. Montse Argerich expuso el perfil de los alumnos, y la Dra. M\u00aa Angeles Castellote habl\u00f3 sobre las relaciones entre las escuelas y los centros de pr\u00e1cticas. La primera mesa concluy\u00f3 con la exposici\u00f3n de la Dra. Marta Sorribas hablando sobre la inserci\u00f3n laboral post ciclo formativo.<\/p>\n<p>La \u00faltima parte de la jornada, la segunda mesa, fue enfocada a partir de la visi\u00f3n de los profesionales sanitarios y la experiencia del alumno. Para comenzar esta mesa se cont\u00f3 con la Dra. Gemma Gelabert, qui\u00e9n habl\u00f3 sobre la experiencia de un servicio de Documentaci\u00f3n Cl\u00ednica. Seguidamente el Sr. Antonio Gonz\u00e1lez trat\u00f3 la experiencia de un servicio de Sistemas de Admisiones. Desde el aprendizaje de un servicio de Sistemas de Informaci\u00f3n pudimos escuchar al Sr. Daniel P\u00e9rez. El \u00faltimo turno de esta segunda mesa correspondi\u00f3 a la experiencia de un alumno del ciclo formativo de\u00a0 grado superior de Documentaci\u00f3n y Administraci\u00f3n Sanitarias, el Sr. Joan Marc Parera.<\/p>\n<p>&nbsp;<\/p>\n","protected":false},"author":21,"featured_media":3766,"menu_order":0,"template":"","meta":{"_acf_changed":false,"inline_featured_image":false},"etiqueta":[],"tipus":[84],"topic":[117,121],"class_list":["post-3769","noticia","type-noticia","status-publish","has-post-thumbnail","hentry","tipus-oficina-interoperabilidad","topic-jornadas","topic-dpd-es"],"acf":{"imatge":3768,"autor":"Adri\u00e0 G.Font"},"yoast_head":"<!-- This site is optimized with the Yoast SEO plugin v27.1.1 - https:\/\/yoast.com\/product\/yoast-seo-wordpress\/ -->\n<title>Sinerg\u00edas por el futuro de la documentaci\u00f3n - Fundaci\u00f3 TIC Salut i Social<\/title>\n<meta name=\"robots\" content=\"index, follow, max-snippet:-1, max-image-preview:large, max-video-preview:-1\" \/>\n<link rel=\"canonical\" href=\"https:\/\/ticsalutsocial.atoom.space\/es\/noticia\/sinergias-por-el-futuro-de-la-documentacion\/\" \/>\n<meta property=\"og:locale\" content=\"es_ES\" \/>\n<meta property=\"og:type\" content=\"article\" \/>\n<meta property=\"og:title\" content=\"Sinerg\u00edas por el futuro de la documentaci\u00f3n - Fundaci\u00f3 TIC Salut i Social\" \/>\n<meta property=\"og:description\" content=\"Durante toda la ma\u00f1ana del viernes 22 de febrero de 2019 , el \u00c1rea de Interoperabilidad de la Fundaci\u00f3 TIC Salut Social asisti\u00f3 a la jornada Sinerg\u00edas por el futuro de la documentaci\u00f3n, organizada por la Acad\u00e8mia de Ci\u00e8ncies M\u00e8diques i de la Salut de Catalunya i de Balears. La jornada se inici\u00f3 con la [&hellip;]\" \/>\n<meta property=\"og:url\" content=\"https:\/\/ticsalutsocial.atoom.space\/es\/noticia\/sinergias-por-el-futuro-de-la-documentacion\/\" \/>\n<meta property=\"og:site_name\" content=\"Fundaci\u00f3 TIC Salut i Social\" \/>\n<meta property=\"article:modified_time\" content=\"2021-07-21T13:40:18+00:00\" \/>\n<meta property=\"og:image\" content=\"https:\/\/ticsalutsocial.atoom.space\/wp-content\/uploads\/2019\/03\/fotolia_101756036_subscription_monthly_m.jpg\" \/>\n\t<meta property=\"og:image:width\" content=\"1688\" \/>\n\t<meta property=\"og:image:height\" content=\"1125\" \/>\n\t<meta property=\"og:image:type\" content=\"image\/jpeg\" \/>\n<meta name=\"twitter:card\" content=\"summary_large_image\" \/>\n<meta name=\"twitter:label1\" content=\"Tiempo de lectura\" \/>\n\t<meta name=\"twitter:data1\" content=\"2 minutos\" \/>\n<script type=\"application\/ld+json\" class=\"yoast-schema-graph\">{\"@context\":\"https:\/\/schema.org\",\"@graph\":[{\"@type\":\"WebPage\",\"@id\":\"https:\/\/ticsalutsocial.atoom.space\/es\/noticia\/sinergias-por-el-futuro-de-la-documentacion\/\",\"url\":\"https:\/\/ticsalutsocial.atoom.space\/es\/noticia\/sinergias-por-el-futuro-de-la-documentacion\/\",\"name\":\"Sinerg\u00edas por el futuro de la documentaci\u00f3n - Fundaci\u00f3 TIC Salut i Social\",\"isPartOf\":{\"@id\":\"https:\/\/ticsalutsocial.atoom.space\/es\/#website\"},\"primaryImageOfPage\":{\"@id\":\"https:\/\/ticsalutsocial.atoom.space\/es\/noticia\/sinergias-por-el-futuro-de-la-documentacion\/#primaryimage\"},\"image\":{\"@id\":\"https:\/\/ticsalutsocial.atoom.space\/es\/noticia\/sinergias-por-el-futuro-de-la-documentacion\/#primaryimage\"},\"thumbnailUrl\":\"https:\/\/ticsalutsocial.atoom.space\/wp-content\/uploads\/2019\/03\/fotolia_101756036_subscription_monthly_m.jpg\",\"datePublished\":\"2019-03-07T12:34:41+00:00\",\"dateModified\":\"2021-07-21T13:40:18+00:00\",\"breadcrumb\":{\"@id\":\"https:\/\/ticsalutsocial.atoom.space\/es\/noticia\/sinergias-por-el-futuro-de-la-documentacion\/#breadcrumb\"},\"inLanguage\":\"es\",\"potentialAction\":[{\"@type\":\"ReadAction\",\"target\":[\"https:\/\/ticsalutsocial.atoom.space\/es\/noticia\/sinergias-por-el-futuro-de-la-documentacion\/\"]}]},{\"@type\":\"ImageObject\",\"inLanguage\":\"es\",\"@id\":\"https:\/\/ticsalutsocial.atoom.space\/es\/noticia\/sinergias-por-el-futuro-de-la-documentacion\/#primaryimage\",\"url\":\"https:\/\/ticsalutsocial.atoom.space\/wp-content\/uploads\/2019\/03\/fotolia_101756036_subscription_monthly_m.jpg\",\"contentUrl\":\"https:\/\/ticsalutsocial.atoom.space\/wp-content\/uploads\/2019\/03\/fotolia_101756036_subscription_monthly_m.jpg\",\"width\":1688,\"height\":1125},{\"@type\":\"BreadcrumbList\",\"@id\":\"https:\/\/ticsalutsocial.atoom.space\/es\/noticia\/sinergias-por-el-futuro-de-la-documentacion\/#breadcrumb\",\"itemListElement\":[{\"@type\":\"ListItem\",\"position\":1,\"name\":\"Inici\",\"item\":\"https:\/\/ticsalutsocial.atoom.space\/es\/\"},{\"@type\":\"ListItem\",\"position\":2,\"name\":\"Sinerg\u00edas por el futuro de la documentaci\u00f3n\"}]},{\"@type\":\"WebSite\",\"@id\":\"https:\/\/ticsalutsocial.atoom.space\/es\/#website\",\"url\":\"https:\/\/ticsalutsocial.atoom.space\/es\/\",\"name\":\"Fundaci\u00f3 TIC Salut i Social\",\"description\":\"\",\"potentialAction\":[{\"@type\":\"SearchAction\",\"target\":{\"@type\":\"EntryPoint\",\"urlTemplate\":\"https:\/\/ticsalutsocial.atoom.space\/es\/?s={search_term_string}\"},\"query-input\":{\"@type\":\"PropertyValueSpecification\",\"valueRequired\":true,\"valueName\":\"search_term_string\"}}],\"inLanguage\":\"es\"}]}<\/script>\n<!-- \/ Yoast SEO plugin. -->","yoast_head_json":{"title":"Sinerg\u00edas por el futuro de la documentaci\u00f3n - Fundaci\u00f3 TIC Salut i Social","robots":{"index":"index","follow":"follow","max-snippet":"max-snippet:-1","max-image-preview":"max-image-preview:large","max-video-preview":"max-video-preview:-1"},"canonical":"https:\/\/ticsalutsocial.atoom.space\/es\/noticia\/sinergias-por-el-futuro-de-la-documentacion\/","og_locale":"es_ES","og_type":"article","og_title":"Sinerg\u00edas por el futuro de la documentaci\u00f3n - Fundaci\u00f3 TIC Salut i Social","og_description":"Durante toda la ma\u00f1ana del viernes 22 de febrero de 2019 , el \u00c1rea de Interoperabilidad de la Fundaci\u00f3 TIC Salut Social asisti\u00f3 a la jornada Sinerg\u00edas por el futuro de la documentaci\u00f3n, organizada por la Acad\u00e8mia de Ci\u00e8ncies M\u00e8diques i de la Salut de Catalunya i de Balears. La jornada se inici\u00f3 con la [&hellip;]","og_url":"https:\/\/ticsalutsocial.atoom.space\/es\/noticia\/sinergias-por-el-futuro-de-la-documentacion\/","og_site_name":"Fundaci\u00f3 TIC Salut i Social","article_modified_time":"2021-07-21T13:40:18+00:00","og_image":[{"width":1688,"height":1125,"url":"https:\/\/ticsalutsocial.atoom.space\/wp-content\/uploads\/2019\/03\/fotolia_101756036_subscription_monthly_m.jpg","type":"image\/jpeg"}],"twitter_card":"summary_large_image","twitter_misc":{"Tiempo de lectura":"2 minutos"},"schema":{"@context":"https:\/\/schema.org","@graph":[{"@type":"WebPage","@id":"https:\/\/ticsalutsocial.atoom.space\/es\/noticia\/sinergias-por-el-futuro-de-la-documentacion\/","url":"https:\/\/ticsalutsocial.atoom.space\/es\/noticia\/sinergias-por-el-futuro-de-la-documentacion\/","name":"Sinerg\u00edas por el futuro de la documentaci\u00f3n - Fundaci\u00f3 TIC Salut i Social","isPartOf":{"@id":"https:\/\/ticsalutsocial.atoom.space\/es\/#website"},"primaryImageOfPage":{"@id":"https:\/\/ticsalutsocial.atoom.space\/es\/noticia\/sinergias-por-el-futuro-de-la-documentacion\/#primaryimage"},"image":{"@id":"https:\/\/ticsalutsocial.atoom.space\/es\/noticia\/sinergias-por-el-futuro-de-la-documentacion\/#primaryimage"},"thumbnailUrl":"https:\/\/ticsalutsocial.atoom.space\/wp-content\/uploads\/2019\/03\/fotolia_101756036_subscription_monthly_m.jpg","datePublished":"2019-03-07T12:34:41+00:00","dateModified":"2021-07-21T13:40:18+00:00","breadcrumb":{"@id":"https:\/\/ticsalutsocial.atoom.space\/es\/noticia\/sinergias-por-el-futuro-de-la-documentacion\/#breadcrumb"},"inLanguage":"es","potentialAction":[{"@type":"ReadAction","target":["https:\/\/ticsalutsocial.atoom.space\/es\/noticia\/sinergias-por-el-futuro-de-la-documentacion\/"]}]},{"@type":"ImageObject","inLanguage":"es","@id":"https:\/\/ticsalutsocial.atoom.space\/es\/noticia\/sinergias-por-el-futuro-de-la-documentacion\/#primaryimage","url":"https:\/\/ticsalutsocial.atoom.space\/wp-content\/uploads\/2019\/03\/fotolia_101756036_subscription_monthly_m.jpg","contentUrl":"https:\/\/ticsalutsocial.atoom.space\/wp-content\/uploads\/2019\/03\/fotolia_101756036_subscription_monthly_m.jpg","width":1688,"height":1125},{"@type":"BreadcrumbList","@id":"https:\/\/ticsalutsocial.atoom.space\/es\/noticia\/sinergias-por-el-futuro-de-la-documentacion\/#breadcrumb","itemListElement":[{"@type":"ListItem","position":1,"name":"Inici","item":"https:\/\/ticsalutsocial.atoom.space\/es\/"},{"@type":"ListItem","position":2,"name":"Sinerg\u00edas por el futuro de la documentaci\u00f3n"}]},{"@type":"WebSite","@id":"https:\/\/ticsalutsocial.atoom.space\/es\/#website","url":"https:\/\/ticsalutsocial.atoom.space\/es\/","name":"Fundaci\u00f3 TIC Salut i Social","description":"","potentialAction":[{"@type":"SearchAction","target":{"@type":"EntryPoint","urlTemplate":"https:\/\/ticsalutsocial.atoom.space\/es\/?s={search_term_string}"},"query-input":{"@type":"PropertyValueSpecification","valueRequired":true,"valueName":"search_term_string"}}],"inLanguage":"es"}]}},"_links":{"self":[{"href":"https:\/\/ticsalutsocial.atoom.space\/es\/wp-json\/wp\/v2\/noticia\/3769","targetHints":{"allow":["GET"]}}],"collection":[{"href":"https:\/\/ticsalutsocial.atoom.space\/es\/wp-json\/wp\/v2\/noticia"}],"about":[{"href":"https:\/\/ticsalutsocial.atoom.space\/es\/wp-json\/wp\/v2\/types\/noticia"}],"author":[{"embeddable":true,"href":"https:\/\/ticsalutsocial.atoom.space\/es\/wp-json\/wp\/v2\/users\/21"}],"wp:featuredmedia":[{"embeddable":true,"href":"https:\/\/ticsalutsocial.atoom.space\/es\/wp-json\/wp\/v2\/media\/3766"}],"wp:attachment":[{"href":"https:\/\/ticsalutsocial.atoom.space\/es\/wp-json\/wp\/v2\/media?parent=3769"}],"wp:term":[{"taxonomy":"etiqueta","embeddable":true,"href":"https:\/\/ticsalutsocial.atoom.space\/es\/wp-json\/wp\/v2\/etiqueta?post=3769"},{"taxonomy":"tipus","embeddable":true,"href":"https:\/\/ticsalutsocial.atoom.space\/es\/wp-json\/wp\/v2\/tipus?post=3769"},{"taxonomy":"topic","embeddable":true,"href":"https:\/\/ticsalutsocial.atoom.space\/es\/wp-json\/wp\/v2\/topic?post=3769"}],"curies":[{"name":"wp","href":"https:\/\/api.w.org\/{rel}","templated":true}]}}