
{"id":3775,"date":"2019-03-15T09:45:46","date_gmt":"2019-03-15T07:45:46","guid":{"rendered":"https:\/\/ticsalutsocial.atoom.space\/?post_type=noticia&#038;p=3775"},"modified":"2021-07-21T15:40:21","modified_gmt":"2021-07-21T13:40:21","slug":"visions-conversaciones-con-el-sector","status":"publish","type":"noticia","link":"https:\/\/ticsalutsocial.atoom.space\/es\/noticia\/visions-conversaciones-con-el-sector\/","title":{"rendered":"&#8216;Visions&#8217;, conversaciones con el sector"},"content":{"rendered":"<p>Como agentes de transformaci\u00f3n digital para los sectores de <strong>salud<\/strong> y <strong>bienestar social<\/strong> trabajamos para adaptar las soluciones tecnol\u00f3gicas de presente y futuro al servicio de las personas.<\/p>\n<p>Con el foco puesto en la innovaci\u00f3n, creemos que compartir el conocimiento enriquece el camino del progreso com\u00fan. Desde <em>TIC Salut Social<\/em>, nos hemos propuesto identificar, ordenar y promover las diferentes l\u00edneas de acci\u00f3n y estados de opini\u00f3n. Hacerlo a trav\u00e9s de sus protagonistas y con el concepto de transformaci\u00f3n digital como contexto. Compartir abiertamente estas ideas con todos nuestros p\u00fablicos, desde la propia ciudadan\u00eda hasta las empresas, instituciones y mundo de la investigaci\u00f3n con conectamos a diario.<\/p>\n<p>En torno a esta idea nace la campa\u00f1a <strong><em>Visions<\/em><\/strong>, una nueva l\u00ednea de trabajo basada en la escucha activa: atender a las necesidades del sector y coger los puntos de vista del profesionales sobre los temas de inter\u00e9s. Un camino para detectar nuevas oportunidades para innovar y mantener los servicios asistenciales en constante movimiento, facilitar la gesti\u00f3n del cambio y la adaptabilidad permanente a las necesidades de una sociedad cada vez m\u00e1s hiperconnectada.<\/p>\n<p><img loading=\"lazy\" decoding=\"async\" class=\"wp-image-16456 size-large alignnone\" src=\"https:\/\/ticsalutsocial.atoom.space\/wp-content\/uploads\/2019\/03\/genis_visions_web_6-700x394-1.jpg\" alt=\"Visions TIC Salut Gen\u00eds Roca\" width=\"700\" height=\"394\" \/><\/p>\n<p><strong><em>Visions<\/em><\/strong> ofrecer\u00e1 de manera regular contenidos en formato de entrevista audiovisual que se publicar\u00e1n en la web de la fundaci\u00f3n. El contenido de la entrevista estar\u00e1 acompa\u00f1ado por una transcripci\u00f3n textual y contenido fotogr\u00e1fico. Un nuevo ejercicio de comunicaci\u00f3n digital para ampliar redes de contacto y cruces de caminos para las voces y p\u00fablicos de inter\u00e9s de nuestro sector.<\/p>\n","protected":false},"author":21,"featured_media":3772,"menu_order":0,"template":"","meta":{"_acf_changed":false,"inline_featured_image":false},"etiqueta":[],"tipus":[],"topic":[123],"class_list":["post-3775","noticia","type-noticia","status-publish","has-post-thumbnail","hentry","topic-actualidad"],"acf":{"imatge":3774,"autor":"TIC Salut Social","textos_destacats":[{"texte":"Atender a las necesidades del sector, captar opiniones y puntos de vista de los profesionales. "}]},"yoast_head":"<!-- This site is optimized with the Yoast SEO plugin v27.1.1 - https:\/\/yoast.com\/product\/yoast-seo-wordpress\/ -->\n<title>&#039;Visions&#039;, conversaciones con el sector - Fundaci\u00f3 TIC Salut i Social<\/title>\n<meta name=\"robots\" content=\"index, follow, max-snippet:-1, max-image-preview:large, max-video-preview:-1\" \/>\n<link rel=\"canonical\" href=\"https:\/\/ticsalutsocial.atoom.space\/es\/noticia\/visions-conversaciones-con-el-sector\/\" \/>\n<meta property=\"og:locale\" content=\"es_ES\" \/>\n<meta property=\"og:type\" content=\"article\" \/>\n<meta property=\"og:title\" content=\"&#039;Visions&#039;, conversaciones con el sector - Fundaci\u00f3 TIC Salut i Social\" \/>\n<meta property=\"og:description\" content=\"Como agentes de transformaci\u00f3n digital para los sectores de salud y bienestar social trabajamos para adaptar las soluciones tecnol\u00f3gicas de presente y futuro al servicio de las personas. Con el foco puesto en la innovaci\u00f3n, creemos que compartir el conocimiento enriquece el camino del progreso com\u00fan. Desde TIC Salut Social, nos hemos propuesto identificar, ordenar [&hellip;]\" \/>\n<meta property=\"og:url\" content=\"https:\/\/ticsalutsocial.atoom.space\/es\/noticia\/visions-conversaciones-con-el-sector\/\" \/>\n<meta property=\"og:site_name\" content=\"Fundaci\u00f3 TIC Salut i Social\" \/>\n<meta property=\"article:modified_time\" content=\"2021-07-21T13:40:21+00:00\" \/>\n<meta property=\"og:image\" content=\"https:\/\/ticsalutsocial.atoom.space\/wp-content\/uploads\/2019\/03\/genis_visions_web_8-scaled.jpg\" \/>\n\t<meta property=\"og:image:width\" content=\"2560\" \/>\n\t<meta property=\"og:image:height\" content=\"1440\" \/>\n\t<meta property=\"og:image:type\" content=\"image\/jpeg\" \/>\n<meta name=\"twitter:card\" content=\"summary_large_image\" \/>\n<meta name=\"twitter:label1\" content=\"Tiempo de lectura\" \/>\n\t<meta name=\"twitter:data1\" content=\"1 minuto\" \/>\n<script type=\"application\/ld+json\" class=\"yoast-schema-graph\">{\"@context\":\"https:\/\/schema.org\",\"@graph\":[{\"@type\":\"WebPage\",\"@id\":\"https:\/\/ticsalutsocial.atoom.space\/es\/noticia\/visions-conversaciones-con-el-sector\/\",\"url\":\"https:\/\/ticsalutsocial.atoom.space\/es\/noticia\/visions-conversaciones-con-el-sector\/\",\"name\":\"'Visions', conversaciones con el sector - Fundaci\u00f3 TIC Salut i Social\",\"isPartOf\":{\"@id\":\"https:\/\/ticsalutsocial.atoom.space\/es\/#website\"},\"primaryImageOfPage\":{\"@id\":\"https:\/\/ticsalutsocial.atoom.space\/es\/noticia\/visions-conversaciones-con-el-sector\/#primaryimage\"},\"image\":{\"@id\":\"https:\/\/ticsalutsocial.atoom.space\/es\/noticia\/visions-conversaciones-con-el-sector\/#primaryimage\"},\"thumbnailUrl\":\"https:\/\/ticsalutsocial.atoom.space\/wp-content\/uploads\/2019\/03\/genis_visions_web_8-scaled.jpg\",\"datePublished\":\"2019-03-15T07:45:46+00:00\",\"dateModified\":\"2021-07-21T13:40:21+00:00\",\"breadcrumb\":{\"@id\":\"https:\/\/ticsalutsocial.atoom.space\/es\/noticia\/visions-conversaciones-con-el-sector\/#breadcrumb\"},\"inLanguage\":\"es\",\"potentialAction\":[{\"@type\":\"ReadAction\",\"target\":[\"https:\/\/ticsalutsocial.atoom.space\/es\/noticia\/visions-conversaciones-con-el-sector\/\"]}]},{\"@type\":\"ImageObject\",\"inLanguage\":\"es\",\"@id\":\"https:\/\/ticsalutsocial.atoom.space\/es\/noticia\/visions-conversaciones-con-el-sector\/#primaryimage\",\"url\":\"https:\/\/ticsalutsocial.atoom.space\/wp-content\/uploads\/2019\/03\/genis_visions_web_8-scaled.jpg\",\"contentUrl\":\"https:\/\/ticsalutsocial.atoom.space\/wp-content\/uploads\/2019\/03\/genis_visions_web_8-scaled.jpg\",\"width\":2560,\"height\":1440},{\"@type\":\"BreadcrumbList\",\"@id\":\"https:\/\/ticsalutsocial.atoom.space\/es\/noticia\/visions-conversaciones-con-el-sector\/#breadcrumb\",\"itemListElement\":[{\"@type\":\"ListItem\",\"position\":1,\"name\":\"Inici\",\"item\":\"https:\/\/ticsalutsocial.atoom.space\/es\/\"},{\"@type\":\"ListItem\",\"position\":2,\"name\":\"&#8216;Visions&#8217;, conversaciones con el sector\"}]},{\"@type\":\"WebSite\",\"@id\":\"https:\/\/ticsalutsocial.atoom.space\/es\/#website\",\"url\":\"https:\/\/ticsalutsocial.atoom.space\/es\/\",\"name\":\"Fundaci\u00f3 TIC Salut i Social\",\"description\":\"\",\"potentialAction\":[{\"@type\":\"SearchAction\",\"target\":{\"@type\":\"EntryPoint\",\"urlTemplate\":\"https:\/\/ticsalutsocial.atoom.space\/es\/?s={search_term_string}\"},\"query-input\":{\"@type\":\"PropertyValueSpecification\",\"valueRequired\":true,\"valueName\":\"search_term_string\"}}],\"inLanguage\":\"es\"}]}<\/script>\n<!-- \/ Yoast SEO plugin. -->","yoast_head_json":{"title":"'Visions', conversaciones con el sector - Fundaci\u00f3 TIC Salut i Social","robots":{"index":"index","follow":"follow","max-snippet":"max-snippet:-1","max-image-preview":"max-image-preview:large","max-video-preview":"max-video-preview:-1"},"canonical":"https:\/\/ticsalutsocial.atoom.space\/es\/noticia\/visions-conversaciones-con-el-sector\/","og_locale":"es_ES","og_type":"article","og_title":"'Visions', conversaciones con el sector - Fundaci\u00f3 TIC Salut i Social","og_description":"Como agentes de transformaci\u00f3n digital para los sectores de salud y bienestar social trabajamos para adaptar las soluciones tecnol\u00f3gicas de presente y futuro al servicio de las personas. Con el foco puesto en la innovaci\u00f3n, creemos que compartir el conocimiento enriquece el camino del progreso com\u00fan. Desde TIC Salut Social, nos hemos propuesto identificar, ordenar [&hellip;]","og_url":"https:\/\/ticsalutsocial.atoom.space\/es\/noticia\/visions-conversaciones-con-el-sector\/","og_site_name":"Fundaci\u00f3 TIC Salut i Social","article_modified_time":"2021-07-21T13:40:21+00:00","og_image":[{"width":2560,"height":1440,"url":"https:\/\/ticsalutsocial.atoom.space\/wp-content\/uploads\/2019\/03\/genis_visions_web_8-scaled.jpg","type":"image\/jpeg"}],"twitter_card":"summary_large_image","twitter_misc":{"Tiempo de lectura":"1 minuto"},"schema":{"@context":"https:\/\/schema.org","@graph":[{"@type":"WebPage","@id":"https:\/\/ticsalutsocial.atoom.space\/es\/noticia\/visions-conversaciones-con-el-sector\/","url":"https:\/\/ticsalutsocial.atoom.space\/es\/noticia\/visions-conversaciones-con-el-sector\/","name":"'Visions', conversaciones con el sector - Fundaci\u00f3 TIC Salut i Social","isPartOf":{"@id":"https:\/\/ticsalutsocial.atoom.space\/es\/#website"},"primaryImageOfPage":{"@id":"https:\/\/ticsalutsocial.atoom.space\/es\/noticia\/visions-conversaciones-con-el-sector\/#primaryimage"},"image":{"@id":"https:\/\/ticsalutsocial.atoom.space\/es\/noticia\/visions-conversaciones-con-el-sector\/#primaryimage"},"thumbnailUrl":"https:\/\/ticsalutsocial.atoom.space\/wp-content\/uploads\/2019\/03\/genis_visions_web_8-scaled.jpg","datePublished":"2019-03-15T07:45:46+00:00","dateModified":"2021-07-21T13:40:21+00:00","breadcrumb":{"@id":"https:\/\/ticsalutsocial.atoom.space\/es\/noticia\/visions-conversaciones-con-el-sector\/#breadcrumb"},"inLanguage":"es","potentialAction":[{"@type":"ReadAction","target":["https:\/\/ticsalutsocial.atoom.space\/es\/noticia\/visions-conversaciones-con-el-sector\/"]}]},{"@type":"ImageObject","inLanguage":"es","@id":"https:\/\/ticsalutsocial.atoom.space\/es\/noticia\/visions-conversaciones-con-el-sector\/#primaryimage","url":"https:\/\/ticsalutsocial.atoom.space\/wp-content\/uploads\/2019\/03\/genis_visions_web_8-scaled.jpg","contentUrl":"https:\/\/ticsalutsocial.atoom.space\/wp-content\/uploads\/2019\/03\/genis_visions_web_8-scaled.jpg","width":2560,"height":1440},{"@type":"BreadcrumbList","@id":"https:\/\/ticsalutsocial.atoom.space\/es\/noticia\/visions-conversaciones-con-el-sector\/#breadcrumb","itemListElement":[{"@type":"ListItem","position":1,"name":"Inici","item":"https:\/\/ticsalutsocial.atoom.space\/es\/"},{"@type":"ListItem","position":2,"name":"&#8216;Visions&#8217;, conversaciones con el sector"}]},{"@type":"WebSite","@id":"https:\/\/ticsalutsocial.atoom.space\/es\/#website","url":"https:\/\/ticsalutsocial.atoom.space\/es\/","name":"Fundaci\u00f3 TIC Salut i Social","description":"","potentialAction":[{"@type":"SearchAction","target":{"@type":"EntryPoint","urlTemplate":"https:\/\/ticsalutsocial.atoom.space\/es\/?s={search_term_string}"},"query-input":{"@type":"PropertyValueSpecification","valueRequired":true,"valueName":"search_term_string"}}],"inLanguage":"es"}]}},"_links":{"self":[{"href":"https:\/\/ticsalutsocial.atoom.space\/es\/wp-json\/wp\/v2\/noticia\/3775","targetHints":{"allow":["GET"]}}],"collection":[{"href":"https:\/\/ticsalutsocial.atoom.space\/es\/wp-json\/wp\/v2\/noticia"}],"about":[{"href":"https:\/\/ticsalutsocial.atoom.space\/es\/wp-json\/wp\/v2\/types\/noticia"}],"author":[{"embeddable":true,"href":"https:\/\/ticsalutsocial.atoom.space\/es\/wp-json\/wp\/v2\/users\/21"}],"wp:featuredmedia":[{"embeddable":true,"href":"https:\/\/ticsalutsocial.atoom.space\/es\/wp-json\/wp\/v2\/media\/3772"}],"wp:attachment":[{"href":"https:\/\/ticsalutsocial.atoom.space\/es\/wp-json\/wp\/v2\/media?parent=3775"}],"wp:term":[{"taxonomy":"etiqueta","embeddable":true,"href":"https:\/\/ticsalutsocial.atoom.space\/es\/wp-json\/wp\/v2\/etiqueta?post=3775"},{"taxonomy":"tipus","embeddable":true,"href":"https:\/\/ticsalutsocial.atoom.space\/es\/wp-json\/wp\/v2\/tipus?post=3775"},{"taxonomy":"topic","embeddable":true,"href":"https:\/\/ticsalutsocial.atoom.space\/es\/wp-json\/wp\/v2\/topic?post=3775"}],"curies":[{"name":"wp","href":"https:\/\/api.w.org\/{rel}","templated":true}]}}