
{"id":3781,"date":"2019-03-19T13:57:21","date_gmt":"2019-03-19T11:57:21","guid":{"rendered":"https:\/\/ticsalutsocial.atoom.space\/?post_type=noticia&#038;p=3781"},"modified":"2021-07-21T15:40:24","modified_gmt":"2021-07-21T13:40:24","slug":"a-proposito-del-mapa-de-tendencias-2019","status":"publish","type":"noticia","link":"https:\/\/ticsalutsocial.atoom.space\/es\/noticia\/a-proposito-del-mapa-de-tendencias-2019\/","title":{"rendered":"A prop\u00f3sito del Mapa de Tendencias 2019"},"content":{"rendered":"<p><strong>Con motivo de los resultados del estudio anual del Mapa de Tendencias y la jornada celebrada el pasado d\u00eda 14 de marzo al <em>Parc de Recerca Biom\u00e8dica de Barcelona<\/em> para ofrecer los resultados al sector salud, hemos mantenido una conversaci\u00f3n con Imma Bosch, responsable de la <em>Oficina eSalut<\/em>, sobre los resultados del informe y el estado actual de los Sistemas de Informaci\u00f3n. Estas son algunas reflexiones\u00a0 y apuntes sobre los siguientes pasos a seguir desde la Coordinaci\u00f3n General de las TIC del <em>Departament de Salut<\/em>.<\/strong><\/p>\n<ul>\n<li><strong>Actualmente hay registradas a HC3 43 millions de publicaciones activas. Teniendo en cuenta el volumen demogr\u00e1fico en Catalu\u00f1a, \u00bfqu\u00e9 valoraci\u00f3n haces de este dato?<\/strong><\/li>\n<\/ul>\n<p>Se trata de un dato muy bueno desde el punto de vista de atenci\u00f3n integrada en un sistema sanitario p\u00fablico. Pocos pa\u00edses pueden decir que comparten datos con la totalidad de proveedores del sistema. Si tenemos en cuenta que estos utilizan diferentes Sistemas de Informaci\u00f3n -como pasa a la mayor\u00eda de sistemas sanitarios europeos- y que esta compartici\u00f3n se hace con todas las l\u00edneas asistenciales (Atenci\u00f3n Primaria, Hospitales, Sociosanitarios y Salud Mental), es una buena estad\u00edstica.<\/p>\n<p>Adem\u00e1s ahora tambi\u00e9n empezamos a compartir datos de bienestar social provenientes de los Ayuntamientos. Las experiencias que conocemos en otros pa\u00edses son de compartici\u00f3n parcelada en organizaciones sanitarias integradas pero no comparten datos con todos los proveedores sanitarios, y todav\u00eda menos, con todas las l\u00edneas asistenciales de los sistemas de salud. De social tampoco.<\/p>\n<p>No obstante, tenemos que aumentar de forma progresiva la recogida de datos estructurados.<\/p>\n<ul>\n<li><strong>\u00bfPodr\u00edas comentar el siguiente dato?\u00a0<\/strong><em><strong>El 60% de las Entidades Proveedoras, seg\u00fan las encuestas del Mapa de Tendencias, acceden a de HC3 intermediando el visor profesional e incorporan datos a las estaciones de trabajo cl\u00ednica v\u00eda Web Service.\u00a0<\/strong><strong>El 40% restante consulta los datos mediante el visor profesional de HC3.<\/strong><\/em><\/li>\n<\/ul>\n<p>La mayor\u00eda de proveedores utiliza los Web Service ETC de HC3 que permiten presentar datos de manera integrada en su propia estaci\u00f3n de trabajo cl\u00ednico. Esto hace que los profesionales no tengan que consultar informaci\u00f3n mediante el visor de HC3, y por tanto, la informaci\u00f3n sanitaria generada por otros proveedores asistenciales queda integrada en las propias estaciones cl\u00ednicas de trabajo. As\u00ed la atenci\u00f3n integrada del paciente en los procesos asistenciales es posible. Debemos seguir trabajando para que la informaci\u00f3n se halle en un \u00fanico repositorio de informaci\u00f3n y que se pueda consultar y explotar de manera integrada.<\/p>\n<p>El nuevo proyecto de Historia Electronica de Salud (HES), resultante de la fusi\u00f3n\u00a0 entre HC3 y ECAP, es donde residir\u00eda toda la informaci\u00f3n del \u00e1mbito de la Atenci\u00f3n Primaria y del resto de niveles asistenciales.<\/p>\n<ul>\n<li><strong>HC3 est\u00e1 integrada con las \u00c1reas B\u00e1sicas de Servicios Sociales del Ayuntamiento de BCN. El siguiente paso es el interconexionado progresivo de todo el territorio. \u00bfPor qu\u00e9 se hace de manera progresiva?<\/strong><\/li>\n<\/ul>\n<p>Se dede definir una estrategia com\u00fan entre el <em>Departament de Treball, Afers Socials i Fam\u00edlies<\/em> y el <em>Departament de Salut<\/em> para priorizar la atenci\u00f3n integrada. Es muy importante que exista una estrategia definida conjunta para avanzar m\u00e1s r\u00e1pido y poder superar eventuales dificultades t\u00e9cnicas de integraci\u00f3n como la compatibilidad de los diferentes Sistemas de Informaci\u00f3n.<\/p>\n<ul>\n<li><strong>\u00bfConsideras que 14000 derivaciones a IS3 es una cifra buena? \u00bfQu\u00e9 har\u00eda falta para mejorarla?<\/strong><\/li>\n<\/ul>\n<p>A pesar de que a d\u00eda de hoy todos los proveedores de Atenci\u00f3n Especializada y de Atenci\u00f3n Primaria est\u00e1n conectados a la plataforma IS3, debemos que insistir en aumentar las derivaciones electr\u00f3nicas para todas las especialidades asistenciales. El objetivo es que los pacientes que requieran una visita especializada, puedan salir de la consulta del m\u00e9dico de Atenci\u00f3n Primaria con d\u00eda y hora para el hospital. Todav\u00eda hay mucho margen de mejora.<\/p>\n<ul>\n<li><strong>Econsulta presenta 60000 personas como usuarios habituales segundos la estad\u00edstica actual. \u00bfQu\u00e9 opinas?<\/strong><\/li>\n<\/ul>\n<p>No es despreciable que casi 5.000 profesionales lo utilicen. Para mejorar su usabilidad debemos que potenciar <em>La Meva Salut<\/em>\u00a0(LMS) y desarrollar un acceso m\u00e1s sencillo. Econsulta es un servicio que depende del acceso a LMS \u00a0y se debe incrementar mucho su accesibilidad.<\/p>\n<p>La progresi\u00f3n del servicio es positiva, cada semana se incorporan una media de 50 profesionales nuevos y unos 500 pacientes nuevos. Mejoraremos la comunicaci\u00f3n a los ciudadanos, y en este sentido, ser\u00eda interesante intensificar la comunicaci\u00f3n por parte del CatSalut: espacios de agenda, gesti\u00f3n del cambio de los profesionales y acceso a LMS.<\/p>\n<p>Es un canal m\u00e1s de comunicaci\u00f3n profesional-paciente que ofrecemos al Sistema y que permite a los profesionales hacer una mejor gesti\u00f3n de la agenda. Aporta seguridad y confort<\/p>\n<ul>\n<li><strong>En relaci\u00f3n a los usuarios totales de LMS, 450000 sobre el total demogr\u00e1fico. \u00bfQu\u00e9 margen de mejora tenemos?<\/strong><\/li>\n<\/ul>\n<p>Ciertamente hay 450.000 usuarios. De estos, 40.000 ciudadanos lo utilizan habitualmente (accesos CIP diferentes por mes). \u00daltimamente se han realizado acciones por la mejora en la accesibilidad, funcionalidades e incorporaci\u00f3n de m\u00e1s informaci\u00f3n que en estos momentos ya reside en el sistema.<\/p>\n<p>No obstante la accesibilidad de la aplicaci\u00f3n requiere una doble verificaci\u00f3n de los datos del ciudadano, por este motivo y seg\u00fan las encuestas recibidas es un punto a mejorar. Estamos hablando con APDCAT y CESICAT para poder encontrar la manera de facilitar el acceso en los ciudadanos a LMS cumpliendo las medidas de seguridad necesarias.<\/p>\n","protected":false},"author":21,"featured_media":3778,"menu_order":0,"template":"","meta":{"_acf_changed":false,"inline_featured_image":false},"etiqueta":[],"tipus":[],"topic":[121],"class_list":["post-3781","noticia","type-noticia","status-publish","has-post-thumbnail","hentry","topic-dpd-es"],"acf":{"imatge":3780,"autor":"Lourdes Rodriguez"},"yoast_head":"<!-- This site is optimized with the Yoast SEO plugin v27.1.1 - https:\/\/yoast.com\/product\/yoast-seo-wordpress\/ -->\n<title>A prop\u00f3sito del Mapa de Tendencias 2019 - Fundaci\u00f3 TIC Salut i Social<\/title>\n<meta name=\"robots\" content=\"index, follow, max-snippet:-1, max-image-preview:large, max-video-preview:-1\" \/>\n<link rel=\"canonical\" href=\"https:\/\/ticsalutsocial.atoom.space\/es\/noticia\/a-proposito-del-mapa-de-tendencias-2019\/\" \/>\n<meta property=\"og:locale\" content=\"es_ES\" \/>\n<meta property=\"og:type\" content=\"article\" \/>\n<meta property=\"og:title\" content=\"A prop\u00f3sito del Mapa de Tendencias 2019 - Fundaci\u00f3 TIC Salut i Social\" \/>\n<meta property=\"og:description\" content=\"Con motivo de los resultados del estudio anual del Mapa de Tendencias y la jornada celebrada el pasado d\u00eda 14 de marzo al Parc de Recerca Biom\u00e8dica de Barcelona para ofrecer los resultados al sector salud, hemos mantenido una conversaci\u00f3n con Imma Bosch, responsable de la Oficina eSalut, sobre los resultados del informe y el [&hellip;]\" \/>\n<meta property=\"og:url\" content=\"https:\/\/ticsalutsocial.atoom.space\/es\/noticia\/a-proposito-del-mapa-de-tendencias-2019\/\" \/>\n<meta property=\"og:site_name\" content=\"Fundaci\u00f3 TIC Salut i Social\" \/>\n<meta property=\"article:modified_time\" content=\"2021-07-21T13:40:24+00:00\" \/>\n<meta property=\"og:image\" content=\"https:\/\/ticsalutsocial.atoom.space\/wp-content\/uploads\/2019\/03\/hal-gatewood-405338-unsplash-scaled.jpg\" \/>\n\t<meta property=\"og:image:width\" content=\"2560\" \/>\n\t<meta property=\"og:image:height\" content=\"1707\" \/>\n\t<meta property=\"og:image:type\" content=\"image\/jpeg\" \/>\n<meta name=\"twitter:card\" content=\"summary_large_image\" \/>\n<meta name=\"twitter:label1\" content=\"Tiempo de lectura\" \/>\n\t<meta name=\"twitter:data1\" content=\"5 minutos\" \/>\n<script type=\"application\/ld+json\" class=\"yoast-schema-graph\">{\"@context\":\"https:\/\/schema.org\",\"@graph\":[{\"@type\":\"WebPage\",\"@id\":\"https:\/\/ticsalutsocial.atoom.space\/es\/noticia\/a-proposito-del-mapa-de-tendencias-2019\/\",\"url\":\"https:\/\/ticsalutsocial.atoom.space\/es\/noticia\/a-proposito-del-mapa-de-tendencias-2019\/\",\"name\":\"A prop\u00f3sito del Mapa de Tendencias 2019 - Fundaci\u00f3 TIC Salut i Social\",\"isPartOf\":{\"@id\":\"https:\/\/ticsalutsocial.atoom.space\/es\/#website\"},\"primaryImageOfPage\":{\"@id\":\"https:\/\/ticsalutsocial.atoom.space\/es\/noticia\/a-proposito-del-mapa-de-tendencias-2019\/#primaryimage\"},\"image\":{\"@id\":\"https:\/\/ticsalutsocial.atoom.space\/es\/noticia\/a-proposito-del-mapa-de-tendencias-2019\/#primaryimage\"},\"thumbnailUrl\":\"https:\/\/ticsalutsocial.atoom.space\/wp-content\/uploads\/2019\/03\/hal-gatewood-405338-unsplash-scaled.jpg\",\"datePublished\":\"2019-03-19T11:57:21+00:00\",\"dateModified\":\"2021-07-21T13:40:24+00:00\",\"breadcrumb\":{\"@id\":\"https:\/\/ticsalutsocial.atoom.space\/es\/noticia\/a-proposito-del-mapa-de-tendencias-2019\/#breadcrumb\"},\"inLanguage\":\"es\",\"potentialAction\":[{\"@type\":\"ReadAction\",\"target\":[\"https:\/\/ticsalutsocial.atoom.space\/es\/noticia\/a-proposito-del-mapa-de-tendencias-2019\/\"]}]},{\"@type\":\"ImageObject\",\"inLanguage\":\"es\",\"@id\":\"https:\/\/ticsalutsocial.atoom.space\/es\/noticia\/a-proposito-del-mapa-de-tendencias-2019\/#primaryimage\",\"url\":\"https:\/\/ticsalutsocial.atoom.space\/wp-content\/uploads\/2019\/03\/hal-gatewood-405338-unsplash-scaled.jpg\",\"contentUrl\":\"https:\/\/ticsalutsocial.atoom.space\/wp-content\/uploads\/2019\/03\/hal-gatewood-405338-unsplash-scaled.jpg\",\"width\":2560,\"height\":1707},{\"@type\":\"BreadcrumbList\",\"@id\":\"https:\/\/ticsalutsocial.atoom.space\/es\/noticia\/a-proposito-del-mapa-de-tendencias-2019\/#breadcrumb\",\"itemListElement\":[{\"@type\":\"ListItem\",\"position\":1,\"name\":\"Inici\",\"item\":\"https:\/\/ticsalutsocial.atoom.space\/es\/\"},{\"@type\":\"ListItem\",\"position\":2,\"name\":\"A prop\u00f3sito del Mapa de Tendencias 2019\"}]},{\"@type\":\"WebSite\",\"@id\":\"https:\/\/ticsalutsocial.atoom.space\/es\/#website\",\"url\":\"https:\/\/ticsalutsocial.atoom.space\/es\/\",\"name\":\"Fundaci\u00f3 TIC Salut i Social\",\"description\":\"\",\"potentialAction\":[{\"@type\":\"SearchAction\",\"target\":{\"@type\":\"EntryPoint\",\"urlTemplate\":\"https:\/\/ticsalutsocial.atoom.space\/es\/?s={search_term_string}\"},\"query-input\":{\"@type\":\"PropertyValueSpecification\",\"valueRequired\":true,\"valueName\":\"search_term_string\"}}],\"inLanguage\":\"es\"}]}<\/script>\n<!-- \/ Yoast SEO plugin. -->","yoast_head_json":{"title":"A prop\u00f3sito del Mapa de Tendencias 2019 - Fundaci\u00f3 TIC Salut i Social","robots":{"index":"index","follow":"follow","max-snippet":"max-snippet:-1","max-image-preview":"max-image-preview:large","max-video-preview":"max-video-preview:-1"},"canonical":"https:\/\/ticsalutsocial.atoom.space\/es\/noticia\/a-proposito-del-mapa-de-tendencias-2019\/","og_locale":"es_ES","og_type":"article","og_title":"A prop\u00f3sito del Mapa de Tendencias 2019 - Fundaci\u00f3 TIC Salut i Social","og_description":"Con motivo de los resultados del estudio anual del Mapa de Tendencias y la jornada celebrada el pasado d\u00eda 14 de marzo al Parc de Recerca Biom\u00e8dica de Barcelona para ofrecer los resultados al sector salud, hemos mantenido una conversaci\u00f3n con Imma Bosch, responsable de la Oficina eSalut, sobre los resultados del informe y el [&hellip;]","og_url":"https:\/\/ticsalutsocial.atoom.space\/es\/noticia\/a-proposito-del-mapa-de-tendencias-2019\/","og_site_name":"Fundaci\u00f3 TIC Salut i Social","article_modified_time":"2021-07-21T13:40:24+00:00","og_image":[{"width":2560,"height":1707,"url":"https:\/\/ticsalutsocial.atoom.space\/wp-content\/uploads\/2019\/03\/hal-gatewood-405338-unsplash-scaled.jpg","type":"image\/jpeg"}],"twitter_card":"summary_large_image","twitter_misc":{"Tiempo de lectura":"5 minutos"},"schema":{"@context":"https:\/\/schema.org","@graph":[{"@type":"WebPage","@id":"https:\/\/ticsalutsocial.atoom.space\/es\/noticia\/a-proposito-del-mapa-de-tendencias-2019\/","url":"https:\/\/ticsalutsocial.atoom.space\/es\/noticia\/a-proposito-del-mapa-de-tendencias-2019\/","name":"A prop\u00f3sito del Mapa de Tendencias 2019 - Fundaci\u00f3 TIC Salut i Social","isPartOf":{"@id":"https:\/\/ticsalutsocial.atoom.space\/es\/#website"},"primaryImageOfPage":{"@id":"https:\/\/ticsalutsocial.atoom.space\/es\/noticia\/a-proposito-del-mapa-de-tendencias-2019\/#primaryimage"},"image":{"@id":"https:\/\/ticsalutsocial.atoom.space\/es\/noticia\/a-proposito-del-mapa-de-tendencias-2019\/#primaryimage"},"thumbnailUrl":"https:\/\/ticsalutsocial.atoom.space\/wp-content\/uploads\/2019\/03\/hal-gatewood-405338-unsplash-scaled.jpg","datePublished":"2019-03-19T11:57:21+00:00","dateModified":"2021-07-21T13:40:24+00:00","breadcrumb":{"@id":"https:\/\/ticsalutsocial.atoom.space\/es\/noticia\/a-proposito-del-mapa-de-tendencias-2019\/#breadcrumb"},"inLanguage":"es","potentialAction":[{"@type":"ReadAction","target":["https:\/\/ticsalutsocial.atoom.space\/es\/noticia\/a-proposito-del-mapa-de-tendencias-2019\/"]}]},{"@type":"ImageObject","inLanguage":"es","@id":"https:\/\/ticsalutsocial.atoom.space\/es\/noticia\/a-proposito-del-mapa-de-tendencias-2019\/#primaryimage","url":"https:\/\/ticsalutsocial.atoom.space\/wp-content\/uploads\/2019\/03\/hal-gatewood-405338-unsplash-scaled.jpg","contentUrl":"https:\/\/ticsalutsocial.atoom.space\/wp-content\/uploads\/2019\/03\/hal-gatewood-405338-unsplash-scaled.jpg","width":2560,"height":1707},{"@type":"BreadcrumbList","@id":"https:\/\/ticsalutsocial.atoom.space\/es\/noticia\/a-proposito-del-mapa-de-tendencias-2019\/#breadcrumb","itemListElement":[{"@type":"ListItem","position":1,"name":"Inici","item":"https:\/\/ticsalutsocial.atoom.space\/es\/"},{"@type":"ListItem","position":2,"name":"A prop\u00f3sito del Mapa de Tendencias 2019"}]},{"@type":"WebSite","@id":"https:\/\/ticsalutsocial.atoom.space\/es\/#website","url":"https:\/\/ticsalutsocial.atoom.space\/es\/","name":"Fundaci\u00f3 TIC Salut i Social","description":"","potentialAction":[{"@type":"SearchAction","target":{"@type":"EntryPoint","urlTemplate":"https:\/\/ticsalutsocial.atoom.space\/es\/?s={search_term_string}"},"query-input":{"@type":"PropertyValueSpecification","valueRequired":true,"valueName":"search_term_string"}}],"inLanguage":"es"}]}},"_links":{"self":[{"href":"https:\/\/ticsalutsocial.atoom.space\/es\/wp-json\/wp\/v2\/noticia\/3781","targetHints":{"allow":["GET"]}}],"collection":[{"href":"https:\/\/ticsalutsocial.atoom.space\/es\/wp-json\/wp\/v2\/noticia"}],"about":[{"href":"https:\/\/ticsalutsocial.atoom.space\/es\/wp-json\/wp\/v2\/types\/noticia"}],"author":[{"embeddable":true,"href":"https:\/\/ticsalutsocial.atoom.space\/es\/wp-json\/wp\/v2\/users\/21"}],"wp:featuredmedia":[{"embeddable":true,"href":"https:\/\/ticsalutsocial.atoom.space\/es\/wp-json\/wp\/v2\/media\/3778"}],"wp:attachment":[{"href":"https:\/\/ticsalutsocial.atoom.space\/es\/wp-json\/wp\/v2\/media?parent=3781"}],"wp:term":[{"taxonomy":"etiqueta","embeddable":true,"href":"https:\/\/ticsalutsocial.atoom.space\/es\/wp-json\/wp\/v2\/etiqueta?post=3781"},{"taxonomy":"tipus","embeddable":true,"href":"https:\/\/ticsalutsocial.atoom.space\/es\/wp-json\/wp\/v2\/tipus?post=3781"},{"taxonomy":"topic","embeddable":true,"href":"https:\/\/ticsalutsocial.atoom.space\/es\/wp-json\/wp\/v2\/topic?post=3781"}],"curies":[{"name":"wp","href":"https:\/\/api.w.org\/{rel}","templated":true}]}}