
{"id":3798,"date":"2019-04-02T13:37:08","date_gmt":"2019-04-02T11:37:08","guid":{"rendered":"https:\/\/ticsalutsocial.atoom.space\/?post_type=noticia&#038;p=3798"},"modified":"2021-07-21T15:40:32","modified_gmt":"2021-07-21T13:40:32","slug":"la-fundacion-y-la-nueva-edicion-de-inforsalud-2019","status":"publish","type":"noticia","link":"https:\/\/ticsalutsocial.atoom.space\/es\/noticia\/la-fundacion-y-la-nueva-edicion-de-inforsalud-2019\/","title":{"rendered":"La Fundaci\u00f3n y la nueva edici\u00f3n de InforSalud 2019"},"content":{"rendered":"<p>La <em>Fundaci\u00f3 TIC Salut Social<\/em>\u00a0asisti\u00f3 al XXII Congreso Nacional de Inform\u00e1tica de la Salud 2019 (InforSalud 2019), centrado \u00a0en \u201cLos Pilares de la Transformaci\u00f3n Digital\u201d, celebrado en Madrid durante e, 5, 6 y 7 de Marzo.<\/p>\n<p>InforSalud es un evento organizado por la SEIS (Sociedad Espa\u00f1ola de Inform\u00e1tica Sanitaria), que se celebra una vez al a\u00f1o orientado a los profesionales del sector de las TIC en Salud. El acontecimiento contribuye a la transformaci\u00f3n sanitaria para la mejora de la calidad y la eficiencia de los sistemas sanitarios.<\/p>\n<p>En esta edici\u00f3n nuestra compa\u00f1era Nuria Abd\u00f3n present\u00f3 ECAP-ERGO, un proyecto encargado por el <em>Departament de Salut<\/em> a la <em>Fundaci\u00f3 TIC Salud Social<\/em> para realizar un an\u00e1lisis y evaluaci\u00f3n estructurada de la usabilidad y ergonom\u00eda de ECAP desde la perspectiva de los usuarios. ECAP es la Estaci\u00f3n de Trabajo Cl\u00ednico de Atenci\u00f3n Primaria m\u00e1s extendida en el Sistema Sanitario p\u00fablico catal\u00e1n, con un uso superior al 95% de los centros de atenci\u00f3n primaria. Los resultados de este an\u00e1lisis y evaluaci\u00f3n servir\u00e1n de baso en un futuro para poder proponer evoluciones del sistema.<\/p>\n<p>La Fundaci\u00f3n tambi\u00e9n present\u00f3 el p\u00f3ster \u201cTrillium II \u2013 Resumen Internacional del Paciente\u201d, proyecto que se basa en las recomendaciones del Trillium Bridge (2013-2015). El proyecto avanza en la adopci\u00f3n de un resumen internacional de paciente utilizando est\u00e1ndares ampliamente consolidados en todo el mundo, como HL7 FHIR y SNOMED CT, para mejorar la interoperabilidad internacional de los sistemas de salud de Europa y EE. UU..<\/p>\n<p>&nbsp;<\/p>\n<p>&nbsp;<\/p>\n","protected":false},"author":21,"featured_media":3795,"menu_order":0,"template":"","meta":{"_acf_changed":false,"inline_featured_image":false},"etiqueta":[],"tipus":[84],"topic":[117,121,130],"class_list":["post-3798","noticia","type-noticia","status-publish","has-post-thumbnail","hentry","tipus-oficina-interoperabilidad","topic-jornadas","topic-dpd-es","topic-la-fundacion"],"acf":{"imatge":3797,"autor":"David Rodriguez"},"yoast_head":"<!-- This site is optimized with the Yoast SEO plugin v27.1.1 - https:\/\/yoast.com\/product\/yoast-seo-wordpress\/ -->\n<title>La Fundaci\u00f3n y la nueva edici\u00f3n de InforSalud 2019 - Fundaci\u00f3 TIC Salut i Social<\/title>\n<meta name=\"robots\" content=\"index, follow, max-snippet:-1, max-image-preview:large, max-video-preview:-1\" \/>\n<link rel=\"canonical\" href=\"https:\/\/ticsalutsocial.atoom.space\/es\/noticia\/la-fundacion-y-la-nueva-edicion-de-inforsalud-2019\/\" \/>\n<meta property=\"og:locale\" content=\"es_ES\" \/>\n<meta property=\"og:type\" content=\"article\" \/>\n<meta property=\"og:title\" content=\"La Fundaci\u00f3n y la nueva edici\u00f3n de InforSalud 2019 - Fundaci\u00f3 TIC Salut i Social\" \/>\n<meta property=\"og:description\" content=\"La Fundaci\u00f3 TIC Salut Social\u00a0asisti\u00f3 al XXII Congreso Nacional de Inform\u00e1tica de la Salud 2019 (InforSalud 2019), centrado \u00a0en \u201cLos Pilares de la Transformaci\u00f3n Digital\u201d, celebrado en Madrid durante e, 5, 6 y 7 de Marzo. InforSalud es un evento organizado por la SEIS (Sociedad Espa\u00f1ola de Inform\u00e1tica Sanitaria), que se celebra una vez al [&hellip;]\" \/>\n<meta property=\"og:url\" content=\"https:\/\/ticsalutsocial.atoom.space\/es\/noticia\/la-fundacion-y-la-nueva-edicion-de-inforsalud-2019\/\" \/>\n<meta property=\"og:site_name\" content=\"Fundaci\u00f3 TIC Salut i Social\" \/>\n<meta property=\"article:modified_time\" content=\"2021-07-21T13:40:32+00:00\" \/>\n<meta property=\"og:image\" content=\"https:\/\/ticsalutsocial.atoom.space\/wp-content\/uploads\/2019\/04\/20190306_105443-scaled.jpg\" \/>\n\t<meta property=\"og:image:width\" content=\"2560\" \/>\n\t<meta property=\"og:image:height\" content=\"1244\" \/>\n\t<meta property=\"og:image:type\" content=\"image\/jpeg\" \/>\n<meta name=\"twitter:card\" content=\"summary_large_image\" \/>\n<meta name=\"twitter:label1\" content=\"Tiempo de lectura\" \/>\n\t<meta name=\"twitter:data1\" content=\"1 minuto\" \/>\n<script type=\"application\/ld+json\" class=\"yoast-schema-graph\">{\"@context\":\"https:\/\/schema.org\",\"@graph\":[{\"@type\":\"WebPage\",\"@id\":\"https:\/\/ticsalutsocial.atoom.space\/es\/noticia\/la-fundacion-y-la-nueva-edicion-de-inforsalud-2019\/\",\"url\":\"https:\/\/ticsalutsocial.atoom.space\/es\/noticia\/la-fundacion-y-la-nueva-edicion-de-inforsalud-2019\/\",\"name\":\"La Fundaci\u00f3n y la nueva edici\u00f3n de InforSalud 2019 - Fundaci\u00f3 TIC Salut i Social\",\"isPartOf\":{\"@id\":\"https:\/\/ticsalutsocial.atoom.space\/es\/#website\"},\"primaryImageOfPage\":{\"@id\":\"https:\/\/ticsalutsocial.atoom.space\/es\/noticia\/la-fundacion-y-la-nueva-edicion-de-inforsalud-2019\/#primaryimage\"},\"image\":{\"@id\":\"https:\/\/ticsalutsocial.atoom.space\/es\/noticia\/la-fundacion-y-la-nueva-edicion-de-inforsalud-2019\/#primaryimage\"},\"thumbnailUrl\":\"https:\/\/ticsalutsocial.atoom.space\/wp-content\/uploads\/2019\/04\/20190306_105443-scaled.jpg\",\"datePublished\":\"2019-04-02T11:37:08+00:00\",\"dateModified\":\"2021-07-21T13:40:32+00:00\",\"breadcrumb\":{\"@id\":\"https:\/\/ticsalutsocial.atoom.space\/es\/noticia\/la-fundacion-y-la-nueva-edicion-de-inforsalud-2019\/#breadcrumb\"},\"inLanguage\":\"es\",\"potentialAction\":[{\"@type\":\"ReadAction\",\"target\":[\"https:\/\/ticsalutsocial.atoom.space\/es\/noticia\/la-fundacion-y-la-nueva-edicion-de-inforsalud-2019\/\"]}]},{\"@type\":\"ImageObject\",\"inLanguage\":\"es\",\"@id\":\"https:\/\/ticsalutsocial.atoom.space\/es\/noticia\/la-fundacion-y-la-nueva-edicion-de-inforsalud-2019\/#primaryimage\",\"url\":\"https:\/\/ticsalutsocial.atoom.space\/wp-content\/uploads\/2019\/04\/20190306_105443-scaled.jpg\",\"contentUrl\":\"https:\/\/ticsalutsocial.atoom.space\/wp-content\/uploads\/2019\/04\/20190306_105443-scaled.jpg\",\"width\":2560,\"height\":1244},{\"@type\":\"BreadcrumbList\",\"@id\":\"https:\/\/ticsalutsocial.atoom.space\/es\/noticia\/la-fundacion-y-la-nueva-edicion-de-inforsalud-2019\/#breadcrumb\",\"itemListElement\":[{\"@type\":\"ListItem\",\"position\":1,\"name\":\"Inici\",\"item\":\"https:\/\/ticsalutsocial.atoom.space\/es\/\"},{\"@type\":\"ListItem\",\"position\":2,\"name\":\"La Fundaci\u00f3n y la nueva edici\u00f3n de InforSalud 2019\"}]},{\"@type\":\"WebSite\",\"@id\":\"https:\/\/ticsalutsocial.atoom.space\/es\/#website\",\"url\":\"https:\/\/ticsalutsocial.atoom.space\/es\/\",\"name\":\"Fundaci\u00f3 TIC Salut i Social\",\"description\":\"\",\"potentialAction\":[{\"@type\":\"SearchAction\",\"target\":{\"@type\":\"EntryPoint\",\"urlTemplate\":\"https:\/\/ticsalutsocial.atoom.space\/es\/?s={search_term_string}\"},\"query-input\":{\"@type\":\"PropertyValueSpecification\",\"valueRequired\":true,\"valueName\":\"search_term_string\"}}],\"inLanguage\":\"es\"}]}<\/script>\n<!-- \/ Yoast SEO plugin. -->","yoast_head_json":{"title":"La Fundaci\u00f3n y la nueva edici\u00f3n de InforSalud 2019 - Fundaci\u00f3 TIC Salut i Social","robots":{"index":"index","follow":"follow","max-snippet":"max-snippet:-1","max-image-preview":"max-image-preview:large","max-video-preview":"max-video-preview:-1"},"canonical":"https:\/\/ticsalutsocial.atoom.space\/es\/noticia\/la-fundacion-y-la-nueva-edicion-de-inforsalud-2019\/","og_locale":"es_ES","og_type":"article","og_title":"La Fundaci\u00f3n y la nueva edici\u00f3n de InforSalud 2019 - Fundaci\u00f3 TIC Salut i Social","og_description":"La Fundaci\u00f3 TIC Salut Social\u00a0asisti\u00f3 al XXII Congreso Nacional de Inform\u00e1tica de la Salud 2019 (InforSalud 2019), centrado \u00a0en \u201cLos Pilares de la Transformaci\u00f3n Digital\u201d, celebrado en Madrid durante e, 5, 6 y 7 de Marzo. InforSalud es un evento organizado por la SEIS (Sociedad Espa\u00f1ola de Inform\u00e1tica Sanitaria), que se celebra una vez al [&hellip;]","og_url":"https:\/\/ticsalutsocial.atoom.space\/es\/noticia\/la-fundacion-y-la-nueva-edicion-de-inforsalud-2019\/","og_site_name":"Fundaci\u00f3 TIC Salut i Social","article_modified_time":"2021-07-21T13:40:32+00:00","og_image":[{"width":2560,"height":1244,"url":"https:\/\/ticsalutsocial.atoom.space\/wp-content\/uploads\/2019\/04\/20190306_105443-scaled.jpg","type":"image\/jpeg"}],"twitter_card":"summary_large_image","twitter_misc":{"Tiempo de lectura":"1 minuto"},"schema":{"@context":"https:\/\/schema.org","@graph":[{"@type":"WebPage","@id":"https:\/\/ticsalutsocial.atoom.space\/es\/noticia\/la-fundacion-y-la-nueva-edicion-de-inforsalud-2019\/","url":"https:\/\/ticsalutsocial.atoom.space\/es\/noticia\/la-fundacion-y-la-nueva-edicion-de-inforsalud-2019\/","name":"La Fundaci\u00f3n y la nueva edici\u00f3n de InforSalud 2019 - Fundaci\u00f3 TIC Salut i Social","isPartOf":{"@id":"https:\/\/ticsalutsocial.atoom.space\/es\/#website"},"primaryImageOfPage":{"@id":"https:\/\/ticsalutsocial.atoom.space\/es\/noticia\/la-fundacion-y-la-nueva-edicion-de-inforsalud-2019\/#primaryimage"},"image":{"@id":"https:\/\/ticsalutsocial.atoom.space\/es\/noticia\/la-fundacion-y-la-nueva-edicion-de-inforsalud-2019\/#primaryimage"},"thumbnailUrl":"https:\/\/ticsalutsocial.atoom.space\/wp-content\/uploads\/2019\/04\/20190306_105443-scaled.jpg","datePublished":"2019-04-02T11:37:08+00:00","dateModified":"2021-07-21T13:40:32+00:00","breadcrumb":{"@id":"https:\/\/ticsalutsocial.atoom.space\/es\/noticia\/la-fundacion-y-la-nueva-edicion-de-inforsalud-2019\/#breadcrumb"},"inLanguage":"es","potentialAction":[{"@type":"ReadAction","target":["https:\/\/ticsalutsocial.atoom.space\/es\/noticia\/la-fundacion-y-la-nueva-edicion-de-inforsalud-2019\/"]}]},{"@type":"ImageObject","inLanguage":"es","@id":"https:\/\/ticsalutsocial.atoom.space\/es\/noticia\/la-fundacion-y-la-nueva-edicion-de-inforsalud-2019\/#primaryimage","url":"https:\/\/ticsalutsocial.atoom.space\/wp-content\/uploads\/2019\/04\/20190306_105443-scaled.jpg","contentUrl":"https:\/\/ticsalutsocial.atoom.space\/wp-content\/uploads\/2019\/04\/20190306_105443-scaled.jpg","width":2560,"height":1244},{"@type":"BreadcrumbList","@id":"https:\/\/ticsalutsocial.atoom.space\/es\/noticia\/la-fundacion-y-la-nueva-edicion-de-inforsalud-2019\/#breadcrumb","itemListElement":[{"@type":"ListItem","position":1,"name":"Inici","item":"https:\/\/ticsalutsocial.atoom.space\/es\/"},{"@type":"ListItem","position":2,"name":"La Fundaci\u00f3n y la nueva edici\u00f3n de InforSalud 2019"}]},{"@type":"WebSite","@id":"https:\/\/ticsalutsocial.atoom.space\/es\/#website","url":"https:\/\/ticsalutsocial.atoom.space\/es\/","name":"Fundaci\u00f3 TIC Salut i Social","description":"","potentialAction":[{"@type":"SearchAction","target":{"@type":"EntryPoint","urlTemplate":"https:\/\/ticsalutsocial.atoom.space\/es\/?s={search_term_string}"},"query-input":{"@type":"PropertyValueSpecification","valueRequired":true,"valueName":"search_term_string"}}],"inLanguage":"es"}]}},"_links":{"self":[{"href":"https:\/\/ticsalutsocial.atoom.space\/es\/wp-json\/wp\/v2\/noticia\/3798","targetHints":{"allow":["GET"]}}],"collection":[{"href":"https:\/\/ticsalutsocial.atoom.space\/es\/wp-json\/wp\/v2\/noticia"}],"about":[{"href":"https:\/\/ticsalutsocial.atoom.space\/es\/wp-json\/wp\/v2\/types\/noticia"}],"author":[{"embeddable":true,"href":"https:\/\/ticsalutsocial.atoom.space\/es\/wp-json\/wp\/v2\/users\/21"}],"wp:featuredmedia":[{"embeddable":true,"href":"https:\/\/ticsalutsocial.atoom.space\/es\/wp-json\/wp\/v2\/media\/3795"}],"wp:attachment":[{"href":"https:\/\/ticsalutsocial.atoom.space\/es\/wp-json\/wp\/v2\/media?parent=3798"}],"wp:term":[{"taxonomy":"etiqueta","embeddable":true,"href":"https:\/\/ticsalutsocial.atoom.space\/es\/wp-json\/wp\/v2\/etiqueta?post=3798"},{"taxonomy":"tipus","embeddable":true,"href":"https:\/\/ticsalutsocial.atoom.space\/es\/wp-json\/wp\/v2\/tipus?post=3798"},{"taxonomy":"topic","embeddable":true,"href":"https:\/\/ticsalutsocial.atoom.space\/es\/wp-json\/wp\/v2\/topic?post=3798"}],"curies":[{"name":"wp","href":"https:\/\/api.w.org\/{rel}","templated":true}]}}