
{"id":3800,"date":"2019-04-04T16:08:12","date_gmt":"2019-04-04T14:08:12","guid":{"rendered":"https:\/\/ticsalutsocial.atoom.space\/?post_type=noticia&#038;p=3800"},"modified":"2021-07-21T15:40:36","modified_gmt":"2021-07-21T13:40:36","slug":"2019-international-congress-on-integrated-care","status":"publish","type":"noticia","link":"https:\/\/ticsalutsocial.atoom.space\/es\/noticia\/2019-international-congress-on-integrated-care\/","title":{"rendered":"2019 International Congress on Integrated Care"},"content":{"rendered":"<p>La atenci\u00f3n integrada es un concepto que cada vez toma m\u00e1s importancia en la definici\u00f3n de servicios de asistencia sanitaria y social, integrados y adaptados a las necesidades de los ciudadanos. Los d\u00edas 1, 2 y 3 de abril se celebr\u00f3 en San Sebastian la 19\u00aa edici\u00f3n del <em><strong>International Conference Integrated Care<\/strong><\/em>, uno de los eventos m\u00e1s importantes sobre atenci\u00f3n integrada a nivel internacional.<\/p>\n<p>Con un programa de tres d\u00edas y 11 tem\u00e1ticas paralelas sobre atenci\u00f3n integrada, el congreso ofreci\u00f3 un escenario \u00f3ptimo para el intercambio de experiencias en este sector. La salud digital tambi\u00e9n tuvo presencia en el congreso, junto con ponencias sobre nuevos modelos asistenciales, definici\u00f3n de mecanismos para la evaluaci\u00f3n, atenci\u00f3n al entorno domiciliario, apoderamiento de las personas y definici\u00f3n de pol\u00edticas sanitarias entre otros.<\/p>\n<p>Durante la inauguraci\u00f3n del congreso varias personalidades del sector pusieron \u00e9nfasis en la coordinaci\u00f3n sociosanitaria entre los diferentes niveles asistenciales como elemento clave para poder dar una atenci\u00f3n integrada centrada en la persona. Por este motivo el s\u00edmbolo seleccionado por el congreso es una <em>trainera<\/em>, embarcaci\u00f3n vasca a remo que simboliza este esfuerzo conjunto y coordinado. Los resultados en salud, la continuidad asistencial, la mejora de la experiencia del usuario y la coordinaci\u00f3n de los equipos de primaria y hospitalaria, son algunos de los aspectos clave que se trataron en las diferentes sesiones y conferencias.<\/p>\n<p>En el primer d\u00eda destacan los proyectos <strong>CONNECARE<\/strong> y <strong>SUSTAIN<\/strong> (programa H2020). El primero, coordinado por el centro tecnol\u00f3gico EURECAT, tiene por objeto proporcionar herraminetas para la definici\u00f3n de un plan terap\u00e9utico y de monitorizaci\u00f3n consensuado entre atenci\u00f3n primaria y hospitalaria. Orientado a pacientes cr\u00f3nicos que entren en fase de empeoramiento o que tengan una intervenci\u00f3n programada; el segundo quiere mejorar la provisi\u00f3n de servicios dirigidos a personas mayores, con un enfoque de m\u00faltiples necesitades sociales y sanitarias. Ambos proyectos cuentan con la participaci\u00f3n de entidades sanitarias y profesionales en Catalu\u00f1a, como la <strong><em>Ag\u00e8ncia de Qulitat i Avaluaci\u00f3 Sanitaries\u00a0<\/em><\/strong>de Catalu\u00f1a (AQUAS), el <em><strong>Hospital Universitari de Santa Maria<\/strong><\/em> y <strong><em>Hospital Universitari Arnau de Vilanova<\/em><\/strong>, y el <em><strong>Hospital Santa Creu de Vic<\/strong> <strong>&#8211; Osona<\/strong><\/em>. Tambi\u00e9n participaron en las presentaciones representantes del <strong><em>Programa de Prevenci\u00f3 i Atenci\u00f3 a la Cronicitat de Catalunya<\/em><\/strong> (PPAC) y del <em><strong>Pla Interdepartamental d&#8217;Atenci\u00f3 i Integraci\u00f3 Social i Sanitaria<\/strong><\/em> (PIAISS).<\/p>\n<p>El segundo d\u00eda empez\u00f3 con una sesi\u00f3n sobre <strong><em>real world data<\/em><\/strong>, donde se presentaron experiencias que comparan el conocimiento y los protocolos establecidos en las gu\u00edas cl\u00ednicas con la realidad. En el caso de los protocolos por ictus, se mostraron gr\u00e1ficos que comparan las rutas asistenciales definidas con las diferentes casu\u00edsticas y tiempo utilizado en numerosos casos reales. Esto nos muestra como la realidad puede ser muy diferente al dise\u00f1o que se hacen de estos protocolos, aportando informaci\u00f3n muy valiosa para la mejora en la respuesta y los recursos necesarios. Tambi\u00e9n se explic\u00f3 el proyecto <strong>SCIROCCO<\/strong>, mostrando resultados sobre la madurez de servicios basados en eHealth en Europa; y el proyecto <strong>ATC @ Scale<\/strong>\u00a0que busca identificar, transferir y escalar mejores pr\u00e1cticas sobre coordinaci\u00f3n de servicios y tele-salud en Europa, presentando iniciativas en Escocia y Catalu\u00f1a de la mano del <em>Hospital Cl\u00ednic de Barcelona<\/em> y AQUAS.<\/p>\n<p>El \u00faltimo d\u00eda tuvo el foco en salud digital, tem\u00e1tica impulsada por <strong>Tunstall<\/strong> durante los tres d\u00edas del congreso. Desde B\u00e9lgica se explica el proyecto <strong>INTEGREO<\/strong>, focalizado en salud mediante la co-creaci\u00f3n y dise\u00f1o de una plataforma digital para intercambiar datos. Desde Madrid el <strong>Hospital Cl\u00ednico San Carlos<\/strong> presenta algunas herramientas para la mejora de resultados en atenci\u00f3n integrada mediante arquitecturas para la generaci\u00f3n de conjuntos de grandes datos basados en la evidencia y miner\u00eda de procesos para monitorizar flujos de pacientes dentro del sistema.<\/p>\n<p>De este modo, un a\u00f1o m\u00e1s el encuentro de profesionales del sector de la atenci\u00f3n integrada ha permitido dar voz a todo un conocimiento que establece bases de futuro. Coordinaci\u00f3n de actores, definici\u00f3n de pol\u00edticas que integren servicios sociales y sanitarias, aproximaci\u00f3n al ciudadano desde un punto de vista hol\u00edstico e integraci\u00f3n de sistemas de informaci\u00f3n como aspectos clave necesarios para lograr una atenci\u00f3n verdaderamente integrada.<\/p>\n<p>Un agradecimiento a la International Foundation for Integrated Care por el programa tan completo y la heterogeneidad de los presentadores y contenidos. M\u00e1s informaci\u00f3n sobre las presentaciones se puede encontrar en este <a href=\"https:\/\/integratedcarefoundation.org\/events\/icic19-19th-international-conference-on-integrated-care-san-sebastian-basque-country\" target=\"_blank\" rel=\"noopener\">enlace<\/a>.<\/p>\n<p>Nos vemos a la pr\u00f3xima 20\u00aa edici\u00f3n de la ICIC, a \u0160ibenik (Croatia). \u00a1Los d\u00edas 27 al 29 de Abril de 2020!<\/p>\n","protected":false},"author":21,"featured_media":6913,"menu_order":0,"template":"","meta":{"_acf_changed":false,"inline_featured_image":false},"etiqueta":[],"tipus":[94],"topic":[121,123],"class_list":["post-3800","noticia","type-noticia","status-publish","has-post-thumbnail","hentry","tipus-integracion-social-y-sanitaria","topic-dpd-es","topic-actualidad"],"acf":{"imatge":6915,"autor":"Jes\u00fas Berd\u00fan","textos_destacats":[{"texte":"Nous models assistencials, definici\u00f3 de mecanismes per l\u2019avaluaci\u00f3, atenci\u00f3 a l\u2019entorn domiciliari, apoderament de les persones i definici\u00f3 de pol\u00edtiques sanit\u00e0ries"}]},"yoast_head":"<!-- This site is optimized with the Yoast SEO plugin v27.1.1 - https:\/\/yoast.com\/product\/yoast-seo-wordpress\/ -->\n<title>2019 International Congress on Integrated Care - Fundaci\u00f3 TIC Salut i Social<\/title>\n<meta name=\"robots\" content=\"index, follow, max-snippet:-1, max-image-preview:large, max-video-preview:-1\" \/>\n<link rel=\"canonical\" href=\"https:\/\/ticsalutsocial.atoom.space\/es\/noticia\/2019-international-congress-on-integrated-care\/\" \/>\n<meta property=\"og:locale\" content=\"es_ES\" \/>\n<meta property=\"og:type\" content=\"article\" \/>\n<meta property=\"og:title\" content=\"2019 International Congress on Integrated Care - Fundaci\u00f3 TIC Salut i Social\" \/>\n<meta property=\"og:description\" content=\"La atenci\u00f3n integrada es un concepto que cada vez toma m\u00e1s importancia en la definici\u00f3n de servicios de asistencia sanitaria y social, integrados y adaptados a las necesidades de los ciudadanos. Los d\u00edas 1, 2 y 3 de abril se celebr\u00f3 en San Sebastian la 19\u00aa edici\u00f3n del International Conference Integrated Care, uno de los [&hellip;]\" \/>\n<meta property=\"og:url\" content=\"https:\/\/ticsalutsocial.atoom.space\/es\/noticia\/2019-international-congress-on-integrated-care\/\" \/>\n<meta property=\"og:site_name\" content=\"Fundaci\u00f3 TIC Salut i Social\" \/>\n<meta property=\"article:modified_time\" content=\"2021-07-21T13:40:36+00:00\" \/>\n<meta property=\"og:image\" content=\"https:\/\/ticsalutsocial.atoom.space\/wp-content\/uploads\/2019\/04\/icic.jpg\" \/>\n\t<meta property=\"og:image:width\" content=\"1584\" \/>\n\t<meta property=\"og:image:height\" content=\"891\" \/>\n\t<meta property=\"og:image:type\" content=\"image\/jpeg\" \/>\n<meta name=\"twitter:card\" content=\"summary_large_image\" \/>\n<meta name=\"twitter:label1\" content=\"Tiempo de lectura\" \/>\n\t<meta name=\"twitter:data1\" content=\"4 minutos\" \/>\n<script type=\"application\/ld+json\" class=\"yoast-schema-graph\">{\"@context\":\"https:\/\/schema.org\",\"@graph\":[{\"@type\":\"WebPage\",\"@id\":\"https:\/\/ticsalutsocial.atoom.space\/es\/noticia\/2019-international-congress-on-integrated-care\/\",\"url\":\"https:\/\/ticsalutsocial.atoom.space\/es\/noticia\/2019-international-congress-on-integrated-care\/\",\"name\":\"2019 International Congress on Integrated Care - Fundaci\u00f3 TIC Salut i Social\",\"isPartOf\":{\"@id\":\"https:\/\/ticsalutsocial.atoom.space\/es\/#website\"},\"primaryImageOfPage\":{\"@id\":\"https:\/\/ticsalutsocial.atoom.space\/es\/noticia\/2019-international-congress-on-integrated-care\/#primaryimage\"},\"image\":{\"@id\":\"https:\/\/ticsalutsocial.atoom.space\/es\/noticia\/2019-international-congress-on-integrated-care\/#primaryimage\"},\"thumbnailUrl\":\"https:\/\/ticsalutsocial.atoom.space\/wp-content\/uploads\/2019\/04\/icic.jpg\",\"datePublished\":\"2019-04-04T14:08:12+00:00\",\"dateModified\":\"2021-07-21T13:40:36+00:00\",\"breadcrumb\":{\"@id\":\"https:\/\/ticsalutsocial.atoom.space\/es\/noticia\/2019-international-congress-on-integrated-care\/#breadcrumb\"},\"inLanguage\":\"es\",\"potentialAction\":[{\"@type\":\"ReadAction\",\"target\":[\"https:\/\/ticsalutsocial.atoom.space\/es\/noticia\/2019-international-congress-on-integrated-care\/\"]}]},{\"@type\":\"ImageObject\",\"inLanguage\":\"es\",\"@id\":\"https:\/\/ticsalutsocial.atoom.space\/es\/noticia\/2019-international-congress-on-integrated-care\/#primaryimage\",\"url\":\"https:\/\/ticsalutsocial.atoom.space\/wp-content\/uploads\/2019\/04\/icic.jpg\",\"contentUrl\":\"https:\/\/ticsalutsocial.atoom.space\/wp-content\/uploads\/2019\/04\/icic.jpg\",\"width\":1584,\"height\":891},{\"@type\":\"BreadcrumbList\",\"@id\":\"https:\/\/ticsalutsocial.atoom.space\/es\/noticia\/2019-international-congress-on-integrated-care\/#breadcrumb\",\"itemListElement\":[{\"@type\":\"ListItem\",\"position\":1,\"name\":\"Inici\",\"item\":\"https:\/\/ticsalutsocial.atoom.space\/es\/\"},{\"@type\":\"ListItem\",\"position\":2,\"name\":\"2019 International Congress on Integrated Care\"}]},{\"@type\":\"WebSite\",\"@id\":\"https:\/\/ticsalutsocial.atoom.space\/es\/#website\",\"url\":\"https:\/\/ticsalutsocial.atoom.space\/es\/\",\"name\":\"Fundaci\u00f3 TIC Salut i Social\",\"description\":\"\",\"potentialAction\":[{\"@type\":\"SearchAction\",\"target\":{\"@type\":\"EntryPoint\",\"urlTemplate\":\"https:\/\/ticsalutsocial.atoom.space\/es\/?s={search_term_string}\"},\"query-input\":{\"@type\":\"PropertyValueSpecification\",\"valueRequired\":true,\"valueName\":\"search_term_string\"}}],\"inLanguage\":\"es\"}]}<\/script>\n<!-- \/ Yoast SEO plugin. -->","yoast_head_json":{"title":"2019 International Congress on Integrated Care - Fundaci\u00f3 TIC Salut i Social","robots":{"index":"index","follow":"follow","max-snippet":"max-snippet:-1","max-image-preview":"max-image-preview:large","max-video-preview":"max-video-preview:-1"},"canonical":"https:\/\/ticsalutsocial.atoom.space\/es\/noticia\/2019-international-congress-on-integrated-care\/","og_locale":"es_ES","og_type":"article","og_title":"2019 International Congress on Integrated Care - Fundaci\u00f3 TIC Salut i Social","og_description":"La atenci\u00f3n integrada es un concepto que cada vez toma m\u00e1s importancia en la definici\u00f3n de servicios de asistencia sanitaria y social, integrados y adaptados a las necesidades de los ciudadanos. Los d\u00edas 1, 2 y 3 de abril se celebr\u00f3 en San Sebastian la 19\u00aa edici\u00f3n del International Conference Integrated Care, uno de los [&hellip;]","og_url":"https:\/\/ticsalutsocial.atoom.space\/es\/noticia\/2019-international-congress-on-integrated-care\/","og_site_name":"Fundaci\u00f3 TIC Salut i Social","article_modified_time":"2021-07-21T13:40:36+00:00","og_image":[{"width":1584,"height":891,"url":"https:\/\/ticsalutsocial.atoom.space\/wp-content\/uploads\/2019\/04\/icic.jpg","type":"image\/jpeg"}],"twitter_card":"summary_large_image","twitter_misc":{"Tiempo de lectura":"4 minutos"},"schema":{"@context":"https:\/\/schema.org","@graph":[{"@type":"WebPage","@id":"https:\/\/ticsalutsocial.atoom.space\/es\/noticia\/2019-international-congress-on-integrated-care\/","url":"https:\/\/ticsalutsocial.atoom.space\/es\/noticia\/2019-international-congress-on-integrated-care\/","name":"2019 International Congress on Integrated Care - Fundaci\u00f3 TIC Salut i Social","isPartOf":{"@id":"https:\/\/ticsalutsocial.atoom.space\/es\/#website"},"primaryImageOfPage":{"@id":"https:\/\/ticsalutsocial.atoom.space\/es\/noticia\/2019-international-congress-on-integrated-care\/#primaryimage"},"image":{"@id":"https:\/\/ticsalutsocial.atoom.space\/es\/noticia\/2019-international-congress-on-integrated-care\/#primaryimage"},"thumbnailUrl":"https:\/\/ticsalutsocial.atoom.space\/wp-content\/uploads\/2019\/04\/icic.jpg","datePublished":"2019-04-04T14:08:12+00:00","dateModified":"2021-07-21T13:40:36+00:00","breadcrumb":{"@id":"https:\/\/ticsalutsocial.atoom.space\/es\/noticia\/2019-international-congress-on-integrated-care\/#breadcrumb"},"inLanguage":"es","potentialAction":[{"@type":"ReadAction","target":["https:\/\/ticsalutsocial.atoom.space\/es\/noticia\/2019-international-congress-on-integrated-care\/"]}]},{"@type":"ImageObject","inLanguage":"es","@id":"https:\/\/ticsalutsocial.atoom.space\/es\/noticia\/2019-international-congress-on-integrated-care\/#primaryimage","url":"https:\/\/ticsalutsocial.atoom.space\/wp-content\/uploads\/2019\/04\/icic.jpg","contentUrl":"https:\/\/ticsalutsocial.atoom.space\/wp-content\/uploads\/2019\/04\/icic.jpg","width":1584,"height":891},{"@type":"BreadcrumbList","@id":"https:\/\/ticsalutsocial.atoom.space\/es\/noticia\/2019-international-congress-on-integrated-care\/#breadcrumb","itemListElement":[{"@type":"ListItem","position":1,"name":"Inici","item":"https:\/\/ticsalutsocial.atoom.space\/es\/"},{"@type":"ListItem","position":2,"name":"2019 International Congress on Integrated Care"}]},{"@type":"WebSite","@id":"https:\/\/ticsalutsocial.atoom.space\/es\/#website","url":"https:\/\/ticsalutsocial.atoom.space\/es\/","name":"Fundaci\u00f3 TIC Salut i Social","description":"","potentialAction":[{"@type":"SearchAction","target":{"@type":"EntryPoint","urlTemplate":"https:\/\/ticsalutsocial.atoom.space\/es\/?s={search_term_string}"},"query-input":{"@type":"PropertyValueSpecification","valueRequired":true,"valueName":"search_term_string"}}],"inLanguage":"es"}]}},"_links":{"self":[{"href":"https:\/\/ticsalutsocial.atoom.space\/es\/wp-json\/wp\/v2\/noticia\/3800","targetHints":{"allow":["GET"]}}],"collection":[{"href":"https:\/\/ticsalutsocial.atoom.space\/es\/wp-json\/wp\/v2\/noticia"}],"about":[{"href":"https:\/\/ticsalutsocial.atoom.space\/es\/wp-json\/wp\/v2\/types\/noticia"}],"author":[{"embeddable":true,"href":"https:\/\/ticsalutsocial.atoom.space\/es\/wp-json\/wp\/v2\/users\/21"}],"wp:featuredmedia":[{"embeddable":true,"href":"https:\/\/ticsalutsocial.atoom.space\/es\/wp-json\/wp\/v2\/media\/6913"}],"wp:attachment":[{"href":"https:\/\/ticsalutsocial.atoom.space\/es\/wp-json\/wp\/v2\/media?parent=3800"}],"wp:term":[{"taxonomy":"etiqueta","embeddable":true,"href":"https:\/\/ticsalutsocial.atoom.space\/es\/wp-json\/wp\/v2\/etiqueta?post=3800"},{"taxonomy":"tipus","embeddable":true,"href":"https:\/\/ticsalutsocial.atoom.space\/es\/wp-json\/wp\/v2\/tipus?post=3800"},{"taxonomy":"topic","embeddable":true,"href":"https:\/\/ticsalutsocial.atoom.space\/es\/wp-json\/wp\/v2\/topic?post=3800"}],"curies":[{"name":"wp","href":"https:\/\/api.w.org\/{rel}","templated":true}]}}