
{"id":3812,"date":"2019-04-08T10:09:39","date_gmt":"2019-04-08T08:09:39","guid":{"rendered":"https:\/\/ticsalutsocial.atoom.space\/?post_type=noticia&#038;p=3812"},"modified":"2021-07-21T15:40:42","modified_gmt":"2021-07-21T13:40:42","slug":"infermera-virtual-celebra-su-decimo-aniversario-con-actividades-academicas-y-ludicas-itinerantes","status":"publish","type":"noticia","link":"https:\/\/ticsalutsocial.atoom.space\/es\/noticia\/infermera-virtual-celebra-su-decimo-aniversario-con-actividades-academicas-y-ludicas-itinerantes\/","title":{"rendered":"&#8216;Infermera Virtual&#8217; celebra su d\u00e9cimo aniversario con actividades acad\u00e9micas y l\u00fadicas itinerantes"},"content":{"rendered":"<p>Infermera virtual est\u00e1 de enhorabuena: este a\u00f1o celebra su d\u00e9cimo cumplea\u00f1os en plena forma y siendo una de las webs y app de educaci\u00f3n y promoci\u00f3n de la salud hecho por y para enfermeras y enfermeros en lo referente a todo el Estado Espa\u00f1ol. Un modelo de conocimiento enfermero que ha ido consiguiendo hitos y evolucionando t\u00e9cnicamente para responder a las necesidades de la ciudadan\u00eda y de las enfermeras que hacen uso en su d\u00eda a d\u00eda.<\/p>\n<p>2019 es un a\u00f1o de celebraci\u00f3n para\u00a0<a href=\"https:\/\/www.infermeravirtual.com\/cat\">Infermera virtual<\/a> puesto que el pr\u00f3ximo 20 de mayo se cumplen 10 a\u00f1os de la puesta en linea del portal. El portal de educaci\u00f3n y promoci\u00f3n de la salud emergi\u00f3 desde el COIB con un claro objetivo: ayudar a proporcionar las mejores cures enfermeras y capacitando las personas a fin de que tome decisiones sobre su salud. Se trata de una herramienta de trabajo para las enfermeras y una herramienta efectiva para asegurar la continuidad asistencial y de apoyo a la atenci\u00f3n presencial.<\/p>\n<p><strong>Para celebrar este cumplea\u00f1os, Enfermera virtual ha dise\u00f1ado toda una serie de acciones de cariz acad\u00e9mico y l\u00fadico pensadas para acercar todav\u00eda m\u00e1s la herramienta a sus dos p\u00fablicos principales: las enfermeras y enfermeros y la ciudadan\u00eda. El pistoletazo de salida ser\u00e1 la <\/strong><a href=\"https:\/\/ticsalutsocial.atoom.space\/es\/app\/laia-contigo\/300x0w-1003-2\/\"><strong>jornada acad\u00e9mica del 20 de mayo<\/strong><\/a> en la que se pondr\u00e1 el foco en la propia herramienta, su evoluci\u00f3n y las personas que lo han hecho posible, entre ellas todas las enfermeras y enfermeros especializados que han elaborados\u00a0 las m\u00e1s de 8 mil p\u00e1ginas de contenido de salud que contiene Enfermera virtual.<\/p>\n<p>Este ser\u00e1 el inicio de toda una programaci\u00f3n de actividades a lo largo del a\u00f1o y que consistir\u00e1 en dos acciones centrales:<\/p>\n<p>&#8211; La deniminada <em><strong>Scape Box<\/strong><\/em> plantear\u00e1 un reto de ingenio a las enfermeras que quieran participar: conseguir desbloquear una bater\u00eda de cuidados que, a modo de los famosos s<em>cape rooms<\/em>, plantear\u00e1n preguntas y enigmas que resolver para abrir la bater\u00eda. El Scape Box estar\u00e1 ubicado al COIB durante tres semanas, a partir del 3 de junio y se est\u00e1 trabajando para hacerlo itinerante en diferentes centros de trabajo lo pidan.<\/p>\n<p>&#8211;\u00a0<strong>Salu, la bicicleta itinerante<\/strong> con talleres y actividades. Salu es una bicicleta itinerante especialmente dise\u00f1ada para <em>Infermera Virtual<\/em> y que llevar\u00e1 por todas partes talleres y actividades relacionadas con la salud y para todos los p\u00fablicos.\u00a0 Se podr\u00e1n encontrar talleres sobre c\u00f3mo dejar de fumar, c\u00f3mo hacer una RCP, c\u00f3mo prepararse una comida saludable, c\u00f3mo leer los hashtags de los alimentos o vinculados a ciertas dolencias como Diabetes o Chron , entre otros muchos. Todos los talleres est\u00e1n pensados para divertirse a la vez que se adquieren herramientas y conocimientos a fin de que cada persona pueda tomar decisiones en su d\u00eda a d\u00eda que lo ayuden a encontrarse mejor y sentirse bien.<\/p>\n<p><em>Salu<\/em> incluir\u00e1 tambi\u00e9n actividades est\u00e1ticas que se podr\u00e1n realizar, por ejemplo, a trav\u00e9s de tabletas m\u00f3viles, como por ejemplo conocer las Historias de los Bonsu, aprender posturas corporales correctas o un visor de pulmones, entre otras muchas.<\/p>\n<p>La itinerancia est\u00e1 prevista en diferentes puntos de Barcelona capital y varias ciudades de la demarcaci\u00f3n. El calendario y las ubicaciones definitivas estaran disponibles en la revista y espacios online habituales, como la web de <em>Infermera Virtual<\/em> y la del COIB.<\/p>\n<p><strong>Una herramienta en contin\u00faa expansi\u00f3n<\/strong><\/p>\n<p>A lo largo de estos diez a\u00f1os, desde el lanzamiento del portal online, el proyecto ha evolucionado constantemente tanto para crecer en su contenido como para responder a las necesidades tecnol\u00f3gicas y de consumo de la informaci\u00f3n que han ido llegando.<\/p>\n<p>El portal de <em>Infermera Virtual<\/em>, en constante revisi\u00f3n, ha vivido dos grandes reformas desde que se cre\u00f3. La \u00faltima, el a\u00f1o pasado, en la que se replante\u00f3 totalmente el acceso al portal seg\u00fan las tendencias y usabilidad de los usuarios, facilitando as\u00ed la lectura y la localizaci\u00f3n de contenidos. Con m\u00e1s de 300 mil visitas anuales, se destaca la importante entrada de visitantes de Am\u00e9rica Latina en la versi\u00f3n en castellano, m\u00e1s del 70% y que permite ampliar el impacto de la herramienta m\u00e1s all\u00e1 de su \u00e1rea de influencia natural.<\/p>\n<p><em>Infermera Virtual<\/em> ha convivido con dos fen\u00f3menos determinantes en su crecimiento: el auge de las redes sociales como canal de comunicaci\u00f3n y la aparici\u00f3n de las Apps. Ambos canales, claves en el actual funcionamiento y difusi\u00f3n de contenidos de la plataforma.<\/p>\n<p>El portal ha sido pionero en muchas iniciativas, como por ejemplo contribuir a la creaci\u00f3n de entornos saludables a trav\u00e9s de los consejos de salud distribuidos por ayuntamientos, centros de salud y entidades privadas.<\/p>\n","protected":false},"author":21,"featured_media":3809,"menu_order":0,"template":"","meta":{"_acf_changed":false,"inline_featured_image":false},"etiqueta":[],"tipus":[],"topic":[121],"class_list":["post-3812","noticia","type-noticia","status-publish","has-post-thumbnail","hentry","topic-dpd-es"],"acf":{"imatge":3811,"autor":"Adri\u00e0 G.Font"},"yoast_head":"<!-- This site is optimized with the Yoast SEO plugin v27.1.1 - https:\/\/yoast.com\/product\/yoast-seo-wordpress\/ -->\n<title>&#039;Infermera Virtual&#039; celebra su d\u00e9cimo aniversario con actividades acad\u00e9micas y l\u00fadicas itinerantes - Fundaci\u00f3 TIC Salut i Social<\/title>\n<meta name=\"robots\" content=\"index, follow, max-snippet:-1, max-image-preview:large, max-video-preview:-1\" \/>\n<link rel=\"canonical\" href=\"https:\/\/ticsalutsocial.atoom.space\/es\/noticia\/infermera-virtual-celebra-su-decimo-aniversario-con-actividades-academicas-y-ludicas-itinerantes\/\" \/>\n<meta property=\"og:locale\" content=\"es_ES\" \/>\n<meta property=\"og:type\" content=\"article\" \/>\n<meta property=\"og:title\" content=\"&#039;Infermera Virtual&#039; celebra su d\u00e9cimo aniversario con actividades acad\u00e9micas y l\u00fadicas itinerantes - Fundaci\u00f3 TIC Salut i Social\" \/>\n<meta property=\"og:description\" content=\"Infermera virtual est\u00e1 de enhorabuena: este a\u00f1o celebra su d\u00e9cimo cumplea\u00f1os en plena forma y siendo una de las webs y app de educaci\u00f3n y promoci\u00f3n de la salud hecho por y para enfermeras y enfermeros en lo referente a todo el Estado Espa\u00f1ol. Un modelo de conocimiento enfermero que ha ido consiguiendo hitos y [&hellip;]\" \/>\n<meta property=\"og:url\" content=\"https:\/\/ticsalutsocial.atoom.space\/es\/noticia\/infermera-virtual-celebra-su-decimo-aniversario-con-actividades-academicas-y-ludicas-itinerantes\/\" \/>\n<meta property=\"og:site_name\" content=\"Fundaci\u00f3 TIC Salut i Social\" \/>\n<meta property=\"article:modified_time\" content=\"2021-07-21T13:40:42+00:00\" \/>\n<meta property=\"og:image\" content=\"https:\/\/ticsalutsocial.atoom.space\/wp-content\/uploads\/2019\/04\/10e_2-scaled.jpg\" \/>\n\t<meta property=\"og:image:width\" content=\"2560\" \/>\n\t<meta property=\"og:image:height\" content=\"1297\" \/>\n\t<meta property=\"og:image:type\" content=\"image\/jpeg\" \/>\n<meta name=\"twitter:card\" content=\"summary_large_image\" \/>\n<meta name=\"twitter:label1\" content=\"Tiempo de lectura\" \/>\n\t<meta name=\"twitter:data1\" content=\"4 minutos\" \/>\n<script type=\"application\/ld+json\" class=\"yoast-schema-graph\">{\"@context\":\"https:\/\/schema.org\",\"@graph\":[{\"@type\":\"WebPage\",\"@id\":\"https:\/\/ticsalutsocial.atoom.space\/es\/noticia\/infermera-virtual-celebra-su-decimo-aniversario-con-actividades-academicas-y-ludicas-itinerantes\/\",\"url\":\"https:\/\/ticsalutsocial.atoom.space\/es\/noticia\/infermera-virtual-celebra-su-decimo-aniversario-con-actividades-academicas-y-ludicas-itinerantes\/\",\"name\":\"'Infermera Virtual' celebra su d\u00e9cimo aniversario con actividades acad\u00e9micas y l\u00fadicas itinerantes - Fundaci\u00f3 TIC Salut i Social\",\"isPartOf\":{\"@id\":\"https:\/\/ticsalutsocial.atoom.space\/es\/#website\"},\"primaryImageOfPage\":{\"@id\":\"https:\/\/ticsalutsocial.atoom.space\/es\/noticia\/infermera-virtual-celebra-su-decimo-aniversario-con-actividades-academicas-y-ludicas-itinerantes\/#primaryimage\"},\"image\":{\"@id\":\"https:\/\/ticsalutsocial.atoom.space\/es\/noticia\/infermera-virtual-celebra-su-decimo-aniversario-con-actividades-academicas-y-ludicas-itinerantes\/#primaryimage\"},\"thumbnailUrl\":\"https:\/\/ticsalutsocial.atoom.space\/wp-content\/uploads\/2019\/04\/10e_2-scaled.jpg\",\"datePublished\":\"2019-04-08T08:09:39+00:00\",\"dateModified\":\"2021-07-21T13:40:42+00:00\",\"breadcrumb\":{\"@id\":\"https:\/\/ticsalutsocial.atoom.space\/es\/noticia\/infermera-virtual-celebra-su-decimo-aniversario-con-actividades-academicas-y-ludicas-itinerantes\/#breadcrumb\"},\"inLanguage\":\"es\",\"potentialAction\":[{\"@type\":\"ReadAction\",\"target\":[\"https:\/\/ticsalutsocial.atoom.space\/es\/noticia\/infermera-virtual-celebra-su-decimo-aniversario-con-actividades-academicas-y-ludicas-itinerantes\/\"]}]},{\"@type\":\"ImageObject\",\"inLanguage\":\"es\",\"@id\":\"https:\/\/ticsalutsocial.atoom.space\/es\/noticia\/infermera-virtual-celebra-su-decimo-aniversario-con-actividades-academicas-y-ludicas-itinerantes\/#primaryimage\",\"url\":\"https:\/\/ticsalutsocial.atoom.space\/wp-content\/uploads\/2019\/04\/10e_2-scaled.jpg\",\"contentUrl\":\"https:\/\/ticsalutsocial.atoom.space\/wp-content\/uploads\/2019\/04\/10e_2-scaled.jpg\",\"width\":2560,\"height\":1297},{\"@type\":\"BreadcrumbList\",\"@id\":\"https:\/\/ticsalutsocial.atoom.space\/es\/noticia\/infermera-virtual-celebra-su-decimo-aniversario-con-actividades-academicas-y-ludicas-itinerantes\/#breadcrumb\",\"itemListElement\":[{\"@type\":\"ListItem\",\"position\":1,\"name\":\"Inici\",\"item\":\"https:\/\/ticsalutsocial.atoom.space\/es\/\"},{\"@type\":\"ListItem\",\"position\":2,\"name\":\"&#8216;Infermera Virtual&#8217; celebra su d\u00e9cimo aniversario con actividades acad\u00e9micas y l\u00fadicas itinerantes\"}]},{\"@type\":\"WebSite\",\"@id\":\"https:\/\/ticsalutsocial.atoom.space\/es\/#website\",\"url\":\"https:\/\/ticsalutsocial.atoom.space\/es\/\",\"name\":\"Fundaci\u00f3 TIC Salut i Social\",\"description\":\"\",\"potentialAction\":[{\"@type\":\"SearchAction\",\"target\":{\"@type\":\"EntryPoint\",\"urlTemplate\":\"https:\/\/ticsalutsocial.atoom.space\/es\/?s={search_term_string}\"},\"query-input\":{\"@type\":\"PropertyValueSpecification\",\"valueRequired\":true,\"valueName\":\"search_term_string\"}}],\"inLanguage\":\"es\"}]}<\/script>\n<!-- \/ Yoast SEO plugin. -->","yoast_head_json":{"title":"'Infermera Virtual' celebra su d\u00e9cimo aniversario con actividades acad\u00e9micas y l\u00fadicas itinerantes - Fundaci\u00f3 TIC Salut i Social","robots":{"index":"index","follow":"follow","max-snippet":"max-snippet:-1","max-image-preview":"max-image-preview:large","max-video-preview":"max-video-preview:-1"},"canonical":"https:\/\/ticsalutsocial.atoom.space\/es\/noticia\/infermera-virtual-celebra-su-decimo-aniversario-con-actividades-academicas-y-ludicas-itinerantes\/","og_locale":"es_ES","og_type":"article","og_title":"'Infermera Virtual' celebra su d\u00e9cimo aniversario con actividades acad\u00e9micas y l\u00fadicas itinerantes - Fundaci\u00f3 TIC Salut i Social","og_description":"Infermera virtual est\u00e1 de enhorabuena: este a\u00f1o celebra su d\u00e9cimo cumplea\u00f1os en plena forma y siendo una de las webs y app de educaci\u00f3n y promoci\u00f3n de la salud hecho por y para enfermeras y enfermeros en lo referente a todo el Estado Espa\u00f1ol. Un modelo de conocimiento enfermero que ha ido consiguiendo hitos y [&hellip;]","og_url":"https:\/\/ticsalutsocial.atoom.space\/es\/noticia\/infermera-virtual-celebra-su-decimo-aniversario-con-actividades-academicas-y-ludicas-itinerantes\/","og_site_name":"Fundaci\u00f3 TIC Salut i Social","article_modified_time":"2021-07-21T13:40:42+00:00","og_image":[{"width":2560,"height":1297,"url":"https:\/\/ticsalutsocial.atoom.space\/wp-content\/uploads\/2019\/04\/10e_2-scaled.jpg","type":"image\/jpeg"}],"twitter_card":"summary_large_image","twitter_misc":{"Tiempo de lectura":"4 minutos"},"schema":{"@context":"https:\/\/schema.org","@graph":[{"@type":"WebPage","@id":"https:\/\/ticsalutsocial.atoom.space\/es\/noticia\/infermera-virtual-celebra-su-decimo-aniversario-con-actividades-academicas-y-ludicas-itinerantes\/","url":"https:\/\/ticsalutsocial.atoom.space\/es\/noticia\/infermera-virtual-celebra-su-decimo-aniversario-con-actividades-academicas-y-ludicas-itinerantes\/","name":"'Infermera Virtual' celebra su d\u00e9cimo aniversario con actividades acad\u00e9micas y l\u00fadicas itinerantes - Fundaci\u00f3 TIC Salut i Social","isPartOf":{"@id":"https:\/\/ticsalutsocial.atoom.space\/es\/#website"},"primaryImageOfPage":{"@id":"https:\/\/ticsalutsocial.atoom.space\/es\/noticia\/infermera-virtual-celebra-su-decimo-aniversario-con-actividades-academicas-y-ludicas-itinerantes\/#primaryimage"},"image":{"@id":"https:\/\/ticsalutsocial.atoom.space\/es\/noticia\/infermera-virtual-celebra-su-decimo-aniversario-con-actividades-academicas-y-ludicas-itinerantes\/#primaryimage"},"thumbnailUrl":"https:\/\/ticsalutsocial.atoom.space\/wp-content\/uploads\/2019\/04\/10e_2-scaled.jpg","datePublished":"2019-04-08T08:09:39+00:00","dateModified":"2021-07-21T13:40:42+00:00","breadcrumb":{"@id":"https:\/\/ticsalutsocial.atoom.space\/es\/noticia\/infermera-virtual-celebra-su-decimo-aniversario-con-actividades-academicas-y-ludicas-itinerantes\/#breadcrumb"},"inLanguage":"es","potentialAction":[{"@type":"ReadAction","target":["https:\/\/ticsalutsocial.atoom.space\/es\/noticia\/infermera-virtual-celebra-su-decimo-aniversario-con-actividades-academicas-y-ludicas-itinerantes\/"]}]},{"@type":"ImageObject","inLanguage":"es","@id":"https:\/\/ticsalutsocial.atoom.space\/es\/noticia\/infermera-virtual-celebra-su-decimo-aniversario-con-actividades-academicas-y-ludicas-itinerantes\/#primaryimage","url":"https:\/\/ticsalutsocial.atoom.space\/wp-content\/uploads\/2019\/04\/10e_2-scaled.jpg","contentUrl":"https:\/\/ticsalutsocial.atoom.space\/wp-content\/uploads\/2019\/04\/10e_2-scaled.jpg","width":2560,"height":1297},{"@type":"BreadcrumbList","@id":"https:\/\/ticsalutsocial.atoom.space\/es\/noticia\/infermera-virtual-celebra-su-decimo-aniversario-con-actividades-academicas-y-ludicas-itinerantes\/#breadcrumb","itemListElement":[{"@type":"ListItem","position":1,"name":"Inici","item":"https:\/\/ticsalutsocial.atoom.space\/es\/"},{"@type":"ListItem","position":2,"name":"&#8216;Infermera Virtual&#8217; celebra su d\u00e9cimo aniversario con actividades acad\u00e9micas y l\u00fadicas itinerantes"}]},{"@type":"WebSite","@id":"https:\/\/ticsalutsocial.atoom.space\/es\/#website","url":"https:\/\/ticsalutsocial.atoom.space\/es\/","name":"Fundaci\u00f3 TIC Salut i Social","description":"","potentialAction":[{"@type":"SearchAction","target":{"@type":"EntryPoint","urlTemplate":"https:\/\/ticsalutsocial.atoom.space\/es\/?s={search_term_string}"},"query-input":{"@type":"PropertyValueSpecification","valueRequired":true,"valueName":"search_term_string"}}],"inLanguage":"es"}]}},"_links":{"self":[{"href":"https:\/\/ticsalutsocial.atoom.space\/es\/wp-json\/wp\/v2\/noticia\/3812","targetHints":{"allow":["GET"]}}],"collection":[{"href":"https:\/\/ticsalutsocial.atoom.space\/es\/wp-json\/wp\/v2\/noticia"}],"about":[{"href":"https:\/\/ticsalutsocial.atoom.space\/es\/wp-json\/wp\/v2\/types\/noticia"}],"author":[{"embeddable":true,"href":"https:\/\/ticsalutsocial.atoom.space\/es\/wp-json\/wp\/v2\/users\/21"}],"wp:featuredmedia":[{"embeddable":true,"href":"https:\/\/ticsalutsocial.atoom.space\/es\/wp-json\/wp\/v2\/media\/3809"}],"wp:attachment":[{"href":"https:\/\/ticsalutsocial.atoom.space\/es\/wp-json\/wp\/v2\/media?parent=3812"}],"wp:term":[{"taxonomy":"etiqueta","embeddable":true,"href":"https:\/\/ticsalutsocial.atoom.space\/es\/wp-json\/wp\/v2\/etiqueta?post=3812"},{"taxonomy":"tipus","embeddable":true,"href":"https:\/\/ticsalutsocial.atoom.space\/es\/wp-json\/wp\/v2\/tipus?post=3812"},{"taxonomy":"topic","embeddable":true,"href":"https:\/\/ticsalutsocial.atoom.space\/es\/wp-json\/wp\/v2\/topic?post=3812"}],"curies":[{"name":"wp","href":"https:\/\/api.w.org\/{rel}","templated":true}]}}