
{"id":3818,"date":"2019-04-08T11:24:22","date_gmt":"2019-04-08T09:24:22","guid":{"rendered":"https:\/\/ticsalutsocial.atoom.space\/?post_type=noticia&#038;p=3818"},"modified":"2021-07-21T15:40:45","modified_gmt":"2021-07-21T13:40:45","slug":"el-proyecto-parelles-digitals-uvic-ucc-llega-a-la-tercera-edicion","status":"publish","type":"noticia","link":"https:\/\/ticsalutsocial.atoom.space\/es\/noticia\/el-proyecto-parelles-digitals-uvic-ucc-llega-a-la-tercera-edicion\/","title":{"rendered":"El proyecto \u00abParelles Digitals UVic-UCC\u00bb llega a la tercera edici\u00f3n"},"content":{"rendered":"<p style=\"line-height: 16.8pt; margin: 0cm 0cm 12.0pt 0cm;\"><span style=\"font-size: 10.5pt; font-family: 'Helvetica','sans-serif'; color: #444444;\">En el marco de la e-week, la <a href=\"https:\/\/www.uvic.cat\/catedra-tic-salut\"><u><span style=\"color: #2585b2;\">C\u00e1tedra TIC Salut<\/span><\/u><\/a> (CESS), en colaboraci\u00f3n con UHub, <em>Servei a la Comunitat Universit\u00e0ria<\/em>, i <em>la Fundaci\u00f3 TIC Salut Social,<\/em> organiza por tercer a\u00f1o el\u00a0<a href=\"https:\/\/www.uvic.cat\/uhub\/activitats\/parellesdigitals\"><u><span style=\"color: #2585b2;\">proyecto \u201cParelles Digitals UVic-UCC\u201d.<\/span><\/u><\/a> La actividad enpareja estudiantes de Secundaria con personas mayores de 65 a\u00f1os que disponen de smartphone o tablet, pero que tienen un conocimiento muy b\u00e1sico y quieren ampliarlo. En tres sesiones de dos horas diarias, los j\u00f3venes acompa\u00f1an a su pareja en la adquisici\u00f3n de nuevas competencias digitales en el uso del dispositivo m\u00f3vil, de forma personalizada y adaptada a las inquietudes y necesidades de cada s\u00e9nior.<\/p>\n<p>En total, del 1 al 9 de abril participar\u00e1n en el proyecto 44 personas, entre j\u00f3venes y seniors, que se encontrar\u00e1n en el Campus Miramarges de la UVic-UCC. Est\u00e1n formadas por alumnos de la escuela Sagrat Cor de Vic y por miembros del aula de <em>Extensi\u00f3 Universitaria Gent Gran<\/em> de Osona y del Casal Moss\u00e8n Guiteras. En las dos sesiones que ya han tenido lugar, los participantes s\u00e9nior se han interesado, sobre todo, por el uso de Whatsapp, para hacer b\u00fasquedas en Google y Google Maps, por el funcionamiento de redes sociales como Youtube, Instagram o Facebook, para gestionar las fotograf\u00edas y los contactos del tel\u00e9fono, para usar herramientas como por ejemplo la linterna, la calculadora, el blog de notas o el corrector, o para instalar y desinstalar aplicaciones, entre otros temas. En cuanto a los participantes j\u00fanior, valoran muy positivamente la experiencia.<\/p>\n<p>El proyecto de Parejas Digitales UVic-UCC pretende contribuir a reducir la grieta digital en el territorio y se plantea un doble reto: en primer lugar, facilitar a las personas mayores la mejora del conocimiento y el uso de los dispositivos m\u00f3viles para comunicarse, mejorar la calidad de vida y prevenir el aislamiento y la exclusi\u00f3n. Por otro lado, concienciar los j\u00f3venes de los efectos positivos de llevar a cabo una tarea de voluntariado de servicio a la comunidad, y facilitarlos una experiencia de servicio comunitario intergeneracional. La actividad tambi\u00e9n cuenta con la colaboraci\u00f3n del Ayuntamiento de Vic y de Isern Electrodom\u00e9stics.<\/span><\/p>\n","protected":false},"author":21,"featured_media":3815,"menu_order":0,"template":"","meta":{"_acf_changed":false,"inline_featured_image":false},"etiqueta":[],"tipus":[],"topic":[130],"class_list":["post-3818","noticia","type-noticia","status-publish","has-post-thumbnail","hentry","topic-la-fundacion"],"acf":{"imatge":3817,"autor":"Adri\u00e0 G.Font"},"yoast_head":"<!-- This site is optimized with the Yoast SEO plugin v27.1.1 - https:\/\/yoast.com\/product\/yoast-seo-wordpress\/ -->\n<title>El proyecto &quot;Parelles Digitals UVic-UCC&quot; llega a la tercera edici\u00f3n - Fundaci\u00f3 TIC Salut i Social<\/title>\n<meta name=\"robots\" content=\"index, follow, max-snippet:-1, max-image-preview:large, max-video-preview:-1\" \/>\n<link rel=\"canonical\" href=\"https:\/\/ticsalutsocial.atoom.space\/es\/noticia\/el-proyecto-parelles-digitals-uvic-ucc-llega-a-la-tercera-edicion\/\" \/>\n<meta property=\"og:locale\" content=\"es_ES\" \/>\n<meta property=\"og:type\" content=\"article\" \/>\n<meta property=\"og:title\" content=\"El proyecto &quot;Parelles Digitals UVic-UCC&quot; llega a la tercera edici\u00f3n - Fundaci\u00f3 TIC Salut i Social\" \/>\n<meta property=\"og:description\" content=\"En el marco de la e-week, la C\u00e1tedra TIC Salut (CESS), en colaboraci\u00f3n con UHub, Servei a la Comunitat Universit\u00e0ria, i la Fundaci\u00f3 TIC Salut Social, organiza por tercer a\u00f1o el\u00a0proyecto \u201cParelles Digitals UVic-UCC\u201d. La actividad enpareja estudiantes de Secundaria con personas mayores de 65 a\u00f1os que disponen de smartphone o tablet, pero que tienen [&hellip;]\" \/>\n<meta property=\"og:url\" content=\"https:\/\/ticsalutsocial.atoom.space\/es\/noticia\/el-proyecto-parelles-digitals-uvic-ucc-llega-a-la-tercera-edicion\/\" \/>\n<meta property=\"og:site_name\" content=\"Fundaci\u00f3 TIC Salut i Social\" \/>\n<meta property=\"article:modified_time\" content=\"2021-07-21T13:40:45+00:00\" \/>\n<meta property=\"og:image\" content=\"https:\/\/ticsalutsocial.atoom.space\/wp-content\/uploads\/2019\/04\/img_3694.jpg\" \/>\n\t<meta property=\"og:image:width\" content=\"1632\" \/>\n\t<meta property=\"og:image:height\" content=\"1224\" \/>\n\t<meta property=\"og:image:type\" content=\"image\/jpeg\" \/>\n<meta name=\"twitter:card\" content=\"summary_large_image\" \/>\n<meta name=\"twitter:label1\" content=\"Tiempo de lectura\" \/>\n\t<meta name=\"twitter:data1\" content=\"2 minutos\" \/>\n<script type=\"application\/ld+json\" class=\"yoast-schema-graph\">{\"@context\":\"https:\/\/schema.org\",\"@graph\":[{\"@type\":\"WebPage\",\"@id\":\"https:\/\/ticsalutsocial.atoom.space\/es\/noticia\/el-proyecto-parelles-digitals-uvic-ucc-llega-a-la-tercera-edicion\/\",\"url\":\"https:\/\/ticsalutsocial.atoom.space\/es\/noticia\/el-proyecto-parelles-digitals-uvic-ucc-llega-a-la-tercera-edicion\/\",\"name\":\"El proyecto \\\"Parelles Digitals UVic-UCC\\\" llega a la tercera edici\u00f3n - Fundaci\u00f3 TIC Salut i Social\",\"isPartOf\":{\"@id\":\"https:\/\/ticsalutsocial.atoom.space\/es\/#website\"},\"primaryImageOfPage\":{\"@id\":\"https:\/\/ticsalutsocial.atoom.space\/es\/noticia\/el-proyecto-parelles-digitals-uvic-ucc-llega-a-la-tercera-edicion\/#primaryimage\"},\"image\":{\"@id\":\"https:\/\/ticsalutsocial.atoom.space\/es\/noticia\/el-proyecto-parelles-digitals-uvic-ucc-llega-a-la-tercera-edicion\/#primaryimage\"},\"thumbnailUrl\":\"https:\/\/ticsalutsocial.atoom.space\/wp-content\/uploads\/2019\/04\/img_3694.jpg\",\"datePublished\":\"2019-04-08T09:24:22+00:00\",\"dateModified\":\"2021-07-21T13:40:45+00:00\",\"breadcrumb\":{\"@id\":\"https:\/\/ticsalutsocial.atoom.space\/es\/noticia\/el-proyecto-parelles-digitals-uvic-ucc-llega-a-la-tercera-edicion\/#breadcrumb\"},\"inLanguage\":\"es\",\"potentialAction\":[{\"@type\":\"ReadAction\",\"target\":[\"https:\/\/ticsalutsocial.atoom.space\/es\/noticia\/el-proyecto-parelles-digitals-uvic-ucc-llega-a-la-tercera-edicion\/\"]}]},{\"@type\":\"ImageObject\",\"inLanguage\":\"es\",\"@id\":\"https:\/\/ticsalutsocial.atoom.space\/es\/noticia\/el-proyecto-parelles-digitals-uvic-ucc-llega-a-la-tercera-edicion\/#primaryimage\",\"url\":\"https:\/\/ticsalutsocial.atoom.space\/wp-content\/uploads\/2019\/04\/img_3694.jpg\",\"contentUrl\":\"https:\/\/ticsalutsocial.atoom.space\/wp-content\/uploads\/2019\/04\/img_3694.jpg\",\"width\":1632,\"height\":1224},{\"@type\":\"BreadcrumbList\",\"@id\":\"https:\/\/ticsalutsocial.atoom.space\/es\/noticia\/el-proyecto-parelles-digitals-uvic-ucc-llega-a-la-tercera-edicion\/#breadcrumb\",\"itemListElement\":[{\"@type\":\"ListItem\",\"position\":1,\"name\":\"Inici\",\"item\":\"https:\/\/ticsalutsocial.atoom.space\/es\/\"},{\"@type\":\"ListItem\",\"position\":2,\"name\":\"El proyecto &#8220;Parelles Digitals UVic-UCC&#8221; llega a la tercera edici\u00f3n\"}]},{\"@type\":\"WebSite\",\"@id\":\"https:\/\/ticsalutsocial.atoom.space\/es\/#website\",\"url\":\"https:\/\/ticsalutsocial.atoom.space\/es\/\",\"name\":\"Fundaci\u00f3 TIC Salut i Social\",\"description\":\"\",\"potentialAction\":[{\"@type\":\"SearchAction\",\"target\":{\"@type\":\"EntryPoint\",\"urlTemplate\":\"https:\/\/ticsalutsocial.atoom.space\/es\/?s={search_term_string}\"},\"query-input\":{\"@type\":\"PropertyValueSpecification\",\"valueRequired\":true,\"valueName\":\"search_term_string\"}}],\"inLanguage\":\"es\"}]}<\/script>\n<!-- \/ Yoast SEO plugin. -->","yoast_head_json":{"title":"El proyecto \"Parelles Digitals UVic-UCC\" llega a la tercera edici\u00f3n - Fundaci\u00f3 TIC Salut i Social","robots":{"index":"index","follow":"follow","max-snippet":"max-snippet:-1","max-image-preview":"max-image-preview:large","max-video-preview":"max-video-preview:-1"},"canonical":"https:\/\/ticsalutsocial.atoom.space\/es\/noticia\/el-proyecto-parelles-digitals-uvic-ucc-llega-a-la-tercera-edicion\/","og_locale":"es_ES","og_type":"article","og_title":"El proyecto \"Parelles Digitals UVic-UCC\" llega a la tercera edici\u00f3n - Fundaci\u00f3 TIC Salut i Social","og_description":"En el marco de la e-week, la C\u00e1tedra TIC Salut (CESS), en colaboraci\u00f3n con UHub, Servei a la Comunitat Universit\u00e0ria, i la Fundaci\u00f3 TIC Salut Social, organiza por tercer a\u00f1o el\u00a0proyecto \u201cParelles Digitals UVic-UCC\u201d. La actividad enpareja estudiantes de Secundaria con personas mayores de 65 a\u00f1os que disponen de smartphone o tablet, pero que tienen [&hellip;]","og_url":"https:\/\/ticsalutsocial.atoom.space\/es\/noticia\/el-proyecto-parelles-digitals-uvic-ucc-llega-a-la-tercera-edicion\/","og_site_name":"Fundaci\u00f3 TIC Salut i Social","article_modified_time":"2021-07-21T13:40:45+00:00","og_image":[{"width":1632,"height":1224,"url":"https:\/\/ticsalutsocial.atoom.space\/wp-content\/uploads\/2019\/04\/img_3694.jpg","type":"image\/jpeg"}],"twitter_card":"summary_large_image","twitter_misc":{"Tiempo de lectura":"2 minutos"},"schema":{"@context":"https:\/\/schema.org","@graph":[{"@type":"WebPage","@id":"https:\/\/ticsalutsocial.atoom.space\/es\/noticia\/el-proyecto-parelles-digitals-uvic-ucc-llega-a-la-tercera-edicion\/","url":"https:\/\/ticsalutsocial.atoom.space\/es\/noticia\/el-proyecto-parelles-digitals-uvic-ucc-llega-a-la-tercera-edicion\/","name":"El proyecto \"Parelles Digitals UVic-UCC\" llega a la tercera edici\u00f3n - Fundaci\u00f3 TIC Salut i Social","isPartOf":{"@id":"https:\/\/ticsalutsocial.atoom.space\/es\/#website"},"primaryImageOfPage":{"@id":"https:\/\/ticsalutsocial.atoom.space\/es\/noticia\/el-proyecto-parelles-digitals-uvic-ucc-llega-a-la-tercera-edicion\/#primaryimage"},"image":{"@id":"https:\/\/ticsalutsocial.atoom.space\/es\/noticia\/el-proyecto-parelles-digitals-uvic-ucc-llega-a-la-tercera-edicion\/#primaryimage"},"thumbnailUrl":"https:\/\/ticsalutsocial.atoom.space\/wp-content\/uploads\/2019\/04\/img_3694.jpg","datePublished":"2019-04-08T09:24:22+00:00","dateModified":"2021-07-21T13:40:45+00:00","breadcrumb":{"@id":"https:\/\/ticsalutsocial.atoom.space\/es\/noticia\/el-proyecto-parelles-digitals-uvic-ucc-llega-a-la-tercera-edicion\/#breadcrumb"},"inLanguage":"es","potentialAction":[{"@type":"ReadAction","target":["https:\/\/ticsalutsocial.atoom.space\/es\/noticia\/el-proyecto-parelles-digitals-uvic-ucc-llega-a-la-tercera-edicion\/"]}]},{"@type":"ImageObject","inLanguage":"es","@id":"https:\/\/ticsalutsocial.atoom.space\/es\/noticia\/el-proyecto-parelles-digitals-uvic-ucc-llega-a-la-tercera-edicion\/#primaryimage","url":"https:\/\/ticsalutsocial.atoom.space\/wp-content\/uploads\/2019\/04\/img_3694.jpg","contentUrl":"https:\/\/ticsalutsocial.atoom.space\/wp-content\/uploads\/2019\/04\/img_3694.jpg","width":1632,"height":1224},{"@type":"BreadcrumbList","@id":"https:\/\/ticsalutsocial.atoom.space\/es\/noticia\/el-proyecto-parelles-digitals-uvic-ucc-llega-a-la-tercera-edicion\/#breadcrumb","itemListElement":[{"@type":"ListItem","position":1,"name":"Inici","item":"https:\/\/ticsalutsocial.atoom.space\/es\/"},{"@type":"ListItem","position":2,"name":"El proyecto &#8220;Parelles Digitals UVic-UCC&#8221; llega a la tercera edici\u00f3n"}]},{"@type":"WebSite","@id":"https:\/\/ticsalutsocial.atoom.space\/es\/#website","url":"https:\/\/ticsalutsocial.atoom.space\/es\/","name":"Fundaci\u00f3 TIC Salut i Social","description":"","potentialAction":[{"@type":"SearchAction","target":{"@type":"EntryPoint","urlTemplate":"https:\/\/ticsalutsocial.atoom.space\/es\/?s={search_term_string}"},"query-input":{"@type":"PropertyValueSpecification","valueRequired":true,"valueName":"search_term_string"}}],"inLanguage":"es"}]}},"_links":{"self":[{"href":"https:\/\/ticsalutsocial.atoom.space\/es\/wp-json\/wp\/v2\/noticia\/3818","targetHints":{"allow":["GET"]}}],"collection":[{"href":"https:\/\/ticsalutsocial.atoom.space\/es\/wp-json\/wp\/v2\/noticia"}],"about":[{"href":"https:\/\/ticsalutsocial.atoom.space\/es\/wp-json\/wp\/v2\/types\/noticia"}],"author":[{"embeddable":true,"href":"https:\/\/ticsalutsocial.atoom.space\/es\/wp-json\/wp\/v2\/users\/21"}],"wp:featuredmedia":[{"embeddable":true,"href":"https:\/\/ticsalutsocial.atoom.space\/es\/wp-json\/wp\/v2\/media\/3815"}],"wp:attachment":[{"href":"https:\/\/ticsalutsocial.atoom.space\/es\/wp-json\/wp\/v2\/media?parent=3818"}],"wp:term":[{"taxonomy":"etiqueta","embeddable":true,"href":"https:\/\/ticsalutsocial.atoom.space\/es\/wp-json\/wp\/v2\/etiqueta?post=3818"},{"taxonomy":"tipus","embeddable":true,"href":"https:\/\/ticsalutsocial.atoom.space\/es\/wp-json\/wp\/v2\/tipus?post=3818"},{"taxonomy":"topic","embeddable":true,"href":"https:\/\/ticsalutsocial.atoom.space\/es\/wp-json\/wp\/v2\/topic?post=3818"}],"curies":[{"name":"wp","href":"https:\/\/api.w.org\/{rel}","templated":true}]}}