
{"id":3824,"date":"2019-04-10T12:45:52","date_gmt":"2019-04-10T10:45:52","guid":{"rendered":"https:\/\/ticsalutsocial.atoom.space\/?post_type=noticia&#038;p=3824"},"modified":"2021-07-21T15:40:48","modified_gmt":"2021-07-21T13:40:48","slug":"como-mejorar-la-calidad-de-vida-de-las-personas-mayores-a-traves-de-la-tecnologia","status":"publish","type":"noticia","link":"https:\/\/ticsalutsocial.atoom.space\/es\/noticia\/como-mejorar-la-calidad-de-vida-de-las-personas-mayores-a-traves-de-la-tecnologia\/","title":{"rendered":"C\u00f3mo mejorar la calidad de vida de las personas mayores a trav\u00e9s de la tecnolog\u00eda"},"content":{"rendered":"<p><a href=\"https:\/\/mobileworldcapital.com\/es\/\">MWCapital Barcelona<\/a>, Ayuntamiento de Barcelona y 5G Barcelona \u200b\u200blanzan una nueva convocatoria centrada en encontrar soluciones tecnol\u00f3gicas innovadoras que mejoren la calidad de vida de las personas mayores.<\/p>\n<p>En este nuevo reto social, buscamos soluciones digitales que puedan tener un impacto positivo en la vida diaria de las personas mayores, como por ejemplo: vivir de forma independiente en el hogar, prolongar la actividad social y mitigar, entre otras, las deficiencias cognitivas.<\/p>\n<p>Encontrar\u00e1s m\u00e1s detalles sobre este nuevo reto en <a href=\"https:\/\/d-lab.tech\/es\/eldery-ch5\/\">https<\/a><a href=\"https:\/\/d-lab.tech\/es\/eldery-ch5\/\">:\/\/d-lab.tech\/es\/eldery-ch5\/<\/a><\/p>\n<p>La fecha l\u00edmite de presentaci\u00f3n es el <u>22 de mayo de 2019 a las 5 p.m. CET<\/u><\/p>\n<p>Los ganadores se anunciar\u00e1n en julio de 2019 y tendr\u00e1n la oportunidad de desarrollar su propuesta en Barcelona, \u200b\u200bcon el apoyo financiero y operativo de MWCapital.<\/p>\n<p>&nbsp;<\/p>\n","protected":false},"author":21,"featured_media":6916,"menu_order":0,"template":"","meta":{"_acf_changed":false,"inline_featured_image":false},"etiqueta":[],"tipus":[94],"topic":[127],"class_list":["post-3824","noticia","type-noticia","status-publish","has-post-thumbnail","hentry","tipus-integracion-social-y-sanitaria","topic-proyectos"],"acf":{"imatge":6916,"autor":"Adri\u00e0 G.Font"},"yoast_head":"<!-- This site is optimized with the Yoast SEO plugin v27.1.1 - https:\/\/yoast.com\/product\/yoast-seo-wordpress\/ -->\n<title>C\u00f3mo mejorar la calidad de vida de las personas mayores a trav\u00e9s de la tecnolog\u00eda - Fundaci\u00f3 TIC Salut i Social<\/title>\n<meta name=\"robots\" content=\"index, follow, max-snippet:-1, max-image-preview:large, max-video-preview:-1\" \/>\n<link rel=\"canonical\" href=\"https:\/\/ticsalutsocial.atoom.space\/es\/noticia\/como-mejorar-la-calidad-de-vida-de-las-personas-mayores-a-traves-de-la-tecnologia\/\" \/>\n<meta property=\"og:locale\" content=\"es_ES\" \/>\n<meta property=\"og:type\" content=\"article\" \/>\n<meta property=\"og:title\" content=\"C\u00f3mo mejorar la calidad de vida de las personas mayores a trav\u00e9s de la tecnolog\u00eda - Fundaci\u00f3 TIC Salut i Social\" \/>\n<meta property=\"og:description\" content=\"MWCapital Barcelona, Ayuntamiento de Barcelona y 5G Barcelona \u200b\u200blanzan una nueva convocatoria centrada en encontrar soluciones tecnol\u00f3gicas innovadoras que mejoren la calidad de vida de las personas mayores. En este nuevo reto social, buscamos soluciones digitales que puedan tener un impacto positivo en la vida diaria de las personas mayores, como por ejemplo: vivir de [&hellip;]\" \/>\n<meta property=\"og:url\" content=\"https:\/\/ticsalutsocial.atoom.space\/es\/noticia\/como-mejorar-la-calidad-de-vida-de-las-personas-mayores-a-traves-de-la-tecnologia\/\" \/>\n<meta property=\"og:site_name\" content=\"Fundaci\u00f3 TIC Salut i Social\" \/>\n<meta property=\"article:modified_time\" content=\"2021-07-21T13:40:48+00:00\" \/>\n<meta property=\"og:image\" content=\"https:\/\/ticsalutsocial.atoom.space\/wp-content\/uploads\/2019\/04\/cast_banner-challenge-dlab-mwc.jpg\" \/>\n\t<meta property=\"og:image:width\" content=\"1200\" \/>\n\t<meta property=\"og:image:height\" content=\"600\" \/>\n\t<meta property=\"og:image:type\" content=\"image\/jpeg\" \/>\n<meta name=\"twitter:card\" content=\"summary_large_image\" \/>\n<meta name=\"twitter:label1\" content=\"Tiempo de lectura\" \/>\n\t<meta name=\"twitter:data1\" content=\"1 minuto\" \/>\n<script type=\"application\/ld+json\" class=\"yoast-schema-graph\">{\"@context\":\"https:\/\/schema.org\",\"@graph\":[{\"@type\":\"WebPage\",\"@id\":\"https:\/\/ticsalutsocial.atoom.space\/es\/noticia\/como-mejorar-la-calidad-de-vida-de-las-personas-mayores-a-traves-de-la-tecnologia\/\",\"url\":\"https:\/\/ticsalutsocial.atoom.space\/es\/noticia\/como-mejorar-la-calidad-de-vida-de-las-personas-mayores-a-traves-de-la-tecnologia\/\",\"name\":\"C\u00f3mo mejorar la calidad de vida de las personas mayores a trav\u00e9s de la tecnolog\u00eda - Fundaci\u00f3 TIC Salut i Social\",\"isPartOf\":{\"@id\":\"https:\/\/ticsalutsocial.atoom.space\/es\/#website\"},\"primaryImageOfPage\":{\"@id\":\"https:\/\/ticsalutsocial.atoom.space\/es\/noticia\/como-mejorar-la-calidad-de-vida-de-las-personas-mayores-a-traves-de-la-tecnologia\/#primaryimage\"},\"image\":{\"@id\":\"https:\/\/ticsalutsocial.atoom.space\/es\/noticia\/como-mejorar-la-calidad-de-vida-de-las-personas-mayores-a-traves-de-la-tecnologia\/#primaryimage\"},\"thumbnailUrl\":\"https:\/\/ticsalutsocial.atoom.space\/wp-content\/uploads\/2019\/04\/cast_banner-challenge-dlab-mwc.jpg\",\"datePublished\":\"2019-04-10T10:45:52+00:00\",\"dateModified\":\"2021-07-21T13:40:48+00:00\",\"breadcrumb\":{\"@id\":\"https:\/\/ticsalutsocial.atoom.space\/es\/noticia\/como-mejorar-la-calidad-de-vida-de-las-personas-mayores-a-traves-de-la-tecnologia\/#breadcrumb\"},\"inLanguage\":\"es\",\"potentialAction\":[{\"@type\":\"ReadAction\",\"target\":[\"https:\/\/ticsalutsocial.atoom.space\/es\/noticia\/como-mejorar-la-calidad-de-vida-de-las-personas-mayores-a-traves-de-la-tecnologia\/\"]}]},{\"@type\":\"ImageObject\",\"inLanguage\":\"es\",\"@id\":\"https:\/\/ticsalutsocial.atoom.space\/es\/noticia\/como-mejorar-la-calidad-de-vida-de-las-personas-mayores-a-traves-de-la-tecnologia\/#primaryimage\",\"url\":\"https:\/\/ticsalutsocial.atoom.space\/wp-content\/uploads\/2019\/04\/cast_banner-challenge-dlab-mwc.jpg\",\"contentUrl\":\"https:\/\/ticsalutsocial.atoom.space\/wp-content\/uploads\/2019\/04\/cast_banner-challenge-dlab-mwc.jpg\",\"width\":1200,\"height\":600},{\"@type\":\"BreadcrumbList\",\"@id\":\"https:\/\/ticsalutsocial.atoom.space\/es\/noticia\/como-mejorar-la-calidad-de-vida-de-las-personas-mayores-a-traves-de-la-tecnologia\/#breadcrumb\",\"itemListElement\":[{\"@type\":\"ListItem\",\"position\":1,\"name\":\"Inici\",\"item\":\"https:\/\/ticsalutsocial.atoom.space\/es\/\"},{\"@type\":\"ListItem\",\"position\":2,\"name\":\"C\u00f3mo mejorar la calidad de vida de las personas mayores a trav\u00e9s de la tecnolog\u00eda\"}]},{\"@type\":\"WebSite\",\"@id\":\"https:\/\/ticsalutsocial.atoom.space\/es\/#website\",\"url\":\"https:\/\/ticsalutsocial.atoom.space\/es\/\",\"name\":\"Fundaci\u00f3 TIC Salut i Social\",\"description\":\"\",\"potentialAction\":[{\"@type\":\"SearchAction\",\"target\":{\"@type\":\"EntryPoint\",\"urlTemplate\":\"https:\/\/ticsalutsocial.atoom.space\/es\/?s={search_term_string}\"},\"query-input\":{\"@type\":\"PropertyValueSpecification\",\"valueRequired\":true,\"valueName\":\"search_term_string\"}}],\"inLanguage\":\"es\"}]}<\/script>\n<!-- \/ Yoast SEO plugin. -->","yoast_head_json":{"title":"C\u00f3mo mejorar la calidad de vida de las personas mayores a trav\u00e9s de la tecnolog\u00eda - Fundaci\u00f3 TIC Salut i Social","robots":{"index":"index","follow":"follow","max-snippet":"max-snippet:-1","max-image-preview":"max-image-preview:large","max-video-preview":"max-video-preview:-1"},"canonical":"https:\/\/ticsalutsocial.atoom.space\/es\/noticia\/como-mejorar-la-calidad-de-vida-de-las-personas-mayores-a-traves-de-la-tecnologia\/","og_locale":"es_ES","og_type":"article","og_title":"C\u00f3mo mejorar la calidad de vida de las personas mayores a trav\u00e9s de la tecnolog\u00eda - Fundaci\u00f3 TIC Salut i Social","og_description":"MWCapital Barcelona, Ayuntamiento de Barcelona y 5G Barcelona \u200b\u200blanzan una nueva convocatoria centrada en encontrar soluciones tecnol\u00f3gicas innovadoras que mejoren la calidad de vida de las personas mayores. En este nuevo reto social, buscamos soluciones digitales que puedan tener un impacto positivo en la vida diaria de las personas mayores, como por ejemplo: vivir de [&hellip;]","og_url":"https:\/\/ticsalutsocial.atoom.space\/es\/noticia\/como-mejorar-la-calidad-de-vida-de-las-personas-mayores-a-traves-de-la-tecnologia\/","og_site_name":"Fundaci\u00f3 TIC Salut i Social","article_modified_time":"2021-07-21T13:40:48+00:00","og_image":[{"width":1200,"height":600,"url":"https:\/\/ticsalutsocial.atoom.space\/wp-content\/uploads\/2019\/04\/cast_banner-challenge-dlab-mwc.jpg","type":"image\/jpeg"}],"twitter_card":"summary_large_image","twitter_misc":{"Tiempo de lectura":"1 minuto"},"schema":{"@context":"https:\/\/schema.org","@graph":[{"@type":"WebPage","@id":"https:\/\/ticsalutsocial.atoom.space\/es\/noticia\/como-mejorar-la-calidad-de-vida-de-las-personas-mayores-a-traves-de-la-tecnologia\/","url":"https:\/\/ticsalutsocial.atoom.space\/es\/noticia\/como-mejorar-la-calidad-de-vida-de-las-personas-mayores-a-traves-de-la-tecnologia\/","name":"C\u00f3mo mejorar la calidad de vida de las personas mayores a trav\u00e9s de la tecnolog\u00eda - Fundaci\u00f3 TIC Salut i Social","isPartOf":{"@id":"https:\/\/ticsalutsocial.atoom.space\/es\/#website"},"primaryImageOfPage":{"@id":"https:\/\/ticsalutsocial.atoom.space\/es\/noticia\/como-mejorar-la-calidad-de-vida-de-las-personas-mayores-a-traves-de-la-tecnologia\/#primaryimage"},"image":{"@id":"https:\/\/ticsalutsocial.atoom.space\/es\/noticia\/como-mejorar-la-calidad-de-vida-de-las-personas-mayores-a-traves-de-la-tecnologia\/#primaryimage"},"thumbnailUrl":"https:\/\/ticsalutsocial.atoom.space\/wp-content\/uploads\/2019\/04\/cast_banner-challenge-dlab-mwc.jpg","datePublished":"2019-04-10T10:45:52+00:00","dateModified":"2021-07-21T13:40:48+00:00","breadcrumb":{"@id":"https:\/\/ticsalutsocial.atoom.space\/es\/noticia\/como-mejorar-la-calidad-de-vida-de-las-personas-mayores-a-traves-de-la-tecnologia\/#breadcrumb"},"inLanguage":"es","potentialAction":[{"@type":"ReadAction","target":["https:\/\/ticsalutsocial.atoom.space\/es\/noticia\/como-mejorar-la-calidad-de-vida-de-las-personas-mayores-a-traves-de-la-tecnologia\/"]}]},{"@type":"ImageObject","inLanguage":"es","@id":"https:\/\/ticsalutsocial.atoom.space\/es\/noticia\/como-mejorar-la-calidad-de-vida-de-las-personas-mayores-a-traves-de-la-tecnologia\/#primaryimage","url":"https:\/\/ticsalutsocial.atoom.space\/wp-content\/uploads\/2019\/04\/cast_banner-challenge-dlab-mwc.jpg","contentUrl":"https:\/\/ticsalutsocial.atoom.space\/wp-content\/uploads\/2019\/04\/cast_banner-challenge-dlab-mwc.jpg","width":1200,"height":600},{"@type":"BreadcrumbList","@id":"https:\/\/ticsalutsocial.atoom.space\/es\/noticia\/como-mejorar-la-calidad-de-vida-de-las-personas-mayores-a-traves-de-la-tecnologia\/#breadcrumb","itemListElement":[{"@type":"ListItem","position":1,"name":"Inici","item":"https:\/\/ticsalutsocial.atoom.space\/es\/"},{"@type":"ListItem","position":2,"name":"C\u00f3mo mejorar la calidad de vida de las personas mayores a trav\u00e9s de la tecnolog\u00eda"}]},{"@type":"WebSite","@id":"https:\/\/ticsalutsocial.atoom.space\/es\/#website","url":"https:\/\/ticsalutsocial.atoom.space\/es\/","name":"Fundaci\u00f3 TIC Salut i Social","description":"","potentialAction":[{"@type":"SearchAction","target":{"@type":"EntryPoint","urlTemplate":"https:\/\/ticsalutsocial.atoom.space\/es\/?s={search_term_string}"},"query-input":{"@type":"PropertyValueSpecification","valueRequired":true,"valueName":"search_term_string"}}],"inLanguage":"es"}]}},"_links":{"self":[{"href":"https:\/\/ticsalutsocial.atoom.space\/es\/wp-json\/wp\/v2\/noticia\/3824","targetHints":{"allow":["GET"]}}],"collection":[{"href":"https:\/\/ticsalutsocial.atoom.space\/es\/wp-json\/wp\/v2\/noticia"}],"about":[{"href":"https:\/\/ticsalutsocial.atoom.space\/es\/wp-json\/wp\/v2\/types\/noticia"}],"author":[{"embeddable":true,"href":"https:\/\/ticsalutsocial.atoom.space\/es\/wp-json\/wp\/v2\/users\/21"}],"wp:featuredmedia":[{"embeddable":true,"href":"https:\/\/ticsalutsocial.atoom.space\/es\/wp-json\/wp\/v2\/media\/6916"}],"wp:attachment":[{"href":"https:\/\/ticsalutsocial.atoom.space\/es\/wp-json\/wp\/v2\/media?parent=3824"}],"wp:term":[{"taxonomy":"etiqueta","embeddable":true,"href":"https:\/\/ticsalutsocial.atoom.space\/es\/wp-json\/wp\/v2\/etiqueta?post=3824"},{"taxonomy":"tipus","embeddable":true,"href":"https:\/\/ticsalutsocial.atoom.space\/es\/wp-json\/wp\/v2\/tipus?post=3824"},{"taxonomy":"topic","embeddable":true,"href":"https:\/\/ticsalutsocial.atoom.space\/es\/wp-json\/wp\/v2\/topic?post=3824"}],"curies":[{"name":"wp","href":"https:\/\/api.w.org\/{rel}","templated":true}]}}