
{"id":3826,"date":"2019-04-12T14:04:49","date_gmt":"2019-04-12T12:04:49","guid":{"rendered":"https:\/\/ticsalutsocial.atoom.space\/?post_type=noticia&#038;p=3826"},"modified":"2021-07-21T15:40:51","modified_gmt":"2021-07-21T13:40:51","slug":"es-crucial-involucrar-a-los-ciudadanos-para-recoger-y-compartir-sus-datos","status":"publish","type":"noticia","link":"https:\/\/ticsalutsocial.atoom.space\/es\/noticia\/es-crucial-involucrar-a-los-ciudadanos-para-recoger-y-compartir-sus-datos\/","title":{"rendered":"\u00abEs crucial involucrar a los ciudadanos para recoger y compartir sus datos\u00bb"},"content":{"rendered":"<p>El Sr. Madis Tiik es m\u00e9dico y consultor eHealth. Asesora al gobierno de Estonia en materia de salud digital. Durante la \u00faltima\u00a0<a href=\"https:\/\/ticsalutsocial.atoom.space\/es\/actualitat\/realidad-virtual-inteligencia-artificial-y-robotica-encabezan-la-innovacion-en-el-sistema-de-salud-catalan\/\">jornada del <em>Mapa de Tend\u00e8ncies<\/em><\/a>\u00a0particip\u00f3 como ponente, explicando su modelo de salud 3.0 y la importancia de gestionar los datos generados en salud.<\/p>\n<p>En esta entrevista Tiik habla sobreestos y otros temas, con una mirada hacia el futuro y reflexiones interesantes sobre seguridad y empoderamiento del ciutadadano.<\/p>\n<p><iframe loading=\"lazy\" title=\"Entrevista MadisTiik | Mapa de Tend\u00e8ncies TIC Salut Social\" width=\"500\" height=\"281\" src=\"https:\/\/www.youtube.com\/embed\/6400MIAzGU0?feature=oembed\" frameborder=\"0\" allow=\"accelerometer; autoplay; clipboard-write; encrypted-media; gyroscope; picture-in-picture; web-share\" referrerpolicy=\"strict-origin-when-cross-origin\" allowfullscreen><\/iframe><\/p>\n","protected":false},"author":21,"featured_media":3499,"menu_order":0,"template":"","meta":{"_acf_changed":false,"inline_featured_image":false},"etiqueta":[],"tipus":[],"topic":[121],"class_list":["post-3826","noticia","type-noticia","status-publish","has-post-thumbnail","hentry","topic-dpd-es"],"acf":{"imatge":3501,"autor":"Adri\u00e0 G.Font"},"yoast_head":"<!-- This site is optimized with the Yoast SEO plugin v27.1.1 - https:\/\/yoast.com\/product\/yoast-seo-wordpress\/ -->\n<title>&quot;Es crucial involucrar a los ciudadanos para recoger y compartir sus datos&quot; - Fundaci\u00f3 TIC Salut i Social<\/title>\n<meta name=\"robots\" content=\"index, follow, max-snippet:-1, max-image-preview:large, max-video-preview:-1\" \/>\n<link rel=\"canonical\" href=\"https:\/\/ticsalutsocial.atoom.space\/es\/noticia\/es-crucial-involucrar-a-los-ciudadanos-para-recoger-y-compartir-sus-datos\/\" \/>\n<meta property=\"og:locale\" content=\"es_ES\" \/>\n<meta property=\"og:type\" content=\"article\" \/>\n<meta property=\"og:title\" content=\"&quot;Es crucial involucrar a los ciudadanos para recoger y compartir sus datos&quot; - Fundaci\u00f3 TIC Salut i Social\" \/>\n<meta property=\"og:description\" content=\"El Sr. Madis Tiik es m\u00e9dico y consultor eHealth. Asesora al gobierno de Estonia en materia de salud digital. Durante la \u00faltima\u00a0jornada del Mapa de Tend\u00e8ncies\u00a0particip\u00f3 como ponente, explicando su modelo de salud 3.0 y la importancia de gestionar los datos generados en salud. En esta entrevista Tiik habla sobreestos y otros temas, con una [&hellip;]\" \/>\n<meta property=\"og:url\" content=\"https:\/\/ticsalutsocial.atoom.space\/es\/noticia\/es-crucial-involucrar-a-los-ciudadanos-para-recoger-y-compartir-sus-datos\/\" \/>\n<meta property=\"og:site_name\" content=\"Fundaci\u00f3 TIC Salut i Social\" \/>\n<meta property=\"article:modified_time\" content=\"2021-07-21T13:40:51+00:00\" \/>\n<meta property=\"og:image\" content=\"https:\/\/ticsalutsocial.atoom.space\/wp-content\/uploads\/2018\/09\/captura.png\" \/>\n\t<meta property=\"og:image:width\" content=\"729\" \/>\n\t<meta property=\"og:image:height\" content=\"570\" \/>\n\t<meta property=\"og:image:type\" content=\"image\/png\" \/>\n<meta name=\"twitter:card\" content=\"summary_large_image\" \/>\n<script type=\"application\/ld+json\" class=\"yoast-schema-graph\">{\"@context\":\"https:\/\/schema.org\",\"@graph\":[{\"@type\":\"WebPage\",\"@id\":\"https:\/\/ticsalutsocial.atoom.space\/es\/noticia\/es-crucial-involucrar-a-los-ciudadanos-para-recoger-y-compartir-sus-datos\/\",\"url\":\"https:\/\/ticsalutsocial.atoom.space\/es\/noticia\/es-crucial-involucrar-a-los-ciudadanos-para-recoger-y-compartir-sus-datos\/\",\"name\":\"\\\"Es crucial involucrar a los ciudadanos para recoger y compartir sus datos\\\" - Fundaci\u00f3 TIC Salut i Social\",\"isPartOf\":{\"@id\":\"https:\/\/ticsalutsocial.atoom.space\/es\/#website\"},\"primaryImageOfPage\":{\"@id\":\"https:\/\/ticsalutsocial.atoom.space\/es\/noticia\/es-crucial-involucrar-a-los-ciudadanos-para-recoger-y-compartir-sus-datos\/#primaryimage\"},\"image\":{\"@id\":\"https:\/\/ticsalutsocial.atoom.space\/es\/noticia\/es-crucial-involucrar-a-los-ciudadanos-para-recoger-y-compartir-sus-datos\/#primaryimage\"},\"thumbnailUrl\":\"https:\/\/ticsalutsocial.atoom.space\/wp-content\/uploads\/2018\/09\/captura.png\",\"datePublished\":\"2019-04-12T12:04:49+00:00\",\"dateModified\":\"2021-07-21T13:40:51+00:00\",\"breadcrumb\":{\"@id\":\"https:\/\/ticsalutsocial.atoom.space\/es\/noticia\/es-crucial-involucrar-a-los-ciudadanos-para-recoger-y-compartir-sus-datos\/#breadcrumb\"},\"inLanguage\":\"es\",\"potentialAction\":[{\"@type\":\"ReadAction\",\"target\":[\"https:\/\/ticsalutsocial.atoom.space\/es\/noticia\/es-crucial-involucrar-a-los-ciudadanos-para-recoger-y-compartir-sus-datos\/\"]}]},{\"@type\":\"ImageObject\",\"inLanguage\":\"es\",\"@id\":\"https:\/\/ticsalutsocial.atoom.space\/es\/noticia\/es-crucial-involucrar-a-los-ciudadanos-para-recoger-y-compartir-sus-datos\/#primaryimage\",\"url\":\"https:\/\/ticsalutsocial.atoom.space\/wp-content\/uploads\/2018\/09\/captura.png\",\"contentUrl\":\"https:\/\/ticsalutsocial.atoom.space\/wp-content\/uploads\/2018\/09\/captura.png\",\"width\":729,\"height\":570},{\"@type\":\"BreadcrumbList\",\"@id\":\"https:\/\/ticsalutsocial.atoom.space\/es\/noticia\/es-crucial-involucrar-a-los-ciudadanos-para-recoger-y-compartir-sus-datos\/#breadcrumb\",\"itemListElement\":[{\"@type\":\"ListItem\",\"position\":1,\"name\":\"Inici\",\"item\":\"https:\/\/ticsalutsocial.atoom.space\/es\/\"},{\"@type\":\"ListItem\",\"position\":2,\"name\":\"&#8220;Es crucial involucrar a los ciudadanos para recoger y compartir sus datos&#8221;\"}]},{\"@type\":\"WebSite\",\"@id\":\"https:\/\/ticsalutsocial.atoom.space\/es\/#website\",\"url\":\"https:\/\/ticsalutsocial.atoom.space\/es\/\",\"name\":\"Fundaci\u00f3 TIC Salut i Social\",\"description\":\"\",\"potentialAction\":[{\"@type\":\"SearchAction\",\"target\":{\"@type\":\"EntryPoint\",\"urlTemplate\":\"https:\/\/ticsalutsocial.atoom.space\/es\/?s={search_term_string}\"},\"query-input\":{\"@type\":\"PropertyValueSpecification\",\"valueRequired\":true,\"valueName\":\"search_term_string\"}}],\"inLanguage\":\"es\"}]}<\/script>\n<!-- \/ Yoast SEO plugin. -->","yoast_head_json":{"title":"\"Es crucial involucrar a los ciudadanos para recoger y compartir sus datos\" - Fundaci\u00f3 TIC Salut i Social","robots":{"index":"index","follow":"follow","max-snippet":"max-snippet:-1","max-image-preview":"max-image-preview:large","max-video-preview":"max-video-preview:-1"},"canonical":"https:\/\/ticsalutsocial.atoom.space\/es\/noticia\/es-crucial-involucrar-a-los-ciudadanos-para-recoger-y-compartir-sus-datos\/","og_locale":"es_ES","og_type":"article","og_title":"\"Es crucial involucrar a los ciudadanos para recoger y compartir sus datos\" - Fundaci\u00f3 TIC Salut i Social","og_description":"El Sr. Madis Tiik es m\u00e9dico y consultor eHealth. Asesora al gobierno de Estonia en materia de salud digital. Durante la \u00faltima\u00a0jornada del Mapa de Tend\u00e8ncies\u00a0particip\u00f3 como ponente, explicando su modelo de salud 3.0 y la importancia de gestionar los datos generados en salud. En esta entrevista Tiik habla sobreestos y otros temas, con una [&hellip;]","og_url":"https:\/\/ticsalutsocial.atoom.space\/es\/noticia\/es-crucial-involucrar-a-los-ciudadanos-para-recoger-y-compartir-sus-datos\/","og_site_name":"Fundaci\u00f3 TIC Salut i Social","article_modified_time":"2021-07-21T13:40:51+00:00","og_image":[{"width":729,"height":570,"url":"https:\/\/ticsalutsocial.atoom.space\/wp-content\/uploads\/2018\/09\/captura.png","type":"image\/png"}],"twitter_card":"summary_large_image","schema":{"@context":"https:\/\/schema.org","@graph":[{"@type":"WebPage","@id":"https:\/\/ticsalutsocial.atoom.space\/es\/noticia\/es-crucial-involucrar-a-los-ciudadanos-para-recoger-y-compartir-sus-datos\/","url":"https:\/\/ticsalutsocial.atoom.space\/es\/noticia\/es-crucial-involucrar-a-los-ciudadanos-para-recoger-y-compartir-sus-datos\/","name":"\"Es crucial involucrar a los ciudadanos para recoger y compartir sus datos\" - Fundaci\u00f3 TIC Salut i Social","isPartOf":{"@id":"https:\/\/ticsalutsocial.atoom.space\/es\/#website"},"primaryImageOfPage":{"@id":"https:\/\/ticsalutsocial.atoom.space\/es\/noticia\/es-crucial-involucrar-a-los-ciudadanos-para-recoger-y-compartir-sus-datos\/#primaryimage"},"image":{"@id":"https:\/\/ticsalutsocial.atoom.space\/es\/noticia\/es-crucial-involucrar-a-los-ciudadanos-para-recoger-y-compartir-sus-datos\/#primaryimage"},"thumbnailUrl":"https:\/\/ticsalutsocial.atoom.space\/wp-content\/uploads\/2018\/09\/captura.png","datePublished":"2019-04-12T12:04:49+00:00","dateModified":"2021-07-21T13:40:51+00:00","breadcrumb":{"@id":"https:\/\/ticsalutsocial.atoom.space\/es\/noticia\/es-crucial-involucrar-a-los-ciudadanos-para-recoger-y-compartir-sus-datos\/#breadcrumb"},"inLanguage":"es","potentialAction":[{"@type":"ReadAction","target":["https:\/\/ticsalutsocial.atoom.space\/es\/noticia\/es-crucial-involucrar-a-los-ciudadanos-para-recoger-y-compartir-sus-datos\/"]}]},{"@type":"ImageObject","inLanguage":"es","@id":"https:\/\/ticsalutsocial.atoom.space\/es\/noticia\/es-crucial-involucrar-a-los-ciudadanos-para-recoger-y-compartir-sus-datos\/#primaryimage","url":"https:\/\/ticsalutsocial.atoom.space\/wp-content\/uploads\/2018\/09\/captura.png","contentUrl":"https:\/\/ticsalutsocial.atoom.space\/wp-content\/uploads\/2018\/09\/captura.png","width":729,"height":570},{"@type":"BreadcrumbList","@id":"https:\/\/ticsalutsocial.atoom.space\/es\/noticia\/es-crucial-involucrar-a-los-ciudadanos-para-recoger-y-compartir-sus-datos\/#breadcrumb","itemListElement":[{"@type":"ListItem","position":1,"name":"Inici","item":"https:\/\/ticsalutsocial.atoom.space\/es\/"},{"@type":"ListItem","position":2,"name":"&#8220;Es crucial involucrar a los ciudadanos para recoger y compartir sus datos&#8221;"}]},{"@type":"WebSite","@id":"https:\/\/ticsalutsocial.atoom.space\/es\/#website","url":"https:\/\/ticsalutsocial.atoom.space\/es\/","name":"Fundaci\u00f3 TIC Salut i Social","description":"","potentialAction":[{"@type":"SearchAction","target":{"@type":"EntryPoint","urlTemplate":"https:\/\/ticsalutsocial.atoom.space\/es\/?s={search_term_string}"},"query-input":{"@type":"PropertyValueSpecification","valueRequired":true,"valueName":"search_term_string"}}],"inLanguage":"es"}]}},"_links":{"self":[{"href":"https:\/\/ticsalutsocial.atoom.space\/es\/wp-json\/wp\/v2\/noticia\/3826","targetHints":{"allow":["GET"]}}],"collection":[{"href":"https:\/\/ticsalutsocial.atoom.space\/es\/wp-json\/wp\/v2\/noticia"}],"about":[{"href":"https:\/\/ticsalutsocial.atoom.space\/es\/wp-json\/wp\/v2\/types\/noticia"}],"author":[{"embeddable":true,"href":"https:\/\/ticsalutsocial.atoom.space\/es\/wp-json\/wp\/v2\/users\/21"}],"wp:featuredmedia":[{"embeddable":true,"href":"https:\/\/ticsalutsocial.atoom.space\/es\/wp-json\/wp\/v2\/media\/3499"}],"wp:attachment":[{"href":"https:\/\/ticsalutsocial.atoom.space\/es\/wp-json\/wp\/v2\/media?parent=3826"}],"wp:term":[{"taxonomy":"etiqueta","embeddable":true,"href":"https:\/\/ticsalutsocial.atoom.space\/es\/wp-json\/wp\/v2\/etiqueta?post=3826"},{"taxonomy":"tipus","embeddable":true,"href":"https:\/\/ticsalutsocial.atoom.space\/es\/wp-json\/wp\/v2\/tipus?post=3826"},{"taxonomy":"topic","embeddable":true,"href":"https:\/\/ticsalutsocial.atoom.space\/es\/wp-json\/wp\/v2\/topic?post=3826"}],"curies":[{"name":"wp","href":"https:\/\/api.w.org\/{rel}","templated":true}]}}