
{"id":3863,"date":"2019-04-26T12:03:07","date_gmt":"2019-04-26T10:03:07","guid":{"rendered":"https:\/\/ticsalutsocial.atoom.space\/?post_type=noticia&#038;p=3863"},"modified":"2021-07-21T15:41:11","modified_gmt":"2021-07-21T13:41:11","slug":"la-fundacio-esclerosi-multiple-lanza-el-primer-portal-especializado-en-la-gestion-de-la-esclerosis-multiple","status":"publish","type":"noticia","link":"https:\/\/ticsalutsocial.atoom.space\/es\/noticia\/la-fundacio-esclerosi-multiple-lanza-el-primer-portal-especializado-en-la-gestion-de-la-esclerosis-multiple\/","title":{"rendered":"La Fundaci\u00f3 Esclerosi M\u00faltiple lanza el primer portal especializado en la gesti\u00f3n de la esclerosis m\u00faltiple"},"content":{"rendered":"<p>La Fundaci\u00f3 Esclerosis M\u00faltiple, fundada en 2013, lanza el <a href=\"https:\/\/www.observatorioesclerosismultiple.com\/es\/\">primer portal especializado en la gesti\u00f3n de la esclerosis m\u00faltiple<\/a>, contenido est\u00e1 validado por el Colegi de Metges de Catalunya y por un Comit\u00e9 de Expertos.<\/p>\n<p>El objetivo del Observatorio es apoderarse el paciente con EM ofreci\u00e9ndole la mejor respuesta posible a todo lo que rodea a la enfermedad, la investigaci\u00f3n, los tratamientos y la mejor gesti\u00f3n del d\u00eda a d\u00eda con esta patolog\u00eda.<\/p>\n<p>Desde el OEM \u00abapostamos por un paciente con EM informado de que pueda gestionar la prevenci\u00f3n, los h\u00e1bitos saludables y las decisiones compartidas con su especialista a trav\u00e9s de un lenguaje comprensible y sin tecnicismos que consigue ofrecer al paciente todas las herramientas para gestionar una enfermedad cr\u00f3nica que se manifiesta en adultos j\u00f3venes.\u00bb<\/p>\n<p>El Observatorio de la Esclerosis M\u00faltiple (OEM), es una herramienta abierta para todo el mundo de car\u00e1cter informativo y formativo, accesible en dos idiomas: catal\u00e1n y castellano.<\/p>\n","protected":false},"author":21,"featured_media":3860,"menu_order":0,"template":"","meta":{"_acf_changed":false,"inline_featured_image":false},"etiqueta":[],"tipus":[],"topic":[],"class_list":["post-3863","noticia","type-noticia","status-publish","has-post-thumbnail","hentry"],"acf":{"imatge":3862,"autor":"Adri\u00e0 G.Font"},"yoast_head":"<!-- This site is optimized with the Yoast SEO plugin v27.1.1 - https:\/\/yoast.com\/product\/yoast-seo-wordpress\/ -->\n<title>La Fundaci\u00f3 Esclerosi M\u00faltiple lanza el primer portal especializado en la gesti\u00f3n de la esclerosis m\u00faltiple - Fundaci\u00f3 TIC Salut i Social<\/title>\n<meta name=\"robots\" content=\"index, follow, max-snippet:-1, max-image-preview:large, max-video-preview:-1\" \/>\n<link rel=\"canonical\" href=\"https:\/\/ticsalutsocial.atoom.space\/es\/noticia\/la-fundacio-esclerosi-multiple-lanza-el-primer-portal-especializado-en-la-gestion-de-la-esclerosis-multiple\/\" \/>\n<meta property=\"og:locale\" content=\"es_ES\" \/>\n<meta property=\"og:type\" content=\"article\" \/>\n<meta property=\"og:title\" content=\"La Fundaci\u00f3 Esclerosi M\u00faltiple lanza el primer portal especializado en la gesti\u00f3n de la esclerosis m\u00faltiple - Fundaci\u00f3 TIC Salut i Social\" \/>\n<meta property=\"og:description\" content=\"La Fundaci\u00f3 Esclerosis M\u00faltiple, fundada en 2013, lanza el primer portal especializado en la gesti\u00f3n de la esclerosis m\u00faltiple, contenido est\u00e1 validado por el Colegi de Metges de Catalunya y por un Comit\u00e9 de Expertos. El objetivo del Observatorio es apoderarse el paciente con EM ofreci\u00e9ndole la mejor respuesta posible a todo lo que rodea [&hellip;]\" \/>\n<meta property=\"og:url\" content=\"https:\/\/ticsalutsocial.atoom.space\/es\/noticia\/la-fundacio-esclerosi-multiple-lanza-el-primer-portal-especializado-en-la-gestion-de-la-esclerosis-multiple\/\" \/>\n<meta property=\"og:site_name\" content=\"Fundaci\u00f3 TIC Salut i Social\" \/>\n<meta property=\"article:modified_time\" content=\"2021-07-21T13:41:11+00:00\" \/>\n<meta property=\"og:image\" content=\"https:\/\/ticsalutsocial.atoom.space\/wp-content\/uploads\/2019\/04\/improvisacio_teatral.jpg\" \/>\n\t<meta property=\"og:image:width\" content=\"1000\" \/>\n\t<meta property=\"og:image:height\" content=\"660\" \/>\n\t<meta property=\"og:image:type\" content=\"image\/jpeg\" \/>\n<meta name=\"twitter:card\" content=\"summary_large_image\" \/>\n<meta name=\"twitter:label1\" content=\"Tiempo de lectura\" \/>\n\t<meta name=\"twitter:data1\" content=\"1 minuto\" \/>\n<script type=\"application\/ld+json\" class=\"yoast-schema-graph\">{\"@context\":\"https:\/\/schema.org\",\"@graph\":[{\"@type\":\"WebPage\",\"@id\":\"https:\/\/ticsalutsocial.atoom.space\/es\/noticia\/la-fundacio-esclerosi-multiple-lanza-el-primer-portal-especializado-en-la-gestion-de-la-esclerosis-multiple\/\",\"url\":\"https:\/\/ticsalutsocial.atoom.space\/es\/noticia\/la-fundacio-esclerosi-multiple-lanza-el-primer-portal-especializado-en-la-gestion-de-la-esclerosis-multiple\/\",\"name\":\"La Fundaci\u00f3 Esclerosi M\u00faltiple lanza el primer portal especializado en la gesti\u00f3n de la esclerosis m\u00faltiple - Fundaci\u00f3 TIC Salut i Social\",\"isPartOf\":{\"@id\":\"https:\/\/ticsalutsocial.atoom.space\/es\/#website\"},\"primaryImageOfPage\":{\"@id\":\"https:\/\/ticsalutsocial.atoom.space\/es\/noticia\/la-fundacio-esclerosi-multiple-lanza-el-primer-portal-especializado-en-la-gestion-de-la-esclerosis-multiple\/#primaryimage\"},\"image\":{\"@id\":\"https:\/\/ticsalutsocial.atoom.space\/es\/noticia\/la-fundacio-esclerosi-multiple-lanza-el-primer-portal-especializado-en-la-gestion-de-la-esclerosis-multiple\/#primaryimage\"},\"thumbnailUrl\":\"https:\/\/ticsalutsocial.atoom.space\/wp-content\/uploads\/2019\/04\/improvisacio_teatral.jpg\",\"datePublished\":\"2019-04-26T10:03:07+00:00\",\"dateModified\":\"2021-07-21T13:41:11+00:00\",\"breadcrumb\":{\"@id\":\"https:\/\/ticsalutsocial.atoom.space\/es\/noticia\/la-fundacio-esclerosi-multiple-lanza-el-primer-portal-especializado-en-la-gestion-de-la-esclerosis-multiple\/#breadcrumb\"},\"inLanguage\":\"es\",\"potentialAction\":[{\"@type\":\"ReadAction\",\"target\":[\"https:\/\/ticsalutsocial.atoom.space\/es\/noticia\/la-fundacio-esclerosi-multiple-lanza-el-primer-portal-especializado-en-la-gestion-de-la-esclerosis-multiple\/\"]}]},{\"@type\":\"ImageObject\",\"inLanguage\":\"es\",\"@id\":\"https:\/\/ticsalutsocial.atoom.space\/es\/noticia\/la-fundacio-esclerosi-multiple-lanza-el-primer-portal-especializado-en-la-gestion-de-la-esclerosis-multiple\/#primaryimage\",\"url\":\"https:\/\/ticsalutsocial.atoom.space\/wp-content\/uploads\/2019\/04\/improvisacio_teatral.jpg\",\"contentUrl\":\"https:\/\/ticsalutsocial.atoom.space\/wp-content\/uploads\/2019\/04\/improvisacio_teatral.jpg\",\"width\":1000,\"height\":660},{\"@type\":\"BreadcrumbList\",\"@id\":\"https:\/\/ticsalutsocial.atoom.space\/es\/noticia\/la-fundacio-esclerosi-multiple-lanza-el-primer-portal-especializado-en-la-gestion-de-la-esclerosis-multiple\/#breadcrumb\",\"itemListElement\":[{\"@type\":\"ListItem\",\"position\":1,\"name\":\"Inici\",\"item\":\"https:\/\/ticsalutsocial.atoom.space\/es\/\"},{\"@type\":\"ListItem\",\"position\":2,\"name\":\"La Fundaci\u00f3 Esclerosi M\u00faltiple lanza el primer portal especializado en la gesti\u00f3n de la esclerosis m\u00faltiple\"}]},{\"@type\":\"WebSite\",\"@id\":\"https:\/\/ticsalutsocial.atoom.space\/es\/#website\",\"url\":\"https:\/\/ticsalutsocial.atoom.space\/es\/\",\"name\":\"Fundaci\u00f3 TIC Salut i Social\",\"description\":\"\",\"potentialAction\":[{\"@type\":\"SearchAction\",\"target\":{\"@type\":\"EntryPoint\",\"urlTemplate\":\"https:\/\/ticsalutsocial.atoom.space\/es\/?s={search_term_string}\"},\"query-input\":{\"@type\":\"PropertyValueSpecification\",\"valueRequired\":true,\"valueName\":\"search_term_string\"}}],\"inLanguage\":\"es\"}]}<\/script>\n<!-- \/ Yoast SEO plugin. -->","yoast_head_json":{"title":"La Fundaci\u00f3 Esclerosi M\u00faltiple lanza el primer portal especializado en la gesti\u00f3n de la esclerosis m\u00faltiple - Fundaci\u00f3 TIC Salut i Social","robots":{"index":"index","follow":"follow","max-snippet":"max-snippet:-1","max-image-preview":"max-image-preview:large","max-video-preview":"max-video-preview:-1"},"canonical":"https:\/\/ticsalutsocial.atoom.space\/es\/noticia\/la-fundacio-esclerosi-multiple-lanza-el-primer-portal-especializado-en-la-gestion-de-la-esclerosis-multiple\/","og_locale":"es_ES","og_type":"article","og_title":"La Fundaci\u00f3 Esclerosi M\u00faltiple lanza el primer portal especializado en la gesti\u00f3n de la esclerosis m\u00faltiple - Fundaci\u00f3 TIC Salut i Social","og_description":"La Fundaci\u00f3 Esclerosis M\u00faltiple, fundada en 2013, lanza el primer portal especializado en la gesti\u00f3n de la esclerosis m\u00faltiple, contenido est\u00e1 validado por el Colegi de Metges de Catalunya y por un Comit\u00e9 de Expertos. El objetivo del Observatorio es apoderarse el paciente con EM ofreci\u00e9ndole la mejor respuesta posible a todo lo que rodea [&hellip;]","og_url":"https:\/\/ticsalutsocial.atoom.space\/es\/noticia\/la-fundacio-esclerosi-multiple-lanza-el-primer-portal-especializado-en-la-gestion-de-la-esclerosis-multiple\/","og_site_name":"Fundaci\u00f3 TIC Salut i Social","article_modified_time":"2021-07-21T13:41:11+00:00","og_image":[{"width":1000,"height":660,"url":"https:\/\/ticsalutsocial.atoom.space\/wp-content\/uploads\/2019\/04\/improvisacio_teatral.jpg","type":"image\/jpeg"}],"twitter_card":"summary_large_image","twitter_misc":{"Tiempo de lectura":"1 minuto"},"schema":{"@context":"https:\/\/schema.org","@graph":[{"@type":"WebPage","@id":"https:\/\/ticsalutsocial.atoom.space\/es\/noticia\/la-fundacio-esclerosi-multiple-lanza-el-primer-portal-especializado-en-la-gestion-de-la-esclerosis-multiple\/","url":"https:\/\/ticsalutsocial.atoom.space\/es\/noticia\/la-fundacio-esclerosi-multiple-lanza-el-primer-portal-especializado-en-la-gestion-de-la-esclerosis-multiple\/","name":"La Fundaci\u00f3 Esclerosi M\u00faltiple lanza el primer portal especializado en la gesti\u00f3n de la esclerosis m\u00faltiple - Fundaci\u00f3 TIC Salut i Social","isPartOf":{"@id":"https:\/\/ticsalutsocial.atoom.space\/es\/#website"},"primaryImageOfPage":{"@id":"https:\/\/ticsalutsocial.atoom.space\/es\/noticia\/la-fundacio-esclerosi-multiple-lanza-el-primer-portal-especializado-en-la-gestion-de-la-esclerosis-multiple\/#primaryimage"},"image":{"@id":"https:\/\/ticsalutsocial.atoom.space\/es\/noticia\/la-fundacio-esclerosi-multiple-lanza-el-primer-portal-especializado-en-la-gestion-de-la-esclerosis-multiple\/#primaryimage"},"thumbnailUrl":"https:\/\/ticsalutsocial.atoom.space\/wp-content\/uploads\/2019\/04\/improvisacio_teatral.jpg","datePublished":"2019-04-26T10:03:07+00:00","dateModified":"2021-07-21T13:41:11+00:00","breadcrumb":{"@id":"https:\/\/ticsalutsocial.atoom.space\/es\/noticia\/la-fundacio-esclerosi-multiple-lanza-el-primer-portal-especializado-en-la-gestion-de-la-esclerosis-multiple\/#breadcrumb"},"inLanguage":"es","potentialAction":[{"@type":"ReadAction","target":["https:\/\/ticsalutsocial.atoom.space\/es\/noticia\/la-fundacio-esclerosi-multiple-lanza-el-primer-portal-especializado-en-la-gestion-de-la-esclerosis-multiple\/"]}]},{"@type":"ImageObject","inLanguage":"es","@id":"https:\/\/ticsalutsocial.atoom.space\/es\/noticia\/la-fundacio-esclerosi-multiple-lanza-el-primer-portal-especializado-en-la-gestion-de-la-esclerosis-multiple\/#primaryimage","url":"https:\/\/ticsalutsocial.atoom.space\/wp-content\/uploads\/2019\/04\/improvisacio_teatral.jpg","contentUrl":"https:\/\/ticsalutsocial.atoom.space\/wp-content\/uploads\/2019\/04\/improvisacio_teatral.jpg","width":1000,"height":660},{"@type":"BreadcrumbList","@id":"https:\/\/ticsalutsocial.atoom.space\/es\/noticia\/la-fundacio-esclerosi-multiple-lanza-el-primer-portal-especializado-en-la-gestion-de-la-esclerosis-multiple\/#breadcrumb","itemListElement":[{"@type":"ListItem","position":1,"name":"Inici","item":"https:\/\/ticsalutsocial.atoom.space\/es\/"},{"@type":"ListItem","position":2,"name":"La Fundaci\u00f3 Esclerosi M\u00faltiple lanza el primer portal especializado en la gesti\u00f3n de la esclerosis m\u00faltiple"}]},{"@type":"WebSite","@id":"https:\/\/ticsalutsocial.atoom.space\/es\/#website","url":"https:\/\/ticsalutsocial.atoom.space\/es\/","name":"Fundaci\u00f3 TIC Salut i Social","description":"","potentialAction":[{"@type":"SearchAction","target":{"@type":"EntryPoint","urlTemplate":"https:\/\/ticsalutsocial.atoom.space\/es\/?s={search_term_string}"},"query-input":{"@type":"PropertyValueSpecification","valueRequired":true,"valueName":"search_term_string"}}],"inLanguage":"es"}]}},"_links":{"self":[{"href":"https:\/\/ticsalutsocial.atoom.space\/es\/wp-json\/wp\/v2\/noticia\/3863","targetHints":{"allow":["GET"]}}],"collection":[{"href":"https:\/\/ticsalutsocial.atoom.space\/es\/wp-json\/wp\/v2\/noticia"}],"about":[{"href":"https:\/\/ticsalutsocial.atoom.space\/es\/wp-json\/wp\/v2\/types\/noticia"}],"author":[{"embeddable":true,"href":"https:\/\/ticsalutsocial.atoom.space\/es\/wp-json\/wp\/v2\/users\/21"}],"wp:featuredmedia":[{"embeddable":true,"href":"https:\/\/ticsalutsocial.atoom.space\/es\/wp-json\/wp\/v2\/media\/3860"}],"wp:attachment":[{"href":"https:\/\/ticsalutsocial.atoom.space\/es\/wp-json\/wp\/v2\/media?parent=3863"}],"wp:term":[{"taxonomy":"etiqueta","embeddable":true,"href":"https:\/\/ticsalutsocial.atoom.space\/es\/wp-json\/wp\/v2\/etiqueta?post=3863"},{"taxonomy":"tipus","embeddable":true,"href":"https:\/\/ticsalutsocial.atoom.space\/es\/wp-json\/wp\/v2\/tipus?post=3863"},{"taxonomy":"topic","embeddable":true,"href":"https:\/\/ticsalutsocial.atoom.space\/es\/wp-json\/wp\/v2\/topic?post=3863"}],"curies":[{"name":"wp","href":"https:\/\/api.w.org\/{rel}","templated":true}]}}