
{"id":3869,"date":"2019-05-02T12:19:41","date_gmt":"2019-05-02T10:19:41","guid":{"rendered":"https:\/\/ticsalutsocial.atoom.space\/?post_type=noticia&#038;p=3869"},"modified":"2021-07-21T15:41:15","modified_gmt":"2021-07-21T13:41:15","slug":"la-fundacio-tic-salut-social-celebra-la-primera-jornada-de-trabajo-de-los-proyectos-de-especializacion-y-competitividad-territorial-pect","status":"publish","type":"noticia","link":"https:\/\/ticsalutsocial.atoom.space\/es\/noticia\/la-fundacio-tic-salut-social-celebra-la-primera-jornada-de-trabajo-de-los-proyectos-de-especializacion-y-competitividad-territorial-pect\/","title":{"rendered":"La Fundaci\u00f3 TIC Salut Social celebra la primera jornada de trabajo de los Proyectos de Especializaci\u00f3n y Competitividad Territorial (PECT)"},"content":{"rendered":"<p>Los Proyectos de Especializaci\u00f3n y Competitividad Territorial (PECT) son iniciativas que impulsan los agentes del territorio y lideran las entidades p\u00fablicas locales para promover actuaciones que contribuyan a la transformaci\u00f3n econ\u00f3mica del territorio y tengan un fuerte componente de innovaci\u00f3n. El pasado martes d\u00eda 30 de abril, la Fundaci\u00f3 TIC Salut Social celebr\u00f3 una jornada en Matar\u00f3 con el objetivo de conocer qu\u00e9 acciones realizada cada entidad y hablar de modelos de sostenibilidad econ\u00f3mica e innovaci\u00f3n en los \u00e1mbitos de salud y social.<\/p>\n<p>Los PECT responden a una estrategia territorial que tiene un consenso amplio en el territorio, persiguen unos objetivos concretos y coherentes y tienen un impacto m\u00faltiple en el territorio de actuaci\u00f3n, mediante la contribuci\u00f3n a la especializaci\u00f3n inteligente, la mejora de la competitividad, la creaci\u00f3n de empleo y, en lo posible, la creaci\u00f3n de v\u00ednculos con la cadena de valor internacional.<\/p>\n<p>La Jefa del \u00c1rea de la Promoci\u00f3n Econ\u00f3mica de la Direcci\u00f3n General de Promoci\u00f3n Econ\u00f3mica, Competencia y Regulaci\u00f3n del Departamento de la Vicepresidencia y de Econom\u00eda y Hacienda, Tatiana Fern\u00e1ndez, fue la encargada de dar la bienvenida y presentar las RIS3CAT, la Estrategia de investigaci\u00f3n e innovaci\u00f3n para la especializaci\u00f3n inteligente de Catalu\u00f1a, como ejemplo de estrategias transformadoras. La Plataforma RIS3-MCAT, disponible en internet, es un proyecto de gobierno abierto, inteligencia artificial y visualizaci\u00f3n de datos, que integra, relaciona y hace interoperables datos abiertos de proyectos de ciencia e innovaci\u00f3n.<\/p>\n<p>El director de la Fundaci\u00f3 TIC Salut Social, Josu\u00e8 Sallent, introdujo los objetivos de la jornada, destacando la importancia de dar visibilidad a este perfil de proyectos, crear sinergias entre los participantes y apoyar como fundaci\u00f3n a esta colaboraci\u00f3n entre ellas.<\/p>\n<div id=\"attachment_17684\" style=\"width: 310px\" class=\"wp-caption alignleft\"><img loading=\"lazy\" decoding=\"async\" aria-describedby=\"caption-attachment-17684\" class=\"wp-image-17684 size-medium\" src=\"https:\/\/ticsalutsocial.atoom.space\/wp-content\/uploads\/2019\/05\/tatiana_josue-300x183-1.png\" alt=\"\" width=\"300\" height=\"183\" \/><p id=\"caption-attachment-17684\" class=\"wp-caption-text\">Tatiana Fern\u00e0ndez y Josu\u00e8 Sallent<\/p><\/div>\n<p>Durante el transcurso de la jornada, diferentes entidades compartieron sus experiencias trabajando en PECT, a la vez que intercambiaron puntos de vista. Algunas de las iniciativas presentadas fueron: T\u2019Activa Terrassa Activa i Saludable (Consorci Sanitari de Terrassa), Envelliment Actiu (Ajuntament de Sabadell), Osona Transformaci\u00f3 Social (Consell Comarcal d\u2019Osona), Better Aging, Neveralone i Deliverybot (Consell Comarcal del Garraf) i Girona, regi\u00f3 saludable (Diputaci\u00f3 de Girona).<\/p>\n<p>El Director General de Administraciones locales, Jordi Castells, concluy\u00f3 el acto.<\/p>\n<div id=\"attachment_17681\" style=\"width: 310px\" class=\"wp-caption alignleft\"><img loading=\"lazy\" decoding=\"async\" aria-describedby=\"caption-attachment-17681\" class=\"wp-image-17681 size-medium\" src=\"https:\/\/ticsalutsocial.atoom.space\/wp-content\/uploads\/2019\/05\/image1-300x225-1.jpeg\" alt=\"\" width=\"300\" height=\"225\" \/><p id=\"caption-attachment-17681\" class=\"wp-caption-text\">Jordi Castells, Director General d&#8217;Administracions locals<\/p><\/div>\n","protected":false},"author":21,"featured_media":3866,"menu_order":0,"template":"","meta":{"_acf_changed":false,"inline_featured_image":false},"etiqueta":[],"tipus":[],"topic":[130,121,123],"class_list":["post-3869","noticia","type-noticia","status-publish","has-post-thumbnail","hentry","topic-la-fundacion","topic-dpd-es","topic-actualidad"],"acf":{"imatge":3868,"autor":"Adri\u00e0 G.Font"},"yoast_head":"<!-- This site is optimized with the Yoast SEO plugin v27.1.1 - https:\/\/yoast.com\/product\/yoast-seo-wordpress\/ -->\n<title>La Fundaci\u00f3 TIC Salut Social celebra la primera jornada de trabajo de los Proyectos de Especializaci\u00f3n y Competitividad Territorial (PECT) - Fundaci\u00f3 TIC Salut i Social<\/title>\n<meta name=\"robots\" content=\"index, follow, max-snippet:-1, max-image-preview:large, max-video-preview:-1\" \/>\n<link rel=\"canonical\" href=\"https:\/\/ticsalutsocial.atoom.space\/es\/noticia\/la-fundacio-tic-salut-social-celebra-la-primera-jornada-de-trabajo-de-los-proyectos-de-especializacion-y-competitividad-territorial-pect\/\" \/>\n<meta property=\"og:locale\" content=\"es_ES\" \/>\n<meta property=\"og:type\" content=\"article\" \/>\n<meta property=\"og:title\" content=\"La Fundaci\u00f3 TIC Salut Social celebra la primera jornada de trabajo de los Proyectos de Especializaci\u00f3n y Competitividad Territorial (PECT) - Fundaci\u00f3 TIC Salut i Social\" \/>\n<meta property=\"og:description\" content=\"Los Proyectos de Especializaci\u00f3n y Competitividad Territorial (PECT) son iniciativas que impulsan los agentes del territorio y lideran las entidades p\u00fablicas locales para promover actuaciones que contribuyan a la transformaci\u00f3n econ\u00f3mica del territorio y tengan un fuerte componente de innovaci\u00f3n. El pasado martes d\u00eda 30 de abril, la Fundaci\u00f3 TIC Salut Social celebr\u00f3 una jornada [&hellip;]\" \/>\n<meta property=\"og:url\" content=\"https:\/\/ticsalutsocial.atoom.space\/es\/noticia\/la-fundacio-tic-salut-social-celebra-la-primera-jornada-de-trabajo-de-los-proyectos-de-especializacion-y-competitividad-territorial-pect\/\" \/>\n<meta property=\"og:site_name\" content=\"Fundaci\u00f3 TIC Salut i Social\" \/>\n<meta property=\"article:modified_time\" content=\"2021-07-21T13:41:15+00:00\" \/>\n<meta property=\"og:image\" content=\"https:\/\/ticsalutsocial.atoom.space\/wp-content\/uploads\/2019\/05\/general.png\" \/>\n\t<meta property=\"og:image:width\" content=\"1178\" \/>\n\t<meta property=\"og:image:height\" content=\"739\" \/>\n\t<meta property=\"og:image:type\" content=\"image\/png\" \/>\n<meta name=\"twitter:card\" content=\"summary_large_image\" \/>\n<meta name=\"twitter:label1\" content=\"Tiempo de lectura\" \/>\n\t<meta name=\"twitter:data1\" content=\"2 minutos\" \/>\n<script type=\"application\/ld+json\" class=\"yoast-schema-graph\">{\"@context\":\"https:\/\/schema.org\",\"@graph\":[{\"@type\":\"WebPage\",\"@id\":\"https:\/\/ticsalutsocial.atoom.space\/es\/noticia\/la-fundacio-tic-salut-social-celebra-la-primera-jornada-de-trabajo-de-los-proyectos-de-especializacion-y-competitividad-territorial-pect\/\",\"url\":\"https:\/\/ticsalutsocial.atoom.space\/es\/noticia\/la-fundacio-tic-salut-social-celebra-la-primera-jornada-de-trabajo-de-los-proyectos-de-especializacion-y-competitividad-territorial-pect\/\",\"name\":\"La Fundaci\u00f3 TIC Salut Social celebra la primera jornada de trabajo de los Proyectos de Especializaci\u00f3n y Competitividad Territorial (PECT) - Fundaci\u00f3 TIC Salut i Social\",\"isPartOf\":{\"@id\":\"https:\/\/ticsalutsocial.atoom.space\/es\/#website\"},\"primaryImageOfPage\":{\"@id\":\"https:\/\/ticsalutsocial.atoom.space\/es\/noticia\/la-fundacio-tic-salut-social-celebra-la-primera-jornada-de-trabajo-de-los-proyectos-de-especializacion-y-competitividad-territorial-pect\/#primaryimage\"},\"image\":{\"@id\":\"https:\/\/ticsalutsocial.atoom.space\/es\/noticia\/la-fundacio-tic-salut-social-celebra-la-primera-jornada-de-trabajo-de-los-proyectos-de-especializacion-y-competitividad-territorial-pect\/#primaryimage\"},\"thumbnailUrl\":\"https:\/\/ticsalutsocial.atoom.space\/wp-content\/uploads\/2019\/05\/general.png\",\"datePublished\":\"2019-05-02T10:19:41+00:00\",\"dateModified\":\"2021-07-21T13:41:15+00:00\",\"breadcrumb\":{\"@id\":\"https:\/\/ticsalutsocial.atoom.space\/es\/noticia\/la-fundacio-tic-salut-social-celebra-la-primera-jornada-de-trabajo-de-los-proyectos-de-especializacion-y-competitividad-territorial-pect\/#breadcrumb\"},\"inLanguage\":\"es\",\"potentialAction\":[{\"@type\":\"ReadAction\",\"target\":[\"https:\/\/ticsalutsocial.atoom.space\/es\/noticia\/la-fundacio-tic-salut-social-celebra-la-primera-jornada-de-trabajo-de-los-proyectos-de-especializacion-y-competitividad-territorial-pect\/\"]}]},{\"@type\":\"ImageObject\",\"inLanguage\":\"es\",\"@id\":\"https:\/\/ticsalutsocial.atoom.space\/es\/noticia\/la-fundacio-tic-salut-social-celebra-la-primera-jornada-de-trabajo-de-los-proyectos-de-especializacion-y-competitividad-territorial-pect\/#primaryimage\",\"url\":\"https:\/\/ticsalutsocial.atoom.space\/wp-content\/uploads\/2019\/05\/general.png\",\"contentUrl\":\"https:\/\/ticsalutsocial.atoom.space\/wp-content\/uploads\/2019\/05\/general.png\",\"width\":1178,\"height\":739},{\"@type\":\"BreadcrumbList\",\"@id\":\"https:\/\/ticsalutsocial.atoom.space\/es\/noticia\/la-fundacio-tic-salut-social-celebra-la-primera-jornada-de-trabajo-de-los-proyectos-de-especializacion-y-competitividad-territorial-pect\/#breadcrumb\",\"itemListElement\":[{\"@type\":\"ListItem\",\"position\":1,\"name\":\"Inici\",\"item\":\"https:\/\/ticsalutsocial.atoom.space\/es\/\"},{\"@type\":\"ListItem\",\"position\":2,\"name\":\"La Fundaci\u00f3 TIC Salut Social celebra la primera jornada de trabajo de los Proyectos de Especializaci\u00f3n y Competitividad Territorial (PECT)\"}]},{\"@type\":\"WebSite\",\"@id\":\"https:\/\/ticsalutsocial.atoom.space\/es\/#website\",\"url\":\"https:\/\/ticsalutsocial.atoom.space\/es\/\",\"name\":\"Fundaci\u00f3 TIC Salut i Social\",\"description\":\"\",\"potentialAction\":[{\"@type\":\"SearchAction\",\"target\":{\"@type\":\"EntryPoint\",\"urlTemplate\":\"https:\/\/ticsalutsocial.atoom.space\/es\/?s={search_term_string}\"},\"query-input\":{\"@type\":\"PropertyValueSpecification\",\"valueRequired\":true,\"valueName\":\"search_term_string\"}}],\"inLanguage\":\"es\"}]}<\/script>\n<!-- \/ Yoast SEO plugin. -->","yoast_head_json":{"title":"La Fundaci\u00f3 TIC Salut Social celebra la primera jornada de trabajo de los Proyectos de Especializaci\u00f3n y Competitividad Territorial (PECT) - Fundaci\u00f3 TIC Salut i Social","robots":{"index":"index","follow":"follow","max-snippet":"max-snippet:-1","max-image-preview":"max-image-preview:large","max-video-preview":"max-video-preview:-1"},"canonical":"https:\/\/ticsalutsocial.atoom.space\/es\/noticia\/la-fundacio-tic-salut-social-celebra-la-primera-jornada-de-trabajo-de-los-proyectos-de-especializacion-y-competitividad-territorial-pect\/","og_locale":"es_ES","og_type":"article","og_title":"La Fundaci\u00f3 TIC Salut Social celebra la primera jornada de trabajo de los Proyectos de Especializaci\u00f3n y Competitividad Territorial (PECT) - Fundaci\u00f3 TIC Salut i Social","og_description":"Los Proyectos de Especializaci\u00f3n y Competitividad Territorial (PECT) son iniciativas que impulsan los agentes del territorio y lideran las entidades p\u00fablicas locales para promover actuaciones que contribuyan a la transformaci\u00f3n econ\u00f3mica del territorio y tengan un fuerte componente de innovaci\u00f3n. El pasado martes d\u00eda 30 de abril, la Fundaci\u00f3 TIC Salut Social celebr\u00f3 una jornada [&hellip;]","og_url":"https:\/\/ticsalutsocial.atoom.space\/es\/noticia\/la-fundacio-tic-salut-social-celebra-la-primera-jornada-de-trabajo-de-los-proyectos-de-especializacion-y-competitividad-territorial-pect\/","og_site_name":"Fundaci\u00f3 TIC Salut i Social","article_modified_time":"2021-07-21T13:41:15+00:00","og_image":[{"width":1178,"height":739,"url":"https:\/\/ticsalutsocial.atoom.space\/wp-content\/uploads\/2019\/05\/general.png","type":"image\/png"}],"twitter_card":"summary_large_image","twitter_misc":{"Tiempo de lectura":"2 minutos"},"schema":{"@context":"https:\/\/schema.org","@graph":[{"@type":"WebPage","@id":"https:\/\/ticsalutsocial.atoom.space\/es\/noticia\/la-fundacio-tic-salut-social-celebra-la-primera-jornada-de-trabajo-de-los-proyectos-de-especializacion-y-competitividad-territorial-pect\/","url":"https:\/\/ticsalutsocial.atoom.space\/es\/noticia\/la-fundacio-tic-salut-social-celebra-la-primera-jornada-de-trabajo-de-los-proyectos-de-especializacion-y-competitividad-territorial-pect\/","name":"La Fundaci\u00f3 TIC Salut Social celebra la primera jornada de trabajo de los Proyectos de Especializaci\u00f3n y Competitividad Territorial (PECT) - Fundaci\u00f3 TIC Salut i Social","isPartOf":{"@id":"https:\/\/ticsalutsocial.atoom.space\/es\/#website"},"primaryImageOfPage":{"@id":"https:\/\/ticsalutsocial.atoom.space\/es\/noticia\/la-fundacio-tic-salut-social-celebra-la-primera-jornada-de-trabajo-de-los-proyectos-de-especializacion-y-competitividad-territorial-pect\/#primaryimage"},"image":{"@id":"https:\/\/ticsalutsocial.atoom.space\/es\/noticia\/la-fundacio-tic-salut-social-celebra-la-primera-jornada-de-trabajo-de-los-proyectos-de-especializacion-y-competitividad-territorial-pect\/#primaryimage"},"thumbnailUrl":"https:\/\/ticsalutsocial.atoom.space\/wp-content\/uploads\/2019\/05\/general.png","datePublished":"2019-05-02T10:19:41+00:00","dateModified":"2021-07-21T13:41:15+00:00","breadcrumb":{"@id":"https:\/\/ticsalutsocial.atoom.space\/es\/noticia\/la-fundacio-tic-salut-social-celebra-la-primera-jornada-de-trabajo-de-los-proyectos-de-especializacion-y-competitividad-territorial-pect\/#breadcrumb"},"inLanguage":"es","potentialAction":[{"@type":"ReadAction","target":["https:\/\/ticsalutsocial.atoom.space\/es\/noticia\/la-fundacio-tic-salut-social-celebra-la-primera-jornada-de-trabajo-de-los-proyectos-de-especializacion-y-competitividad-territorial-pect\/"]}]},{"@type":"ImageObject","inLanguage":"es","@id":"https:\/\/ticsalutsocial.atoom.space\/es\/noticia\/la-fundacio-tic-salut-social-celebra-la-primera-jornada-de-trabajo-de-los-proyectos-de-especializacion-y-competitividad-territorial-pect\/#primaryimage","url":"https:\/\/ticsalutsocial.atoom.space\/wp-content\/uploads\/2019\/05\/general.png","contentUrl":"https:\/\/ticsalutsocial.atoom.space\/wp-content\/uploads\/2019\/05\/general.png","width":1178,"height":739},{"@type":"BreadcrumbList","@id":"https:\/\/ticsalutsocial.atoom.space\/es\/noticia\/la-fundacio-tic-salut-social-celebra-la-primera-jornada-de-trabajo-de-los-proyectos-de-especializacion-y-competitividad-territorial-pect\/#breadcrumb","itemListElement":[{"@type":"ListItem","position":1,"name":"Inici","item":"https:\/\/ticsalutsocial.atoom.space\/es\/"},{"@type":"ListItem","position":2,"name":"La Fundaci\u00f3 TIC Salut Social celebra la primera jornada de trabajo de los Proyectos de Especializaci\u00f3n y Competitividad Territorial (PECT)"}]},{"@type":"WebSite","@id":"https:\/\/ticsalutsocial.atoom.space\/es\/#website","url":"https:\/\/ticsalutsocial.atoom.space\/es\/","name":"Fundaci\u00f3 TIC Salut i Social","description":"","potentialAction":[{"@type":"SearchAction","target":{"@type":"EntryPoint","urlTemplate":"https:\/\/ticsalutsocial.atoom.space\/es\/?s={search_term_string}"},"query-input":{"@type":"PropertyValueSpecification","valueRequired":true,"valueName":"search_term_string"}}],"inLanguage":"es"}]}},"_links":{"self":[{"href":"https:\/\/ticsalutsocial.atoom.space\/es\/wp-json\/wp\/v2\/noticia\/3869","targetHints":{"allow":["GET"]}}],"collection":[{"href":"https:\/\/ticsalutsocial.atoom.space\/es\/wp-json\/wp\/v2\/noticia"}],"about":[{"href":"https:\/\/ticsalutsocial.atoom.space\/es\/wp-json\/wp\/v2\/types\/noticia"}],"author":[{"embeddable":true,"href":"https:\/\/ticsalutsocial.atoom.space\/es\/wp-json\/wp\/v2\/users\/21"}],"wp:featuredmedia":[{"embeddable":true,"href":"https:\/\/ticsalutsocial.atoom.space\/es\/wp-json\/wp\/v2\/media\/3866"}],"wp:attachment":[{"href":"https:\/\/ticsalutsocial.atoom.space\/es\/wp-json\/wp\/v2\/media?parent=3869"}],"wp:term":[{"taxonomy":"etiqueta","embeddable":true,"href":"https:\/\/ticsalutsocial.atoom.space\/es\/wp-json\/wp\/v2\/etiqueta?post=3869"},{"taxonomy":"tipus","embeddable":true,"href":"https:\/\/ticsalutsocial.atoom.space\/es\/wp-json\/wp\/v2\/tipus?post=3869"},{"taxonomy":"topic","embeddable":true,"href":"https:\/\/ticsalutsocial.atoom.space\/es\/wp-json\/wp\/v2\/topic?post=3869"}],"curies":[{"name":"wp","href":"https:\/\/api.w.org\/{rel}","templated":true}]}}