
{"id":3874,"date":"2019-05-09T15:17:56","date_gmt":"2019-05-09T13:17:56","guid":{"rendered":"https:\/\/ticsalutsocial.atoom.space\/?post_type=noticia&#038;p=3874"},"modified":"2021-07-21T15:41:17","modified_gmt":"2021-07-21T13:41:17","slug":"la-interoperabilidad-en-el-ambito-de-la-salud-protagonista-del-ultimo-mes","status":"publish","type":"noticia","link":"https:\/\/ticsalutsocial.atoom.space\/es\/noticia\/la-interoperabilidad-en-el-ambito-de-la-salud-protagonista-del-ultimo-mes\/","title":{"rendered":"La interoperabilidad en el \u00e1mbito de la salud, protagonista del \u00faltimo mes"},"content":{"rendered":"<p>Durante el pasado mes de abril coincidieron diferentes acontecimientos que han tenido como tema central la interoperabilidad en el \u00e1mbito de la salud, y en los cuales la OFSTI (Oficina de Est\u00e1ndares e Interoperabilidad) de la Fundaci\u00f3 TIC Salut Social particip\u00f3 activamente.<\/p>\n<p>En primer lugar, los d\u00edas 2 y 3 de abril se celebr\u00f3 el <a href=\"https:\/\/seis.es\/ix-foro-interoperabilidad\/\">Foro de Interoperabilidad en salud<\/a>, organizado por la SEIS en Oviedo y que estuvo precedido por la reuni\u00f3n del Comit\u00e9 T\u00e9cnico en Interoperabilidad de \u00e1mbito Estatal. Durante las diferentes sesiones que reuni\u00f3 el congreso, se dieron a conocer diferentes proyectos, soluciones e iniciativas de toda Espa\u00f1a, que ten\u00edan como elemento vehicular la interoperabilidad.<\/p>\n<p>Desde el OFSTI se particip\u00f3 tanto en la reuni\u00f3n del Comit\u00e9 como el Foro, donde se present\u00f3 el estado actual de la Interoperabilidad al SISCAT, destacando los est\u00e1ndares que permiten alcanzarla. Durante la ponencia tambi\u00e9n se explic\u00f3 el proyecto intersocial, como iniciativa pionera para avanzar en la interoperabilidad del \u00e1mbito de la atenci\u00f3n social y en su integraci\u00f3n con salud.<\/p>\n<div id=\"attachment_17803\" style=\"width: 310px\" class=\"wp-caption alignnone\"><img loading=\"lazy\" decoding=\"async\" aria-describedby=\"caption-attachment-17803\" class=\"wp-image-17803 size-medium\" src=\"https:\/\/ticsalutsocial.atoom.space\/wp-content\/uploads\/2019\/05\/dsc_2470-300x199-1.jpg\" alt=\"\" width=\"300\" height=\"199\" \/><p id=\"caption-attachment-17803\" class=\"wp-caption-text\">Mesa de debate: \u201cProyectos y planes del Sistema Sanitario\u201d, moderada por D\u00aa Mercedes Alfaro Latorre<\/p><\/div>\n<p>A mediados de mes, concretamente viernes 12 de abril, se realiz\u00f3 la Jornada sobre interoperabilidad en el \u00e1mbito de la salud mental en Barcelona, \u200b\u200borganizada por iSalus, el Cl\u00faster de Salut Mental de Catalunya y la Fundaci\u00f3 TIC Salut Social. Las diferentes presentaciones que se realizaron permitieron ofrecer una visi\u00f3n general del SISCAT, particularizada en los centros y la atenci\u00f3n de salud mental, as\u00ed como en hacer una introducci\u00f3n a los principales est\u00e1ndares de interoperabilidad que se utilizan: HL7 CDA , HL7 mensajer\u00eda 2.x, FHIR, LOINC, SNOMED CT, etc. La jornada cont\u00f3 con la participaci\u00f3n de cerca de 90 asistentes con diferentes perfiles: asistenciales, t\u00e9cnicos, de gesti\u00f3n, etc.<\/p>\n<p>Por \u00faltimo, y cerrando el mes, desde HL7 Spain y La Fundaci\u00f3 TIC Salut Social se llev\u00f3 a cabo el Taller sobre el est\u00e1ndar FHIR. La acci\u00f3n formativa cont\u00f3 con la participaci\u00f3n de 25 alumnos procedentes de Madrid, Valencia y Catalu\u00f1a que del 24 al 26 de abril se introdujeron y profundizar en la \u00faltima especificaci\u00f3n del est\u00e1ndar de intercambio de informaci\u00f3n de HL7 FHIR.<\/p>\n","protected":false},"author":21,"featured_media":3871,"menu_order":0,"template":"","meta":{"_acf_changed":false,"inline_featured_image":false},"etiqueta":[],"tipus":[84],"topic":[117,119,121],"class_list":["post-3874","noticia","type-noticia","status-publish","has-post-thumbnail","hentry","tipus-oficina-interoperabilidad","topic-jornadas","topic-innovacion","topic-dpd-es"],"acf":{"imatge":3873,"autor":"Ariadna Rius"},"yoast_head":"<!-- This site is optimized with the Yoast SEO plugin v27.1.1 - https:\/\/yoast.com\/product\/yoast-seo-wordpress\/ -->\n<title>La interoperabilidad en el \u00e1mbito de la salud, protagonista del \u00faltimo mes - Fundaci\u00f3 TIC Salut i Social<\/title>\n<meta name=\"robots\" content=\"index, follow, max-snippet:-1, max-image-preview:large, max-video-preview:-1\" \/>\n<link rel=\"canonical\" href=\"https:\/\/ticsalutsocial.atoom.space\/es\/noticia\/la-interoperabilidad-en-el-ambito-de-la-salud-protagonista-del-ultimo-mes\/\" \/>\n<meta property=\"og:locale\" content=\"es_ES\" \/>\n<meta property=\"og:type\" content=\"article\" \/>\n<meta property=\"og:title\" content=\"La interoperabilidad en el \u00e1mbito de la salud, protagonista del \u00faltimo mes - Fundaci\u00f3 TIC Salut i Social\" \/>\n<meta property=\"og:description\" content=\"Durante el pasado mes de abril coincidieron diferentes acontecimientos que han tenido como tema central la interoperabilidad en el \u00e1mbito de la salud, y en los cuales la OFSTI (Oficina de Est\u00e1ndares e Interoperabilidad) de la Fundaci\u00f3 TIC Salut Social particip\u00f3 activamente. En primer lugar, los d\u00edas 2 y 3 de abril se celebr\u00f3 el [&hellip;]\" \/>\n<meta property=\"og:url\" content=\"https:\/\/ticsalutsocial.atoom.space\/es\/noticia\/la-interoperabilidad-en-el-ambito-de-la-salud-protagonista-del-ultimo-mes\/\" \/>\n<meta property=\"og:site_name\" content=\"Fundaci\u00f3 TIC Salut i Social\" \/>\n<meta property=\"article:modified_time\" content=\"2021-07-21T13:41:17+00:00\" \/>\n<meta property=\"og:image\" content=\"https:\/\/ticsalutsocial.atoom.space\/wp-content\/uploads\/2019\/05\/img_4897.jpg\" \/>\n\t<meta property=\"og:image:width\" content=\"2016\" \/>\n\t<meta property=\"og:image:height\" content=\"1512\" \/>\n\t<meta property=\"og:image:type\" content=\"image\/jpeg\" \/>\n<meta name=\"twitter:card\" content=\"summary_large_image\" \/>\n<meta name=\"twitter:label1\" content=\"Tiempo de lectura\" \/>\n\t<meta name=\"twitter:data1\" content=\"2 minutos\" \/>\n<script type=\"application\/ld+json\" class=\"yoast-schema-graph\">{\"@context\":\"https:\/\/schema.org\",\"@graph\":[{\"@type\":\"WebPage\",\"@id\":\"https:\/\/ticsalutsocial.atoom.space\/es\/noticia\/la-interoperabilidad-en-el-ambito-de-la-salud-protagonista-del-ultimo-mes\/\",\"url\":\"https:\/\/ticsalutsocial.atoom.space\/es\/noticia\/la-interoperabilidad-en-el-ambito-de-la-salud-protagonista-del-ultimo-mes\/\",\"name\":\"La interoperabilidad en el \u00e1mbito de la salud, protagonista del \u00faltimo mes - Fundaci\u00f3 TIC Salut i Social\",\"isPartOf\":{\"@id\":\"https:\/\/ticsalutsocial.atoom.space\/es\/#website\"},\"primaryImageOfPage\":{\"@id\":\"https:\/\/ticsalutsocial.atoom.space\/es\/noticia\/la-interoperabilidad-en-el-ambito-de-la-salud-protagonista-del-ultimo-mes\/#primaryimage\"},\"image\":{\"@id\":\"https:\/\/ticsalutsocial.atoom.space\/es\/noticia\/la-interoperabilidad-en-el-ambito-de-la-salud-protagonista-del-ultimo-mes\/#primaryimage\"},\"thumbnailUrl\":\"https:\/\/ticsalutsocial.atoom.space\/wp-content\/uploads\/2019\/05\/img_4897.jpg\",\"datePublished\":\"2019-05-09T13:17:56+00:00\",\"dateModified\":\"2021-07-21T13:41:17+00:00\",\"breadcrumb\":{\"@id\":\"https:\/\/ticsalutsocial.atoom.space\/es\/noticia\/la-interoperabilidad-en-el-ambito-de-la-salud-protagonista-del-ultimo-mes\/#breadcrumb\"},\"inLanguage\":\"es\",\"potentialAction\":[{\"@type\":\"ReadAction\",\"target\":[\"https:\/\/ticsalutsocial.atoom.space\/es\/noticia\/la-interoperabilidad-en-el-ambito-de-la-salud-protagonista-del-ultimo-mes\/\"]}]},{\"@type\":\"ImageObject\",\"inLanguage\":\"es\",\"@id\":\"https:\/\/ticsalutsocial.atoom.space\/es\/noticia\/la-interoperabilidad-en-el-ambito-de-la-salud-protagonista-del-ultimo-mes\/#primaryimage\",\"url\":\"https:\/\/ticsalutsocial.atoom.space\/wp-content\/uploads\/2019\/05\/img_4897.jpg\",\"contentUrl\":\"https:\/\/ticsalutsocial.atoom.space\/wp-content\/uploads\/2019\/05\/img_4897.jpg\",\"width\":2016,\"height\":1512},{\"@type\":\"BreadcrumbList\",\"@id\":\"https:\/\/ticsalutsocial.atoom.space\/es\/noticia\/la-interoperabilidad-en-el-ambito-de-la-salud-protagonista-del-ultimo-mes\/#breadcrumb\",\"itemListElement\":[{\"@type\":\"ListItem\",\"position\":1,\"name\":\"Inici\",\"item\":\"https:\/\/ticsalutsocial.atoom.space\/es\/\"},{\"@type\":\"ListItem\",\"position\":2,\"name\":\"La interoperabilidad en el \u00e1mbito de la salud, protagonista del \u00faltimo mes\"}]},{\"@type\":\"WebSite\",\"@id\":\"https:\/\/ticsalutsocial.atoom.space\/es\/#website\",\"url\":\"https:\/\/ticsalutsocial.atoom.space\/es\/\",\"name\":\"Fundaci\u00f3 TIC Salut i Social\",\"description\":\"\",\"potentialAction\":[{\"@type\":\"SearchAction\",\"target\":{\"@type\":\"EntryPoint\",\"urlTemplate\":\"https:\/\/ticsalutsocial.atoom.space\/es\/?s={search_term_string}\"},\"query-input\":{\"@type\":\"PropertyValueSpecification\",\"valueRequired\":true,\"valueName\":\"search_term_string\"}}],\"inLanguage\":\"es\"}]}<\/script>\n<!-- \/ Yoast SEO plugin. -->","yoast_head_json":{"title":"La interoperabilidad en el \u00e1mbito de la salud, protagonista del \u00faltimo mes - Fundaci\u00f3 TIC Salut i Social","robots":{"index":"index","follow":"follow","max-snippet":"max-snippet:-1","max-image-preview":"max-image-preview:large","max-video-preview":"max-video-preview:-1"},"canonical":"https:\/\/ticsalutsocial.atoom.space\/es\/noticia\/la-interoperabilidad-en-el-ambito-de-la-salud-protagonista-del-ultimo-mes\/","og_locale":"es_ES","og_type":"article","og_title":"La interoperabilidad en el \u00e1mbito de la salud, protagonista del \u00faltimo mes - Fundaci\u00f3 TIC Salut i Social","og_description":"Durante el pasado mes de abril coincidieron diferentes acontecimientos que han tenido como tema central la interoperabilidad en el \u00e1mbito de la salud, y en los cuales la OFSTI (Oficina de Est\u00e1ndares e Interoperabilidad) de la Fundaci\u00f3 TIC Salut Social particip\u00f3 activamente. En primer lugar, los d\u00edas 2 y 3 de abril se celebr\u00f3 el [&hellip;]","og_url":"https:\/\/ticsalutsocial.atoom.space\/es\/noticia\/la-interoperabilidad-en-el-ambito-de-la-salud-protagonista-del-ultimo-mes\/","og_site_name":"Fundaci\u00f3 TIC Salut i Social","article_modified_time":"2021-07-21T13:41:17+00:00","og_image":[{"width":2016,"height":1512,"url":"https:\/\/ticsalutsocial.atoom.space\/wp-content\/uploads\/2019\/05\/img_4897.jpg","type":"image\/jpeg"}],"twitter_card":"summary_large_image","twitter_misc":{"Tiempo de lectura":"2 minutos"},"schema":{"@context":"https:\/\/schema.org","@graph":[{"@type":"WebPage","@id":"https:\/\/ticsalutsocial.atoom.space\/es\/noticia\/la-interoperabilidad-en-el-ambito-de-la-salud-protagonista-del-ultimo-mes\/","url":"https:\/\/ticsalutsocial.atoom.space\/es\/noticia\/la-interoperabilidad-en-el-ambito-de-la-salud-protagonista-del-ultimo-mes\/","name":"La interoperabilidad en el \u00e1mbito de la salud, protagonista del \u00faltimo mes - Fundaci\u00f3 TIC Salut i Social","isPartOf":{"@id":"https:\/\/ticsalutsocial.atoom.space\/es\/#website"},"primaryImageOfPage":{"@id":"https:\/\/ticsalutsocial.atoom.space\/es\/noticia\/la-interoperabilidad-en-el-ambito-de-la-salud-protagonista-del-ultimo-mes\/#primaryimage"},"image":{"@id":"https:\/\/ticsalutsocial.atoom.space\/es\/noticia\/la-interoperabilidad-en-el-ambito-de-la-salud-protagonista-del-ultimo-mes\/#primaryimage"},"thumbnailUrl":"https:\/\/ticsalutsocial.atoom.space\/wp-content\/uploads\/2019\/05\/img_4897.jpg","datePublished":"2019-05-09T13:17:56+00:00","dateModified":"2021-07-21T13:41:17+00:00","breadcrumb":{"@id":"https:\/\/ticsalutsocial.atoom.space\/es\/noticia\/la-interoperabilidad-en-el-ambito-de-la-salud-protagonista-del-ultimo-mes\/#breadcrumb"},"inLanguage":"es","potentialAction":[{"@type":"ReadAction","target":["https:\/\/ticsalutsocial.atoom.space\/es\/noticia\/la-interoperabilidad-en-el-ambito-de-la-salud-protagonista-del-ultimo-mes\/"]}]},{"@type":"ImageObject","inLanguage":"es","@id":"https:\/\/ticsalutsocial.atoom.space\/es\/noticia\/la-interoperabilidad-en-el-ambito-de-la-salud-protagonista-del-ultimo-mes\/#primaryimage","url":"https:\/\/ticsalutsocial.atoom.space\/wp-content\/uploads\/2019\/05\/img_4897.jpg","contentUrl":"https:\/\/ticsalutsocial.atoom.space\/wp-content\/uploads\/2019\/05\/img_4897.jpg","width":2016,"height":1512},{"@type":"BreadcrumbList","@id":"https:\/\/ticsalutsocial.atoom.space\/es\/noticia\/la-interoperabilidad-en-el-ambito-de-la-salud-protagonista-del-ultimo-mes\/#breadcrumb","itemListElement":[{"@type":"ListItem","position":1,"name":"Inici","item":"https:\/\/ticsalutsocial.atoom.space\/es\/"},{"@type":"ListItem","position":2,"name":"La interoperabilidad en el \u00e1mbito de la salud, protagonista del \u00faltimo mes"}]},{"@type":"WebSite","@id":"https:\/\/ticsalutsocial.atoom.space\/es\/#website","url":"https:\/\/ticsalutsocial.atoom.space\/es\/","name":"Fundaci\u00f3 TIC Salut i Social","description":"","potentialAction":[{"@type":"SearchAction","target":{"@type":"EntryPoint","urlTemplate":"https:\/\/ticsalutsocial.atoom.space\/es\/?s={search_term_string}"},"query-input":{"@type":"PropertyValueSpecification","valueRequired":true,"valueName":"search_term_string"}}],"inLanguage":"es"}]}},"_links":{"self":[{"href":"https:\/\/ticsalutsocial.atoom.space\/es\/wp-json\/wp\/v2\/noticia\/3874","targetHints":{"allow":["GET"]}}],"collection":[{"href":"https:\/\/ticsalutsocial.atoom.space\/es\/wp-json\/wp\/v2\/noticia"}],"about":[{"href":"https:\/\/ticsalutsocial.atoom.space\/es\/wp-json\/wp\/v2\/types\/noticia"}],"author":[{"embeddable":true,"href":"https:\/\/ticsalutsocial.atoom.space\/es\/wp-json\/wp\/v2\/users\/21"}],"wp:featuredmedia":[{"embeddable":true,"href":"https:\/\/ticsalutsocial.atoom.space\/es\/wp-json\/wp\/v2\/media\/3871"}],"wp:attachment":[{"href":"https:\/\/ticsalutsocial.atoom.space\/es\/wp-json\/wp\/v2\/media?parent=3874"}],"wp:term":[{"taxonomy":"etiqueta","embeddable":true,"href":"https:\/\/ticsalutsocial.atoom.space\/es\/wp-json\/wp\/v2\/etiqueta?post=3874"},{"taxonomy":"tipus","embeddable":true,"href":"https:\/\/ticsalutsocial.atoom.space\/es\/wp-json\/wp\/v2\/tipus?post=3874"},{"taxonomy":"topic","embeddable":true,"href":"https:\/\/ticsalutsocial.atoom.space\/es\/wp-json\/wp\/v2\/topic?post=3874"}],"curies":[{"name":"wp","href":"https:\/\/api.w.org\/{rel}","templated":true}]}}