
{"id":3891,"date":"2019-05-15T10:31:42","date_gmt":"2019-05-15T08:31:42","guid":{"rendered":"https:\/\/ticsalutsocial.atoom.space\/?post_type=noticia&#038;p=3891"},"modified":"2021-07-21T15:41:26","modified_gmt":"2021-07-21T13:41:26","slug":"celebrada-la-primera-jornada-dpd-de-salud-con-entidades-del-sector-publico-institucional","status":"publish","type":"noticia","link":"https:\/\/ticsalutsocial.atoom.space\/es\/noticia\/celebrada-la-primera-jornada-dpd-de-salud-con-entidades-del-sector-publico-institucional\/","title":{"rendered":"Celebrada la primera jornada DPD de Salud con entidades del sector p\u00fablico institucional"},"content":{"rendered":"<p><img decoding=\"async\" class=\"alignleft size-medium wp-image-17861\" src=\"https:\/\/ticsalutsocial.atoom.space\/wp-content\/uploads\/2019\/05\/dpds_rgb-01-300x75-1.jpg\" alt=\"\" \/>Esta ma\u00f1ana se ha celebrado la primera jornada DPD de Salud con entidades del sector p\u00fablico institucional. El acto ha tenido lugar en el Edifici Salvany de Barcelona y ha sido organizado por la Fundaci\u00f3 TIC Salut Social como Delegado de Protecci\u00f3n de Datos del Departament de Salut, con el objetivo de impulsar la figura del DPD fomentando la comunicaci\u00f3n, cooperaci\u00f3n y el intercambio de experiencias entre delegados de protecci\u00f3n de datos del \u00e1mbito de Salud. En la actualidad, 31 entidades ya se han adherido al DPD de Salud.<\/p>\n<p>El director de TIC Salut Social, Josu\u00e8 Sallent, en su presentaci\u00f3n ha invitado a las diferentes entidades a \u00abtrabajar de manera coordinada, compartiendo conocimiento y buscando problem\u00e1ticas y soluciones comunes\u00bb. Sallent ha puesto como ejemplo un caso en el que el ciudadano se dirige a su hospital para realizar una solicitud de informaci\u00f3n de gesti\u00f3n de sus datos. \u00abEl ciudadano no tiene por qu\u00e9 conocer los detalles internos de cada entidad. La persona se dirige al Sistema, por lo tanto, la coordinaci\u00f3n entre nosotros es clave. \u00bb<\/p>\n<p>Con esta finalidad, la de coordinar las diferentes entidades adheridas y compartir el conocimiento, se ha convocado esta jornada de trabajo, en la que las entidades asistentes han podido plantear de forma conjunta los temas que afectan de manera m\u00e1s relevante a su actividad. Robert Rubio, responsable de la Oficina del DPD de Salud, ha abordado diferentes problem\u00e1ticas que se plantean en la pr\u00e1ctica diaria de esta profesi\u00f3n en el sector p\u00fablico de Salud y ha invitado a las entidades a seguir manteniendo el contacto entre los profesionales y crear mecanismos de cooperaci\u00f3n entre los mismos.<\/p>\n<p>Est\u00e1 previsto realizar una segunda jornada despu\u00e9s del verano.<\/p>\n<p>Entidades que han participado en la jornada:<\/p>\n<ul>\n<li>Fundaci\u00f3 TIC Salut Social<\/li>\n<li>CAPSBE<\/li>\n<li>Hospital Cl\u00ednic de Barcelona<\/li>\n<li>Hospital de Granollers<\/li>\n<li>Consorci de Salut i Social de Catalunya<\/li>\n<li>Ag\u00e8ncia Salut P\u00fablica de Barcelona<\/li>\n<li>Hospital d\u2019Olot<\/li>\n<li>Consorci Sanitari Integral<\/li>\n<li>Corporaci\u00f3 Parc Taul\u00ed<\/li>\n<\/ul>\n","protected":false},"author":21,"featured_media":3890,"menu_order":0,"template":"","meta":{"_acf_changed":false,"inline_featured_image":false},"etiqueta":[],"tipus":[],"topic":[121,123],"class_list":["post-3891","noticia","type-noticia","status-publish","has-post-thumbnail","hentry","topic-dpd-es","topic-actualidad"],"acf":{"imatge":3890,"autor":"Adri\u00e0 G.Font","textos_destacats":[{"texte":"\"Coordinar y compartir para beneficiar el Sistema\""}]},"yoast_head":"<!-- This site is optimized with the Yoast SEO plugin v27.1.1 - https:\/\/yoast.com\/product\/yoast-seo-wordpress\/ -->\n<title>Celebrada la primera jornada DPD de Salud con entidades del sector p\u00fablico institucional - Fundaci\u00f3 TIC Salut i Social<\/title>\n<meta name=\"robots\" content=\"index, follow, max-snippet:-1, max-image-preview:large, max-video-preview:-1\" \/>\n<link rel=\"canonical\" href=\"https:\/\/ticsalutsocial.atoom.space\/es\/noticia\/celebrada-la-primera-jornada-dpd-de-salud-con-entidades-del-sector-publico-institucional\/\" \/>\n<meta property=\"og:locale\" content=\"es_ES\" \/>\n<meta property=\"og:type\" content=\"article\" \/>\n<meta property=\"og:title\" content=\"Celebrada la primera jornada DPD de Salud con entidades del sector p\u00fablico institucional - Fundaci\u00f3 TIC Salut i Social\" \/>\n<meta property=\"og:description\" content=\"Esta ma\u00f1ana se ha celebrado la primera jornada DPD de Salud con entidades del sector p\u00fablico institucional. El acto ha tenido lugar en el Edifici Salvany de Barcelona y ha sido organizado por la Fundaci\u00f3 TIC Salut Social como Delegado de Protecci\u00f3n de Datos del Departament de Salut, con el objetivo de impulsar la figura [&hellip;]\" \/>\n<meta property=\"og:url\" content=\"https:\/\/ticsalutsocial.atoom.space\/es\/noticia\/celebrada-la-primera-jornada-dpd-de-salud-con-entidades-del-sector-publico-institucional\/\" \/>\n<meta property=\"og:site_name\" content=\"Fundaci\u00f3 TIC Salut i Social\" \/>\n<meta property=\"article:modified_time\" content=\"2021-07-21T13:41:26+00:00\" \/>\n<meta property=\"og:image\" content=\"https:\/\/ticsalutsocial.atoom.space\/wp-content\/uploads\/2019\/05\/d6l77crwwaa_1pu.jpg\" \/>\n\t<meta property=\"og:image:width\" content=\"2048\" \/>\n\t<meta property=\"og:image:height\" content=\"1536\" \/>\n\t<meta property=\"og:image:type\" content=\"image\/jpeg\" \/>\n<meta name=\"twitter:card\" content=\"summary_large_image\" \/>\n<meta name=\"twitter:label1\" content=\"Tiempo de lectura\" \/>\n\t<meta name=\"twitter:data1\" content=\"2 minutos\" \/>\n<script type=\"application\/ld+json\" class=\"yoast-schema-graph\">{\"@context\":\"https:\/\/schema.org\",\"@graph\":[{\"@type\":\"WebPage\",\"@id\":\"https:\/\/ticsalutsocial.atoom.space\/es\/noticia\/celebrada-la-primera-jornada-dpd-de-salud-con-entidades-del-sector-publico-institucional\/\",\"url\":\"https:\/\/ticsalutsocial.atoom.space\/es\/noticia\/celebrada-la-primera-jornada-dpd-de-salud-con-entidades-del-sector-publico-institucional\/\",\"name\":\"Celebrada la primera jornada DPD de Salud con entidades del sector p\u00fablico institucional - Fundaci\u00f3 TIC Salut i Social\",\"isPartOf\":{\"@id\":\"https:\/\/ticsalutsocial.atoom.space\/es\/#website\"},\"primaryImageOfPage\":{\"@id\":\"https:\/\/ticsalutsocial.atoom.space\/es\/noticia\/celebrada-la-primera-jornada-dpd-de-salud-con-entidades-del-sector-publico-institucional\/#primaryimage\"},\"image\":{\"@id\":\"https:\/\/ticsalutsocial.atoom.space\/es\/noticia\/celebrada-la-primera-jornada-dpd-de-salud-con-entidades-del-sector-publico-institucional\/#primaryimage\"},\"thumbnailUrl\":\"https:\/\/ticsalutsocial.atoom.space\/wp-content\/uploads\/2019\/05\/d6l77crwwaa_1pu.jpg\",\"datePublished\":\"2019-05-15T08:31:42+00:00\",\"dateModified\":\"2021-07-21T13:41:26+00:00\",\"breadcrumb\":{\"@id\":\"https:\/\/ticsalutsocial.atoom.space\/es\/noticia\/celebrada-la-primera-jornada-dpd-de-salud-con-entidades-del-sector-publico-institucional\/#breadcrumb\"},\"inLanguage\":\"es\",\"potentialAction\":[{\"@type\":\"ReadAction\",\"target\":[\"https:\/\/ticsalutsocial.atoom.space\/es\/noticia\/celebrada-la-primera-jornada-dpd-de-salud-con-entidades-del-sector-publico-institucional\/\"]}]},{\"@type\":\"ImageObject\",\"inLanguage\":\"es\",\"@id\":\"https:\/\/ticsalutsocial.atoom.space\/es\/noticia\/celebrada-la-primera-jornada-dpd-de-salud-con-entidades-del-sector-publico-institucional\/#primaryimage\",\"url\":\"https:\/\/ticsalutsocial.atoom.space\/wp-content\/uploads\/2019\/05\/d6l77crwwaa_1pu.jpg\",\"contentUrl\":\"https:\/\/ticsalutsocial.atoom.space\/wp-content\/uploads\/2019\/05\/d6l77crwwaa_1pu.jpg\",\"width\":2048,\"height\":1536},{\"@type\":\"BreadcrumbList\",\"@id\":\"https:\/\/ticsalutsocial.atoom.space\/es\/noticia\/celebrada-la-primera-jornada-dpd-de-salud-con-entidades-del-sector-publico-institucional\/#breadcrumb\",\"itemListElement\":[{\"@type\":\"ListItem\",\"position\":1,\"name\":\"Inici\",\"item\":\"https:\/\/ticsalutsocial.atoom.space\/es\/\"},{\"@type\":\"ListItem\",\"position\":2,\"name\":\"Celebrada la primera jornada DPD de Salud con entidades del sector p\u00fablico institucional\"}]},{\"@type\":\"WebSite\",\"@id\":\"https:\/\/ticsalutsocial.atoom.space\/es\/#website\",\"url\":\"https:\/\/ticsalutsocial.atoom.space\/es\/\",\"name\":\"Fundaci\u00f3 TIC Salut i Social\",\"description\":\"\",\"potentialAction\":[{\"@type\":\"SearchAction\",\"target\":{\"@type\":\"EntryPoint\",\"urlTemplate\":\"https:\/\/ticsalutsocial.atoom.space\/es\/?s={search_term_string}\"},\"query-input\":{\"@type\":\"PropertyValueSpecification\",\"valueRequired\":true,\"valueName\":\"search_term_string\"}}],\"inLanguage\":\"es\"}]}<\/script>\n<!-- \/ Yoast SEO plugin. -->","yoast_head_json":{"title":"Celebrada la primera jornada DPD de Salud con entidades del sector p\u00fablico institucional - Fundaci\u00f3 TIC Salut i Social","robots":{"index":"index","follow":"follow","max-snippet":"max-snippet:-1","max-image-preview":"max-image-preview:large","max-video-preview":"max-video-preview:-1"},"canonical":"https:\/\/ticsalutsocial.atoom.space\/es\/noticia\/celebrada-la-primera-jornada-dpd-de-salud-con-entidades-del-sector-publico-institucional\/","og_locale":"es_ES","og_type":"article","og_title":"Celebrada la primera jornada DPD de Salud con entidades del sector p\u00fablico institucional - Fundaci\u00f3 TIC Salut i Social","og_description":"Esta ma\u00f1ana se ha celebrado la primera jornada DPD de Salud con entidades del sector p\u00fablico institucional. El acto ha tenido lugar en el Edifici Salvany de Barcelona y ha sido organizado por la Fundaci\u00f3 TIC Salut Social como Delegado de Protecci\u00f3n de Datos del Departament de Salut, con el objetivo de impulsar la figura [&hellip;]","og_url":"https:\/\/ticsalutsocial.atoom.space\/es\/noticia\/celebrada-la-primera-jornada-dpd-de-salud-con-entidades-del-sector-publico-institucional\/","og_site_name":"Fundaci\u00f3 TIC Salut i Social","article_modified_time":"2021-07-21T13:41:26+00:00","og_image":[{"width":2048,"height":1536,"url":"https:\/\/ticsalutsocial.atoom.space\/wp-content\/uploads\/2019\/05\/d6l77crwwaa_1pu.jpg","type":"image\/jpeg"}],"twitter_card":"summary_large_image","twitter_misc":{"Tiempo de lectura":"2 minutos"},"schema":{"@context":"https:\/\/schema.org","@graph":[{"@type":"WebPage","@id":"https:\/\/ticsalutsocial.atoom.space\/es\/noticia\/celebrada-la-primera-jornada-dpd-de-salud-con-entidades-del-sector-publico-institucional\/","url":"https:\/\/ticsalutsocial.atoom.space\/es\/noticia\/celebrada-la-primera-jornada-dpd-de-salud-con-entidades-del-sector-publico-institucional\/","name":"Celebrada la primera jornada DPD de Salud con entidades del sector p\u00fablico institucional - Fundaci\u00f3 TIC Salut i Social","isPartOf":{"@id":"https:\/\/ticsalutsocial.atoom.space\/es\/#website"},"primaryImageOfPage":{"@id":"https:\/\/ticsalutsocial.atoom.space\/es\/noticia\/celebrada-la-primera-jornada-dpd-de-salud-con-entidades-del-sector-publico-institucional\/#primaryimage"},"image":{"@id":"https:\/\/ticsalutsocial.atoom.space\/es\/noticia\/celebrada-la-primera-jornada-dpd-de-salud-con-entidades-del-sector-publico-institucional\/#primaryimage"},"thumbnailUrl":"https:\/\/ticsalutsocial.atoom.space\/wp-content\/uploads\/2019\/05\/d6l77crwwaa_1pu.jpg","datePublished":"2019-05-15T08:31:42+00:00","dateModified":"2021-07-21T13:41:26+00:00","breadcrumb":{"@id":"https:\/\/ticsalutsocial.atoom.space\/es\/noticia\/celebrada-la-primera-jornada-dpd-de-salud-con-entidades-del-sector-publico-institucional\/#breadcrumb"},"inLanguage":"es","potentialAction":[{"@type":"ReadAction","target":["https:\/\/ticsalutsocial.atoom.space\/es\/noticia\/celebrada-la-primera-jornada-dpd-de-salud-con-entidades-del-sector-publico-institucional\/"]}]},{"@type":"ImageObject","inLanguage":"es","@id":"https:\/\/ticsalutsocial.atoom.space\/es\/noticia\/celebrada-la-primera-jornada-dpd-de-salud-con-entidades-del-sector-publico-institucional\/#primaryimage","url":"https:\/\/ticsalutsocial.atoom.space\/wp-content\/uploads\/2019\/05\/d6l77crwwaa_1pu.jpg","contentUrl":"https:\/\/ticsalutsocial.atoom.space\/wp-content\/uploads\/2019\/05\/d6l77crwwaa_1pu.jpg","width":2048,"height":1536},{"@type":"BreadcrumbList","@id":"https:\/\/ticsalutsocial.atoom.space\/es\/noticia\/celebrada-la-primera-jornada-dpd-de-salud-con-entidades-del-sector-publico-institucional\/#breadcrumb","itemListElement":[{"@type":"ListItem","position":1,"name":"Inici","item":"https:\/\/ticsalutsocial.atoom.space\/es\/"},{"@type":"ListItem","position":2,"name":"Celebrada la primera jornada DPD de Salud con entidades del sector p\u00fablico institucional"}]},{"@type":"WebSite","@id":"https:\/\/ticsalutsocial.atoom.space\/es\/#website","url":"https:\/\/ticsalutsocial.atoom.space\/es\/","name":"Fundaci\u00f3 TIC Salut i Social","description":"","potentialAction":[{"@type":"SearchAction","target":{"@type":"EntryPoint","urlTemplate":"https:\/\/ticsalutsocial.atoom.space\/es\/?s={search_term_string}"},"query-input":{"@type":"PropertyValueSpecification","valueRequired":true,"valueName":"search_term_string"}}],"inLanguage":"es"}]}},"_links":{"self":[{"href":"https:\/\/ticsalutsocial.atoom.space\/es\/wp-json\/wp\/v2\/noticia\/3891","targetHints":{"allow":["GET"]}}],"collection":[{"href":"https:\/\/ticsalutsocial.atoom.space\/es\/wp-json\/wp\/v2\/noticia"}],"about":[{"href":"https:\/\/ticsalutsocial.atoom.space\/es\/wp-json\/wp\/v2\/types\/noticia"}],"author":[{"embeddable":true,"href":"https:\/\/ticsalutsocial.atoom.space\/es\/wp-json\/wp\/v2\/users\/21"}],"wp:featuredmedia":[{"embeddable":true,"href":"https:\/\/ticsalutsocial.atoom.space\/es\/wp-json\/wp\/v2\/media\/3890"}],"wp:attachment":[{"href":"https:\/\/ticsalutsocial.atoom.space\/es\/wp-json\/wp\/v2\/media?parent=3891"}],"wp:term":[{"taxonomy":"etiqueta","embeddable":true,"href":"https:\/\/ticsalutsocial.atoom.space\/es\/wp-json\/wp\/v2\/etiqueta?post=3891"},{"taxonomy":"tipus","embeddable":true,"href":"https:\/\/ticsalutsocial.atoom.space\/es\/wp-json\/wp\/v2\/tipus?post=3891"},{"taxonomy":"topic","embeddable":true,"href":"https:\/\/ticsalutsocial.atoom.space\/es\/wp-json\/wp\/v2\/topic?post=3891"}],"curies":[{"name":"wp","href":"https:\/\/api.w.org\/{rel}","templated":true}]}}