
{"id":3912,"date":"2019-06-12T15:16:47","date_gmt":"2019-06-12T13:16:47","guid":{"rendered":"https:\/\/ticsalutsocial.atoom.space\/?post_type=noticia&#038;p=3912"},"modified":"2021-07-21T15:41:37","modified_gmt":"2021-07-21T13:41:37","slug":"la-clinic-barcelona-summer-school-inicia-su-2a-edicion-en-julio","status":"publish","type":"noticia","link":"https:\/\/ticsalutsocial.atoom.space\/es\/noticia\/la-clinic-barcelona-summer-school-inicia-su-2a-edicion-en-julio\/","title":{"rendered":"La Cl\u00ednic Barcelona Summer School inicia su 2a edici\u00f3n en julio"},"content":{"rendered":"<p>La<a href=\"https:\/\/clinicbarcelonasummerschool.com\/\" target=\"_blank\" rel=\"noopener\"><strong><em> Cl\u00ednic Barcelona Summer School<\/em><\/strong><\/a> es la escuela de verano del <em>Hospital Cl\u00ednic de Barcelona<\/em>, del 1 al 12 de Julio. Este a\u00f1o celebra la segunda edici\u00f3n. Es un espacio para compartir el conocimiento de los profesionales del Campus Cl\u00ednico (Hospital Cl\u00ednic-IDIBAPS ), con la ciudadan\u00eda bajo el lema: <em>Ciencia y Cultura<\/em> y cuenta con el apoyo de la <em>Fundaci\u00f3 Vila Casas<\/em>, entre otros colaboradores.<\/p>\n<p>El objetivo es tratar diferentes temas con el rigor de hacerlo desde el <em>Hospital Cl\u00ednic<\/em>, pero con un abordaje diferente, incluso en algunos casos disruptivo.<\/p>\n<p>En 10 d\u00edas se tratar\u00e1n cerca de veinte temas, con una cifra total de m\u00e1s de 170 ponentes.<\/p>\n<p>Las jornadas se dividen en:<\/p>\n<ul>\n<li>D\u00eda 1 Jornada 1 Transformaci\u00f3n Digital ( TXD ): Cl\u00ednic Health Tech. Tendencias del sector con la digitalizaci\u00f3n. Casos de \u00e9xito de algunas startups, y por la tarde en la Real Academia de Medicina,\u00a0<em>elevator pitch<\/em> ante una tabla de expertos y posibles inversores.<\/li>\n<li>D\u00eda 1 Jornada 2 <strong>Tecnolog\u00eda, Humanizaci\u00f3n y Cuidados de enfermer\u00eda. <\/strong>Presentaci\u00f3n de algunas Apps que ayudan a \u00a0monitorizar pacientes, con la mejora de eficiencia, confort y seguridad que esto conlleva.<\/li>\n<li>D\u00eda 1 Jornada 3 <strong>Ciencia y Cultura.<\/strong> Mesa Redonda para debatir sobre medicina y Arte.<\/li>\n<li>D\u00eda 2 Jornada 4 <strong>Adherencia a los medicamentos.<\/strong><\/li>\n<li>D\u00eda 2 Jornada 5 <strong>Aspectos legales en investigaci\u00f3n e innovaci\u00f3n.<\/strong><\/li>\n<li>D\u00eda 2 Jornada 6 <strong><em>H\u00e1bitos Saludables. <\/em><\/strong><em>En la vertiente del ejercicio f\u00edsico, nutricional, alergias&#8230;<\/em><\/li>\n<li>D\u00eda 3 Jornada 7 <strong>Ecolog\u00eda Emocional.<\/strong><\/li>\n<li>D\u00eda 3 Jornada 8 <strong>Espacio para la mujer\u00a0<\/strong>(las edades de la mujer \/ la endometriosis \/ suelo p\u00e9lvico \/ talleres de exploraci\u00f3n mamaria \/ c\u00e1ncer y dieta \/ menopausia \/ talleres de sexo).<\/li>\n<li>D\u00eda 4 Jornada 9 <strong>Las adiciones de los menores a las tecnolog\u00edas<\/strong>: uso y abuso \u00a0(primordialmente dirigido en las escuelas del barrio y el problema en las aulas en referencia a estas adicciones).<\/li>\n<li>D\u00eda 4 Jornada 10 <strong>Rigth Care. Aportando m\u00e1s valor a la pr\u00e0ctica cl\u00ednica.<\/strong><\/li>\n<li>D\u00eda 4 Jornada 11\u00a0<strong><em>Transferring science to Medical practice al Cl\u00ednic Barcelona: Deep-sea fishing, gizmos and other gadgets <\/em><\/strong>(presencial i streaming).\n<ul>\n<li><strong><em>Artificial Intelligence in Imaging<\/em><\/strong><\/li>\n<li><strong><em>From minimally-invasive surgery to interventional therapy: the thin red line <\/em><\/strong>(Dr Chamorro \/ Dr Lacy \/ Dr Gratac\u00f3s \/ Dr Alacraz).<\/li>\n<li><strong><em>Synthetic biology: novel cutting-edge approaches<\/em><\/strong> (Dr Prat \/ Dr Elias Campo).<\/li>\n<li><strong>Real World Data Biomedical Research<\/strong> (Dr Pastor \/ Dr Dipak Kalra).<\/li>\n<li><strong>From pre womb to tomb: early origins of chronic adult diseases<\/strong> (Dr Agust\u00ed).<\/li>\n<\/ul>\n<\/li>\n<li>D\u00eda 8 Jornada 12 <strong>Infecciones en la atenci\u00f3n primaria.<\/strong><\/li>\n<li>D\u00eda 8 Jornada 13 <strong>Estigma i malaltia: combatre l\u2019estigma en l\u2019\u00e0mbit de la Salut.<\/strong><\/li>\n<li>D\u00eda 9 Jornada 14 <strong>La experiencia del paciente en el mundo real.<\/strong><\/li>\n<li>D\u00eda 9 Jornada 15 <strong>El dolor de cabeza de las cefaleas.<\/strong><\/li>\n<li>D\u00eda 10 Jornada 16 <strong>Culinary medicine: Habilitados culinarias por\u00a0 a mejorar la Salud y calidad de vida del nuestros pacientes <\/strong>(Con Fundaci\u00f3n Alicia).<\/li>\n<li>D\u00eda 10 Jornada 17 <strong>Periodismo y Salud<\/strong> (con la participaci\u00f3n de todos los dircom de hospitales de Barcelona).<\/li>\n<li>D\u00eda 11 Jornada 18 <strong>Salud i Mujer.<\/strong><\/li>\n<li>D\u00eda 12 Jornada 19 <strong>Arts &amp; Health<\/strong> (como el arte puede, de manera terap\u00e9utica, ayudar al tratamiento de la angustia y el estr\u00e9s).<\/li>\n<\/ul>\n<p>Encontrar\u00e9is m\u00e1s informaci\u00f3n sobre los ponentes, programa e inscripciones a: <a href=\"https:\/\/clinicbarcelonasummerschool.com\/\">https:\/\/clinicbarcelonasummerschool.com\/<\/a><\/p>\n<p>&nbsp;<\/p>\n","protected":false},"author":21,"featured_media":3909,"menu_order":0,"template":"","meta":{"_acf_changed":false,"inline_featured_image":false},"etiqueta":[],"tipus":[],"topic":[119],"class_list":["post-3912","noticia","type-noticia","status-publish","has-post-thumbnail","hentry","topic-innovacion"],"acf":{"imatge":3911,"autor":"Adri\u00e0 G.Font","textos_destacats":[{"texte":"Durante 10 d\u00edas tratar\u00e1n una veintena de temas con m\u00e1s de 170 ponentes"}]},"yoast_head":"<!-- This site is optimized with the Yoast SEO plugin v27.1.1 - https:\/\/yoast.com\/product\/yoast-seo-wordpress\/ -->\n<title>La Cl\u00ednic Barcelona Summer School inicia su 2a edici\u00f3n en julio - Fundaci\u00f3 TIC Salut i Social<\/title>\n<meta name=\"robots\" content=\"index, follow, max-snippet:-1, max-image-preview:large, max-video-preview:-1\" \/>\n<link rel=\"canonical\" href=\"https:\/\/ticsalutsocial.atoom.space\/es\/noticia\/la-clinic-barcelona-summer-school-inicia-su-2a-edicion-en-julio\/\" \/>\n<meta property=\"og:locale\" content=\"es_ES\" \/>\n<meta property=\"og:type\" content=\"article\" \/>\n<meta property=\"og:title\" content=\"La Cl\u00ednic Barcelona Summer School inicia su 2a edici\u00f3n en julio - Fundaci\u00f3 TIC Salut i Social\" \/>\n<meta property=\"og:description\" content=\"La Cl\u00ednic Barcelona Summer School es la escuela de verano del Hospital Cl\u00ednic de Barcelona, del 1 al 12 de Julio. Este a\u00f1o celebra la segunda edici\u00f3n. Es un espacio para compartir el conocimiento de los profesionales del Campus Cl\u00ednico (Hospital Cl\u00ednic-IDIBAPS ), con la ciudadan\u00eda bajo el lema: Ciencia y Cultura y cuenta con [&hellip;]\" \/>\n<meta property=\"og:url\" content=\"https:\/\/ticsalutsocial.atoom.space\/es\/noticia\/la-clinic-barcelona-summer-school-inicia-su-2a-edicion-en-julio\/\" \/>\n<meta property=\"og:site_name\" content=\"Fundaci\u00f3 TIC Salut i Social\" \/>\n<meta property=\"article:modified_time\" content=\"2021-07-21T13:41:37+00:00\" \/>\n<meta property=\"og:image\" content=\"https:\/\/ticsalutsocial.atoom.space\/wp-content\/uploads\/2019\/06\/hotel-cerca-hospital-clinic-barcelona.jpg\" \/>\n\t<meta property=\"og:image:width\" content=\"1500\" \/>\n\t<meta property=\"og:image:height\" content=\"998\" \/>\n\t<meta property=\"og:image:type\" content=\"image\/jpeg\" \/>\n<meta name=\"twitter:card\" content=\"summary_large_image\" \/>\n<meta name=\"twitter:label1\" content=\"Tiempo de lectura\" \/>\n\t<meta name=\"twitter:data1\" content=\"3 minutos\" \/>\n<script type=\"application\/ld+json\" class=\"yoast-schema-graph\">{\"@context\":\"https:\/\/schema.org\",\"@graph\":[{\"@type\":\"WebPage\",\"@id\":\"https:\/\/ticsalutsocial.atoom.space\/es\/noticia\/la-clinic-barcelona-summer-school-inicia-su-2a-edicion-en-julio\/\",\"url\":\"https:\/\/ticsalutsocial.atoom.space\/es\/noticia\/la-clinic-barcelona-summer-school-inicia-su-2a-edicion-en-julio\/\",\"name\":\"La Cl\u00ednic Barcelona Summer School inicia su 2a edici\u00f3n en julio - Fundaci\u00f3 TIC Salut i Social\",\"isPartOf\":{\"@id\":\"https:\/\/ticsalutsocial.atoom.space\/es\/#website\"},\"primaryImageOfPage\":{\"@id\":\"https:\/\/ticsalutsocial.atoom.space\/es\/noticia\/la-clinic-barcelona-summer-school-inicia-su-2a-edicion-en-julio\/#primaryimage\"},\"image\":{\"@id\":\"https:\/\/ticsalutsocial.atoom.space\/es\/noticia\/la-clinic-barcelona-summer-school-inicia-su-2a-edicion-en-julio\/#primaryimage\"},\"thumbnailUrl\":\"https:\/\/ticsalutsocial.atoom.space\/wp-content\/uploads\/2019\/06\/hotel-cerca-hospital-clinic-barcelona.jpg\",\"datePublished\":\"2019-06-12T13:16:47+00:00\",\"dateModified\":\"2021-07-21T13:41:37+00:00\",\"breadcrumb\":{\"@id\":\"https:\/\/ticsalutsocial.atoom.space\/es\/noticia\/la-clinic-barcelona-summer-school-inicia-su-2a-edicion-en-julio\/#breadcrumb\"},\"inLanguage\":\"es\",\"potentialAction\":[{\"@type\":\"ReadAction\",\"target\":[\"https:\/\/ticsalutsocial.atoom.space\/es\/noticia\/la-clinic-barcelona-summer-school-inicia-su-2a-edicion-en-julio\/\"]}]},{\"@type\":\"ImageObject\",\"inLanguage\":\"es\",\"@id\":\"https:\/\/ticsalutsocial.atoom.space\/es\/noticia\/la-clinic-barcelona-summer-school-inicia-su-2a-edicion-en-julio\/#primaryimage\",\"url\":\"https:\/\/ticsalutsocial.atoom.space\/wp-content\/uploads\/2019\/06\/hotel-cerca-hospital-clinic-barcelona.jpg\",\"contentUrl\":\"https:\/\/ticsalutsocial.atoom.space\/wp-content\/uploads\/2019\/06\/hotel-cerca-hospital-clinic-barcelona.jpg\",\"width\":1500,\"height\":998},{\"@type\":\"BreadcrumbList\",\"@id\":\"https:\/\/ticsalutsocial.atoom.space\/es\/noticia\/la-clinic-barcelona-summer-school-inicia-su-2a-edicion-en-julio\/#breadcrumb\",\"itemListElement\":[{\"@type\":\"ListItem\",\"position\":1,\"name\":\"Inici\",\"item\":\"https:\/\/ticsalutsocial.atoom.space\/es\/\"},{\"@type\":\"ListItem\",\"position\":2,\"name\":\"La Cl\u00ednic Barcelona Summer School inicia su 2a edici\u00f3n en julio\"}]},{\"@type\":\"WebSite\",\"@id\":\"https:\/\/ticsalutsocial.atoom.space\/es\/#website\",\"url\":\"https:\/\/ticsalutsocial.atoom.space\/es\/\",\"name\":\"Fundaci\u00f3 TIC Salut i Social\",\"description\":\"\",\"potentialAction\":[{\"@type\":\"SearchAction\",\"target\":{\"@type\":\"EntryPoint\",\"urlTemplate\":\"https:\/\/ticsalutsocial.atoom.space\/es\/?s={search_term_string}\"},\"query-input\":{\"@type\":\"PropertyValueSpecification\",\"valueRequired\":true,\"valueName\":\"search_term_string\"}}],\"inLanguage\":\"es\"}]}<\/script>\n<!-- \/ Yoast SEO plugin. -->","yoast_head_json":{"title":"La Cl\u00ednic Barcelona Summer School inicia su 2a edici\u00f3n en julio - Fundaci\u00f3 TIC Salut i Social","robots":{"index":"index","follow":"follow","max-snippet":"max-snippet:-1","max-image-preview":"max-image-preview:large","max-video-preview":"max-video-preview:-1"},"canonical":"https:\/\/ticsalutsocial.atoom.space\/es\/noticia\/la-clinic-barcelona-summer-school-inicia-su-2a-edicion-en-julio\/","og_locale":"es_ES","og_type":"article","og_title":"La Cl\u00ednic Barcelona Summer School inicia su 2a edici\u00f3n en julio - Fundaci\u00f3 TIC Salut i Social","og_description":"La Cl\u00ednic Barcelona Summer School es la escuela de verano del Hospital Cl\u00ednic de Barcelona, del 1 al 12 de Julio. Este a\u00f1o celebra la segunda edici\u00f3n. Es un espacio para compartir el conocimiento de los profesionales del Campus Cl\u00ednico (Hospital Cl\u00ednic-IDIBAPS ), con la ciudadan\u00eda bajo el lema: Ciencia y Cultura y cuenta con [&hellip;]","og_url":"https:\/\/ticsalutsocial.atoom.space\/es\/noticia\/la-clinic-barcelona-summer-school-inicia-su-2a-edicion-en-julio\/","og_site_name":"Fundaci\u00f3 TIC Salut i Social","article_modified_time":"2021-07-21T13:41:37+00:00","og_image":[{"width":1500,"height":998,"url":"https:\/\/ticsalutsocial.atoom.space\/wp-content\/uploads\/2019\/06\/hotel-cerca-hospital-clinic-barcelona.jpg","type":"image\/jpeg"}],"twitter_card":"summary_large_image","twitter_misc":{"Tiempo de lectura":"3 minutos"},"schema":{"@context":"https:\/\/schema.org","@graph":[{"@type":"WebPage","@id":"https:\/\/ticsalutsocial.atoom.space\/es\/noticia\/la-clinic-barcelona-summer-school-inicia-su-2a-edicion-en-julio\/","url":"https:\/\/ticsalutsocial.atoom.space\/es\/noticia\/la-clinic-barcelona-summer-school-inicia-su-2a-edicion-en-julio\/","name":"La Cl\u00ednic Barcelona Summer School inicia su 2a edici\u00f3n en julio - Fundaci\u00f3 TIC Salut i Social","isPartOf":{"@id":"https:\/\/ticsalutsocial.atoom.space\/es\/#website"},"primaryImageOfPage":{"@id":"https:\/\/ticsalutsocial.atoom.space\/es\/noticia\/la-clinic-barcelona-summer-school-inicia-su-2a-edicion-en-julio\/#primaryimage"},"image":{"@id":"https:\/\/ticsalutsocial.atoom.space\/es\/noticia\/la-clinic-barcelona-summer-school-inicia-su-2a-edicion-en-julio\/#primaryimage"},"thumbnailUrl":"https:\/\/ticsalutsocial.atoom.space\/wp-content\/uploads\/2019\/06\/hotel-cerca-hospital-clinic-barcelona.jpg","datePublished":"2019-06-12T13:16:47+00:00","dateModified":"2021-07-21T13:41:37+00:00","breadcrumb":{"@id":"https:\/\/ticsalutsocial.atoom.space\/es\/noticia\/la-clinic-barcelona-summer-school-inicia-su-2a-edicion-en-julio\/#breadcrumb"},"inLanguage":"es","potentialAction":[{"@type":"ReadAction","target":["https:\/\/ticsalutsocial.atoom.space\/es\/noticia\/la-clinic-barcelona-summer-school-inicia-su-2a-edicion-en-julio\/"]}]},{"@type":"ImageObject","inLanguage":"es","@id":"https:\/\/ticsalutsocial.atoom.space\/es\/noticia\/la-clinic-barcelona-summer-school-inicia-su-2a-edicion-en-julio\/#primaryimage","url":"https:\/\/ticsalutsocial.atoom.space\/wp-content\/uploads\/2019\/06\/hotel-cerca-hospital-clinic-barcelona.jpg","contentUrl":"https:\/\/ticsalutsocial.atoom.space\/wp-content\/uploads\/2019\/06\/hotel-cerca-hospital-clinic-barcelona.jpg","width":1500,"height":998},{"@type":"BreadcrumbList","@id":"https:\/\/ticsalutsocial.atoom.space\/es\/noticia\/la-clinic-barcelona-summer-school-inicia-su-2a-edicion-en-julio\/#breadcrumb","itemListElement":[{"@type":"ListItem","position":1,"name":"Inici","item":"https:\/\/ticsalutsocial.atoom.space\/es\/"},{"@type":"ListItem","position":2,"name":"La Cl\u00ednic Barcelona Summer School inicia su 2a edici\u00f3n en julio"}]},{"@type":"WebSite","@id":"https:\/\/ticsalutsocial.atoom.space\/es\/#website","url":"https:\/\/ticsalutsocial.atoom.space\/es\/","name":"Fundaci\u00f3 TIC Salut i Social","description":"","potentialAction":[{"@type":"SearchAction","target":{"@type":"EntryPoint","urlTemplate":"https:\/\/ticsalutsocial.atoom.space\/es\/?s={search_term_string}"},"query-input":{"@type":"PropertyValueSpecification","valueRequired":true,"valueName":"search_term_string"}}],"inLanguage":"es"}]}},"_links":{"self":[{"href":"https:\/\/ticsalutsocial.atoom.space\/es\/wp-json\/wp\/v2\/noticia\/3912","targetHints":{"allow":["GET"]}}],"collection":[{"href":"https:\/\/ticsalutsocial.atoom.space\/es\/wp-json\/wp\/v2\/noticia"}],"about":[{"href":"https:\/\/ticsalutsocial.atoom.space\/es\/wp-json\/wp\/v2\/types\/noticia"}],"author":[{"embeddable":true,"href":"https:\/\/ticsalutsocial.atoom.space\/es\/wp-json\/wp\/v2\/users\/21"}],"wp:featuredmedia":[{"embeddable":true,"href":"https:\/\/ticsalutsocial.atoom.space\/es\/wp-json\/wp\/v2\/media\/3909"}],"wp:attachment":[{"href":"https:\/\/ticsalutsocial.atoom.space\/es\/wp-json\/wp\/v2\/media?parent=3912"}],"wp:term":[{"taxonomy":"etiqueta","embeddable":true,"href":"https:\/\/ticsalutsocial.atoom.space\/es\/wp-json\/wp\/v2\/etiqueta?post=3912"},{"taxonomy":"tipus","embeddable":true,"href":"https:\/\/ticsalutsocial.atoom.space\/es\/wp-json\/wp\/v2\/tipus?post=3912"},{"taxonomy":"topic","embeddable":true,"href":"https:\/\/ticsalutsocial.atoom.space\/es\/wp-json\/wp\/v2\/topic?post=3912"}],"curies":[{"name":"wp","href":"https:\/\/api.w.org\/{rel}","templated":true}]}}