
{"id":3918,"date":"2019-06-14T13:49:35","date_gmt":"2019-06-14T11:49:35","guid":{"rendered":"https:\/\/ticsalutsocial.atoom.space\/?post_type=noticia&#038;p=3918"},"modified":"2021-07-21T15:41:40","modified_gmt":"2021-07-21T13:41:40","slug":"josue-sallent-nuevo-director-de-la-catedra-tic-salud-y-social-de-la-uvic-ucc","status":"publish","type":"noticia","link":"https:\/\/ticsalutsocial.atoom.space\/es\/noticia\/josue-sallent-nuevo-director-de-la-catedra-tic-salud-y-social-de-la-uvic-ucc\/","title":{"rendered":"Josu\u00e8 Sallent, nuevo director de la C\u00e1tedra TIC Salud y Social de la UVic-UCC"},"content":{"rendered":"<p>La comisi\u00f3n ejecutiva de la Fundaci\u00f3 Universit\u00e0ria Balmes (FUB) aprob\u00f3 el pasado mi\u00e9rcoles, d\u00eda 12, la propuesta de nombrar Josu\u00e8 Sallent como nuevo director de la\u00a0<em><a href=\"https:\/\/www.uvic.cat\/catedra-tic-salut\"><u>C\u00e0tedra TIC Salut i Social<\/u><\/a> <\/em>que hasta ahora dirig\u00eda el doctor Francesc Garc\u00eda Cuy\u00e0s. Tambi\u00e9n se aprob\u00f3 el cambio de nombre de la C\u00e1tedra, que a partir de ahora se a\u00f1ade el t\u00e9rmino \u201csocial\u201d. Sallent es doctor en f\u00edsica por la Universitat de Barcelona y es el actual director de la <em>Fundaci\u00f3 TIC Salut Social<\/em>, el partner con el cual la UVic-UCC cre\u00f3 la C\u00e1tedra.<\/p>\n<p>La misi\u00f3n de la C\u00e1tedra es generar, difundir y transferir conocimiento sobre la utilizaci\u00f3n de las TIC en el \u00e1mbito de la salud y servicios sociales, alrededor, inicialmente, de tres l\u00edneas de trabajo principales, entre d\u00b4otras que se vayan incorporando:<\/p>\n<ul>\n<li>Utilizaci\u00f3n de las TIC dentro del sector salud y social mediante la identificaci\u00f3n de proyectos de innovaci\u00f3n y de investigaci\u00f3n.<\/li>\n<li>Definici\u00f3n de un marco de competencias profesionales en el \u00e1mbito de las TIC, la salud y la atenci\u00f3n social.<\/li>\n<li>Uso racional de la telemedicina por operativitzarel modelo asistencial no presencial.<\/li>\n<\/ul>\n","protected":false},"author":21,"featured_media":3915,"menu_order":0,"template":"","meta":{"_acf_changed":false,"inline_featured_image":false},"etiqueta":[],"tipus":[94],"topic":[123,127],"class_list":["post-3918","noticia","type-noticia","status-publish","has-post-thumbnail","hentry","tipus-integracion-social-y-sanitaria","topic-actualidad","topic-proyectos"],"acf":{"imatge":3917,"autor":"Adri\u00e0 G.Font"},"yoast_head":"<!-- This site is optimized with the Yoast SEO plugin v27.1.1 - https:\/\/yoast.com\/product\/yoast-seo-wordpress\/ -->\n<title>Josu\u00e8 Sallent, nuevo director de la C\u00e1tedra TIC Salud y Social de la UVic-UCC - Fundaci\u00f3 TIC Salut i Social<\/title>\n<meta name=\"robots\" content=\"index, follow, max-snippet:-1, max-image-preview:large, max-video-preview:-1\" \/>\n<link rel=\"canonical\" href=\"https:\/\/ticsalutsocial.atoom.space\/es\/noticia\/josue-sallent-nuevo-director-de-la-catedra-tic-salud-y-social-de-la-uvic-ucc\/\" \/>\n<meta property=\"og:locale\" content=\"es_ES\" \/>\n<meta property=\"og:type\" content=\"article\" \/>\n<meta property=\"og:title\" content=\"Josu\u00e8 Sallent, nuevo director de la C\u00e1tedra TIC Salud y Social de la UVic-UCC - Fundaci\u00f3 TIC Salut i Social\" \/>\n<meta property=\"og:description\" content=\"La comisi\u00f3n ejecutiva de la Fundaci\u00f3 Universit\u00e0ria Balmes (FUB) aprob\u00f3 el pasado mi\u00e9rcoles, d\u00eda 12, la propuesta de nombrar Josu\u00e8 Sallent como nuevo director de la\u00a0C\u00e0tedra TIC Salut i Social que hasta ahora dirig\u00eda el doctor Francesc Garc\u00eda Cuy\u00e0s. Tambi\u00e9n se aprob\u00f3 el cambio de nombre de la C\u00e1tedra, que a partir de ahora se [&hellip;]\" \/>\n<meta property=\"og:url\" content=\"https:\/\/ticsalutsocial.atoom.space\/es\/noticia\/josue-sallent-nuevo-director-de-la-catedra-tic-salud-y-social-de-la-uvic-ucc\/\" \/>\n<meta property=\"og:site_name\" content=\"Fundaci\u00f3 TIC Salut i Social\" \/>\n<meta property=\"article:modified_time\" content=\"2021-07-21T13:41:40+00:00\" \/>\n<meta property=\"og:image\" content=\"https:\/\/ticsalutsocial.atoom.space\/wp-content\/uploads\/2019\/06\/2019-03-14-jornada-mapa-de-tendencies-4649.jpg\" \/>\n\t<meta property=\"og:image:width\" content=\"1228\" \/>\n\t<meta property=\"og:image:height\" content=\"820\" \/>\n\t<meta property=\"og:image:type\" content=\"image\/jpeg\" \/>\n<meta name=\"twitter:card\" content=\"summary_large_image\" \/>\n<meta name=\"twitter:label1\" content=\"Tiempo de lectura\" \/>\n\t<meta name=\"twitter:data1\" content=\"1 minuto\" \/>\n<script type=\"application\/ld+json\" class=\"yoast-schema-graph\">{\"@context\":\"https:\/\/schema.org\",\"@graph\":[{\"@type\":\"WebPage\",\"@id\":\"https:\/\/ticsalutsocial.atoom.space\/es\/noticia\/josue-sallent-nuevo-director-de-la-catedra-tic-salud-y-social-de-la-uvic-ucc\/\",\"url\":\"https:\/\/ticsalutsocial.atoom.space\/es\/noticia\/josue-sallent-nuevo-director-de-la-catedra-tic-salud-y-social-de-la-uvic-ucc\/\",\"name\":\"Josu\u00e8 Sallent, nuevo director de la C\u00e1tedra TIC Salud y Social de la UVic-UCC - Fundaci\u00f3 TIC Salut i Social\",\"isPartOf\":{\"@id\":\"https:\/\/ticsalutsocial.atoom.space\/es\/#website\"},\"primaryImageOfPage\":{\"@id\":\"https:\/\/ticsalutsocial.atoom.space\/es\/noticia\/josue-sallent-nuevo-director-de-la-catedra-tic-salud-y-social-de-la-uvic-ucc\/#primaryimage\"},\"image\":{\"@id\":\"https:\/\/ticsalutsocial.atoom.space\/es\/noticia\/josue-sallent-nuevo-director-de-la-catedra-tic-salud-y-social-de-la-uvic-ucc\/#primaryimage\"},\"thumbnailUrl\":\"https:\/\/ticsalutsocial.atoom.space\/wp-content\/uploads\/2019\/06\/2019-03-14-jornada-mapa-de-tendencies-4649.jpg\",\"datePublished\":\"2019-06-14T11:49:35+00:00\",\"dateModified\":\"2021-07-21T13:41:40+00:00\",\"breadcrumb\":{\"@id\":\"https:\/\/ticsalutsocial.atoom.space\/es\/noticia\/josue-sallent-nuevo-director-de-la-catedra-tic-salud-y-social-de-la-uvic-ucc\/#breadcrumb\"},\"inLanguage\":\"es\",\"potentialAction\":[{\"@type\":\"ReadAction\",\"target\":[\"https:\/\/ticsalutsocial.atoom.space\/es\/noticia\/josue-sallent-nuevo-director-de-la-catedra-tic-salud-y-social-de-la-uvic-ucc\/\"]}]},{\"@type\":\"ImageObject\",\"inLanguage\":\"es\",\"@id\":\"https:\/\/ticsalutsocial.atoom.space\/es\/noticia\/josue-sallent-nuevo-director-de-la-catedra-tic-salud-y-social-de-la-uvic-ucc\/#primaryimage\",\"url\":\"https:\/\/ticsalutsocial.atoom.space\/wp-content\/uploads\/2019\/06\/2019-03-14-jornada-mapa-de-tendencies-4649.jpg\",\"contentUrl\":\"https:\/\/ticsalutsocial.atoom.space\/wp-content\/uploads\/2019\/06\/2019-03-14-jornada-mapa-de-tendencies-4649.jpg\",\"width\":1228,\"height\":820},{\"@type\":\"BreadcrumbList\",\"@id\":\"https:\/\/ticsalutsocial.atoom.space\/es\/noticia\/josue-sallent-nuevo-director-de-la-catedra-tic-salud-y-social-de-la-uvic-ucc\/#breadcrumb\",\"itemListElement\":[{\"@type\":\"ListItem\",\"position\":1,\"name\":\"Inici\",\"item\":\"https:\/\/ticsalutsocial.atoom.space\/es\/\"},{\"@type\":\"ListItem\",\"position\":2,\"name\":\"Josu\u00e8 Sallent, nuevo director de la C\u00e1tedra TIC Salud y Social de la UVic-UCC\"}]},{\"@type\":\"WebSite\",\"@id\":\"https:\/\/ticsalutsocial.atoom.space\/es\/#website\",\"url\":\"https:\/\/ticsalutsocial.atoom.space\/es\/\",\"name\":\"Fundaci\u00f3 TIC Salut i Social\",\"description\":\"\",\"potentialAction\":[{\"@type\":\"SearchAction\",\"target\":{\"@type\":\"EntryPoint\",\"urlTemplate\":\"https:\/\/ticsalutsocial.atoom.space\/es\/?s={search_term_string}\"},\"query-input\":{\"@type\":\"PropertyValueSpecification\",\"valueRequired\":true,\"valueName\":\"search_term_string\"}}],\"inLanguage\":\"es\"}]}<\/script>\n<!-- \/ Yoast SEO plugin. -->","yoast_head_json":{"title":"Josu\u00e8 Sallent, nuevo director de la C\u00e1tedra TIC Salud y Social de la UVic-UCC - Fundaci\u00f3 TIC Salut i Social","robots":{"index":"index","follow":"follow","max-snippet":"max-snippet:-1","max-image-preview":"max-image-preview:large","max-video-preview":"max-video-preview:-1"},"canonical":"https:\/\/ticsalutsocial.atoom.space\/es\/noticia\/josue-sallent-nuevo-director-de-la-catedra-tic-salud-y-social-de-la-uvic-ucc\/","og_locale":"es_ES","og_type":"article","og_title":"Josu\u00e8 Sallent, nuevo director de la C\u00e1tedra TIC Salud y Social de la UVic-UCC - Fundaci\u00f3 TIC Salut i Social","og_description":"La comisi\u00f3n ejecutiva de la Fundaci\u00f3 Universit\u00e0ria Balmes (FUB) aprob\u00f3 el pasado mi\u00e9rcoles, d\u00eda 12, la propuesta de nombrar Josu\u00e8 Sallent como nuevo director de la\u00a0C\u00e0tedra TIC Salut i Social que hasta ahora dirig\u00eda el doctor Francesc Garc\u00eda Cuy\u00e0s. Tambi\u00e9n se aprob\u00f3 el cambio de nombre de la C\u00e1tedra, que a partir de ahora se [&hellip;]","og_url":"https:\/\/ticsalutsocial.atoom.space\/es\/noticia\/josue-sallent-nuevo-director-de-la-catedra-tic-salud-y-social-de-la-uvic-ucc\/","og_site_name":"Fundaci\u00f3 TIC Salut i Social","article_modified_time":"2021-07-21T13:41:40+00:00","og_image":[{"width":1228,"height":820,"url":"https:\/\/ticsalutsocial.atoom.space\/wp-content\/uploads\/2019\/06\/2019-03-14-jornada-mapa-de-tendencies-4649.jpg","type":"image\/jpeg"}],"twitter_card":"summary_large_image","twitter_misc":{"Tiempo de lectura":"1 minuto"},"schema":{"@context":"https:\/\/schema.org","@graph":[{"@type":"WebPage","@id":"https:\/\/ticsalutsocial.atoom.space\/es\/noticia\/josue-sallent-nuevo-director-de-la-catedra-tic-salud-y-social-de-la-uvic-ucc\/","url":"https:\/\/ticsalutsocial.atoom.space\/es\/noticia\/josue-sallent-nuevo-director-de-la-catedra-tic-salud-y-social-de-la-uvic-ucc\/","name":"Josu\u00e8 Sallent, nuevo director de la C\u00e1tedra TIC Salud y Social de la UVic-UCC - Fundaci\u00f3 TIC Salut i Social","isPartOf":{"@id":"https:\/\/ticsalutsocial.atoom.space\/es\/#website"},"primaryImageOfPage":{"@id":"https:\/\/ticsalutsocial.atoom.space\/es\/noticia\/josue-sallent-nuevo-director-de-la-catedra-tic-salud-y-social-de-la-uvic-ucc\/#primaryimage"},"image":{"@id":"https:\/\/ticsalutsocial.atoom.space\/es\/noticia\/josue-sallent-nuevo-director-de-la-catedra-tic-salud-y-social-de-la-uvic-ucc\/#primaryimage"},"thumbnailUrl":"https:\/\/ticsalutsocial.atoom.space\/wp-content\/uploads\/2019\/06\/2019-03-14-jornada-mapa-de-tendencies-4649.jpg","datePublished":"2019-06-14T11:49:35+00:00","dateModified":"2021-07-21T13:41:40+00:00","breadcrumb":{"@id":"https:\/\/ticsalutsocial.atoom.space\/es\/noticia\/josue-sallent-nuevo-director-de-la-catedra-tic-salud-y-social-de-la-uvic-ucc\/#breadcrumb"},"inLanguage":"es","potentialAction":[{"@type":"ReadAction","target":["https:\/\/ticsalutsocial.atoom.space\/es\/noticia\/josue-sallent-nuevo-director-de-la-catedra-tic-salud-y-social-de-la-uvic-ucc\/"]}]},{"@type":"ImageObject","inLanguage":"es","@id":"https:\/\/ticsalutsocial.atoom.space\/es\/noticia\/josue-sallent-nuevo-director-de-la-catedra-tic-salud-y-social-de-la-uvic-ucc\/#primaryimage","url":"https:\/\/ticsalutsocial.atoom.space\/wp-content\/uploads\/2019\/06\/2019-03-14-jornada-mapa-de-tendencies-4649.jpg","contentUrl":"https:\/\/ticsalutsocial.atoom.space\/wp-content\/uploads\/2019\/06\/2019-03-14-jornada-mapa-de-tendencies-4649.jpg","width":1228,"height":820},{"@type":"BreadcrumbList","@id":"https:\/\/ticsalutsocial.atoom.space\/es\/noticia\/josue-sallent-nuevo-director-de-la-catedra-tic-salud-y-social-de-la-uvic-ucc\/#breadcrumb","itemListElement":[{"@type":"ListItem","position":1,"name":"Inici","item":"https:\/\/ticsalutsocial.atoom.space\/es\/"},{"@type":"ListItem","position":2,"name":"Josu\u00e8 Sallent, nuevo director de la C\u00e1tedra TIC Salud y Social de la UVic-UCC"}]},{"@type":"WebSite","@id":"https:\/\/ticsalutsocial.atoom.space\/es\/#website","url":"https:\/\/ticsalutsocial.atoom.space\/es\/","name":"Fundaci\u00f3 TIC Salut i Social","description":"","potentialAction":[{"@type":"SearchAction","target":{"@type":"EntryPoint","urlTemplate":"https:\/\/ticsalutsocial.atoom.space\/es\/?s={search_term_string}"},"query-input":{"@type":"PropertyValueSpecification","valueRequired":true,"valueName":"search_term_string"}}],"inLanguage":"es"}]}},"_links":{"self":[{"href":"https:\/\/ticsalutsocial.atoom.space\/es\/wp-json\/wp\/v2\/noticia\/3918","targetHints":{"allow":["GET"]}}],"collection":[{"href":"https:\/\/ticsalutsocial.atoom.space\/es\/wp-json\/wp\/v2\/noticia"}],"about":[{"href":"https:\/\/ticsalutsocial.atoom.space\/es\/wp-json\/wp\/v2\/types\/noticia"}],"author":[{"embeddable":true,"href":"https:\/\/ticsalutsocial.atoom.space\/es\/wp-json\/wp\/v2\/users\/21"}],"wp:featuredmedia":[{"embeddable":true,"href":"https:\/\/ticsalutsocial.atoom.space\/es\/wp-json\/wp\/v2\/media\/3915"}],"wp:attachment":[{"href":"https:\/\/ticsalutsocial.atoom.space\/es\/wp-json\/wp\/v2\/media?parent=3918"}],"wp:term":[{"taxonomy":"etiqueta","embeddable":true,"href":"https:\/\/ticsalutsocial.atoom.space\/es\/wp-json\/wp\/v2\/etiqueta?post=3918"},{"taxonomy":"tipus","embeddable":true,"href":"https:\/\/ticsalutsocial.atoom.space\/es\/wp-json\/wp\/v2\/tipus?post=3918"},{"taxonomy":"topic","embeddable":true,"href":"https:\/\/ticsalutsocial.atoom.space\/es\/wp-json\/wp\/v2\/topic?post=3918"}],"curies":[{"name":"wp","href":"https:\/\/api.w.org\/{rel}","templated":true}]}}