
{"id":3924,"date":"2019-06-14T14:35:46","date_gmt":"2019-06-14T12:35:46","guid":{"rendered":"https:\/\/ticsalutsocial.atoom.space\/?post_type=noticia&#038;p=3924"},"modified":"2021-07-21T15:41:43","modified_gmt":"2021-07-21T13:41:43","slug":"publicada-una-nueva-convocatoria-de-los-premios-investigacion-joven-que-incluye-el-premio-tic-salut-social","status":"publish","type":"noticia","link":"https:\/\/ticsalutsocial.atoom.space\/es\/noticia\/publicada-una-nueva-convocatoria-de-los-premios-investigacion-joven-que-incluye-el-premio-tic-salut-social\/","title":{"rendered":"Publicada una nueva convocatoria de los Premios Investigaci\u00f3n Joven que incluye el premio TIC Salut Social"},"content":{"rendered":"<p>La Ag\u00e8ncia de <em>Gesti\u00f3 d&#8217;Ajuts Universitaris i de Recerca<\/em> ha publicado la lista de este a\u00f1o de los Premios Investigaci\u00f3n Joven para fomentar el esp\u00edritu cient\u00edfico de la juventud. Como novedad, este a\u00f1o incluye el premio TIC Salud Social en el mejor trabajo relacionado con la Salud Digital (e-Health, m-Health\u2026) en el campo sanitario y\/o social, que sit\u00fae el paciente\/ciudadano en el centro del sistema como agente de transformaci\u00f3n digital otorgado conjuntamente con la <em>Fundaci\u00f3 TIC Salut Social.<\/em><\/p>\n<p>Un total de 78 premios a trabajos de investigaci\u00f3n y 11 premios en centros de Educaci\u00f3n Secundaria de Catalu\u00f1a:<\/p>\n<p>70 premis de 750\u20ac de qualsevol tem\u00e0tica i que enguany com a\u00a0<strong>novetat<\/strong>\u00a0inclouen dos\u00a0<strong>Premis Persones S\u00e0vies<\/strong>:<\/p>\n<ul class=\"llista-especial\">\n<li>Premio\u00a0<em><strong>Persones S\u00e0vies Ramon Margalef<\/strong><\/em>\u00a0para dar reconocimiento al mejor trabajo que trate cuestiones relacionadas con el cient\u00edfico y\/o los relacionados con el objeto de sus actividades de investigaci\u00f3n: ecolog\u00eda, oceanograf\u00eda y limnolog\u00eda.<\/li>\n<li>Premio\u00a0<em><strong>Persones S\u00e0vies Narc\u00eds Monturiol<\/strong><\/em> para dar reconocimiento al mejor trabajo que trate cuestiones relacionadas con el inventor y su perfil humanista y de activista pol\u00edtico y\/o con el objeto de sus actividads de investigaci\u00f3n: ingenier\u00eda y n\u00e1utica.<\/li>\n<\/ul>\n<p>8 premios de 750\u20ac en tem\u00e1ticas concretas:<\/p>\n<ul class=\"llista-especial\">\n<li><em><strong>Premio Regin\u00f3<\/strong><\/em> al mejor trabajo de investigaci\u00f3n sobre las mujeres y sus aportaciones a la sociedad y tambi\u00e9n\u00a0el centro de ense\u00f1anza secundaria que se haya distinguido para impulsar el inter\u00e9s en esta tem\u00e1tica, otorgado conjuntamente con la ICD.<\/li>\n<li><strong>Premio INEFC<\/strong> al mejor trabajo que con el objetivo de fomentar el inter\u00e9s por la investigaci\u00f3n en temas relacionados con las ciencias de la actividad f\u00edsica y el deporte, que reconocer\u00e1 el mejor trabajo de investigaci\u00f3n en este \u00e1mbito otorgado conjuntamente con el INEFC.<\/li>\n<li><strong>Premio ICIP Alfons Banda<\/strong> a los dos mejores trabajos de investigaci\u00f3n que promuevan el an\u00e1lisis y la obtenci\u00f3n de resultados en el campo te\u00f3rico de la construcci\u00f3n de una cultura de paz o la aplicaci\u00f3n pr\u00e1ctica de la gesti\u00f3n no violenta de los conflictos, otorgado conjuntamente con el ICIP.<\/li>\n<li><strong>Premio Ramon Muntaner<\/strong> al mejor trabajo en ciencias humanas, sociales o naturales que plantee una propuesta de aplicabilidad en cualquier \u00e1mbito de la educaci\u00f3n, y que proponga alg\u00fan elemento o recurso que pueda contribuir al desarrollo local otorgado conjuntamente con el IRMU.<\/li>\n<li><strong>Premio EAPC Luciana Calvo<\/strong> a los dos mejores trabajos de investigaci\u00f3n que aporten reflexi\u00f3n, an\u00e1lisis y propuestas sobre temas relacionados a alguno de los tres \u00e1mbitos tem\u00e1ticos de la Revista de Lengua y Derecho, publicada por el EAPC otorgado conjuntamente con el EAPC.<\/li>\n<li><strong>Premii TIC Salut Social\u00a0<\/strong>al mejor trabajo relacionado con la Salud Digital (e-Health, m-Health\u2026) en el campo sanitario y\/o social, que sit\u00fae el paciente\/ciudadano en el centro del sistema como agente de transformaci\u00f3n digital otorgado conjuntamente con la <em>Fundaci\u00f3 TIC Salut Social<\/em>.<\/li>\n<\/ul>\n<p>11 premios en centros de Educaci\u00f3n Secundaria de Catalu\u00f1a; 10 premios para fomentar la participaci\u00f3n de los tutores, tutoras y alumnas; y 1 premio para impulsar el inter\u00e9s por la investigaci\u00f3n sobre las mujeres y sus aportaciones a la sociedad otorgado conjuntamente con la ICD.<\/p>\n<p>La convocatoria estar\u00e1 abierta hasta el 1 de octubre de 2019 a las 14h.<\/p>\n","protected":false},"author":21,"featured_media":3921,"menu_order":0,"template":"","meta":{"_acf_changed":false,"inline_featured_image":false},"etiqueta":[],"tipus":[],"topic":[119,123],"class_list":["post-3924","noticia","type-noticia","status-publish","has-post-thumbnail","hentry","topic-innovacion","topic-actualidad"],"acf":{"imatge":3923,"autor":"Adri\u00e0 G.Font"},"yoast_head":"<!-- This site is optimized with the Yoast SEO plugin v27.1.1 - https:\/\/yoast.com\/product\/yoast-seo-wordpress\/ -->\n<title>Publicada una nueva convocatoria de los Premios Investigaci\u00f3n Joven que incluye el premio TIC Salut Social - Fundaci\u00f3 TIC Salut i Social<\/title>\n<meta name=\"robots\" content=\"index, follow, max-snippet:-1, max-image-preview:large, max-video-preview:-1\" \/>\n<link rel=\"canonical\" href=\"https:\/\/ticsalutsocial.atoom.space\/es\/noticia\/publicada-una-nueva-convocatoria-de-los-premios-investigacion-joven-que-incluye-el-premio-tic-salut-social\/\" \/>\n<meta property=\"og:locale\" content=\"es_ES\" \/>\n<meta property=\"og:type\" content=\"article\" \/>\n<meta property=\"og:title\" content=\"Publicada una nueva convocatoria de los Premios Investigaci\u00f3n Joven que incluye el premio TIC Salut Social - Fundaci\u00f3 TIC Salut i Social\" \/>\n<meta property=\"og:description\" content=\"La Ag\u00e8ncia de Gesti\u00f3 d&#8217;Ajuts Universitaris i de Recerca ha publicado la lista de este a\u00f1o de los Premios Investigaci\u00f3n Joven para fomentar el esp\u00edritu cient\u00edfico de la juventud. Como novedad, este a\u00f1o incluye el premio TIC Salud Social en el mejor trabajo relacionado con la Salud Digital (e-Health, m-Health\u2026) en el campo sanitario y\/o [&hellip;]\" \/>\n<meta property=\"og:url\" content=\"https:\/\/ticsalutsocial.atoom.space\/es\/noticia\/publicada-una-nueva-convocatoria-de-los-premios-investigacion-joven-que-incluye-el-premio-tic-salut-social\/\" \/>\n<meta property=\"og:site_name\" content=\"Fundaci\u00f3 TIC Salut i Social\" \/>\n<meta property=\"article:modified_time\" content=\"2021-07-21T13:41:43+00:00\" \/>\n<meta property=\"og:image\" content=\"https:\/\/ticsalutsocial.atoom.space\/wp-content\/uploads\/2019\/06\/photo-1517048676732-d65bc937f952.jpg\" \/>\n\t<meta property=\"og:image:width\" content=\"1350\" \/>\n\t<meta property=\"og:image:height\" content=\"900\" \/>\n\t<meta property=\"og:image:type\" content=\"image\/jpeg\" \/>\n<meta name=\"twitter:card\" content=\"summary_large_image\" \/>\n<meta name=\"twitter:label1\" content=\"Tiempo de lectura\" \/>\n\t<meta name=\"twitter:data1\" content=\"3 minutos\" \/>\n<script type=\"application\/ld+json\" class=\"yoast-schema-graph\">{\"@context\":\"https:\/\/schema.org\",\"@graph\":[{\"@type\":\"WebPage\",\"@id\":\"https:\/\/ticsalutsocial.atoom.space\/es\/noticia\/publicada-una-nueva-convocatoria-de-los-premios-investigacion-joven-que-incluye-el-premio-tic-salut-social\/\",\"url\":\"https:\/\/ticsalutsocial.atoom.space\/es\/noticia\/publicada-una-nueva-convocatoria-de-los-premios-investigacion-joven-que-incluye-el-premio-tic-salut-social\/\",\"name\":\"Publicada una nueva convocatoria de los Premios Investigaci\u00f3n Joven que incluye el premio TIC Salut Social - Fundaci\u00f3 TIC Salut i Social\",\"isPartOf\":{\"@id\":\"https:\/\/ticsalutsocial.atoom.space\/es\/#website\"},\"primaryImageOfPage\":{\"@id\":\"https:\/\/ticsalutsocial.atoom.space\/es\/noticia\/publicada-una-nueva-convocatoria-de-los-premios-investigacion-joven-que-incluye-el-premio-tic-salut-social\/#primaryimage\"},\"image\":{\"@id\":\"https:\/\/ticsalutsocial.atoom.space\/es\/noticia\/publicada-una-nueva-convocatoria-de-los-premios-investigacion-joven-que-incluye-el-premio-tic-salut-social\/#primaryimage\"},\"thumbnailUrl\":\"https:\/\/ticsalutsocial.atoom.space\/wp-content\/uploads\/2019\/06\/photo-1517048676732-d65bc937f952.jpg\",\"datePublished\":\"2019-06-14T12:35:46+00:00\",\"dateModified\":\"2021-07-21T13:41:43+00:00\",\"breadcrumb\":{\"@id\":\"https:\/\/ticsalutsocial.atoom.space\/es\/noticia\/publicada-una-nueva-convocatoria-de-los-premios-investigacion-joven-que-incluye-el-premio-tic-salut-social\/#breadcrumb\"},\"inLanguage\":\"es\",\"potentialAction\":[{\"@type\":\"ReadAction\",\"target\":[\"https:\/\/ticsalutsocial.atoom.space\/es\/noticia\/publicada-una-nueva-convocatoria-de-los-premios-investigacion-joven-que-incluye-el-premio-tic-salut-social\/\"]}]},{\"@type\":\"ImageObject\",\"inLanguage\":\"es\",\"@id\":\"https:\/\/ticsalutsocial.atoom.space\/es\/noticia\/publicada-una-nueva-convocatoria-de-los-premios-investigacion-joven-que-incluye-el-premio-tic-salut-social\/#primaryimage\",\"url\":\"https:\/\/ticsalutsocial.atoom.space\/wp-content\/uploads\/2019\/06\/photo-1517048676732-d65bc937f952.jpg\",\"contentUrl\":\"https:\/\/ticsalutsocial.atoom.space\/wp-content\/uploads\/2019\/06\/photo-1517048676732-d65bc937f952.jpg\",\"width\":1350,\"height\":900},{\"@type\":\"BreadcrumbList\",\"@id\":\"https:\/\/ticsalutsocial.atoom.space\/es\/noticia\/publicada-una-nueva-convocatoria-de-los-premios-investigacion-joven-que-incluye-el-premio-tic-salut-social\/#breadcrumb\",\"itemListElement\":[{\"@type\":\"ListItem\",\"position\":1,\"name\":\"Inici\",\"item\":\"https:\/\/ticsalutsocial.atoom.space\/es\/\"},{\"@type\":\"ListItem\",\"position\":2,\"name\":\"Publicada una nueva convocatoria de los Premios Investigaci\u00f3n Joven que incluye el premio TIC Salut Social\"}]},{\"@type\":\"WebSite\",\"@id\":\"https:\/\/ticsalutsocial.atoom.space\/es\/#website\",\"url\":\"https:\/\/ticsalutsocial.atoom.space\/es\/\",\"name\":\"Fundaci\u00f3 TIC Salut i Social\",\"description\":\"\",\"potentialAction\":[{\"@type\":\"SearchAction\",\"target\":{\"@type\":\"EntryPoint\",\"urlTemplate\":\"https:\/\/ticsalutsocial.atoom.space\/es\/?s={search_term_string}\"},\"query-input\":{\"@type\":\"PropertyValueSpecification\",\"valueRequired\":true,\"valueName\":\"search_term_string\"}}],\"inLanguage\":\"es\"}]}<\/script>\n<!-- \/ Yoast SEO plugin. -->","yoast_head_json":{"title":"Publicada una nueva convocatoria de los Premios Investigaci\u00f3n Joven que incluye el premio TIC Salut Social - Fundaci\u00f3 TIC Salut i Social","robots":{"index":"index","follow":"follow","max-snippet":"max-snippet:-1","max-image-preview":"max-image-preview:large","max-video-preview":"max-video-preview:-1"},"canonical":"https:\/\/ticsalutsocial.atoom.space\/es\/noticia\/publicada-una-nueva-convocatoria-de-los-premios-investigacion-joven-que-incluye-el-premio-tic-salut-social\/","og_locale":"es_ES","og_type":"article","og_title":"Publicada una nueva convocatoria de los Premios Investigaci\u00f3n Joven que incluye el premio TIC Salut Social - Fundaci\u00f3 TIC Salut i Social","og_description":"La Ag\u00e8ncia de Gesti\u00f3 d&#8217;Ajuts Universitaris i de Recerca ha publicado la lista de este a\u00f1o de los Premios Investigaci\u00f3n Joven para fomentar el esp\u00edritu cient\u00edfico de la juventud. Como novedad, este a\u00f1o incluye el premio TIC Salud Social en el mejor trabajo relacionado con la Salud Digital (e-Health, m-Health\u2026) en el campo sanitario y\/o [&hellip;]","og_url":"https:\/\/ticsalutsocial.atoom.space\/es\/noticia\/publicada-una-nueva-convocatoria-de-los-premios-investigacion-joven-que-incluye-el-premio-tic-salut-social\/","og_site_name":"Fundaci\u00f3 TIC Salut i Social","article_modified_time":"2021-07-21T13:41:43+00:00","og_image":[{"width":1350,"height":900,"url":"https:\/\/ticsalutsocial.atoom.space\/wp-content\/uploads\/2019\/06\/photo-1517048676732-d65bc937f952.jpg","type":"image\/jpeg"}],"twitter_card":"summary_large_image","twitter_misc":{"Tiempo de lectura":"3 minutos"},"schema":{"@context":"https:\/\/schema.org","@graph":[{"@type":"WebPage","@id":"https:\/\/ticsalutsocial.atoom.space\/es\/noticia\/publicada-una-nueva-convocatoria-de-los-premios-investigacion-joven-que-incluye-el-premio-tic-salut-social\/","url":"https:\/\/ticsalutsocial.atoom.space\/es\/noticia\/publicada-una-nueva-convocatoria-de-los-premios-investigacion-joven-que-incluye-el-premio-tic-salut-social\/","name":"Publicada una nueva convocatoria de los Premios Investigaci\u00f3n Joven que incluye el premio TIC Salut Social - Fundaci\u00f3 TIC Salut i Social","isPartOf":{"@id":"https:\/\/ticsalutsocial.atoom.space\/es\/#website"},"primaryImageOfPage":{"@id":"https:\/\/ticsalutsocial.atoom.space\/es\/noticia\/publicada-una-nueva-convocatoria-de-los-premios-investigacion-joven-que-incluye-el-premio-tic-salut-social\/#primaryimage"},"image":{"@id":"https:\/\/ticsalutsocial.atoom.space\/es\/noticia\/publicada-una-nueva-convocatoria-de-los-premios-investigacion-joven-que-incluye-el-premio-tic-salut-social\/#primaryimage"},"thumbnailUrl":"https:\/\/ticsalutsocial.atoom.space\/wp-content\/uploads\/2019\/06\/photo-1517048676732-d65bc937f952.jpg","datePublished":"2019-06-14T12:35:46+00:00","dateModified":"2021-07-21T13:41:43+00:00","breadcrumb":{"@id":"https:\/\/ticsalutsocial.atoom.space\/es\/noticia\/publicada-una-nueva-convocatoria-de-los-premios-investigacion-joven-que-incluye-el-premio-tic-salut-social\/#breadcrumb"},"inLanguage":"es","potentialAction":[{"@type":"ReadAction","target":["https:\/\/ticsalutsocial.atoom.space\/es\/noticia\/publicada-una-nueva-convocatoria-de-los-premios-investigacion-joven-que-incluye-el-premio-tic-salut-social\/"]}]},{"@type":"ImageObject","inLanguage":"es","@id":"https:\/\/ticsalutsocial.atoom.space\/es\/noticia\/publicada-una-nueva-convocatoria-de-los-premios-investigacion-joven-que-incluye-el-premio-tic-salut-social\/#primaryimage","url":"https:\/\/ticsalutsocial.atoom.space\/wp-content\/uploads\/2019\/06\/photo-1517048676732-d65bc937f952.jpg","contentUrl":"https:\/\/ticsalutsocial.atoom.space\/wp-content\/uploads\/2019\/06\/photo-1517048676732-d65bc937f952.jpg","width":1350,"height":900},{"@type":"BreadcrumbList","@id":"https:\/\/ticsalutsocial.atoom.space\/es\/noticia\/publicada-una-nueva-convocatoria-de-los-premios-investigacion-joven-que-incluye-el-premio-tic-salut-social\/#breadcrumb","itemListElement":[{"@type":"ListItem","position":1,"name":"Inici","item":"https:\/\/ticsalutsocial.atoom.space\/es\/"},{"@type":"ListItem","position":2,"name":"Publicada una nueva convocatoria de los Premios Investigaci\u00f3n Joven que incluye el premio TIC Salut Social"}]},{"@type":"WebSite","@id":"https:\/\/ticsalutsocial.atoom.space\/es\/#website","url":"https:\/\/ticsalutsocial.atoom.space\/es\/","name":"Fundaci\u00f3 TIC Salut i Social","description":"","potentialAction":[{"@type":"SearchAction","target":{"@type":"EntryPoint","urlTemplate":"https:\/\/ticsalutsocial.atoom.space\/es\/?s={search_term_string}"},"query-input":{"@type":"PropertyValueSpecification","valueRequired":true,"valueName":"search_term_string"}}],"inLanguage":"es"}]}},"_links":{"self":[{"href":"https:\/\/ticsalutsocial.atoom.space\/es\/wp-json\/wp\/v2\/noticia\/3924","targetHints":{"allow":["GET"]}}],"collection":[{"href":"https:\/\/ticsalutsocial.atoom.space\/es\/wp-json\/wp\/v2\/noticia"}],"about":[{"href":"https:\/\/ticsalutsocial.atoom.space\/es\/wp-json\/wp\/v2\/types\/noticia"}],"author":[{"embeddable":true,"href":"https:\/\/ticsalutsocial.atoom.space\/es\/wp-json\/wp\/v2\/users\/21"}],"wp:featuredmedia":[{"embeddable":true,"href":"https:\/\/ticsalutsocial.atoom.space\/es\/wp-json\/wp\/v2\/media\/3921"}],"wp:attachment":[{"href":"https:\/\/ticsalutsocial.atoom.space\/es\/wp-json\/wp\/v2\/media?parent=3924"}],"wp:term":[{"taxonomy":"etiqueta","embeddable":true,"href":"https:\/\/ticsalutsocial.atoom.space\/es\/wp-json\/wp\/v2\/etiqueta?post=3924"},{"taxonomy":"tipus","embeddable":true,"href":"https:\/\/ticsalutsocial.atoom.space\/es\/wp-json\/wp\/v2\/tipus?post=3924"},{"taxonomy":"topic","embeddable":true,"href":"https:\/\/ticsalutsocial.atoom.space\/es\/wp-json\/wp\/v2\/topic?post=3924"}],"curies":[{"name":"wp","href":"https:\/\/api.w.org\/{rel}","templated":true}]}}