
{"id":3930,"date":"2019-06-17T16:42:34","date_gmt":"2019-06-17T14:42:34","guid":{"rendered":"https:\/\/ticsalutsocial.atoom.space\/?post_type=noticia&#038;p=3930"},"modified":"2021-07-21T15:41:47","modified_gmt":"2021-07-21T13:41:47","slug":"ehealth-eurocampus-presenta-los-resultados-finales-el-proximo-15-de-julio","status":"publish","type":"noticia","link":"https:\/\/ticsalutsocial.atoom.space\/es\/noticia\/ehealth-eurocampus-presenta-los-resultados-finales-el-proximo-15-de-julio\/","title":{"rendered":"eHealth Eurocampus presenta los resultados finales el pr\u00f3ximo 15 de julio"},"content":{"rendered":"<p>Durante tres a\u00f1os, la Euroregi\u00f3n ha coordinado el proyecto europeo <strong>eHealth Eurocampus<\/strong>, una asociaci\u00f3n estrat\u00e9gica Erasmus+ de la Ense\u00f1anza Superior. Este proyecto, que re\u00fane 10 socios de 5 Estados miembros de la UE, tiene como objetivo mejorar la calidad de la ense\u00f1anza superior de la TIC en Salud mediante la movilidad y cooperaci\u00f3n transnacionales y el desarrollo de habilidades de emprendimiento adaptadas al sector. La inauguraci\u00f3n institucional de la conferencia de conclusi\u00f3n del proyecto <strong><em>IT &amp; Health \u2013Bridging the Gap<\/em><\/strong>\u00a0tendr\u00e1 lugar en el auditorio de la UPC el d\u00eda 15 de julio a las 11h.<\/p>\n<p>Para inscribirse se tiene que completar el formulario de inscripci\u00f3n a trav\u00e9s del siguiente <a href=\"http:\/\/ehealtheurocampus.eu\/final-public-conference\" target=\"_blank\" rel=\"noopener\">enlace.<\/a><\/p>\n<p>Por otro lado, desde la Euroregi\u00f3n se invita al sector a inscribirse al<strong> mapa de actores <em>Links up<\/em><\/strong>\u00a0y a la plataforma de intercambios del proyecto Interreg SUDOE. Con la inscripci\u00f3n a la plataforma del proyecto <em>Links up<\/em>, gracias al mapa de actores, se pueden identificar posibles socios seg\u00fan su sector (e-turismo y TIC en salud), su regi\u00f3n (Islas Baleares, Catalu\u00f1a, Murcia, Beira y Occitania) y su tipolog\u00eda (start-ups, grandes empresas, inversores, centros de investigaci\u00f3n, \u00a0centros generadores de conocimiento, etc.). Posteriormente, los interesados se pueden poner en contacto con ellos por correo electr\u00f3nico. Adem\u00e1s, en el caso de la Euroregi\u00f3n y los socios del proyecto, esta informaci\u00f3n los servir\u00e1 para identificar actores seg\u00fan su tipolog\u00eda, sector y regi\u00f3n de procedencia de cara a futuras acciones, convocatorias, jornadas, etc.<\/p>\n<p>Los interesados pod\u00e9is registraros a trav\u00e9s del siguiente \u00a0<a href=\"http:\/\/www.linksup-project.eu\/ca\/mapa-actors\/\" target=\"_blank\" rel=\"noopener\">enlace.<\/a><\/p>\n","protected":false},"author":21,"featured_media":3927,"menu_order":0,"template":"","meta":{"_acf_changed":false,"inline_featured_image":false},"etiqueta":[],"tipus":[],"topic":[121,130],"class_list":["post-3930","noticia","type-noticia","status-publish","has-post-thumbnail","hentry","topic-dpd-es","topic-la-fundacion"],"acf":{"imatge":3929,"autor":"Adri\u00e0 G.Font","textos_destacats":[{"texte":"El proyecto eHealth Eurocampus ha sido coordinado por la Euroregi\u00f3n"}]},"yoast_head":"<!-- This site is optimized with the Yoast SEO plugin v27.1.1 - https:\/\/yoast.com\/product\/yoast-seo-wordpress\/ -->\n<title>eHealth Eurocampus presenta los resultados finales el pr\u00f3ximo 15 de julio - Fundaci\u00f3 TIC Salut i Social<\/title>\n<meta name=\"robots\" content=\"index, follow, max-snippet:-1, max-image-preview:large, max-video-preview:-1\" \/>\n<link rel=\"canonical\" href=\"https:\/\/ticsalutsocial.atoom.space\/es\/noticia\/ehealth-eurocampus-presenta-los-resultados-finales-el-proximo-15-de-julio\/\" \/>\n<meta property=\"og:locale\" content=\"es_ES\" \/>\n<meta property=\"og:type\" content=\"article\" \/>\n<meta property=\"og:title\" content=\"eHealth Eurocampus presenta los resultados finales el pr\u00f3ximo 15 de julio - Fundaci\u00f3 TIC Salut i Social\" \/>\n<meta property=\"og:description\" content=\"Durante tres a\u00f1os, la Euroregi\u00f3n ha coordinado el proyecto europeo eHealth Eurocampus, una asociaci\u00f3n estrat\u00e9gica Erasmus+ de la Ense\u00f1anza Superior. Este proyecto, que re\u00fane 10 socios de 5 Estados miembros de la UE, tiene como objetivo mejorar la calidad de la ense\u00f1anza superior de la TIC en Salud mediante la movilidad y cooperaci\u00f3n transnacionales y [&hellip;]\" \/>\n<meta property=\"og:url\" content=\"https:\/\/ticsalutsocial.atoom.space\/es\/noticia\/ehealth-eurocampus-presenta-los-resultados-finales-el-proximo-15-de-julio\/\" \/>\n<meta property=\"og:site_name\" content=\"Fundaci\u00f3 TIC Salut i Social\" \/>\n<meta property=\"article:modified_time\" content=\"2021-07-21T13:41:47+00:00\" \/>\n<meta property=\"og:image\" content=\"https:\/\/ticsalutsocial.atoom.space\/wp-content\/uploads\/2019\/06\/photo-1543191879-742cb35a3a4e.jpg\" \/>\n\t<meta property=\"og:image:width\" content=\"1350\" \/>\n\t<meta property=\"og:image:height\" content=\"900\" \/>\n\t<meta property=\"og:image:type\" content=\"image\/jpeg\" \/>\n<meta name=\"twitter:card\" content=\"summary_large_image\" \/>\n<meta name=\"twitter:label1\" content=\"Tiempo de lectura\" \/>\n\t<meta name=\"twitter:data1\" content=\"1 minuto\" \/>\n<script type=\"application\/ld+json\" class=\"yoast-schema-graph\">{\"@context\":\"https:\/\/schema.org\",\"@graph\":[{\"@type\":\"WebPage\",\"@id\":\"https:\/\/ticsalutsocial.atoom.space\/es\/noticia\/ehealth-eurocampus-presenta-los-resultados-finales-el-proximo-15-de-julio\/\",\"url\":\"https:\/\/ticsalutsocial.atoom.space\/es\/noticia\/ehealth-eurocampus-presenta-los-resultados-finales-el-proximo-15-de-julio\/\",\"name\":\"eHealth Eurocampus presenta los resultados finales el pr\u00f3ximo 15 de julio - Fundaci\u00f3 TIC Salut i Social\",\"isPartOf\":{\"@id\":\"https:\/\/ticsalutsocial.atoom.space\/es\/#website\"},\"primaryImageOfPage\":{\"@id\":\"https:\/\/ticsalutsocial.atoom.space\/es\/noticia\/ehealth-eurocampus-presenta-los-resultados-finales-el-proximo-15-de-julio\/#primaryimage\"},\"image\":{\"@id\":\"https:\/\/ticsalutsocial.atoom.space\/es\/noticia\/ehealth-eurocampus-presenta-los-resultados-finales-el-proximo-15-de-julio\/#primaryimage\"},\"thumbnailUrl\":\"https:\/\/ticsalutsocial.atoom.space\/wp-content\/uploads\/2019\/06\/photo-1543191879-742cb35a3a4e.jpg\",\"datePublished\":\"2019-06-17T14:42:34+00:00\",\"dateModified\":\"2021-07-21T13:41:47+00:00\",\"breadcrumb\":{\"@id\":\"https:\/\/ticsalutsocial.atoom.space\/es\/noticia\/ehealth-eurocampus-presenta-los-resultados-finales-el-proximo-15-de-julio\/#breadcrumb\"},\"inLanguage\":\"es\",\"potentialAction\":[{\"@type\":\"ReadAction\",\"target\":[\"https:\/\/ticsalutsocial.atoom.space\/es\/noticia\/ehealth-eurocampus-presenta-los-resultados-finales-el-proximo-15-de-julio\/\"]}]},{\"@type\":\"ImageObject\",\"inLanguage\":\"es\",\"@id\":\"https:\/\/ticsalutsocial.atoom.space\/es\/noticia\/ehealth-eurocampus-presenta-los-resultados-finales-el-proximo-15-de-julio\/#primaryimage\",\"url\":\"https:\/\/ticsalutsocial.atoom.space\/wp-content\/uploads\/2019\/06\/photo-1543191879-742cb35a3a4e.jpg\",\"contentUrl\":\"https:\/\/ticsalutsocial.atoom.space\/wp-content\/uploads\/2019\/06\/photo-1543191879-742cb35a3a4e.jpg\",\"width\":1350,\"height\":900},{\"@type\":\"BreadcrumbList\",\"@id\":\"https:\/\/ticsalutsocial.atoom.space\/es\/noticia\/ehealth-eurocampus-presenta-los-resultados-finales-el-proximo-15-de-julio\/#breadcrumb\",\"itemListElement\":[{\"@type\":\"ListItem\",\"position\":1,\"name\":\"Inici\",\"item\":\"https:\/\/ticsalutsocial.atoom.space\/es\/\"},{\"@type\":\"ListItem\",\"position\":2,\"name\":\"eHealth Eurocampus presenta los resultados finales el pr\u00f3ximo 15 de julio\"}]},{\"@type\":\"WebSite\",\"@id\":\"https:\/\/ticsalutsocial.atoom.space\/es\/#website\",\"url\":\"https:\/\/ticsalutsocial.atoom.space\/es\/\",\"name\":\"Fundaci\u00f3 TIC Salut i Social\",\"description\":\"\",\"potentialAction\":[{\"@type\":\"SearchAction\",\"target\":{\"@type\":\"EntryPoint\",\"urlTemplate\":\"https:\/\/ticsalutsocial.atoom.space\/es\/?s={search_term_string}\"},\"query-input\":{\"@type\":\"PropertyValueSpecification\",\"valueRequired\":true,\"valueName\":\"search_term_string\"}}],\"inLanguage\":\"es\"}]}<\/script>\n<!-- \/ Yoast SEO plugin. -->","yoast_head_json":{"title":"eHealth Eurocampus presenta los resultados finales el pr\u00f3ximo 15 de julio - Fundaci\u00f3 TIC Salut i Social","robots":{"index":"index","follow":"follow","max-snippet":"max-snippet:-1","max-image-preview":"max-image-preview:large","max-video-preview":"max-video-preview:-1"},"canonical":"https:\/\/ticsalutsocial.atoom.space\/es\/noticia\/ehealth-eurocampus-presenta-los-resultados-finales-el-proximo-15-de-julio\/","og_locale":"es_ES","og_type":"article","og_title":"eHealth Eurocampus presenta los resultados finales el pr\u00f3ximo 15 de julio - Fundaci\u00f3 TIC Salut i Social","og_description":"Durante tres a\u00f1os, la Euroregi\u00f3n ha coordinado el proyecto europeo eHealth Eurocampus, una asociaci\u00f3n estrat\u00e9gica Erasmus+ de la Ense\u00f1anza Superior. Este proyecto, que re\u00fane 10 socios de 5 Estados miembros de la UE, tiene como objetivo mejorar la calidad de la ense\u00f1anza superior de la TIC en Salud mediante la movilidad y cooperaci\u00f3n transnacionales y [&hellip;]","og_url":"https:\/\/ticsalutsocial.atoom.space\/es\/noticia\/ehealth-eurocampus-presenta-los-resultados-finales-el-proximo-15-de-julio\/","og_site_name":"Fundaci\u00f3 TIC Salut i Social","article_modified_time":"2021-07-21T13:41:47+00:00","og_image":[{"width":1350,"height":900,"url":"https:\/\/ticsalutsocial.atoom.space\/wp-content\/uploads\/2019\/06\/photo-1543191879-742cb35a3a4e.jpg","type":"image\/jpeg"}],"twitter_card":"summary_large_image","twitter_misc":{"Tiempo de lectura":"1 minuto"},"schema":{"@context":"https:\/\/schema.org","@graph":[{"@type":"WebPage","@id":"https:\/\/ticsalutsocial.atoom.space\/es\/noticia\/ehealth-eurocampus-presenta-los-resultados-finales-el-proximo-15-de-julio\/","url":"https:\/\/ticsalutsocial.atoom.space\/es\/noticia\/ehealth-eurocampus-presenta-los-resultados-finales-el-proximo-15-de-julio\/","name":"eHealth Eurocampus presenta los resultados finales el pr\u00f3ximo 15 de julio - Fundaci\u00f3 TIC Salut i Social","isPartOf":{"@id":"https:\/\/ticsalutsocial.atoom.space\/es\/#website"},"primaryImageOfPage":{"@id":"https:\/\/ticsalutsocial.atoom.space\/es\/noticia\/ehealth-eurocampus-presenta-los-resultados-finales-el-proximo-15-de-julio\/#primaryimage"},"image":{"@id":"https:\/\/ticsalutsocial.atoom.space\/es\/noticia\/ehealth-eurocampus-presenta-los-resultados-finales-el-proximo-15-de-julio\/#primaryimage"},"thumbnailUrl":"https:\/\/ticsalutsocial.atoom.space\/wp-content\/uploads\/2019\/06\/photo-1543191879-742cb35a3a4e.jpg","datePublished":"2019-06-17T14:42:34+00:00","dateModified":"2021-07-21T13:41:47+00:00","breadcrumb":{"@id":"https:\/\/ticsalutsocial.atoom.space\/es\/noticia\/ehealth-eurocampus-presenta-los-resultados-finales-el-proximo-15-de-julio\/#breadcrumb"},"inLanguage":"es","potentialAction":[{"@type":"ReadAction","target":["https:\/\/ticsalutsocial.atoom.space\/es\/noticia\/ehealth-eurocampus-presenta-los-resultados-finales-el-proximo-15-de-julio\/"]}]},{"@type":"ImageObject","inLanguage":"es","@id":"https:\/\/ticsalutsocial.atoom.space\/es\/noticia\/ehealth-eurocampus-presenta-los-resultados-finales-el-proximo-15-de-julio\/#primaryimage","url":"https:\/\/ticsalutsocial.atoom.space\/wp-content\/uploads\/2019\/06\/photo-1543191879-742cb35a3a4e.jpg","contentUrl":"https:\/\/ticsalutsocial.atoom.space\/wp-content\/uploads\/2019\/06\/photo-1543191879-742cb35a3a4e.jpg","width":1350,"height":900},{"@type":"BreadcrumbList","@id":"https:\/\/ticsalutsocial.atoom.space\/es\/noticia\/ehealth-eurocampus-presenta-los-resultados-finales-el-proximo-15-de-julio\/#breadcrumb","itemListElement":[{"@type":"ListItem","position":1,"name":"Inici","item":"https:\/\/ticsalutsocial.atoom.space\/es\/"},{"@type":"ListItem","position":2,"name":"eHealth Eurocampus presenta los resultados finales el pr\u00f3ximo 15 de julio"}]},{"@type":"WebSite","@id":"https:\/\/ticsalutsocial.atoom.space\/es\/#website","url":"https:\/\/ticsalutsocial.atoom.space\/es\/","name":"Fundaci\u00f3 TIC Salut i Social","description":"","potentialAction":[{"@type":"SearchAction","target":{"@type":"EntryPoint","urlTemplate":"https:\/\/ticsalutsocial.atoom.space\/es\/?s={search_term_string}"},"query-input":{"@type":"PropertyValueSpecification","valueRequired":true,"valueName":"search_term_string"}}],"inLanguage":"es"}]}},"_links":{"self":[{"href":"https:\/\/ticsalutsocial.atoom.space\/es\/wp-json\/wp\/v2\/noticia\/3930","targetHints":{"allow":["GET"]}}],"collection":[{"href":"https:\/\/ticsalutsocial.atoom.space\/es\/wp-json\/wp\/v2\/noticia"}],"about":[{"href":"https:\/\/ticsalutsocial.atoom.space\/es\/wp-json\/wp\/v2\/types\/noticia"}],"author":[{"embeddable":true,"href":"https:\/\/ticsalutsocial.atoom.space\/es\/wp-json\/wp\/v2\/users\/21"}],"wp:featuredmedia":[{"embeddable":true,"href":"https:\/\/ticsalutsocial.atoom.space\/es\/wp-json\/wp\/v2\/media\/3927"}],"wp:attachment":[{"href":"https:\/\/ticsalutsocial.atoom.space\/es\/wp-json\/wp\/v2\/media?parent=3930"}],"wp:term":[{"taxonomy":"etiqueta","embeddable":true,"href":"https:\/\/ticsalutsocial.atoom.space\/es\/wp-json\/wp\/v2\/etiqueta?post=3930"},{"taxonomy":"tipus","embeddable":true,"href":"https:\/\/ticsalutsocial.atoom.space\/es\/wp-json\/wp\/v2\/tipus?post=3930"},{"taxonomy":"topic","embeddable":true,"href":"https:\/\/ticsalutsocial.atoom.space\/es\/wp-json\/wp\/v2\/topic?post=3930"}],"curies":[{"name":"wp","href":"https:\/\/api.w.org\/{rel}","templated":true}]}}