
{"id":3950,"date":"2019-06-26T09:53:37","date_gmt":"2019-06-26T07:53:37","guid":{"rendered":"https:\/\/ticsalutsocial.atoom.space\/?post_type=noticia&#038;p=3950"},"modified":"2021-07-21T15:41:56","modified_gmt":"2021-07-21T13:41:56","slug":"la-agenda-tic-salut-social-ahora-tambien-tu-agenda","status":"publish","type":"noticia","link":"https:\/\/ticsalutsocial.atoom.space\/es\/noticia\/la-agenda-tic-salut-social-ahora-tambien-tu-agenda\/","title":{"rendered":"La Agenda TIC Salut Social, ahora tambi\u00e9n tu agenda"},"content":{"rendered":"<p>En TIC Salut Social nos gusta escuchar y mejorar. Por eso cuando detectamos la necesidad que hab\u00eda de a\u00f1adir acontecimientos relacionados del sector, empezamos a pensar la mejor manera para crear un modelo de agenda colaborativa accesible e intuitiva para todo el mundo.<\/p>\n<h2><strong>Una agenda del sector a tu alcance<\/strong><\/h2>\n<p>Queremos que el sector TIC, salud y social sea m\u00e1s abierto. Un sector donde la informaci\u00f3n sea totalmente accesible y que facilite la conexi\u00f3n entre personas y organismos para seguir construyendo un futuro mucho m\u00e1s libre y positivo por todos.<\/p>\n<p>Por eso hemos decidido dar acceso a nuestra Agenda de alcance nacional e internacional a cualquier persona, organismo o instituci\u00f3n que considere que dispone de informaci\u00f3n sobre un acontecimiento relacionado con el sector y quiera ampliar sus l\u00edmites de difusi\u00f3n.<\/p>\n<h2>Como publicar un acontecimiento en la Agenda<\/h2>\n<p>Para poder publicar, en primer lugar necesitas estar registrado en nuestro <em>site<\/em>. Esto es, disponer de un perfil de alta de usuario donde te pediremos tu e-mail, nombre, preferencias de comunicaci\u00f3n\u2026<\/p>\n<p>Una vez creado, deber\u00e1s hacer clic en \u201ca\u00f1adir tu acontecimiento a la agenda\u201d o bien al bot\u00f3n inferior \u201c+ Dar de alta un evento\u201d y llenar todos los campos necesarios: t\u00edtulo, fecha, lugar, direcci\u00f3n y m\u00e1s.<\/p>\n<p>Finalmente, clicando en \u201cenviar\u201d esta informaci\u00f3n nos llegar\u00e1 a nosotros para confirmar que todo est\u00e9 correcto y que, efectivamente, se trata de un evento real y relevante para el sector. De este modo evitaremos posibles desinformaciones o malentendidos.<\/p>\n<p>Con esta nueva funcionalidad de agenda colaborativa ya no hay excusas para no estar al d\u00eda en cuanto a charlas, ponencias o congresos. Hagamos de nuestro sector un entorno org\u00e1nico donde la informaci\u00f3n est\u00e9 al alcance de todo el mundo. Apostamos por el conocimiento abierto y continuamos avanzando con hacia un futuro de integraci\u00f3n y libertad informativa.<\/p>\n","protected":false},"author":21,"featured_media":3947,"menu_order":0,"template":"","meta":{"_acf_changed":false,"inline_featured_image":false},"etiqueta":[816,822],"tipus":[],"topic":[123],"class_list":["post-3950","noticia","type-noticia","status-publish","has-post-thumbnail","hentry","etiqueta-agenda-digital-es","etiqueta-bizkaia-open-future-es","topic-actualidad"],"acf":{"imatge":3949,"autor":"TIC Salut Social"},"yoast_head":"<!-- This site is optimized with the Yoast SEO plugin v27.1.1 - https:\/\/yoast.com\/product\/yoast-seo-wordpress\/ -->\n<title>La Agenda TIC Salut Social, ahora tambi\u00e9n tu agenda - Fundaci\u00f3 TIC Salut i Social<\/title>\n<meta name=\"robots\" content=\"index, follow, max-snippet:-1, max-image-preview:large, max-video-preview:-1\" \/>\n<link rel=\"canonical\" href=\"https:\/\/ticsalutsocial.atoom.space\/es\/noticia\/la-agenda-tic-salut-social-ahora-tambien-tu-agenda\/\" \/>\n<meta property=\"og:locale\" content=\"es_ES\" \/>\n<meta property=\"og:type\" content=\"article\" \/>\n<meta property=\"og:title\" content=\"La Agenda TIC Salut Social, ahora tambi\u00e9n tu agenda - Fundaci\u00f3 TIC Salut i Social\" \/>\n<meta property=\"og:description\" content=\"En TIC Salut Social nos gusta escuchar y mejorar. Por eso cuando detectamos la necesidad que hab\u00eda de a\u00f1adir acontecimientos relacionados del sector, empezamos a pensar la mejor manera para crear un modelo de agenda colaborativa accesible e intuitiva para todo el mundo. Una agenda del sector a tu alcance Queremos que el sector TIC, [&hellip;]\" \/>\n<meta property=\"og:url\" content=\"https:\/\/ticsalutsocial.atoom.space\/es\/noticia\/la-agenda-tic-salut-social-ahora-tambien-tu-agenda\/\" \/>\n<meta property=\"og:site_name\" content=\"Fundaci\u00f3 TIC Salut i Social\" \/>\n<meta property=\"article:modified_time\" content=\"2021-07-21T13:41:56+00:00\" \/>\n<meta property=\"og:image\" content=\"https:\/\/ticsalutsocial.atoom.space\/wp-content\/uploads\/2019\/06\/ticsalutsocial-agenda-colaborativa.jpg\" \/>\n\t<meta property=\"og:image:width\" content=\"2048\" \/>\n\t<meta property=\"og:image:height\" content=\"1536\" \/>\n\t<meta property=\"og:image:type\" content=\"image\/jpeg\" \/>\n<meta name=\"twitter:card\" content=\"summary_large_image\" \/>\n<meta name=\"twitter:label1\" content=\"Tiempo de lectura\" \/>\n\t<meta name=\"twitter:data1\" content=\"2 minutos\" \/>\n<script type=\"application\/ld+json\" class=\"yoast-schema-graph\">{\"@context\":\"https:\/\/schema.org\",\"@graph\":[{\"@type\":\"WebPage\",\"@id\":\"https:\/\/ticsalutsocial.atoom.space\/es\/noticia\/la-agenda-tic-salut-social-ahora-tambien-tu-agenda\/\",\"url\":\"https:\/\/ticsalutsocial.atoom.space\/es\/noticia\/la-agenda-tic-salut-social-ahora-tambien-tu-agenda\/\",\"name\":\"La Agenda TIC Salut Social, ahora tambi\u00e9n tu agenda - Fundaci\u00f3 TIC Salut i Social\",\"isPartOf\":{\"@id\":\"https:\/\/ticsalutsocial.atoom.space\/es\/#website\"},\"primaryImageOfPage\":{\"@id\":\"https:\/\/ticsalutsocial.atoom.space\/es\/noticia\/la-agenda-tic-salut-social-ahora-tambien-tu-agenda\/#primaryimage\"},\"image\":{\"@id\":\"https:\/\/ticsalutsocial.atoom.space\/es\/noticia\/la-agenda-tic-salut-social-ahora-tambien-tu-agenda\/#primaryimage\"},\"thumbnailUrl\":\"https:\/\/ticsalutsocial.atoom.space\/wp-content\/uploads\/2019\/06\/ticsalutsocial-agenda-colaborativa.jpg\",\"datePublished\":\"2019-06-26T07:53:37+00:00\",\"dateModified\":\"2021-07-21T13:41:56+00:00\",\"breadcrumb\":{\"@id\":\"https:\/\/ticsalutsocial.atoom.space\/es\/noticia\/la-agenda-tic-salut-social-ahora-tambien-tu-agenda\/#breadcrumb\"},\"inLanguage\":\"es\",\"potentialAction\":[{\"@type\":\"ReadAction\",\"target\":[\"https:\/\/ticsalutsocial.atoom.space\/es\/noticia\/la-agenda-tic-salut-social-ahora-tambien-tu-agenda\/\"]}]},{\"@type\":\"ImageObject\",\"inLanguage\":\"es\",\"@id\":\"https:\/\/ticsalutsocial.atoom.space\/es\/noticia\/la-agenda-tic-salut-social-ahora-tambien-tu-agenda\/#primaryimage\",\"url\":\"https:\/\/ticsalutsocial.atoom.space\/wp-content\/uploads\/2019\/06\/ticsalutsocial-agenda-colaborativa.jpg\",\"contentUrl\":\"https:\/\/ticsalutsocial.atoom.space\/wp-content\/uploads\/2019\/06\/ticsalutsocial-agenda-colaborativa.jpg\",\"width\":2048,\"height\":1536},{\"@type\":\"BreadcrumbList\",\"@id\":\"https:\/\/ticsalutsocial.atoom.space\/es\/noticia\/la-agenda-tic-salut-social-ahora-tambien-tu-agenda\/#breadcrumb\",\"itemListElement\":[{\"@type\":\"ListItem\",\"position\":1,\"name\":\"Inici\",\"item\":\"https:\/\/ticsalutsocial.atoom.space\/es\/\"},{\"@type\":\"ListItem\",\"position\":2,\"name\":\"La Agenda TIC Salut Social, ahora tambi\u00e9n tu agenda\"}]},{\"@type\":\"WebSite\",\"@id\":\"https:\/\/ticsalutsocial.atoom.space\/es\/#website\",\"url\":\"https:\/\/ticsalutsocial.atoom.space\/es\/\",\"name\":\"Fundaci\u00f3 TIC Salut i Social\",\"description\":\"\",\"potentialAction\":[{\"@type\":\"SearchAction\",\"target\":{\"@type\":\"EntryPoint\",\"urlTemplate\":\"https:\/\/ticsalutsocial.atoom.space\/es\/?s={search_term_string}\"},\"query-input\":{\"@type\":\"PropertyValueSpecification\",\"valueRequired\":true,\"valueName\":\"search_term_string\"}}],\"inLanguage\":\"es\"}]}<\/script>\n<!-- \/ Yoast SEO plugin. -->","yoast_head_json":{"title":"La Agenda TIC Salut Social, ahora tambi\u00e9n tu agenda - Fundaci\u00f3 TIC Salut i Social","robots":{"index":"index","follow":"follow","max-snippet":"max-snippet:-1","max-image-preview":"max-image-preview:large","max-video-preview":"max-video-preview:-1"},"canonical":"https:\/\/ticsalutsocial.atoom.space\/es\/noticia\/la-agenda-tic-salut-social-ahora-tambien-tu-agenda\/","og_locale":"es_ES","og_type":"article","og_title":"La Agenda TIC Salut Social, ahora tambi\u00e9n tu agenda - Fundaci\u00f3 TIC Salut i Social","og_description":"En TIC Salut Social nos gusta escuchar y mejorar. Por eso cuando detectamos la necesidad que hab\u00eda de a\u00f1adir acontecimientos relacionados del sector, empezamos a pensar la mejor manera para crear un modelo de agenda colaborativa accesible e intuitiva para todo el mundo. Una agenda del sector a tu alcance Queremos que el sector TIC, [&hellip;]","og_url":"https:\/\/ticsalutsocial.atoom.space\/es\/noticia\/la-agenda-tic-salut-social-ahora-tambien-tu-agenda\/","og_site_name":"Fundaci\u00f3 TIC Salut i Social","article_modified_time":"2021-07-21T13:41:56+00:00","og_image":[{"width":2048,"height":1536,"url":"https:\/\/ticsalutsocial.atoom.space\/wp-content\/uploads\/2019\/06\/ticsalutsocial-agenda-colaborativa.jpg","type":"image\/jpeg"}],"twitter_card":"summary_large_image","twitter_misc":{"Tiempo de lectura":"2 minutos"},"schema":{"@context":"https:\/\/schema.org","@graph":[{"@type":"WebPage","@id":"https:\/\/ticsalutsocial.atoom.space\/es\/noticia\/la-agenda-tic-salut-social-ahora-tambien-tu-agenda\/","url":"https:\/\/ticsalutsocial.atoom.space\/es\/noticia\/la-agenda-tic-salut-social-ahora-tambien-tu-agenda\/","name":"La Agenda TIC Salut Social, ahora tambi\u00e9n tu agenda - Fundaci\u00f3 TIC Salut i Social","isPartOf":{"@id":"https:\/\/ticsalutsocial.atoom.space\/es\/#website"},"primaryImageOfPage":{"@id":"https:\/\/ticsalutsocial.atoom.space\/es\/noticia\/la-agenda-tic-salut-social-ahora-tambien-tu-agenda\/#primaryimage"},"image":{"@id":"https:\/\/ticsalutsocial.atoom.space\/es\/noticia\/la-agenda-tic-salut-social-ahora-tambien-tu-agenda\/#primaryimage"},"thumbnailUrl":"https:\/\/ticsalutsocial.atoom.space\/wp-content\/uploads\/2019\/06\/ticsalutsocial-agenda-colaborativa.jpg","datePublished":"2019-06-26T07:53:37+00:00","dateModified":"2021-07-21T13:41:56+00:00","breadcrumb":{"@id":"https:\/\/ticsalutsocial.atoom.space\/es\/noticia\/la-agenda-tic-salut-social-ahora-tambien-tu-agenda\/#breadcrumb"},"inLanguage":"es","potentialAction":[{"@type":"ReadAction","target":["https:\/\/ticsalutsocial.atoom.space\/es\/noticia\/la-agenda-tic-salut-social-ahora-tambien-tu-agenda\/"]}]},{"@type":"ImageObject","inLanguage":"es","@id":"https:\/\/ticsalutsocial.atoom.space\/es\/noticia\/la-agenda-tic-salut-social-ahora-tambien-tu-agenda\/#primaryimage","url":"https:\/\/ticsalutsocial.atoom.space\/wp-content\/uploads\/2019\/06\/ticsalutsocial-agenda-colaborativa.jpg","contentUrl":"https:\/\/ticsalutsocial.atoom.space\/wp-content\/uploads\/2019\/06\/ticsalutsocial-agenda-colaborativa.jpg","width":2048,"height":1536},{"@type":"BreadcrumbList","@id":"https:\/\/ticsalutsocial.atoom.space\/es\/noticia\/la-agenda-tic-salut-social-ahora-tambien-tu-agenda\/#breadcrumb","itemListElement":[{"@type":"ListItem","position":1,"name":"Inici","item":"https:\/\/ticsalutsocial.atoom.space\/es\/"},{"@type":"ListItem","position":2,"name":"La Agenda TIC Salut Social, ahora tambi\u00e9n tu agenda"}]},{"@type":"WebSite","@id":"https:\/\/ticsalutsocial.atoom.space\/es\/#website","url":"https:\/\/ticsalutsocial.atoom.space\/es\/","name":"Fundaci\u00f3 TIC Salut i Social","description":"","potentialAction":[{"@type":"SearchAction","target":{"@type":"EntryPoint","urlTemplate":"https:\/\/ticsalutsocial.atoom.space\/es\/?s={search_term_string}"},"query-input":{"@type":"PropertyValueSpecification","valueRequired":true,"valueName":"search_term_string"}}],"inLanguage":"es"}]}},"_links":{"self":[{"href":"https:\/\/ticsalutsocial.atoom.space\/es\/wp-json\/wp\/v2\/noticia\/3950","targetHints":{"allow":["GET"]}}],"collection":[{"href":"https:\/\/ticsalutsocial.atoom.space\/es\/wp-json\/wp\/v2\/noticia"}],"about":[{"href":"https:\/\/ticsalutsocial.atoom.space\/es\/wp-json\/wp\/v2\/types\/noticia"}],"author":[{"embeddable":true,"href":"https:\/\/ticsalutsocial.atoom.space\/es\/wp-json\/wp\/v2\/users\/21"}],"wp:featuredmedia":[{"embeddable":true,"href":"https:\/\/ticsalutsocial.atoom.space\/es\/wp-json\/wp\/v2\/media\/3947"}],"wp:attachment":[{"href":"https:\/\/ticsalutsocial.atoom.space\/es\/wp-json\/wp\/v2\/media?parent=3950"}],"wp:term":[{"taxonomy":"etiqueta","embeddable":true,"href":"https:\/\/ticsalutsocial.atoom.space\/es\/wp-json\/wp\/v2\/etiqueta?post=3950"},{"taxonomy":"tipus","embeddable":true,"href":"https:\/\/ticsalutsocial.atoom.space\/es\/wp-json\/wp\/v2\/tipus?post=3950"},{"taxonomy":"topic","embeddable":true,"href":"https:\/\/ticsalutsocial.atoom.space\/es\/wp-json\/wp\/v2\/topic?post=3950"}],"curies":[{"name":"wp","href":"https:\/\/api.w.org\/{rel}","templated":true}]}}