
{"id":3963,"date":"2019-07-01T11:08:43","date_gmt":"2019-07-01T09:08:43","guid":{"rendered":"https:\/\/ticsalutsocial.atoom.space\/?post_type=noticia&#038;p=3963"},"modified":"2021-07-21T15:42:04","modified_gmt":"2021-07-21T13:42:04","slug":"valora-inicia-la-fase-piloto","status":"publish","type":"noticia","link":"https:\/\/ticsalutsocial.atoom.space\/es\/noticia\/valora-inicia-la-fase-piloto\/","title":{"rendered":"VALORA inicia la fase piloto"},"content":{"rendered":"<p>El proyecto VALORA, promovido por GSK y coordinado cl\u00ednica y t\u00e9cnicamente \u00a0por el Dr. Simonet -del CAP Maria Bernades- y la <em>Fundaci\u00f3 TIC Salut Social<\/em> respectivamente, ha iniciado durante este mes su fase piloto. En esta etapa se desarrollar\u00e1 una tarea de colaboraci\u00f3n entre profesionales sanitarios y pacientes diagnosticados con EPOC y\/o asma con el objetivo de testear la plataforma Propeller.<\/p>\n<p>La plataforma Propeller, desarrollada por Propeller Health, es un sistema compuesto de un sensor acoplable a dispositivos de inhalaci\u00f3n, una app gratuita (aplicaci\u00f3n) para Smartphone, un portal web del paciente y un portal web para el profesional sanitario. Su objectivo es proporcionar informaci\u00f3n sobre la salud respiratoria de pacientes diagnosticados de EPOC o asma a los profesionales sanitarios, pacientes y cuidadores.<\/p>\n<p>Durante los pr\u00f3ximos seis meses, el Dr Simonet junto con diferentes equipos de Atenci\u00f3n Primaria de la Gerencia Territorial Costa de Ponent, ejecutar\u00e1 esta fase de trabajo y finalmente se evaluaran los resultados.<\/p>\n<p>La muestra estima una participaci\u00f3n de sesenta personas voluntarias d\u00f3nde los principales aspectos de an\u00e1lisis son la experiencia \u00a0y satisfacci\u00f3n de los pacientes en la utilizaci\u00f3n de esta tecnolog\u00eda ya disponible en EEUU. Los profesionales podr\u00e1n analizar la adherencia al tratamiento a trav\u00e9s del portal del profesional.<\/p>\n<p>En estos momentos, los profesionales se encuentran en plena captaci\u00f3n de voluntarios para realizar esta tarea de\u00a0testing. La plataforma Propeller, que aporta una soluci\u00f3n digital para\u00a0telemonitorizar\u00a0pacientes con patolog\u00edas cr\u00f3nicas como el asma o la EPOC, pone nuevamente al paciente en el centro de la atenci\u00f3n para definir nuevas formas de relaci\u00f3n. Los m\u00e9todos asistenciales se transforman y avanzan hacia modelos preventivos. La colaboraci\u00f3n entre todas las partes implicadas determinan el \u00e9xito de los tratamientos y de las soluciones tecnol\u00f3gicas que los soportan.<\/p>\n<p>El proyecto VALORA, presenta este elemento innovador y de cambio ajustado al concepto de transformaci\u00f3n digital. Este proyecto constituye un claro ejemplo del potencial proyectado en los pr\u00f3ximos a\u00f1os sobre an\u00e1lisis y gesti\u00f3n de datos en el sector salud.<\/p>\n<p>&nbsp;<\/p>\n","protected":false},"author":21,"featured_media":3960,"menu_order":0,"template":"","meta":{"_acf_changed":false,"inline_featured_image":false},"etiqueta":[],"tipus":[],"topic":[123,130],"class_list":["post-3963","noticia","type-noticia","status-publish","has-post-thumbnail","hentry","topic-actualidad","topic-la-fundacion"],"acf":{"imatge":3962,"autor":"TIC Salut Social"},"yoast_head":"<!-- This site is optimized with the Yoast SEO plugin v27.1.1 - https:\/\/yoast.com\/product\/yoast-seo-wordpress\/ -->\n<title>VALORA inicia la fase piloto - Fundaci\u00f3 TIC Salut i Social<\/title>\n<meta name=\"robots\" content=\"index, follow, max-snippet:-1, max-image-preview:large, max-video-preview:-1\" \/>\n<link rel=\"canonical\" href=\"https:\/\/ticsalutsocial.atoom.space\/es\/noticia\/valora-inicia-la-fase-piloto\/\" \/>\n<meta property=\"og:locale\" content=\"es_ES\" \/>\n<meta property=\"og:type\" content=\"article\" \/>\n<meta property=\"og:title\" content=\"VALORA inicia la fase piloto - Fundaci\u00f3 TIC Salut i Social\" \/>\n<meta property=\"og:description\" content=\"El proyecto VALORA, promovido por GSK y coordinado cl\u00ednica y t\u00e9cnicamente \u00a0por el Dr. Simonet -del CAP Maria Bernades- y la Fundaci\u00f3 TIC Salut Social respectivamente, ha iniciado durante este mes su fase piloto. En esta etapa se desarrollar\u00e1 una tarea de colaboraci\u00f3n entre profesionales sanitarios y pacientes diagnosticados con EPOC y\/o asma con el [&hellip;]\" \/>\n<meta property=\"og:url\" content=\"https:\/\/ticsalutsocial.atoom.space\/es\/noticia\/valora-inicia-la-fase-piloto\/\" \/>\n<meta property=\"og:site_name\" content=\"Fundaci\u00f3 TIC Salut i Social\" \/>\n<meta property=\"article:modified_time\" content=\"2021-07-21T13:42:04+00:00\" \/>\n<meta property=\"og:image\" content=\"https:\/\/ticsalutsocial.atoom.space\/wp-content\/uploads\/2019\/07\/thomas-owen-onbqmxowqwu-unsplash-scaled.jpg\" \/>\n\t<meta property=\"og:image:width\" content=\"2560\" \/>\n\t<meta property=\"og:image:height\" content=\"1457\" \/>\n\t<meta property=\"og:image:type\" content=\"image\/jpeg\" \/>\n<meta name=\"twitter:card\" content=\"summary_large_image\" \/>\n<meta name=\"twitter:label1\" content=\"Tiempo de lectura\" \/>\n\t<meta name=\"twitter:data1\" content=\"2 minutos\" \/>\n<script type=\"application\/ld+json\" class=\"yoast-schema-graph\">{\"@context\":\"https:\/\/schema.org\",\"@graph\":[{\"@type\":\"WebPage\",\"@id\":\"https:\/\/ticsalutsocial.atoom.space\/es\/noticia\/valora-inicia-la-fase-piloto\/\",\"url\":\"https:\/\/ticsalutsocial.atoom.space\/es\/noticia\/valora-inicia-la-fase-piloto\/\",\"name\":\"VALORA inicia la fase piloto - Fundaci\u00f3 TIC Salut i Social\",\"isPartOf\":{\"@id\":\"https:\/\/ticsalutsocial.atoom.space\/es\/#website\"},\"primaryImageOfPage\":{\"@id\":\"https:\/\/ticsalutsocial.atoom.space\/es\/noticia\/valora-inicia-la-fase-piloto\/#primaryimage\"},\"image\":{\"@id\":\"https:\/\/ticsalutsocial.atoom.space\/es\/noticia\/valora-inicia-la-fase-piloto\/#primaryimage\"},\"thumbnailUrl\":\"https:\/\/ticsalutsocial.atoom.space\/wp-content\/uploads\/2019\/07\/thomas-owen-onbqmxowqwu-unsplash-scaled.jpg\",\"datePublished\":\"2019-07-01T09:08:43+00:00\",\"dateModified\":\"2021-07-21T13:42:04+00:00\",\"breadcrumb\":{\"@id\":\"https:\/\/ticsalutsocial.atoom.space\/es\/noticia\/valora-inicia-la-fase-piloto\/#breadcrumb\"},\"inLanguage\":\"es\",\"potentialAction\":[{\"@type\":\"ReadAction\",\"target\":[\"https:\/\/ticsalutsocial.atoom.space\/es\/noticia\/valora-inicia-la-fase-piloto\/\"]}]},{\"@type\":\"ImageObject\",\"inLanguage\":\"es\",\"@id\":\"https:\/\/ticsalutsocial.atoom.space\/es\/noticia\/valora-inicia-la-fase-piloto\/#primaryimage\",\"url\":\"https:\/\/ticsalutsocial.atoom.space\/wp-content\/uploads\/2019\/07\/thomas-owen-onbqmxowqwu-unsplash-scaled.jpg\",\"contentUrl\":\"https:\/\/ticsalutsocial.atoom.space\/wp-content\/uploads\/2019\/07\/thomas-owen-onbqmxowqwu-unsplash-scaled.jpg\",\"width\":2560,\"height\":1457},{\"@type\":\"BreadcrumbList\",\"@id\":\"https:\/\/ticsalutsocial.atoom.space\/es\/noticia\/valora-inicia-la-fase-piloto\/#breadcrumb\",\"itemListElement\":[{\"@type\":\"ListItem\",\"position\":1,\"name\":\"Inici\",\"item\":\"https:\/\/ticsalutsocial.atoom.space\/es\/\"},{\"@type\":\"ListItem\",\"position\":2,\"name\":\"VALORA inicia la fase piloto\"}]},{\"@type\":\"WebSite\",\"@id\":\"https:\/\/ticsalutsocial.atoom.space\/es\/#website\",\"url\":\"https:\/\/ticsalutsocial.atoom.space\/es\/\",\"name\":\"Fundaci\u00f3 TIC Salut i Social\",\"description\":\"\",\"potentialAction\":[{\"@type\":\"SearchAction\",\"target\":{\"@type\":\"EntryPoint\",\"urlTemplate\":\"https:\/\/ticsalutsocial.atoom.space\/es\/?s={search_term_string}\"},\"query-input\":{\"@type\":\"PropertyValueSpecification\",\"valueRequired\":true,\"valueName\":\"search_term_string\"}}],\"inLanguage\":\"es\"}]}<\/script>\n<!-- \/ Yoast SEO plugin. -->","yoast_head_json":{"title":"VALORA inicia la fase piloto - Fundaci\u00f3 TIC Salut i Social","robots":{"index":"index","follow":"follow","max-snippet":"max-snippet:-1","max-image-preview":"max-image-preview:large","max-video-preview":"max-video-preview:-1"},"canonical":"https:\/\/ticsalutsocial.atoom.space\/es\/noticia\/valora-inicia-la-fase-piloto\/","og_locale":"es_ES","og_type":"article","og_title":"VALORA inicia la fase piloto - Fundaci\u00f3 TIC Salut i Social","og_description":"El proyecto VALORA, promovido por GSK y coordinado cl\u00ednica y t\u00e9cnicamente \u00a0por el Dr. Simonet -del CAP Maria Bernades- y la Fundaci\u00f3 TIC Salut Social respectivamente, ha iniciado durante este mes su fase piloto. En esta etapa se desarrollar\u00e1 una tarea de colaboraci\u00f3n entre profesionales sanitarios y pacientes diagnosticados con EPOC y\/o asma con el [&hellip;]","og_url":"https:\/\/ticsalutsocial.atoom.space\/es\/noticia\/valora-inicia-la-fase-piloto\/","og_site_name":"Fundaci\u00f3 TIC Salut i Social","article_modified_time":"2021-07-21T13:42:04+00:00","og_image":[{"width":2560,"height":1457,"url":"https:\/\/ticsalutsocial.atoom.space\/wp-content\/uploads\/2019\/07\/thomas-owen-onbqmxowqwu-unsplash-scaled.jpg","type":"image\/jpeg"}],"twitter_card":"summary_large_image","twitter_misc":{"Tiempo de lectura":"2 minutos"},"schema":{"@context":"https:\/\/schema.org","@graph":[{"@type":"WebPage","@id":"https:\/\/ticsalutsocial.atoom.space\/es\/noticia\/valora-inicia-la-fase-piloto\/","url":"https:\/\/ticsalutsocial.atoom.space\/es\/noticia\/valora-inicia-la-fase-piloto\/","name":"VALORA inicia la fase piloto - Fundaci\u00f3 TIC Salut i Social","isPartOf":{"@id":"https:\/\/ticsalutsocial.atoom.space\/es\/#website"},"primaryImageOfPage":{"@id":"https:\/\/ticsalutsocial.atoom.space\/es\/noticia\/valora-inicia-la-fase-piloto\/#primaryimage"},"image":{"@id":"https:\/\/ticsalutsocial.atoom.space\/es\/noticia\/valora-inicia-la-fase-piloto\/#primaryimage"},"thumbnailUrl":"https:\/\/ticsalutsocial.atoom.space\/wp-content\/uploads\/2019\/07\/thomas-owen-onbqmxowqwu-unsplash-scaled.jpg","datePublished":"2019-07-01T09:08:43+00:00","dateModified":"2021-07-21T13:42:04+00:00","breadcrumb":{"@id":"https:\/\/ticsalutsocial.atoom.space\/es\/noticia\/valora-inicia-la-fase-piloto\/#breadcrumb"},"inLanguage":"es","potentialAction":[{"@type":"ReadAction","target":["https:\/\/ticsalutsocial.atoom.space\/es\/noticia\/valora-inicia-la-fase-piloto\/"]}]},{"@type":"ImageObject","inLanguage":"es","@id":"https:\/\/ticsalutsocial.atoom.space\/es\/noticia\/valora-inicia-la-fase-piloto\/#primaryimage","url":"https:\/\/ticsalutsocial.atoom.space\/wp-content\/uploads\/2019\/07\/thomas-owen-onbqmxowqwu-unsplash-scaled.jpg","contentUrl":"https:\/\/ticsalutsocial.atoom.space\/wp-content\/uploads\/2019\/07\/thomas-owen-onbqmxowqwu-unsplash-scaled.jpg","width":2560,"height":1457},{"@type":"BreadcrumbList","@id":"https:\/\/ticsalutsocial.atoom.space\/es\/noticia\/valora-inicia-la-fase-piloto\/#breadcrumb","itemListElement":[{"@type":"ListItem","position":1,"name":"Inici","item":"https:\/\/ticsalutsocial.atoom.space\/es\/"},{"@type":"ListItem","position":2,"name":"VALORA inicia la fase piloto"}]},{"@type":"WebSite","@id":"https:\/\/ticsalutsocial.atoom.space\/es\/#website","url":"https:\/\/ticsalutsocial.atoom.space\/es\/","name":"Fundaci\u00f3 TIC Salut i Social","description":"","potentialAction":[{"@type":"SearchAction","target":{"@type":"EntryPoint","urlTemplate":"https:\/\/ticsalutsocial.atoom.space\/es\/?s={search_term_string}"},"query-input":{"@type":"PropertyValueSpecification","valueRequired":true,"valueName":"search_term_string"}}],"inLanguage":"es"}]}},"_links":{"self":[{"href":"https:\/\/ticsalutsocial.atoom.space\/es\/wp-json\/wp\/v2\/noticia\/3963","targetHints":{"allow":["GET"]}}],"collection":[{"href":"https:\/\/ticsalutsocial.atoom.space\/es\/wp-json\/wp\/v2\/noticia"}],"about":[{"href":"https:\/\/ticsalutsocial.atoom.space\/es\/wp-json\/wp\/v2\/types\/noticia"}],"author":[{"embeddable":true,"href":"https:\/\/ticsalutsocial.atoom.space\/es\/wp-json\/wp\/v2\/users\/21"}],"wp:featuredmedia":[{"embeddable":true,"href":"https:\/\/ticsalutsocial.atoom.space\/es\/wp-json\/wp\/v2\/media\/3960"}],"wp:attachment":[{"href":"https:\/\/ticsalutsocial.atoom.space\/es\/wp-json\/wp\/v2\/media?parent=3963"}],"wp:term":[{"taxonomy":"etiqueta","embeddable":true,"href":"https:\/\/ticsalutsocial.atoom.space\/es\/wp-json\/wp\/v2\/etiqueta?post=3963"},{"taxonomy":"tipus","embeddable":true,"href":"https:\/\/ticsalutsocial.atoom.space\/es\/wp-json\/wp\/v2\/tipus?post=3963"},{"taxonomy":"topic","embeddable":true,"href":"https:\/\/ticsalutsocial.atoom.space\/es\/wp-json\/wp\/v2\/topic?post=3963"}],"curies":[{"name":"wp","href":"https:\/\/api.w.org\/{rel}","templated":true}]}}