
{"id":3975,"date":"2019-07-04T09:36:07","date_gmt":"2019-07-04T07:36:07","guid":{"rendered":"https:\/\/ticsalutsocial.atoom.space\/?post_type=noticia&#038;p=3975"},"modified":"2021-07-21T15:42:16","modified_gmt":"2021-07-21T13:42:16","slug":"mconnecta-avanza","status":"publish","type":"noticia","link":"https:\/\/ticsalutsocial.atoom.space\/es\/noticia\/mconnecta-avanza\/","title":{"rendered":"mConnecta avanza"},"content":{"rendered":"<p>El pasado d\u00eda 2 de julio tuvo lugar en el <em>Departament de Salut<\/em> una reuni\u00f3n para constituir el grupo de trabajo funcional con el objetivo de definir las variables de las primeras verticales de trabajo para impulsar la futura plataforma mConnecta. Este herramienta prev\u00e9 la integraci\u00f3n de soluciones tecnol\u00f3gicas en los procesos asistenciales para mejorar la calidad del servicio, poner al paciente en el centro de la atenci\u00f3n y apoderarlo.<\/p>\n<p>Durante el encuentro constitutivo, los organismos implicados en este proyecto &#8211;<em>Departament de Salut<\/em>, <em>Servei Catal\u00e0 de la Salut<\/em>, AQuAS, COMB, COIB, AiFICC, SCEPC, COPLEFC y CAMFIC- definieron las variables de integraci\u00f3n a trav\u00e9s de pilotos aplicados a la depresi\u00f3n y a la CMA o cirug\u00eda mayor ambulatoria. Tambi\u00e9n se podr\u00e1 evaluar\u00e1 el mejor sistema de almacenamiento de datos y su visualizaci\u00f3n por parte de profesionales y ciudadan\u00eda.<\/p>\n<p>El pr\u00f3ximo mes de septiembre tendr\u00e1 lugar una segunda reuni\u00f3n para iniciar la tarea en relaci\u00f3n a las verticales mencionadas.<\/p>\n","protected":false},"author":21,"featured_media":3972,"menu_order":0,"template":"","meta":{"_acf_changed":false,"inline_featured_image":false},"etiqueta":[],"tipus":[654],"topic":[125],"class_list":["post-3975","noticia","type-noticia","status-publish","has-post-thumbnail","hentry","tipus-activos-digitales","topic-hub-es"],"acf":{"imatge":3974,"autor":"TIC Salut Social","textos_destacats":[{"texte":"La futura plataforma mHealth para prescribir soluciones tecnol\u00f3gicas integradas en el proceso asistencial"}]},"yoast_head":"<!-- This site is optimized with the Yoast SEO plugin v27.1.1 - https:\/\/yoast.com\/product\/yoast-seo-wordpress\/ -->\n<title>mConnecta avanza - Fundaci\u00f3 TIC Salut i Social<\/title>\n<meta name=\"robots\" content=\"index, follow, max-snippet:-1, max-image-preview:large, max-video-preview:-1\" \/>\n<link rel=\"canonical\" href=\"https:\/\/ticsalutsocial.atoom.space\/es\/noticia\/mconnecta-avanza\/\" \/>\n<meta property=\"og:locale\" content=\"es_ES\" \/>\n<meta property=\"og:type\" content=\"article\" \/>\n<meta property=\"og:title\" content=\"mConnecta avanza - Fundaci\u00f3 TIC Salut i Social\" \/>\n<meta property=\"og:description\" content=\"El pasado d\u00eda 2 de julio tuvo lugar en el Departament de Salut una reuni\u00f3n para constituir el grupo de trabajo funcional con el objetivo de definir las variables de las primeras verticales de trabajo para impulsar la futura plataforma mConnecta. Este herramienta prev\u00e9 la integraci\u00f3n de soluciones tecnol\u00f3gicas en los procesos asistenciales para mejorar [&hellip;]\" \/>\n<meta property=\"og:url\" content=\"https:\/\/ticsalutsocial.atoom.space\/es\/noticia\/mconnecta-avanza\/\" \/>\n<meta property=\"og:site_name\" content=\"Fundaci\u00f3 TIC Salut i Social\" \/>\n<meta property=\"article:modified_time\" content=\"2021-07-21T13:42:16+00:00\" \/>\n<meta property=\"og:image\" content=\"https:\/\/ticsalutsocial.atoom.space\/wp-content\/uploads\/2019\/07\/daria-nepriakhina-zocdwpuirua-unsplash-scaled.jpg\" \/>\n\t<meta property=\"og:image:width\" content=\"2560\" \/>\n\t<meta property=\"og:image:height\" content=\"1707\" \/>\n\t<meta property=\"og:image:type\" content=\"image\/jpeg\" \/>\n<meta name=\"twitter:card\" content=\"summary_large_image\" \/>\n<meta name=\"twitter:label1\" content=\"Tiempo de lectura\" \/>\n\t<meta name=\"twitter:data1\" content=\"1 minuto\" \/>\n<script type=\"application\/ld+json\" class=\"yoast-schema-graph\">{\"@context\":\"https:\/\/schema.org\",\"@graph\":[{\"@type\":\"WebPage\",\"@id\":\"https:\/\/ticsalutsocial.atoom.space\/es\/noticia\/mconnecta-avanza\/\",\"url\":\"https:\/\/ticsalutsocial.atoom.space\/es\/noticia\/mconnecta-avanza\/\",\"name\":\"mConnecta avanza - Fundaci\u00f3 TIC Salut i Social\",\"isPartOf\":{\"@id\":\"https:\/\/ticsalutsocial.atoom.space\/es\/#website\"},\"primaryImageOfPage\":{\"@id\":\"https:\/\/ticsalutsocial.atoom.space\/es\/noticia\/mconnecta-avanza\/#primaryimage\"},\"image\":{\"@id\":\"https:\/\/ticsalutsocial.atoom.space\/es\/noticia\/mconnecta-avanza\/#primaryimage\"},\"thumbnailUrl\":\"https:\/\/ticsalutsocial.atoom.space\/wp-content\/uploads\/2019\/07\/daria-nepriakhina-zocdwpuirua-unsplash-scaled.jpg\",\"datePublished\":\"2019-07-04T07:36:07+00:00\",\"dateModified\":\"2021-07-21T13:42:16+00:00\",\"breadcrumb\":{\"@id\":\"https:\/\/ticsalutsocial.atoom.space\/es\/noticia\/mconnecta-avanza\/#breadcrumb\"},\"inLanguage\":\"es\",\"potentialAction\":[{\"@type\":\"ReadAction\",\"target\":[\"https:\/\/ticsalutsocial.atoom.space\/es\/noticia\/mconnecta-avanza\/\"]}]},{\"@type\":\"ImageObject\",\"inLanguage\":\"es\",\"@id\":\"https:\/\/ticsalutsocial.atoom.space\/es\/noticia\/mconnecta-avanza\/#primaryimage\",\"url\":\"https:\/\/ticsalutsocial.atoom.space\/wp-content\/uploads\/2019\/07\/daria-nepriakhina-zocdwpuirua-unsplash-scaled.jpg\",\"contentUrl\":\"https:\/\/ticsalutsocial.atoom.space\/wp-content\/uploads\/2019\/07\/daria-nepriakhina-zocdwpuirua-unsplash-scaled.jpg\",\"width\":2560,\"height\":1707},{\"@type\":\"BreadcrumbList\",\"@id\":\"https:\/\/ticsalutsocial.atoom.space\/es\/noticia\/mconnecta-avanza\/#breadcrumb\",\"itemListElement\":[{\"@type\":\"ListItem\",\"position\":1,\"name\":\"Inici\",\"item\":\"https:\/\/ticsalutsocial.atoom.space\/es\/\"},{\"@type\":\"ListItem\",\"position\":2,\"name\":\"mConnecta avanza\"}]},{\"@type\":\"WebSite\",\"@id\":\"https:\/\/ticsalutsocial.atoom.space\/es\/#website\",\"url\":\"https:\/\/ticsalutsocial.atoom.space\/es\/\",\"name\":\"Fundaci\u00f3 TIC Salut i Social\",\"description\":\"\",\"potentialAction\":[{\"@type\":\"SearchAction\",\"target\":{\"@type\":\"EntryPoint\",\"urlTemplate\":\"https:\/\/ticsalutsocial.atoom.space\/es\/?s={search_term_string}\"},\"query-input\":{\"@type\":\"PropertyValueSpecification\",\"valueRequired\":true,\"valueName\":\"search_term_string\"}}],\"inLanguage\":\"es\"}]}<\/script>\n<!-- \/ Yoast SEO plugin. -->","yoast_head_json":{"title":"mConnecta avanza - Fundaci\u00f3 TIC Salut i Social","robots":{"index":"index","follow":"follow","max-snippet":"max-snippet:-1","max-image-preview":"max-image-preview:large","max-video-preview":"max-video-preview:-1"},"canonical":"https:\/\/ticsalutsocial.atoom.space\/es\/noticia\/mconnecta-avanza\/","og_locale":"es_ES","og_type":"article","og_title":"mConnecta avanza - Fundaci\u00f3 TIC Salut i Social","og_description":"El pasado d\u00eda 2 de julio tuvo lugar en el Departament de Salut una reuni\u00f3n para constituir el grupo de trabajo funcional con el objetivo de definir las variables de las primeras verticales de trabajo para impulsar la futura plataforma mConnecta. Este herramienta prev\u00e9 la integraci\u00f3n de soluciones tecnol\u00f3gicas en los procesos asistenciales para mejorar [&hellip;]","og_url":"https:\/\/ticsalutsocial.atoom.space\/es\/noticia\/mconnecta-avanza\/","og_site_name":"Fundaci\u00f3 TIC Salut i Social","article_modified_time":"2021-07-21T13:42:16+00:00","og_image":[{"width":2560,"height":1707,"url":"https:\/\/ticsalutsocial.atoom.space\/wp-content\/uploads\/2019\/07\/daria-nepriakhina-zocdwpuirua-unsplash-scaled.jpg","type":"image\/jpeg"}],"twitter_card":"summary_large_image","twitter_misc":{"Tiempo de lectura":"1 minuto"},"schema":{"@context":"https:\/\/schema.org","@graph":[{"@type":"WebPage","@id":"https:\/\/ticsalutsocial.atoom.space\/es\/noticia\/mconnecta-avanza\/","url":"https:\/\/ticsalutsocial.atoom.space\/es\/noticia\/mconnecta-avanza\/","name":"mConnecta avanza - Fundaci\u00f3 TIC Salut i Social","isPartOf":{"@id":"https:\/\/ticsalutsocial.atoom.space\/es\/#website"},"primaryImageOfPage":{"@id":"https:\/\/ticsalutsocial.atoom.space\/es\/noticia\/mconnecta-avanza\/#primaryimage"},"image":{"@id":"https:\/\/ticsalutsocial.atoom.space\/es\/noticia\/mconnecta-avanza\/#primaryimage"},"thumbnailUrl":"https:\/\/ticsalutsocial.atoom.space\/wp-content\/uploads\/2019\/07\/daria-nepriakhina-zocdwpuirua-unsplash-scaled.jpg","datePublished":"2019-07-04T07:36:07+00:00","dateModified":"2021-07-21T13:42:16+00:00","breadcrumb":{"@id":"https:\/\/ticsalutsocial.atoom.space\/es\/noticia\/mconnecta-avanza\/#breadcrumb"},"inLanguage":"es","potentialAction":[{"@type":"ReadAction","target":["https:\/\/ticsalutsocial.atoom.space\/es\/noticia\/mconnecta-avanza\/"]}]},{"@type":"ImageObject","inLanguage":"es","@id":"https:\/\/ticsalutsocial.atoom.space\/es\/noticia\/mconnecta-avanza\/#primaryimage","url":"https:\/\/ticsalutsocial.atoom.space\/wp-content\/uploads\/2019\/07\/daria-nepriakhina-zocdwpuirua-unsplash-scaled.jpg","contentUrl":"https:\/\/ticsalutsocial.atoom.space\/wp-content\/uploads\/2019\/07\/daria-nepriakhina-zocdwpuirua-unsplash-scaled.jpg","width":2560,"height":1707},{"@type":"BreadcrumbList","@id":"https:\/\/ticsalutsocial.atoom.space\/es\/noticia\/mconnecta-avanza\/#breadcrumb","itemListElement":[{"@type":"ListItem","position":1,"name":"Inici","item":"https:\/\/ticsalutsocial.atoom.space\/es\/"},{"@type":"ListItem","position":2,"name":"mConnecta avanza"}]},{"@type":"WebSite","@id":"https:\/\/ticsalutsocial.atoom.space\/es\/#website","url":"https:\/\/ticsalutsocial.atoom.space\/es\/","name":"Fundaci\u00f3 TIC Salut i Social","description":"","potentialAction":[{"@type":"SearchAction","target":{"@type":"EntryPoint","urlTemplate":"https:\/\/ticsalutsocial.atoom.space\/es\/?s={search_term_string}"},"query-input":{"@type":"PropertyValueSpecification","valueRequired":true,"valueName":"search_term_string"}}],"inLanguage":"es"}]}},"_links":{"self":[{"href":"https:\/\/ticsalutsocial.atoom.space\/es\/wp-json\/wp\/v2\/noticia\/3975","targetHints":{"allow":["GET"]}}],"collection":[{"href":"https:\/\/ticsalutsocial.atoom.space\/es\/wp-json\/wp\/v2\/noticia"}],"about":[{"href":"https:\/\/ticsalutsocial.atoom.space\/es\/wp-json\/wp\/v2\/types\/noticia"}],"author":[{"embeddable":true,"href":"https:\/\/ticsalutsocial.atoom.space\/es\/wp-json\/wp\/v2\/users\/21"}],"wp:featuredmedia":[{"embeddable":true,"href":"https:\/\/ticsalutsocial.atoom.space\/es\/wp-json\/wp\/v2\/media\/3972"}],"wp:attachment":[{"href":"https:\/\/ticsalutsocial.atoom.space\/es\/wp-json\/wp\/v2\/media?parent=3975"}],"wp:term":[{"taxonomy":"etiqueta","embeddable":true,"href":"https:\/\/ticsalutsocial.atoom.space\/es\/wp-json\/wp\/v2\/etiqueta?post=3975"},{"taxonomy":"tipus","embeddable":true,"href":"https:\/\/ticsalutsocial.atoom.space\/es\/wp-json\/wp\/v2\/tipus?post=3975"},{"taxonomy":"topic","embeddable":true,"href":"https:\/\/ticsalutsocial.atoom.space\/es\/wp-json\/wp\/v2\/topic?post=3975"}],"curies":[{"name":"wp","href":"https:\/\/api.w.org\/{rel}","templated":true}]}}