
{"id":3981,"date":"2019-07-09T12:49:52","date_gmt":"2019-07-09T10:49:52","guid":{"rendered":"https:\/\/ticsalutsocial.atoom.space\/?post_type=noticia&#038;p=3981"},"modified":"2021-07-21T15:42:19","modified_gmt":"2021-07-21T13:42:19","slug":"el-proyecto-intersocial-arranca-la-segunda-fase","status":"publish","type":"noticia","link":"https:\/\/ticsalutsocial.atoom.space\/es\/noticia\/el-proyecto-intersocial-arranca-la-segunda-fase\/","title":{"rendered":"El proyecto Intersocial arranca la segunda fase"},"content":{"rendered":"<p>La Fundaci\u00f3 TIC Salut Social en colaboraci\u00f3n con el Departament de Treball, Afers Socials i Fam\u00edlies y la Diputaci\u00f3 de Barcelona, \u200b\u200bpone en marcha la segunda fase del proyecto Intersocial. El pasado 26 de junio tuvo lugar en Barcelona el <em>kick off<\/em> del proyecto, donde se reunieron m\u00e1s de quince profesionales del \u00e1mbito social y de la salud.<\/p>\n<p>En la primera fase del proyecto, en el a\u00f1o 2016, se obtuvieron como resultados <strong>131 problem\u00e1ticas organizadas en 10 categor\u00edas (laborales, educativas, legales, de entorno, etc.) y 35 respuestas en ingl\u00e9s, catal\u00e1n y castellano.<\/strong><\/p>\n<p>En esta segunda fase, <strong>se pretende ampliar la definici\u00f3n de un vocabulario controlado com\u00fan para estandarizar las problem\u00e1ticas, los factores y los acontecimientos en el \u00e1mbito de la atenci\u00f3n social con nuevos casos de uso, inicialmente con infancia y salud mental.<\/strong> Se espera la participaci\u00f3n y colaboraci\u00f3n a lo largo del proyecto de dos grupos de expertos de profesionales del territorio. El est\u00e1ndar que se utilizar\u00e1 ser\u00e1 el mismo que en la primera fase, SNOMED CT.<\/p>\n<p>Mediante estos vocabularios controlados comunes se pretende proporcionar una mejora en la integraci\u00f3n de los datos de los servicios sociales de Catalu\u00f1a, que ayudar\u00e1 a facilitar el trabajo que desarrollan los profesionales de la atenci\u00f3n social.<\/p>\n<p><img loading=\"lazy\" decoding=\"async\" class=\"alignleft wp-image-19341 size-large\" src=\"https:\/\/ticsalutsocial.atoom.space\/wp-content\/uploads\/2019\/07\/d9-jmqgxsaefhos-700x525-1.jpg\" alt=\"\" width=\"700\" height=\"525\" \/><\/p>\n","protected":false},"author":21,"featured_media":3978,"menu_order":0,"template":"","meta":{"_acf_changed":false,"inline_featured_image":false},"etiqueta":[],"tipus":[],"topic":[117],"class_list":["post-3981","noticia","type-noticia","status-publish","has-post-thumbnail","hentry","topic-jornadas"],"acf":{"imatge":3980,"autor":"Lourdes Rodriguez"},"yoast_head":"<!-- This site is optimized with the Yoast SEO plugin v27.1.1 - https:\/\/yoast.com\/product\/yoast-seo-wordpress\/ -->\n<title>El proyecto Intersocial arranca la segunda fase - Fundaci\u00f3 TIC Salut i Social<\/title>\n<meta name=\"robots\" content=\"index, follow, max-snippet:-1, max-image-preview:large, max-video-preview:-1\" \/>\n<link rel=\"canonical\" href=\"https:\/\/ticsalutsocial.atoom.space\/es\/noticia\/el-proyecto-intersocial-arranca-la-segunda-fase\/\" \/>\n<meta property=\"og:locale\" content=\"es_ES\" \/>\n<meta property=\"og:type\" content=\"article\" \/>\n<meta property=\"og:title\" content=\"El proyecto Intersocial arranca la segunda fase - Fundaci\u00f3 TIC Salut i Social\" \/>\n<meta property=\"og:description\" content=\"La Fundaci\u00f3 TIC Salut Social en colaboraci\u00f3n con el Departament de Treball, Afers Socials i Fam\u00edlies y la Diputaci\u00f3 de Barcelona, \u200b\u200bpone en marcha la segunda fase del proyecto Intersocial. El pasado 26 de junio tuvo lugar en Barcelona el kick off del proyecto, donde se reunieron m\u00e1s de quince profesionales del \u00e1mbito social y [&hellip;]\" \/>\n<meta property=\"og:url\" content=\"https:\/\/ticsalutsocial.atoom.space\/es\/noticia\/el-proyecto-intersocial-arranca-la-segunda-fase\/\" \/>\n<meta property=\"og:site_name\" content=\"Fundaci\u00f3 TIC Salut i Social\" \/>\n<meta property=\"article:modified_time\" content=\"2021-07-21T13:42:19+00:00\" \/>\n<meta property=\"og:image\" content=\"https:\/\/ticsalutsocial.atoom.space\/wp-content\/uploads\/2019\/07\/photo-1513957723230-c330c6152342.jpg\" \/>\n\t<meta property=\"og:image:width\" content=\"1350\" \/>\n\t<meta property=\"og:image:height\" content=\"900\" \/>\n\t<meta property=\"og:image:type\" content=\"image\/jpeg\" \/>\n<meta name=\"twitter:card\" content=\"summary_large_image\" \/>\n<meta name=\"twitter:label1\" content=\"Tiempo de lectura\" \/>\n\t<meta name=\"twitter:data1\" content=\"1 minuto\" \/>\n<script type=\"application\/ld+json\" class=\"yoast-schema-graph\">{\"@context\":\"https:\/\/schema.org\",\"@graph\":[{\"@type\":\"WebPage\",\"@id\":\"https:\/\/ticsalutsocial.atoom.space\/es\/noticia\/el-proyecto-intersocial-arranca-la-segunda-fase\/\",\"url\":\"https:\/\/ticsalutsocial.atoom.space\/es\/noticia\/el-proyecto-intersocial-arranca-la-segunda-fase\/\",\"name\":\"El proyecto Intersocial arranca la segunda fase - Fundaci\u00f3 TIC Salut i Social\",\"isPartOf\":{\"@id\":\"https:\/\/ticsalutsocial.atoom.space\/es\/#website\"},\"primaryImageOfPage\":{\"@id\":\"https:\/\/ticsalutsocial.atoom.space\/es\/noticia\/el-proyecto-intersocial-arranca-la-segunda-fase\/#primaryimage\"},\"image\":{\"@id\":\"https:\/\/ticsalutsocial.atoom.space\/es\/noticia\/el-proyecto-intersocial-arranca-la-segunda-fase\/#primaryimage\"},\"thumbnailUrl\":\"https:\/\/ticsalutsocial.atoom.space\/wp-content\/uploads\/2019\/07\/photo-1513957723230-c330c6152342.jpg\",\"datePublished\":\"2019-07-09T10:49:52+00:00\",\"dateModified\":\"2021-07-21T13:42:19+00:00\",\"breadcrumb\":{\"@id\":\"https:\/\/ticsalutsocial.atoom.space\/es\/noticia\/el-proyecto-intersocial-arranca-la-segunda-fase\/#breadcrumb\"},\"inLanguage\":\"es\",\"potentialAction\":[{\"@type\":\"ReadAction\",\"target\":[\"https:\/\/ticsalutsocial.atoom.space\/es\/noticia\/el-proyecto-intersocial-arranca-la-segunda-fase\/\"]}]},{\"@type\":\"ImageObject\",\"inLanguage\":\"es\",\"@id\":\"https:\/\/ticsalutsocial.atoom.space\/es\/noticia\/el-proyecto-intersocial-arranca-la-segunda-fase\/#primaryimage\",\"url\":\"https:\/\/ticsalutsocial.atoom.space\/wp-content\/uploads\/2019\/07\/photo-1513957723230-c330c6152342.jpg\",\"contentUrl\":\"https:\/\/ticsalutsocial.atoom.space\/wp-content\/uploads\/2019\/07\/photo-1513957723230-c330c6152342.jpg\",\"width\":1350,\"height\":900},{\"@type\":\"BreadcrumbList\",\"@id\":\"https:\/\/ticsalutsocial.atoom.space\/es\/noticia\/el-proyecto-intersocial-arranca-la-segunda-fase\/#breadcrumb\",\"itemListElement\":[{\"@type\":\"ListItem\",\"position\":1,\"name\":\"Inici\",\"item\":\"https:\/\/ticsalutsocial.atoom.space\/es\/\"},{\"@type\":\"ListItem\",\"position\":2,\"name\":\"El proyecto Intersocial arranca la segunda fase\"}]},{\"@type\":\"WebSite\",\"@id\":\"https:\/\/ticsalutsocial.atoom.space\/es\/#website\",\"url\":\"https:\/\/ticsalutsocial.atoom.space\/es\/\",\"name\":\"Fundaci\u00f3 TIC Salut i Social\",\"description\":\"\",\"potentialAction\":[{\"@type\":\"SearchAction\",\"target\":{\"@type\":\"EntryPoint\",\"urlTemplate\":\"https:\/\/ticsalutsocial.atoom.space\/es\/?s={search_term_string}\"},\"query-input\":{\"@type\":\"PropertyValueSpecification\",\"valueRequired\":true,\"valueName\":\"search_term_string\"}}],\"inLanguage\":\"es\"}]}<\/script>\n<!-- \/ Yoast SEO plugin. -->","yoast_head_json":{"title":"El proyecto Intersocial arranca la segunda fase - Fundaci\u00f3 TIC Salut i Social","robots":{"index":"index","follow":"follow","max-snippet":"max-snippet:-1","max-image-preview":"max-image-preview:large","max-video-preview":"max-video-preview:-1"},"canonical":"https:\/\/ticsalutsocial.atoom.space\/es\/noticia\/el-proyecto-intersocial-arranca-la-segunda-fase\/","og_locale":"es_ES","og_type":"article","og_title":"El proyecto Intersocial arranca la segunda fase - Fundaci\u00f3 TIC Salut i Social","og_description":"La Fundaci\u00f3 TIC Salut Social en colaboraci\u00f3n con el Departament de Treball, Afers Socials i Fam\u00edlies y la Diputaci\u00f3 de Barcelona, \u200b\u200bpone en marcha la segunda fase del proyecto Intersocial. El pasado 26 de junio tuvo lugar en Barcelona el kick off del proyecto, donde se reunieron m\u00e1s de quince profesionales del \u00e1mbito social y [&hellip;]","og_url":"https:\/\/ticsalutsocial.atoom.space\/es\/noticia\/el-proyecto-intersocial-arranca-la-segunda-fase\/","og_site_name":"Fundaci\u00f3 TIC Salut i Social","article_modified_time":"2021-07-21T13:42:19+00:00","og_image":[{"width":1350,"height":900,"url":"https:\/\/ticsalutsocial.atoom.space\/wp-content\/uploads\/2019\/07\/photo-1513957723230-c330c6152342.jpg","type":"image\/jpeg"}],"twitter_card":"summary_large_image","twitter_misc":{"Tiempo de lectura":"1 minuto"},"schema":{"@context":"https:\/\/schema.org","@graph":[{"@type":"WebPage","@id":"https:\/\/ticsalutsocial.atoom.space\/es\/noticia\/el-proyecto-intersocial-arranca-la-segunda-fase\/","url":"https:\/\/ticsalutsocial.atoom.space\/es\/noticia\/el-proyecto-intersocial-arranca-la-segunda-fase\/","name":"El proyecto Intersocial arranca la segunda fase - Fundaci\u00f3 TIC Salut i Social","isPartOf":{"@id":"https:\/\/ticsalutsocial.atoom.space\/es\/#website"},"primaryImageOfPage":{"@id":"https:\/\/ticsalutsocial.atoom.space\/es\/noticia\/el-proyecto-intersocial-arranca-la-segunda-fase\/#primaryimage"},"image":{"@id":"https:\/\/ticsalutsocial.atoom.space\/es\/noticia\/el-proyecto-intersocial-arranca-la-segunda-fase\/#primaryimage"},"thumbnailUrl":"https:\/\/ticsalutsocial.atoom.space\/wp-content\/uploads\/2019\/07\/photo-1513957723230-c330c6152342.jpg","datePublished":"2019-07-09T10:49:52+00:00","dateModified":"2021-07-21T13:42:19+00:00","breadcrumb":{"@id":"https:\/\/ticsalutsocial.atoom.space\/es\/noticia\/el-proyecto-intersocial-arranca-la-segunda-fase\/#breadcrumb"},"inLanguage":"es","potentialAction":[{"@type":"ReadAction","target":["https:\/\/ticsalutsocial.atoom.space\/es\/noticia\/el-proyecto-intersocial-arranca-la-segunda-fase\/"]}]},{"@type":"ImageObject","inLanguage":"es","@id":"https:\/\/ticsalutsocial.atoom.space\/es\/noticia\/el-proyecto-intersocial-arranca-la-segunda-fase\/#primaryimage","url":"https:\/\/ticsalutsocial.atoom.space\/wp-content\/uploads\/2019\/07\/photo-1513957723230-c330c6152342.jpg","contentUrl":"https:\/\/ticsalutsocial.atoom.space\/wp-content\/uploads\/2019\/07\/photo-1513957723230-c330c6152342.jpg","width":1350,"height":900},{"@type":"BreadcrumbList","@id":"https:\/\/ticsalutsocial.atoom.space\/es\/noticia\/el-proyecto-intersocial-arranca-la-segunda-fase\/#breadcrumb","itemListElement":[{"@type":"ListItem","position":1,"name":"Inici","item":"https:\/\/ticsalutsocial.atoom.space\/es\/"},{"@type":"ListItem","position":2,"name":"El proyecto Intersocial arranca la segunda fase"}]},{"@type":"WebSite","@id":"https:\/\/ticsalutsocial.atoom.space\/es\/#website","url":"https:\/\/ticsalutsocial.atoom.space\/es\/","name":"Fundaci\u00f3 TIC Salut i Social","description":"","potentialAction":[{"@type":"SearchAction","target":{"@type":"EntryPoint","urlTemplate":"https:\/\/ticsalutsocial.atoom.space\/es\/?s={search_term_string}"},"query-input":{"@type":"PropertyValueSpecification","valueRequired":true,"valueName":"search_term_string"}}],"inLanguage":"es"}]}},"_links":{"self":[{"href":"https:\/\/ticsalutsocial.atoom.space\/es\/wp-json\/wp\/v2\/noticia\/3981","targetHints":{"allow":["GET"]}}],"collection":[{"href":"https:\/\/ticsalutsocial.atoom.space\/es\/wp-json\/wp\/v2\/noticia"}],"about":[{"href":"https:\/\/ticsalutsocial.atoom.space\/es\/wp-json\/wp\/v2\/types\/noticia"}],"author":[{"embeddable":true,"href":"https:\/\/ticsalutsocial.atoom.space\/es\/wp-json\/wp\/v2\/users\/21"}],"wp:featuredmedia":[{"embeddable":true,"href":"https:\/\/ticsalutsocial.atoom.space\/es\/wp-json\/wp\/v2\/media\/3978"}],"wp:attachment":[{"href":"https:\/\/ticsalutsocial.atoom.space\/es\/wp-json\/wp\/v2\/media?parent=3981"}],"wp:term":[{"taxonomy":"etiqueta","embeddable":true,"href":"https:\/\/ticsalutsocial.atoom.space\/es\/wp-json\/wp\/v2\/etiqueta?post=3981"},{"taxonomy":"tipus","embeddable":true,"href":"https:\/\/ticsalutsocial.atoom.space\/es\/wp-json\/wp\/v2\/tipus?post=3981"},{"taxonomy":"topic","embeddable":true,"href":"https:\/\/ticsalutsocial.atoom.space\/es\/wp-json\/wp\/v2\/topic?post=3981"}],"curies":[{"name":"wp","href":"https:\/\/api.w.org\/{rel}","templated":true}]}}