
{"id":3987,"date":"2019-07-10T12:23:30","date_gmt":"2019-07-10T10:23:30","guid":{"rendered":"https:\/\/ticsalutsocial.atoom.space\/?post_type=noticia&#038;p=3987"},"modified":"2021-07-21T15:42:22","modified_gmt":"2021-07-21T13:42:22","slug":"el-iii-workshop-del-proyecto-aptitude-centrado-en-el-envejecimiento-activo-y-saludable","status":"publish","type":"noticia","link":"https:\/\/ticsalutsocial.atoom.space\/es\/noticia\/el-iii-workshop-del-proyecto-aptitude-centrado-en-el-envejecimiento-activo-y-saludable\/","title":{"rendered":"El III workshop del proyecto Aptitude centrado en el envejecimiento activo y saludable"},"content":{"rendered":"<p>El pasado 3 de julio tuvo lugar en Pamplona (Espa\u00f1a) la 3.\u00aa edici\u00f3n del workshop del proyecto <a href=\"https:\/\/ticsalutsocial.atoom.space\/es\/actualitat\/projecte-aptitude\/\">Aptitude<\/a>, en el que participa la <em>Fundaci\u00f3 TIC Salut Social<\/em>. Este \u00faltimo taller fue organizado por el equipo de Navarrabiomed, en el Complejo Hospitalario de Navarra y la Universidad\u00a0P\u00fablica de Navarra.<\/p>\n<div class=\"traductor-checkbox form-group\">\n<div class=\"row\"><\/div>\n<\/div>\n<p><img decoding=\"async\" class=\"alignleft size-medium wp-image-19385\" src=\"https:\/\/ticsalutsocial.atoom.space\/wp-content\/uploads\/2019\/07\/d50_7301-300x200-1.jpg\" alt=\"\" \/>Una de las intervenciones m\u00e1s destacadas fue la del profesor\u00a0en el <em>Center for Human and Applied Physiological Sciences<\/em>, <em>King&#8217;s College London<\/em>, el Dr. Norman Lazarus:\u00a0\u00abEnvejecimiento humano saludable: el agujero del Donut\u00bb.<\/p>\n<p>El Dr. Lazarus, de 87 a\u00f1os y con unas condiciones f\u00edsicas y mentales muy buenas,\u00a0comparti\u00f3 entre los asistentes el secreto para llegar con este estado a su edad. Lo ha ido descubriendo de forma emp\u00edrica durante su carrera de investigador en el <em>King\u2019s College<\/em>. Habla de la <em>Trinity Necessary for Healthy Ageing<\/em>\u201d<\/p>\n<ol>\n<li>Comer bien<\/li>\n<li>Salud mental<\/li>\n<li>Actividad f\u00edsica<\/li>\n<\/ol>\n<p>Asegura que manteniendo estas condiciones y ejercit\u00e1ndolas cada d\u00eda se puede conseguir una buena calidad de vida en la vejez. Una curva estad\u00edstica que marca la evoluci\u00f3n de la capacidad f\u00edsica es su herramienta argumental.<\/p>\n<p>Entre los conceptos m\u00e1s relevantes:<\/p>\n<ul>\n<li>No hay evidencia de que el envejecimiento tenga que ser tal y como es. ( Se muestra \u00e9l mismo como prueba).<\/li>\n<li>El tipo de ejercicio practicado, la distancia, la forma del cuerpo, el fenotipo &#8230; no alteran la curva de capacidad f\u00edsica.<\/li>\n<li>La forma de la curva es impulsada por el proceso de envejecimiento y \u00e9sta puede ser alterada.<\/li>\n<li>El proceso de envejecimiento no puede ser considerado como un amigo pero comprender su naturaleza nos da la oportunidad de vivir la vejez de la manera m\u00e1s productiva posible.<\/li>\n<\/ul>\n<p><img decoding=\"async\" class=\"alignleft size-medium wp-image-19388\" src=\"https:\/\/ticsalutsocial.atoom.space\/wp-content\/uploads\/2019\/07\/d50_7410-300x200-1.jpg\" alt=\"\" \/>Otra intervenci\u00f3n destacada fue la de el\u00a0Director del Departamento del <em>Center for Human and Applied Physiological Sciences, King&#8217;s College London<\/em>,\u00a0Stephen Harridge: \u00abEnvejecimiento muscular, c\u00e9lulas madre preparadas para trabajar\u00bb.<\/p>\n<p>Harridge hizo una revisi\u00f3n de los conceptos de m\u00fasculo viejo, la inflamaci\u00f3n, la senesc\u00e8ncia celular y el papel potencial de las c\u00e9lulas precursoras derivadas de la mucosa al contribuir a este fenotipo. Desmitificaci\u00f3n de la Sarcopenia como culpable de todo.<\/p>\n<p>Dio especial importancia a la producci\u00f3n de masa muscular como objetivo principal. La masa muscular es objetivamente el principal responsable del envejecimiento activo. Los niveles de autonom\u00eda van \u00edntimamente ligados a la masa muscular del individuo. Aport\u00f3 niveles de evidencia alta con estudios en los que se ha utilizado imagen diagn\u00f3stica.<\/p>\n<p>Conceptos destacados:<\/p>\n<ul>\n<li>En la mayor\u00eda de estudios de envejecimiento no es posible diferenciar los efectos del envejecimiento de los efectos de la inactividad, disfunciones o patolog\u00edas.<\/li>\n<li>Las personas mayores que practican ejercicio de forma regular presentan niveles superiores de funci\u00f3n psicol\u00f3gica y de salud general comparado con las personas sedentarias. Aun as\u00ed, el rendimiento f\u00edsico disminuye incluso en las personas matores ex-deportistas de \u00e9lite (por ejemplo, los r\u00e9cords mundiales) el descenso se acelera en la d\u00e9cada de los ochenta.<\/li>\n<li>No obstante, la brecha en la masa muscular, la funci\u00f3n contr\u00e1ctil y metab\u00f3lica entre los deportistas y los sedentarios demuestra que el patr\u00f3n de actividad tiene un papel importante en la determinaci\u00f3n del fenotipo en el m\u00fasculo de las personas mayores.<\/li>\n<\/ul>\n<p><img decoding=\"async\" class=\"alignleft size-medium wp-image-19391\" src=\"https:\/\/ticsalutsocial.atoom.space\/wp-content\/uploads\/2019\/07\/d50_7731-300x200-1.jpg\" alt=\"\" \/>La profesora de geriatr\u00eda de la Universidad Paul Sabatier, Tolosa, M\u00aa Eugenia Soto explic\u00f3 la implementaci\u00f3n de herraminetas de la OMS en la pr\u00e1ctica cl\u00ednica a partir de conceptos clave:<\/p>\n<p>A. Capacidad intr\u00ednseca y fragilidad no son lo mismo.<br \/>\nB. Capacidad intr\u00ednseca es un concepto joven, planteado al 2015 por la OMS, y est\u00e1 en proceso de desarrollo.<br \/>\nC. La fragilidad es una condici\u00f3n espec\u00edfica, es un factor de riesgo y puede ser reversible.<br \/>\nD. La medida de la fragilidad es clave para prevenir la discapacidad en la vejez.<\/p>\n<p>Por su parte, Antoni Salv\u00e0, Director de la <em>Fundaci\u00f3 Salut i Envelliment,\u00a0<\/em>UAB &#8211; <em>Universitat Aut\u00f2noma de Barcelona<\/em>, present\u00f3 el\u00a0\u00abPrograma formativo multicomponente de APTITUDE\u00bb.<\/p>\n<p>Salv\u00e0 present\u00f3 la propuesta formativa para profesionales de la salud, por parte del equipo de Catalunya. Se propone una formaci\u00f3n semipresencial de 20h. Trabajo individual de 2h y reflexi\u00f3n debate de 2h.<\/p>\n<p>Objetivos:<\/p>\n<ul>\n<li>Conocer las estrategias de ka OMS en envejecimiento activo y saludable y la prevenci\u00f3n de la discapacidad.<\/li>\n<li>Conocer las bases conceptuales del propio concepto de fragilidad.<\/li>\n<li>Con\u00e8ixer el proc\u00e9s diagn\u00f2stic de la fragilitat.<\/li>\n<li>Identificar las intervenciones sirigides a prevenir la discapacidad.<\/li>\n<li>Conocer las estrategias de abordaje de la fragilidad en territorios APTITUDE.<\/li>\n<\/ul>\n<p>Salv\u00e0 explic\u00f3 que se har\u00e1n varios bloques como: alimentaci\u00f3n saludable, actividad f\u00edsica, aspectos psico-sociales&#8230; en una intervenci\u00f3n multicomponente.<\/p>\n<p>&nbsp;<\/p>\n<p><strong>APTITUDE<\/strong><\/p>\n<p>APTITUDE, responde al acr\u00f3nimo de: Actuar para la prevenci\u00f3n transpirenaica de la dependencia de las personas mayores. Es un proyecto Europeo financiado por el programa POCTEFA donde hay implicados varios pa\u00edses de la regi\u00f3n transfronteriza de los Pirineos. Concretamente participan 10 territorios y m\u00e1s de 20 hospitales de Andorra, la regi\u00f3n Francesa de Occitania, Navarra y Catalunya. En Catalunya el proyecte est\u00e1 liderado por la <em>Fundaci\u00f3 Salut i Envelliment<\/em> (UAB) y por el <em>Departament de Salut.<\/em><\/p>\n<p>El proyecto pretende implementar un espacio de colaboraci\u00f3n transfronteriza para prevenir la dependencia en las personas ancianas mediante la creaci\u00f3n de una red de expertos que promover\u00e1 la asistencia, la formaci\u00f3n, la investigaci\u00f3n y la innovaci\u00f3n en el campo de la Gerontolog\u00eda.<\/p>\n","protected":false},"author":21,"featured_media":3984,"menu_order":0,"template":"","meta":{"_acf_changed":false,"inline_featured_image":false},"etiqueta":[],"tipus":[],"topic":[130],"class_list":["post-3987","noticia","type-noticia","status-publish","has-post-thumbnail","hentry","topic-la-fundacion"],"acf":{"imatge":3986,"autor":"Marc Fortes"},"yoast_head":"<!-- This site is optimized with the Yoast SEO plugin v27.1.1 - https:\/\/yoast.com\/product\/yoast-seo-wordpress\/ -->\n<title>El III workshop del proyecto Aptitude centrado en el envejecimiento activo y saludable - Fundaci\u00f3 TIC Salut i Social<\/title>\n<meta name=\"robots\" content=\"index, follow, max-snippet:-1, max-image-preview:large, max-video-preview:-1\" \/>\n<link rel=\"canonical\" href=\"https:\/\/ticsalutsocial.atoom.space\/es\/noticia\/el-iii-workshop-del-proyecto-aptitude-centrado-en-el-envejecimiento-activo-y-saludable\/\" \/>\n<meta property=\"og:locale\" content=\"es_ES\" \/>\n<meta property=\"og:type\" content=\"article\" \/>\n<meta property=\"og:title\" content=\"El III workshop del proyecto Aptitude centrado en el envejecimiento activo y saludable - Fundaci\u00f3 TIC Salut i Social\" \/>\n<meta property=\"og:description\" content=\"El pasado 3 de julio tuvo lugar en Pamplona (Espa\u00f1a) la 3.\u00aa edici\u00f3n del workshop del proyecto Aptitude, en el que participa la Fundaci\u00f3 TIC Salut Social. Este \u00faltimo taller fue organizado por el equipo de Navarrabiomed, en el Complejo Hospitalario de Navarra y la Universidad\u00a0P\u00fablica de Navarra. Una de las intervenciones m\u00e1s destacadas fue [&hellip;]\" \/>\n<meta property=\"og:url\" content=\"https:\/\/ticsalutsocial.atoom.space\/es\/noticia\/el-iii-workshop-del-proyecto-aptitude-centrado-en-el-envejecimiento-activo-y-saludable\/\" \/>\n<meta property=\"og:site_name\" content=\"Fundaci\u00f3 TIC Salut i Social\" \/>\n<meta property=\"article:modified_time\" content=\"2021-07-21T13:42:22+00:00\" \/>\n<meta property=\"og:image\" content=\"https:\/\/ticsalutsocial.atoom.space\/wp-content\/uploads\/2019\/07\/d50_7080.jpg\" \/>\n\t<meta property=\"og:image:width\" content=\"2048\" \/>\n\t<meta property=\"og:image:height\" content=\"1365\" \/>\n\t<meta property=\"og:image:type\" content=\"image\/jpeg\" \/>\n<meta name=\"twitter:card\" content=\"summary_large_image\" \/>\n<meta name=\"twitter:label1\" content=\"Tiempo de lectura\" \/>\n\t<meta name=\"twitter:data1\" content=\"5 minutos\" \/>\n<script type=\"application\/ld+json\" class=\"yoast-schema-graph\">{\"@context\":\"https:\/\/schema.org\",\"@graph\":[{\"@type\":\"WebPage\",\"@id\":\"https:\/\/ticsalutsocial.atoom.space\/es\/noticia\/el-iii-workshop-del-proyecto-aptitude-centrado-en-el-envejecimiento-activo-y-saludable\/\",\"url\":\"https:\/\/ticsalutsocial.atoom.space\/es\/noticia\/el-iii-workshop-del-proyecto-aptitude-centrado-en-el-envejecimiento-activo-y-saludable\/\",\"name\":\"El III workshop del proyecto Aptitude centrado en el envejecimiento activo y saludable - Fundaci\u00f3 TIC Salut i Social\",\"isPartOf\":{\"@id\":\"https:\/\/ticsalutsocial.atoom.space\/es\/#website\"},\"primaryImageOfPage\":{\"@id\":\"https:\/\/ticsalutsocial.atoom.space\/es\/noticia\/el-iii-workshop-del-proyecto-aptitude-centrado-en-el-envejecimiento-activo-y-saludable\/#primaryimage\"},\"image\":{\"@id\":\"https:\/\/ticsalutsocial.atoom.space\/es\/noticia\/el-iii-workshop-del-proyecto-aptitude-centrado-en-el-envejecimiento-activo-y-saludable\/#primaryimage\"},\"thumbnailUrl\":\"https:\/\/ticsalutsocial.atoom.space\/wp-content\/uploads\/2019\/07\/d50_7080.jpg\",\"datePublished\":\"2019-07-10T10:23:30+00:00\",\"dateModified\":\"2021-07-21T13:42:22+00:00\",\"breadcrumb\":{\"@id\":\"https:\/\/ticsalutsocial.atoom.space\/es\/noticia\/el-iii-workshop-del-proyecto-aptitude-centrado-en-el-envejecimiento-activo-y-saludable\/#breadcrumb\"},\"inLanguage\":\"es\",\"potentialAction\":[{\"@type\":\"ReadAction\",\"target\":[\"https:\/\/ticsalutsocial.atoom.space\/es\/noticia\/el-iii-workshop-del-proyecto-aptitude-centrado-en-el-envejecimiento-activo-y-saludable\/\"]}]},{\"@type\":\"ImageObject\",\"inLanguage\":\"es\",\"@id\":\"https:\/\/ticsalutsocial.atoom.space\/es\/noticia\/el-iii-workshop-del-proyecto-aptitude-centrado-en-el-envejecimiento-activo-y-saludable\/#primaryimage\",\"url\":\"https:\/\/ticsalutsocial.atoom.space\/wp-content\/uploads\/2019\/07\/d50_7080.jpg\",\"contentUrl\":\"https:\/\/ticsalutsocial.atoom.space\/wp-content\/uploads\/2019\/07\/d50_7080.jpg\",\"width\":2048,\"height\":1365},{\"@type\":\"BreadcrumbList\",\"@id\":\"https:\/\/ticsalutsocial.atoom.space\/es\/noticia\/el-iii-workshop-del-proyecto-aptitude-centrado-en-el-envejecimiento-activo-y-saludable\/#breadcrumb\",\"itemListElement\":[{\"@type\":\"ListItem\",\"position\":1,\"name\":\"Inici\",\"item\":\"https:\/\/ticsalutsocial.atoom.space\/es\/\"},{\"@type\":\"ListItem\",\"position\":2,\"name\":\"El III workshop del proyecto Aptitude centrado en el envejecimiento activo y saludable\"}]},{\"@type\":\"WebSite\",\"@id\":\"https:\/\/ticsalutsocial.atoom.space\/es\/#website\",\"url\":\"https:\/\/ticsalutsocial.atoom.space\/es\/\",\"name\":\"Fundaci\u00f3 TIC Salut i Social\",\"description\":\"\",\"potentialAction\":[{\"@type\":\"SearchAction\",\"target\":{\"@type\":\"EntryPoint\",\"urlTemplate\":\"https:\/\/ticsalutsocial.atoom.space\/es\/?s={search_term_string}\"},\"query-input\":{\"@type\":\"PropertyValueSpecification\",\"valueRequired\":true,\"valueName\":\"search_term_string\"}}],\"inLanguage\":\"es\"}]}<\/script>\n<!-- \/ Yoast SEO plugin. -->","yoast_head_json":{"title":"El III workshop del proyecto Aptitude centrado en el envejecimiento activo y saludable - Fundaci\u00f3 TIC Salut i Social","robots":{"index":"index","follow":"follow","max-snippet":"max-snippet:-1","max-image-preview":"max-image-preview:large","max-video-preview":"max-video-preview:-1"},"canonical":"https:\/\/ticsalutsocial.atoom.space\/es\/noticia\/el-iii-workshop-del-proyecto-aptitude-centrado-en-el-envejecimiento-activo-y-saludable\/","og_locale":"es_ES","og_type":"article","og_title":"El III workshop del proyecto Aptitude centrado en el envejecimiento activo y saludable - Fundaci\u00f3 TIC Salut i Social","og_description":"El pasado 3 de julio tuvo lugar en Pamplona (Espa\u00f1a) la 3.\u00aa edici\u00f3n del workshop del proyecto Aptitude, en el que participa la Fundaci\u00f3 TIC Salut Social. Este \u00faltimo taller fue organizado por el equipo de Navarrabiomed, en el Complejo Hospitalario de Navarra y la Universidad\u00a0P\u00fablica de Navarra. Una de las intervenciones m\u00e1s destacadas fue [&hellip;]","og_url":"https:\/\/ticsalutsocial.atoom.space\/es\/noticia\/el-iii-workshop-del-proyecto-aptitude-centrado-en-el-envejecimiento-activo-y-saludable\/","og_site_name":"Fundaci\u00f3 TIC Salut i Social","article_modified_time":"2021-07-21T13:42:22+00:00","og_image":[{"width":2048,"height":1365,"url":"https:\/\/ticsalutsocial.atoom.space\/wp-content\/uploads\/2019\/07\/d50_7080.jpg","type":"image\/jpeg"}],"twitter_card":"summary_large_image","twitter_misc":{"Tiempo de lectura":"5 minutos"},"schema":{"@context":"https:\/\/schema.org","@graph":[{"@type":"WebPage","@id":"https:\/\/ticsalutsocial.atoom.space\/es\/noticia\/el-iii-workshop-del-proyecto-aptitude-centrado-en-el-envejecimiento-activo-y-saludable\/","url":"https:\/\/ticsalutsocial.atoom.space\/es\/noticia\/el-iii-workshop-del-proyecto-aptitude-centrado-en-el-envejecimiento-activo-y-saludable\/","name":"El III workshop del proyecto Aptitude centrado en el envejecimiento activo y saludable - Fundaci\u00f3 TIC Salut i Social","isPartOf":{"@id":"https:\/\/ticsalutsocial.atoom.space\/es\/#website"},"primaryImageOfPage":{"@id":"https:\/\/ticsalutsocial.atoom.space\/es\/noticia\/el-iii-workshop-del-proyecto-aptitude-centrado-en-el-envejecimiento-activo-y-saludable\/#primaryimage"},"image":{"@id":"https:\/\/ticsalutsocial.atoom.space\/es\/noticia\/el-iii-workshop-del-proyecto-aptitude-centrado-en-el-envejecimiento-activo-y-saludable\/#primaryimage"},"thumbnailUrl":"https:\/\/ticsalutsocial.atoom.space\/wp-content\/uploads\/2019\/07\/d50_7080.jpg","datePublished":"2019-07-10T10:23:30+00:00","dateModified":"2021-07-21T13:42:22+00:00","breadcrumb":{"@id":"https:\/\/ticsalutsocial.atoom.space\/es\/noticia\/el-iii-workshop-del-proyecto-aptitude-centrado-en-el-envejecimiento-activo-y-saludable\/#breadcrumb"},"inLanguage":"es","potentialAction":[{"@type":"ReadAction","target":["https:\/\/ticsalutsocial.atoom.space\/es\/noticia\/el-iii-workshop-del-proyecto-aptitude-centrado-en-el-envejecimiento-activo-y-saludable\/"]}]},{"@type":"ImageObject","inLanguage":"es","@id":"https:\/\/ticsalutsocial.atoom.space\/es\/noticia\/el-iii-workshop-del-proyecto-aptitude-centrado-en-el-envejecimiento-activo-y-saludable\/#primaryimage","url":"https:\/\/ticsalutsocial.atoom.space\/wp-content\/uploads\/2019\/07\/d50_7080.jpg","contentUrl":"https:\/\/ticsalutsocial.atoom.space\/wp-content\/uploads\/2019\/07\/d50_7080.jpg","width":2048,"height":1365},{"@type":"BreadcrumbList","@id":"https:\/\/ticsalutsocial.atoom.space\/es\/noticia\/el-iii-workshop-del-proyecto-aptitude-centrado-en-el-envejecimiento-activo-y-saludable\/#breadcrumb","itemListElement":[{"@type":"ListItem","position":1,"name":"Inici","item":"https:\/\/ticsalutsocial.atoom.space\/es\/"},{"@type":"ListItem","position":2,"name":"El III workshop del proyecto Aptitude centrado en el envejecimiento activo y saludable"}]},{"@type":"WebSite","@id":"https:\/\/ticsalutsocial.atoom.space\/es\/#website","url":"https:\/\/ticsalutsocial.atoom.space\/es\/","name":"Fundaci\u00f3 TIC Salut i Social","description":"","potentialAction":[{"@type":"SearchAction","target":{"@type":"EntryPoint","urlTemplate":"https:\/\/ticsalutsocial.atoom.space\/es\/?s={search_term_string}"},"query-input":{"@type":"PropertyValueSpecification","valueRequired":true,"valueName":"search_term_string"}}],"inLanguage":"es"}]}},"_links":{"self":[{"href":"https:\/\/ticsalutsocial.atoom.space\/es\/wp-json\/wp\/v2\/noticia\/3987","targetHints":{"allow":["GET"]}}],"collection":[{"href":"https:\/\/ticsalutsocial.atoom.space\/es\/wp-json\/wp\/v2\/noticia"}],"about":[{"href":"https:\/\/ticsalutsocial.atoom.space\/es\/wp-json\/wp\/v2\/types\/noticia"}],"author":[{"embeddable":true,"href":"https:\/\/ticsalutsocial.atoom.space\/es\/wp-json\/wp\/v2\/users\/21"}],"wp:featuredmedia":[{"embeddable":true,"href":"https:\/\/ticsalutsocial.atoom.space\/es\/wp-json\/wp\/v2\/media\/3984"}],"wp:attachment":[{"href":"https:\/\/ticsalutsocial.atoom.space\/es\/wp-json\/wp\/v2\/media?parent=3987"}],"wp:term":[{"taxonomy":"etiqueta","embeddable":true,"href":"https:\/\/ticsalutsocial.atoom.space\/es\/wp-json\/wp\/v2\/etiqueta?post=3987"},{"taxonomy":"tipus","embeddable":true,"href":"https:\/\/ticsalutsocial.atoom.space\/es\/wp-json\/wp\/v2\/tipus?post=3987"},{"taxonomy":"topic","embeddable":true,"href":"https:\/\/ticsalutsocial.atoom.space\/es\/wp-json\/wp\/v2\/topic?post=3987"}],"curies":[{"name":"wp","href":"https:\/\/api.w.org\/{rel}","templated":true}]}}