
{"id":3997,"date":"2019-07-11T11:57:07","date_gmt":"2019-07-11T09:57:07","guid":{"rendered":"https:\/\/ticsalutsocial.atoom.space\/?post_type=noticia&#038;p=3997"},"modified":"2021-07-21T15:42:26","modified_gmt":"2021-07-21T13:42:26","slug":"ii-congreso-de-accion-social","status":"publish","type":"noticia","link":"https:\/\/ticsalutsocial.atoom.space\/es\/noticia\/ii-congreso-de-accion-social\/","title":{"rendered":"II Congreso de Acci\u00f3n Social"},"content":{"rendered":"<p>Esta segunda edici\u00f3n de\u00a0<a href=\"http:\/\/inclusio.cat\/\" target=\"_blank\" rel=\"noopener\">Inclusi\u00f3.cat<\/a> ha tenido como eje tem\u00e1tico la promoci\u00f3n de la autonom\u00eda personal y la atenci\u00f3n desde la proximidad, es decir, que las personas con limitaciones funcionales puedan recibir las atenciones necesarias en el propio domicilio y en la propia comunidad.<\/p>\n<p>El acto fue inaugurado institucionalmente por el Sr. Jordi Collet (Vicerector de Investigaci\u00f3n y Transferencia de Conocimiento de la Uvic), la Sra. Nuria Homs (Regidora del Ayuntamiento de Vic) y el Sr. Chakir El Homrani (Conseller de Treball, Afers Socials i Fam\u00edlies de la Generalitat de Catalunya).<\/p>\n<p>&nbsp;<\/p>\n<h3 style=\"text-align: center;\"><strong>\u00abAtender m\u00e1s gente, antes y mejor, preventivamente y en su entorno. [&#8230;] La persona en el centro de todo\u00bb<\/strong><\/h3>\n<p>&nbsp;<\/p>\n<p>El conseller Chakir el Homrani, durante presentaci\u00f3n del Pla Estrat\u00e9gico de Servicios Sociales, coment\u00f3 que las pol\u00edticas p\u00fablicas para las personas con limitaciones funcionales tienen que hacer frente a nuevos retos, como por ejemplo, el progresivo envejecimiento de la poblaci\u00f3n, pero tambi\u00e9n las expectativas de la ciudadan\u00eda respecto al ejercicio efectivo de sus derechos, entre ellos lo de la autonom\u00eda personal. En este sentido, coment\u00f3 que el <em>Departament de Treball, Afers Socials i Fam\u00edlies<\/em> ha finalizado un documento estableciendo las bases del futuro <em>Pla Estrat\u00e8gic de Serveis Socials.<\/em><\/p>\n<p>El objetivo principal que se defiende desde el <em>Departament<\/em> es incrementar la cobertura de los servicios sociales con una visi\u00f3n preventiva por ante la paliativa, intentando ofrecer una atenci\u00f3n de proximidad y que permita la autonom\u00eda personal. \u00abAtender m\u00e1s gente, antes y mejor, preventivamente y en su entorno. [&#8230;] La persona en el centro de todo\u00bb coment\u00f3 el Conseller. En este<a href=\"http:\/\/treballiaferssocials.gencat.cat\/ca\/ambits_tematics\/serveis_socials\/pla-estrategic-de-serveis-socials-de-catalunya\/\" target=\"_blank\" rel=\"noopener\">\u00a0enllace<\/a> encontrar\u00e9is los anteriores planes estrat\u00e9gicos de servicios sociales.<\/p>\n<p>&nbsp;<\/p>\n<p>Nuestra compa\u00f1era Ariadna Rius present\u00f3 la interoperabilidad dentro del \u00e1mbito de la atenci\u00f3n integrada entre salud y social y concretamente dentro del proyecto Intersocialdonde actualmente estamos desarrollando la segunda fase.<\/p>\n<p>En la sesi\u00f3n paralela en que se present\u00f3 este proyecto, denominada &#8216;Modelos instrumentales para la atenci\u00f3n integrada&#8217; tambi\u00e9n se presentaron tres iniciativas m\u00e1s:<\/p>\n<ul>\n<li>La colaboraci\u00f3n entre Atenci\u00f3n Primaria Social y Sanitaria en Lloret de Mar -CSMS y Ayuntamiento de Lloret de Mar-. Una experiencia para coordinar los servicios y mejorar la gesti\u00f3n del servicio de atenci\u00f3n domiciliaria.<\/li>\n<li>El Ripoll\u00e8s apuesta territorialmente por la prevenci\u00f3n y la atenci\u00f3n integrada a las personas en situaci\u00f3n de fragilidad &#8211;<em>Consorci de Benestar Social del Ripoll\u00e8s<\/em>-.<\/li>\n<li>El <em>Programa de Gesti\u00f3 de l\u2019Atenci\u00f3 Complexa<\/em> (PGAC) de Osona es un programa dirigido a las personas con necesidades complejas de atenci\u00f3n -sociales y sanitarias-. Basado en un modelo de gesti\u00f3n del caso y en un contexto de atenci\u00f3n integrada entre los profesionales del \u00e1mbito social y sanitario. El programa tiene por objetivo mejorar la salud y el bienestar de las personas, adecuar la utilizaci\u00f3n de servicios sociales y sanitarios, as\u00ed como mejorar la experiencia de atenci\u00f3n, de las personas atendidas y de los profesionales que participan. A pesar de que todav\u00eda cuenta con pocos usuarios (n=9) y, por lo tanto, los resultados obtenidos son poco representativos, el programa presenta un futuro prometedor del que se ha extrean algunas conclusiones:\n<ul>\n<li>Entre los usuarios ha tenido buena acogida.<\/li>\n<li>Mejora de la prescripci\u00f3n y el seguimiento de los usuarios.<\/li>\n<li>\u201cLos complejos no son los pacientes, somos nosotros (el sistema)\u201d.<\/li>\n<\/ul>\n<\/li>\n<\/ul>\n","protected":false},"author":21,"featured_media":3994,"menu_order":0,"template":"","meta":{"_acf_changed":false,"inline_featured_image":false},"etiqueta":[],"tipus":[94],"topic":[121],"class_list":["post-3997","noticia","type-noticia","status-publish","has-post-thumbnail","hentry","tipus-integracion-social-y-sanitaria","topic-dpd-es"],"acf":{"imatge":3996,"autor":"Lourdes Rodriguez","textos_destacats":[{"texte":"Celebrado en Vic durante el 3 y 4 de julio y organizado por la C\u00e1tedra de Servicios Sociales en colaboraci\u00f3n con la Uvic y el Departament de Treball, Afers Socials i Fam\u00edlies."}]},"yoast_head":"<!-- This site is optimized with the Yoast SEO plugin v27.1.1 - https:\/\/yoast.com\/product\/yoast-seo-wordpress\/ -->\n<title>II Congreso de Acci\u00f3n Social - Fundaci\u00f3 TIC Salut i Social<\/title>\n<meta name=\"robots\" content=\"index, follow, max-snippet:-1, max-image-preview:large, max-video-preview:-1\" \/>\n<link rel=\"canonical\" href=\"https:\/\/ticsalutsocial.atoom.space\/es\/noticia\/ii-congreso-de-accion-social\/\" \/>\n<meta property=\"og:locale\" content=\"es_ES\" \/>\n<meta property=\"og:type\" content=\"article\" \/>\n<meta property=\"og:title\" content=\"II Congreso de Acci\u00f3n Social - Fundaci\u00f3 TIC Salut i Social\" \/>\n<meta property=\"og:description\" content=\"Esta segunda edici\u00f3n de\u00a0Inclusi\u00f3.cat ha tenido como eje tem\u00e1tico la promoci\u00f3n de la autonom\u00eda personal y la atenci\u00f3n desde la proximidad, es decir, que las personas con limitaciones funcionales puedan recibir las atenciones necesarias en el propio domicilio y en la propia comunidad. El acto fue inaugurado institucionalmente por el Sr. Jordi Collet (Vicerector de [&hellip;]\" \/>\n<meta property=\"og:url\" content=\"https:\/\/ticsalutsocial.atoom.space\/es\/noticia\/ii-congreso-de-accion-social\/\" \/>\n<meta property=\"og:site_name\" content=\"Fundaci\u00f3 TIC Salut i Social\" \/>\n<meta property=\"article:modified_time\" content=\"2021-07-21T13:42:26+00:00\" \/>\n<meta property=\"og:image\" content=\"https:\/\/ticsalutsocial.atoom.space\/wp-content\/uploads\/2019\/07\/inclusio-scaled.jpg\" \/>\n\t<meta property=\"og:image:width\" content=\"2560\" \/>\n\t<meta property=\"og:image:height\" content=\"1920\" \/>\n\t<meta property=\"og:image:type\" content=\"image\/jpeg\" \/>\n<meta name=\"twitter:card\" content=\"summary_large_image\" \/>\n<meta name=\"twitter:label1\" content=\"Tiempo de lectura\" \/>\n\t<meta name=\"twitter:data1\" content=\"3 minutos\" \/>\n<script type=\"application\/ld+json\" class=\"yoast-schema-graph\">{\"@context\":\"https:\/\/schema.org\",\"@graph\":[{\"@type\":\"WebPage\",\"@id\":\"https:\/\/ticsalutsocial.atoom.space\/es\/noticia\/ii-congreso-de-accion-social\/\",\"url\":\"https:\/\/ticsalutsocial.atoom.space\/es\/noticia\/ii-congreso-de-accion-social\/\",\"name\":\"II Congreso de Acci\u00f3n Social - Fundaci\u00f3 TIC Salut i Social\",\"isPartOf\":{\"@id\":\"https:\/\/ticsalutsocial.atoom.space\/es\/#website\"},\"primaryImageOfPage\":{\"@id\":\"https:\/\/ticsalutsocial.atoom.space\/es\/noticia\/ii-congreso-de-accion-social\/#primaryimage\"},\"image\":{\"@id\":\"https:\/\/ticsalutsocial.atoom.space\/es\/noticia\/ii-congreso-de-accion-social\/#primaryimage\"},\"thumbnailUrl\":\"https:\/\/ticsalutsocial.atoom.space\/wp-content\/uploads\/2019\/07\/inclusio-scaled.jpg\",\"datePublished\":\"2019-07-11T09:57:07+00:00\",\"dateModified\":\"2021-07-21T13:42:26+00:00\",\"breadcrumb\":{\"@id\":\"https:\/\/ticsalutsocial.atoom.space\/es\/noticia\/ii-congreso-de-accion-social\/#breadcrumb\"},\"inLanguage\":\"es\",\"potentialAction\":[{\"@type\":\"ReadAction\",\"target\":[\"https:\/\/ticsalutsocial.atoom.space\/es\/noticia\/ii-congreso-de-accion-social\/\"]}]},{\"@type\":\"ImageObject\",\"inLanguage\":\"es\",\"@id\":\"https:\/\/ticsalutsocial.atoom.space\/es\/noticia\/ii-congreso-de-accion-social\/#primaryimage\",\"url\":\"https:\/\/ticsalutsocial.atoom.space\/wp-content\/uploads\/2019\/07\/inclusio-scaled.jpg\",\"contentUrl\":\"https:\/\/ticsalutsocial.atoom.space\/wp-content\/uploads\/2019\/07\/inclusio-scaled.jpg\",\"width\":2560,\"height\":1920},{\"@type\":\"BreadcrumbList\",\"@id\":\"https:\/\/ticsalutsocial.atoom.space\/es\/noticia\/ii-congreso-de-accion-social\/#breadcrumb\",\"itemListElement\":[{\"@type\":\"ListItem\",\"position\":1,\"name\":\"Inici\",\"item\":\"https:\/\/ticsalutsocial.atoom.space\/es\/\"},{\"@type\":\"ListItem\",\"position\":2,\"name\":\"II Congreso de Acci\u00f3n Social\"}]},{\"@type\":\"WebSite\",\"@id\":\"https:\/\/ticsalutsocial.atoom.space\/es\/#website\",\"url\":\"https:\/\/ticsalutsocial.atoom.space\/es\/\",\"name\":\"Fundaci\u00f3 TIC Salut i Social\",\"description\":\"\",\"potentialAction\":[{\"@type\":\"SearchAction\",\"target\":{\"@type\":\"EntryPoint\",\"urlTemplate\":\"https:\/\/ticsalutsocial.atoom.space\/es\/?s={search_term_string}\"},\"query-input\":{\"@type\":\"PropertyValueSpecification\",\"valueRequired\":true,\"valueName\":\"search_term_string\"}}],\"inLanguage\":\"es\"}]}<\/script>\n<!-- \/ Yoast SEO plugin. -->","yoast_head_json":{"title":"II Congreso de Acci\u00f3n Social - Fundaci\u00f3 TIC Salut i Social","robots":{"index":"index","follow":"follow","max-snippet":"max-snippet:-1","max-image-preview":"max-image-preview:large","max-video-preview":"max-video-preview:-1"},"canonical":"https:\/\/ticsalutsocial.atoom.space\/es\/noticia\/ii-congreso-de-accion-social\/","og_locale":"es_ES","og_type":"article","og_title":"II Congreso de Acci\u00f3n Social - Fundaci\u00f3 TIC Salut i Social","og_description":"Esta segunda edici\u00f3n de\u00a0Inclusi\u00f3.cat ha tenido como eje tem\u00e1tico la promoci\u00f3n de la autonom\u00eda personal y la atenci\u00f3n desde la proximidad, es decir, que las personas con limitaciones funcionales puedan recibir las atenciones necesarias en el propio domicilio y en la propia comunidad. El acto fue inaugurado institucionalmente por el Sr. Jordi Collet (Vicerector de [&hellip;]","og_url":"https:\/\/ticsalutsocial.atoom.space\/es\/noticia\/ii-congreso-de-accion-social\/","og_site_name":"Fundaci\u00f3 TIC Salut i Social","article_modified_time":"2021-07-21T13:42:26+00:00","og_image":[{"width":2560,"height":1920,"url":"https:\/\/ticsalutsocial.atoom.space\/wp-content\/uploads\/2019\/07\/inclusio-scaled.jpg","type":"image\/jpeg"}],"twitter_card":"summary_large_image","twitter_misc":{"Tiempo de lectura":"3 minutos"},"schema":{"@context":"https:\/\/schema.org","@graph":[{"@type":"WebPage","@id":"https:\/\/ticsalutsocial.atoom.space\/es\/noticia\/ii-congreso-de-accion-social\/","url":"https:\/\/ticsalutsocial.atoom.space\/es\/noticia\/ii-congreso-de-accion-social\/","name":"II Congreso de Acci\u00f3n Social - Fundaci\u00f3 TIC Salut i Social","isPartOf":{"@id":"https:\/\/ticsalutsocial.atoom.space\/es\/#website"},"primaryImageOfPage":{"@id":"https:\/\/ticsalutsocial.atoom.space\/es\/noticia\/ii-congreso-de-accion-social\/#primaryimage"},"image":{"@id":"https:\/\/ticsalutsocial.atoom.space\/es\/noticia\/ii-congreso-de-accion-social\/#primaryimage"},"thumbnailUrl":"https:\/\/ticsalutsocial.atoom.space\/wp-content\/uploads\/2019\/07\/inclusio-scaled.jpg","datePublished":"2019-07-11T09:57:07+00:00","dateModified":"2021-07-21T13:42:26+00:00","breadcrumb":{"@id":"https:\/\/ticsalutsocial.atoom.space\/es\/noticia\/ii-congreso-de-accion-social\/#breadcrumb"},"inLanguage":"es","potentialAction":[{"@type":"ReadAction","target":["https:\/\/ticsalutsocial.atoom.space\/es\/noticia\/ii-congreso-de-accion-social\/"]}]},{"@type":"ImageObject","inLanguage":"es","@id":"https:\/\/ticsalutsocial.atoom.space\/es\/noticia\/ii-congreso-de-accion-social\/#primaryimage","url":"https:\/\/ticsalutsocial.atoom.space\/wp-content\/uploads\/2019\/07\/inclusio-scaled.jpg","contentUrl":"https:\/\/ticsalutsocial.atoom.space\/wp-content\/uploads\/2019\/07\/inclusio-scaled.jpg","width":2560,"height":1920},{"@type":"BreadcrumbList","@id":"https:\/\/ticsalutsocial.atoom.space\/es\/noticia\/ii-congreso-de-accion-social\/#breadcrumb","itemListElement":[{"@type":"ListItem","position":1,"name":"Inici","item":"https:\/\/ticsalutsocial.atoom.space\/es\/"},{"@type":"ListItem","position":2,"name":"II Congreso de Acci\u00f3n Social"}]},{"@type":"WebSite","@id":"https:\/\/ticsalutsocial.atoom.space\/es\/#website","url":"https:\/\/ticsalutsocial.atoom.space\/es\/","name":"Fundaci\u00f3 TIC Salut i Social","description":"","potentialAction":[{"@type":"SearchAction","target":{"@type":"EntryPoint","urlTemplate":"https:\/\/ticsalutsocial.atoom.space\/es\/?s={search_term_string}"},"query-input":{"@type":"PropertyValueSpecification","valueRequired":true,"valueName":"search_term_string"}}],"inLanguage":"es"}]}},"_links":{"self":[{"href":"https:\/\/ticsalutsocial.atoom.space\/es\/wp-json\/wp\/v2\/noticia\/3997","targetHints":{"allow":["GET"]}}],"collection":[{"href":"https:\/\/ticsalutsocial.atoom.space\/es\/wp-json\/wp\/v2\/noticia"}],"about":[{"href":"https:\/\/ticsalutsocial.atoom.space\/es\/wp-json\/wp\/v2\/types\/noticia"}],"author":[{"embeddable":true,"href":"https:\/\/ticsalutsocial.atoom.space\/es\/wp-json\/wp\/v2\/users\/21"}],"wp:featuredmedia":[{"embeddable":true,"href":"https:\/\/ticsalutsocial.atoom.space\/es\/wp-json\/wp\/v2\/media\/3994"}],"wp:attachment":[{"href":"https:\/\/ticsalutsocial.atoom.space\/es\/wp-json\/wp\/v2\/media?parent=3997"}],"wp:term":[{"taxonomy":"etiqueta","embeddable":true,"href":"https:\/\/ticsalutsocial.atoom.space\/es\/wp-json\/wp\/v2\/etiqueta?post=3997"},{"taxonomy":"tipus","embeddable":true,"href":"https:\/\/ticsalutsocial.atoom.space\/es\/wp-json\/wp\/v2\/tipus?post=3997"},{"taxonomy":"topic","embeddable":true,"href":"https:\/\/ticsalutsocial.atoom.space\/es\/wp-json\/wp\/v2\/topic?post=3997"}],"curies":[{"name":"wp","href":"https:\/\/api.w.org\/{rel}","templated":true}]}}