
{"id":4003,"date":"2019-07-12T09:37:31","date_gmt":"2019-07-12T07:37:31","guid":{"rendered":"https:\/\/ticsalutsocial.atoom.space\/?post_type=noticia&#038;p=4003"},"modified":"2021-07-21T15:42:29","modified_gmt":"2021-07-21T13:42:29","slug":"inicia-la-fase-de-encuestas-tic-social-al-sector","status":"publish","type":"noticia","link":"https:\/\/ticsalutsocial.atoom.space\/es\/noticia\/inicia-la-fase-de-encuestas-tic-social-al-sector\/","title":{"rendered":"Inicia la fase de encuestas TIC Social al sector"},"content":{"rendered":"<p>Una de las prioridades de la Direcci\u00f3n General de Servicios Sociales son los Sistemas de Informaci\u00f3n, en adelante SSII, y su evoluci\u00f3n por la mejora de la intervenci\u00f3n social y de las herramientas al alcance de las profesionales, la desburocratizaci\u00f3n y el aumento del conocimiento global que permita aplicar las mejores pol\u00edticas y garantizar la equidad en el Sistema Catal\u00e1n de Servicios Sociales.<\/p>\n<p>En este contexto, durante el mes de julio la <em>Fundaci\u00f3 TIC Salut Social<\/em> ha iniciado la fase de recabaci\u00f3n de datos para el estudio anual sobre el grado de implementaci\u00f3n de herraminetas TIC en el sector social. El instrumento de recogida es una encuesta dise\u00f1ada para detectar las necesidades, los requerimientos y el punto de maduraci\u00f3n de los SSII en todo el territorio.<\/p>\n<p>Las personas encargadas de responder estos formularios son profesionales de diferentes perfiles dentro de las \u00c1reas B\u00e1sicas de Servicios Sociales -coordinadoras, trabajadoras sociales y los responsables de SSII-. La muestra del universo encuestado, m\u00e1s all\u00e1 de los responsables de SSII, pretende obtener un punto de vista m\u00e1s amplio de la situaci\u00f3n para atender a los requerimientos de una forma m\u00e1s global. Las diferentes variables de estudio quedan recogidas en un compendio inferior a 40 preguntas y se abordan cuestiones como el grado de digitalizaci\u00f3n, la relaci\u00f3n con la ciudadan\u00eda y el grado de innovaci\u00f3n tecnol\u00f3gica presente en todo el Sistema Catal\u00e1n de Servicios Sociales.<\/p>\n<p>El prer\u00edodo de encuesta son los meses de julio y agosto para poder hacer el an\u00e1lisis de los resultados que quedar\u00e1n recogidos en un informe final durante el \u00faltimo trimestre de de 2019.<\/p>\n<p>La persona encargada de realizar este estudio en la fundaci\u00f3n es Lourdes Rodr\u00edguez, a quien os pod\u00e9is dirigir a trav\u00e9s del correo\u00a0mapatendencies@ticsalutsocial.cat<\/p>\n<p>Tambi\u00e9n pod\u00e9is seguir las novedades a trav\u00e9s de nuestros canales de comunicaci\u00f3n habituales y utilizando lo hashtag #mapaticss<\/p>\n<p>&nbsp;<\/p>\n","protected":false},"author":21,"featured_media":4000,"menu_order":0,"template":"","meta":{"_acf_changed":false,"inline_featured_image":false},"etiqueta":[],"tipus":[],"topic":[123,130],"class_list":["post-4003","noticia","type-noticia","status-publish","has-post-thumbnail","hentry","topic-actualidad","topic-la-fundacion"],"acf":{"imatge":4002,"autor":"TIC Salut Social","textos_destacats":[{"texte":"El estudio anual para determinar necesidades del sector social y el grado de digitalizaci\u00f3n ya est\u00e1 en marcha"}]},"yoast_head":"<!-- This site is optimized with the Yoast SEO plugin v27.1.1 - https:\/\/yoast.com\/product\/yoast-seo-wordpress\/ -->\n<title>Inicia la fase de encuestas TIC Social al sector - Fundaci\u00f3 TIC Salut i Social<\/title>\n<meta name=\"robots\" content=\"index, follow, max-snippet:-1, max-image-preview:large, max-video-preview:-1\" \/>\n<link rel=\"canonical\" href=\"https:\/\/ticsalutsocial.atoom.space\/es\/noticia\/inicia-la-fase-de-encuestas-tic-social-al-sector\/\" \/>\n<meta property=\"og:locale\" content=\"es_ES\" \/>\n<meta property=\"og:type\" content=\"article\" \/>\n<meta property=\"og:title\" content=\"Inicia la fase de encuestas TIC Social al sector - Fundaci\u00f3 TIC Salut i Social\" \/>\n<meta property=\"og:description\" content=\"Una de las prioridades de la Direcci\u00f3n General de Servicios Sociales son los Sistemas de Informaci\u00f3n, en adelante SSII, y su evoluci\u00f3n por la mejora de la intervenci\u00f3n social y de las herramientas al alcance de las profesionales, la desburocratizaci\u00f3n y el aumento del conocimiento global que permita aplicar las mejores pol\u00edticas y garantizar la [&hellip;]\" \/>\n<meta property=\"og:url\" content=\"https:\/\/ticsalutsocial.atoom.space\/es\/noticia\/inicia-la-fase-de-encuestas-tic-social-al-sector\/\" \/>\n<meta property=\"og:site_name\" content=\"Fundaci\u00f3 TIC Salut i Social\" \/>\n<meta property=\"article:modified_time\" content=\"2021-07-21T13:42:29+00:00\" \/>\n<meta property=\"og:image\" content=\"https:\/\/ticsalutsocial.atoom.space\/wp-content\/uploads\/2019\/07\/glenn-carstens-peters-npxxwgq33zq-unsplash-scaled.jpg\" \/>\n\t<meta property=\"og:image:width\" content=\"2560\" \/>\n\t<meta property=\"og:image:height\" content=\"1703\" \/>\n\t<meta property=\"og:image:type\" content=\"image\/jpeg\" \/>\n<meta name=\"twitter:card\" content=\"summary_large_image\" \/>\n<meta name=\"twitter:label1\" content=\"Tiempo de lectura\" \/>\n\t<meta name=\"twitter:data1\" content=\"2 minutos\" \/>\n<script type=\"application\/ld+json\" class=\"yoast-schema-graph\">{\"@context\":\"https:\/\/schema.org\",\"@graph\":[{\"@type\":\"WebPage\",\"@id\":\"https:\/\/ticsalutsocial.atoom.space\/es\/noticia\/inicia-la-fase-de-encuestas-tic-social-al-sector\/\",\"url\":\"https:\/\/ticsalutsocial.atoom.space\/es\/noticia\/inicia-la-fase-de-encuestas-tic-social-al-sector\/\",\"name\":\"Inicia la fase de encuestas TIC Social al sector - Fundaci\u00f3 TIC Salut i Social\",\"isPartOf\":{\"@id\":\"https:\/\/ticsalutsocial.atoom.space\/es\/#website\"},\"primaryImageOfPage\":{\"@id\":\"https:\/\/ticsalutsocial.atoom.space\/es\/noticia\/inicia-la-fase-de-encuestas-tic-social-al-sector\/#primaryimage\"},\"image\":{\"@id\":\"https:\/\/ticsalutsocial.atoom.space\/es\/noticia\/inicia-la-fase-de-encuestas-tic-social-al-sector\/#primaryimage\"},\"thumbnailUrl\":\"https:\/\/ticsalutsocial.atoom.space\/wp-content\/uploads\/2019\/07\/glenn-carstens-peters-npxxwgq33zq-unsplash-scaled.jpg\",\"datePublished\":\"2019-07-12T07:37:31+00:00\",\"dateModified\":\"2021-07-21T13:42:29+00:00\",\"breadcrumb\":{\"@id\":\"https:\/\/ticsalutsocial.atoom.space\/es\/noticia\/inicia-la-fase-de-encuestas-tic-social-al-sector\/#breadcrumb\"},\"inLanguage\":\"es\",\"potentialAction\":[{\"@type\":\"ReadAction\",\"target\":[\"https:\/\/ticsalutsocial.atoom.space\/es\/noticia\/inicia-la-fase-de-encuestas-tic-social-al-sector\/\"]}]},{\"@type\":\"ImageObject\",\"inLanguage\":\"es\",\"@id\":\"https:\/\/ticsalutsocial.atoom.space\/es\/noticia\/inicia-la-fase-de-encuestas-tic-social-al-sector\/#primaryimage\",\"url\":\"https:\/\/ticsalutsocial.atoom.space\/wp-content\/uploads\/2019\/07\/glenn-carstens-peters-npxxwgq33zq-unsplash-scaled.jpg\",\"contentUrl\":\"https:\/\/ticsalutsocial.atoom.space\/wp-content\/uploads\/2019\/07\/glenn-carstens-peters-npxxwgq33zq-unsplash-scaled.jpg\",\"width\":2560,\"height\":1703},{\"@type\":\"BreadcrumbList\",\"@id\":\"https:\/\/ticsalutsocial.atoom.space\/es\/noticia\/inicia-la-fase-de-encuestas-tic-social-al-sector\/#breadcrumb\",\"itemListElement\":[{\"@type\":\"ListItem\",\"position\":1,\"name\":\"Inici\",\"item\":\"https:\/\/ticsalutsocial.atoom.space\/es\/\"},{\"@type\":\"ListItem\",\"position\":2,\"name\":\"Inicia la fase de encuestas TIC Social al sector\"}]},{\"@type\":\"WebSite\",\"@id\":\"https:\/\/ticsalutsocial.atoom.space\/es\/#website\",\"url\":\"https:\/\/ticsalutsocial.atoom.space\/es\/\",\"name\":\"Fundaci\u00f3 TIC Salut i Social\",\"description\":\"\",\"potentialAction\":[{\"@type\":\"SearchAction\",\"target\":{\"@type\":\"EntryPoint\",\"urlTemplate\":\"https:\/\/ticsalutsocial.atoom.space\/es\/?s={search_term_string}\"},\"query-input\":{\"@type\":\"PropertyValueSpecification\",\"valueRequired\":true,\"valueName\":\"search_term_string\"}}],\"inLanguage\":\"es\"}]}<\/script>\n<!-- \/ Yoast SEO plugin. -->","yoast_head_json":{"title":"Inicia la fase de encuestas TIC Social al sector - Fundaci\u00f3 TIC Salut i Social","robots":{"index":"index","follow":"follow","max-snippet":"max-snippet:-1","max-image-preview":"max-image-preview:large","max-video-preview":"max-video-preview:-1"},"canonical":"https:\/\/ticsalutsocial.atoom.space\/es\/noticia\/inicia-la-fase-de-encuestas-tic-social-al-sector\/","og_locale":"es_ES","og_type":"article","og_title":"Inicia la fase de encuestas TIC Social al sector - Fundaci\u00f3 TIC Salut i Social","og_description":"Una de las prioridades de la Direcci\u00f3n General de Servicios Sociales son los Sistemas de Informaci\u00f3n, en adelante SSII, y su evoluci\u00f3n por la mejora de la intervenci\u00f3n social y de las herramientas al alcance de las profesionales, la desburocratizaci\u00f3n y el aumento del conocimiento global que permita aplicar las mejores pol\u00edticas y garantizar la [&hellip;]","og_url":"https:\/\/ticsalutsocial.atoom.space\/es\/noticia\/inicia-la-fase-de-encuestas-tic-social-al-sector\/","og_site_name":"Fundaci\u00f3 TIC Salut i Social","article_modified_time":"2021-07-21T13:42:29+00:00","og_image":[{"width":2560,"height":1703,"url":"https:\/\/ticsalutsocial.atoom.space\/wp-content\/uploads\/2019\/07\/glenn-carstens-peters-npxxwgq33zq-unsplash-scaled.jpg","type":"image\/jpeg"}],"twitter_card":"summary_large_image","twitter_misc":{"Tiempo de lectura":"2 minutos"},"schema":{"@context":"https:\/\/schema.org","@graph":[{"@type":"WebPage","@id":"https:\/\/ticsalutsocial.atoom.space\/es\/noticia\/inicia-la-fase-de-encuestas-tic-social-al-sector\/","url":"https:\/\/ticsalutsocial.atoom.space\/es\/noticia\/inicia-la-fase-de-encuestas-tic-social-al-sector\/","name":"Inicia la fase de encuestas TIC Social al sector - Fundaci\u00f3 TIC Salut i Social","isPartOf":{"@id":"https:\/\/ticsalutsocial.atoom.space\/es\/#website"},"primaryImageOfPage":{"@id":"https:\/\/ticsalutsocial.atoom.space\/es\/noticia\/inicia-la-fase-de-encuestas-tic-social-al-sector\/#primaryimage"},"image":{"@id":"https:\/\/ticsalutsocial.atoom.space\/es\/noticia\/inicia-la-fase-de-encuestas-tic-social-al-sector\/#primaryimage"},"thumbnailUrl":"https:\/\/ticsalutsocial.atoom.space\/wp-content\/uploads\/2019\/07\/glenn-carstens-peters-npxxwgq33zq-unsplash-scaled.jpg","datePublished":"2019-07-12T07:37:31+00:00","dateModified":"2021-07-21T13:42:29+00:00","breadcrumb":{"@id":"https:\/\/ticsalutsocial.atoom.space\/es\/noticia\/inicia-la-fase-de-encuestas-tic-social-al-sector\/#breadcrumb"},"inLanguage":"es","potentialAction":[{"@type":"ReadAction","target":["https:\/\/ticsalutsocial.atoom.space\/es\/noticia\/inicia-la-fase-de-encuestas-tic-social-al-sector\/"]}]},{"@type":"ImageObject","inLanguage":"es","@id":"https:\/\/ticsalutsocial.atoom.space\/es\/noticia\/inicia-la-fase-de-encuestas-tic-social-al-sector\/#primaryimage","url":"https:\/\/ticsalutsocial.atoom.space\/wp-content\/uploads\/2019\/07\/glenn-carstens-peters-npxxwgq33zq-unsplash-scaled.jpg","contentUrl":"https:\/\/ticsalutsocial.atoom.space\/wp-content\/uploads\/2019\/07\/glenn-carstens-peters-npxxwgq33zq-unsplash-scaled.jpg","width":2560,"height":1703},{"@type":"BreadcrumbList","@id":"https:\/\/ticsalutsocial.atoom.space\/es\/noticia\/inicia-la-fase-de-encuestas-tic-social-al-sector\/#breadcrumb","itemListElement":[{"@type":"ListItem","position":1,"name":"Inici","item":"https:\/\/ticsalutsocial.atoom.space\/es\/"},{"@type":"ListItem","position":2,"name":"Inicia la fase de encuestas TIC Social al sector"}]},{"@type":"WebSite","@id":"https:\/\/ticsalutsocial.atoom.space\/es\/#website","url":"https:\/\/ticsalutsocial.atoom.space\/es\/","name":"Fundaci\u00f3 TIC Salut i Social","description":"","potentialAction":[{"@type":"SearchAction","target":{"@type":"EntryPoint","urlTemplate":"https:\/\/ticsalutsocial.atoom.space\/es\/?s={search_term_string}"},"query-input":{"@type":"PropertyValueSpecification","valueRequired":true,"valueName":"search_term_string"}}],"inLanguage":"es"}]}},"_links":{"self":[{"href":"https:\/\/ticsalutsocial.atoom.space\/es\/wp-json\/wp\/v2\/noticia\/4003","targetHints":{"allow":["GET"]}}],"collection":[{"href":"https:\/\/ticsalutsocial.atoom.space\/es\/wp-json\/wp\/v2\/noticia"}],"about":[{"href":"https:\/\/ticsalutsocial.atoom.space\/es\/wp-json\/wp\/v2\/types\/noticia"}],"author":[{"embeddable":true,"href":"https:\/\/ticsalutsocial.atoom.space\/es\/wp-json\/wp\/v2\/users\/21"}],"wp:featuredmedia":[{"embeddable":true,"href":"https:\/\/ticsalutsocial.atoom.space\/es\/wp-json\/wp\/v2\/media\/4000"}],"wp:attachment":[{"href":"https:\/\/ticsalutsocial.atoom.space\/es\/wp-json\/wp\/v2\/media?parent=4003"}],"wp:term":[{"taxonomy":"etiqueta","embeddable":true,"href":"https:\/\/ticsalutsocial.atoom.space\/es\/wp-json\/wp\/v2\/etiqueta?post=4003"},{"taxonomy":"tipus","embeddable":true,"href":"https:\/\/ticsalutsocial.atoom.space\/es\/wp-json\/wp\/v2\/tipus?post=4003"},{"taxonomy":"topic","embeddable":true,"href":"https:\/\/ticsalutsocial.atoom.space\/es\/wp-json\/wp\/v2\/topic?post=4003"}],"curies":[{"name":"wp","href":"https:\/\/api.w.org\/{rel}","templated":true}]}}