
{"id":4009,"date":"2019-07-12T10:10:53","date_gmt":"2019-07-12T08:10:53","guid":{"rendered":"https:\/\/ticsalutsocial.atoom.space\/?post_type=noticia&#038;p=4009"},"modified":"2021-07-21T15:42:32","modified_gmt":"2021-07-21T13:42:32","slug":"aplicacion-movil-para-situaciones-de-emergencia-en-desastres-naturales","status":"publish","type":"noticia","link":"https:\/\/ticsalutsocial.atoom.space\/es\/noticia\/aplicacion-movil-para-situaciones-de-emergencia-en-desastres-naturales\/","title":{"rendered":"Aplicaci\u00f3n m\u00f3vil para situaciones de emergencia en desastres naturales"},"content":{"rendered":"<p>Durante el mes de julio se ha defendido el proyecto de TFG titulado \u00abAplicaci\u00f3n m\u00f3vil para situaciones de emergencias en desastres naturales\u00bb\u00a0vinculado estrechamente al proyecto Trillium II.<\/p>\n<p>El proyecto -propuesto desde la <em>Fundaci\u00f3 TIC Salut Social<\/em>\u00a0 y tutorizado por Ariadna Rius conjuntamente con otros miembros de la fundaci\u00f3n- ha sido realizado por el estudiante Joan Solans qui\u00e9n est\u00e1 realizando sus pr\u00e1cticas y su TFG de Ingenier\u00eda Inform\u00e1tica de Gesti\u00f3n y Sistemas de Informaci\u00f3n del Tecnocampus de Matar\u00f3,<\/p>\n<p>El proyecto consiste principalmente en habilitatr la visualizaci\u00f3n de la International Patient Summary (IPS) \u00a0en una aplicaci\u00f3n m\u00f3vil en situaciones de desastre natural y en escenarios transfronterizos.<\/p>\n<p>Para llevar a cabo este proyecto, se ha trabajado en el marco del proyecto Trillium II, el cual defin\u00eda en este IPS qu\u00e9 informaci\u00f3n se puede visualizar a la aplicaci\u00f3n.<\/p>\n<p><img loading=\"lazy\" decoding=\"async\" class=\"aligncenter wp-image-19468\" src=\"https:\/\/ticsalutsocial.atoom.space\/wp-content\/uploads\/2019\/09\/whatsapp-image-2019-06-19-at-16-15-12-3.jpeg\" alt=\"\" width=\"666\" height=\"444\" \/><\/p>\n<p>Para realizar este proyecto, el estudiante ha desarrollado una aplicaci\u00f3n con Android. Conjuntamente con la Fundaci\u00f3n se ha podido implementar un servidor FHIR.<\/p>\n<p>FHIR es el \u00faltimo est\u00e1ndar de interoperabilidad cl\u00ednico que ha desarrollado HL7.\u00a0El est\u00e1ndar define un conjunto de \u00abRecursos\u00bb que representan conceptos cl\u00ednicos granulares, los cuales han sido recuperados desde la aplicaci\u00f3n.<\/p>\n<p>Este servidor ha sido desplegado por parte de la Oficina de Est\u00e1ndares e Interoperabilidad para poder recuperar los datos de estos pacientes desde la aplicaci\u00f3n m\u00f3vil.<\/p>\n<p>Durante el desarrollo del proyecto, se pudo participar en una prueba de campo real para poder testar la aplicaci\u00f3n del proyecto.<\/p>\n","protected":false},"author":21,"featured_media":4006,"menu_order":0,"template":"","meta":{"_acf_changed":false,"inline_featured_image":false},"etiqueta":[],"tipus":[84],"topic":[130,117],"class_list":["post-4009","noticia","type-noticia","status-publish","has-post-thumbnail","hentry","tipus-oficina-interoperabilidad","topic-la-fundacion","topic-jornadas"],"acf":{"imatge":4008,"autor":"Adri\u00e0 G.Font","textos_destacats":[{"texte":"El estudiante Joan Solans presenta su Trabajo Final de Grado"}]},"yoast_head":"<!-- This site is optimized with the Yoast SEO plugin v27.1.1 - https:\/\/yoast.com\/product\/yoast-seo-wordpress\/ -->\n<title>Aplicaci\u00f3n m\u00f3vil para situaciones de emergencia en desastres naturales - Fundaci\u00f3 TIC Salut i Social<\/title>\n<meta name=\"robots\" content=\"index, follow, max-snippet:-1, max-image-preview:large, max-video-preview:-1\" \/>\n<link rel=\"canonical\" href=\"https:\/\/ticsalutsocial.atoom.space\/es\/noticia\/aplicacion-movil-para-situaciones-de-emergencia-en-desastres-naturales\/\" \/>\n<meta property=\"og:locale\" content=\"es_ES\" \/>\n<meta property=\"og:type\" content=\"article\" \/>\n<meta property=\"og:title\" content=\"Aplicaci\u00f3n m\u00f3vil para situaciones de emergencia en desastres naturales - Fundaci\u00f3 TIC Salut i Social\" \/>\n<meta property=\"og:description\" content=\"Durante el mes de julio se ha defendido el proyecto de TFG titulado \u00abAplicaci\u00f3n m\u00f3vil para situaciones de emergencias en desastres naturales\u00bb\u00a0vinculado estrechamente al proyecto Trillium II. El proyecto -propuesto desde la Fundaci\u00f3 TIC Salut Social\u00a0 y tutorizado por Ariadna Rius conjuntamente con otros miembros de la fundaci\u00f3n- ha sido realizado por el estudiante Joan [&hellip;]\" \/>\n<meta property=\"og:url\" content=\"https:\/\/ticsalutsocial.atoom.space\/es\/noticia\/aplicacion-movil-para-situaciones-de-emergencia-en-desastres-naturales\/\" \/>\n<meta property=\"og:site_name\" content=\"Fundaci\u00f3 TIC Salut i Social\" \/>\n<meta property=\"article:modified_time\" content=\"2021-07-21T13:42:32+00:00\" \/>\n<meta property=\"og:image\" content=\"https:\/\/ticsalutsocial.atoom.space\/wp-content\/uploads\/2019\/07\/img-20190709-wa0016.jpg\" \/>\n\t<meta property=\"og:image:width\" content=\"1599\" \/>\n\t<meta property=\"og:image:height\" content=\"1200\" \/>\n\t<meta property=\"og:image:type\" content=\"image\/jpeg\" \/>\n<meta name=\"twitter:card\" content=\"summary_large_image\" \/>\n<meta name=\"twitter:label1\" content=\"Tiempo de lectura\" \/>\n\t<meta name=\"twitter:data1\" content=\"1 minuto\" \/>\n<script type=\"application\/ld+json\" class=\"yoast-schema-graph\">{\"@context\":\"https:\/\/schema.org\",\"@graph\":[{\"@type\":\"WebPage\",\"@id\":\"https:\/\/ticsalutsocial.atoom.space\/es\/noticia\/aplicacion-movil-para-situaciones-de-emergencia-en-desastres-naturales\/\",\"url\":\"https:\/\/ticsalutsocial.atoom.space\/es\/noticia\/aplicacion-movil-para-situaciones-de-emergencia-en-desastres-naturales\/\",\"name\":\"Aplicaci\u00f3n m\u00f3vil para situaciones de emergencia en desastres naturales - Fundaci\u00f3 TIC Salut i Social\",\"isPartOf\":{\"@id\":\"https:\/\/ticsalutsocial.atoom.space\/es\/#website\"},\"primaryImageOfPage\":{\"@id\":\"https:\/\/ticsalutsocial.atoom.space\/es\/noticia\/aplicacion-movil-para-situaciones-de-emergencia-en-desastres-naturales\/#primaryimage\"},\"image\":{\"@id\":\"https:\/\/ticsalutsocial.atoom.space\/es\/noticia\/aplicacion-movil-para-situaciones-de-emergencia-en-desastres-naturales\/#primaryimage\"},\"thumbnailUrl\":\"https:\/\/ticsalutsocial.atoom.space\/wp-content\/uploads\/2019\/07\/img-20190709-wa0016.jpg\",\"datePublished\":\"2019-07-12T08:10:53+00:00\",\"dateModified\":\"2021-07-21T13:42:32+00:00\",\"breadcrumb\":{\"@id\":\"https:\/\/ticsalutsocial.atoom.space\/es\/noticia\/aplicacion-movil-para-situaciones-de-emergencia-en-desastres-naturales\/#breadcrumb\"},\"inLanguage\":\"es\",\"potentialAction\":[{\"@type\":\"ReadAction\",\"target\":[\"https:\/\/ticsalutsocial.atoom.space\/es\/noticia\/aplicacion-movil-para-situaciones-de-emergencia-en-desastres-naturales\/\"]}]},{\"@type\":\"ImageObject\",\"inLanguage\":\"es\",\"@id\":\"https:\/\/ticsalutsocial.atoom.space\/es\/noticia\/aplicacion-movil-para-situaciones-de-emergencia-en-desastres-naturales\/#primaryimage\",\"url\":\"https:\/\/ticsalutsocial.atoom.space\/wp-content\/uploads\/2019\/07\/img-20190709-wa0016.jpg\",\"contentUrl\":\"https:\/\/ticsalutsocial.atoom.space\/wp-content\/uploads\/2019\/07\/img-20190709-wa0016.jpg\",\"width\":1599,\"height\":1200},{\"@type\":\"BreadcrumbList\",\"@id\":\"https:\/\/ticsalutsocial.atoom.space\/es\/noticia\/aplicacion-movil-para-situaciones-de-emergencia-en-desastres-naturales\/#breadcrumb\",\"itemListElement\":[{\"@type\":\"ListItem\",\"position\":1,\"name\":\"Inici\",\"item\":\"https:\/\/ticsalutsocial.atoom.space\/es\/\"},{\"@type\":\"ListItem\",\"position\":2,\"name\":\"Aplicaci\u00f3n m\u00f3vil para situaciones de emergencia en desastres naturales\"}]},{\"@type\":\"WebSite\",\"@id\":\"https:\/\/ticsalutsocial.atoom.space\/es\/#website\",\"url\":\"https:\/\/ticsalutsocial.atoom.space\/es\/\",\"name\":\"Fundaci\u00f3 TIC Salut i Social\",\"description\":\"\",\"potentialAction\":[{\"@type\":\"SearchAction\",\"target\":{\"@type\":\"EntryPoint\",\"urlTemplate\":\"https:\/\/ticsalutsocial.atoom.space\/es\/?s={search_term_string}\"},\"query-input\":{\"@type\":\"PropertyValueSpecification\",\"valueRequired\":true,\"valueName\":\"search_term_string\"}}],\"inLanguage\":\"es\"}]}<\/script>\n<!-- \/ Yoast SEO plugin. -->","yoast_head_json":{"title":"Aplicaci\u00f3n m\u00f3vil para situaciones de emergencia en desastres naturales - Fundaci\u00f3 TIC Salut i Social","robots":{"index":"index","follow":"follow","max-snippet":"max-snippet:-1","max-image-preview":"max-image-preview:large","max-video-preview":"max-video-preview:-1"},"canonical":"https:\/\/ticsalutsocial.atoom.space\/es\/noticia\/aplicacion-movil-para-situaciones-de-emergencia-en-desastres-naturales\/","og_locale":"es_ES","og_type":"article","og_title":"Aplicaci\u00f3n m\u00f3vil para situaciones de emergencia en desastres naturales - Fundaci\u00f3 TIC Salut i Social","og_description":"Durante el mes de julio se ha defendido el proyecto de TFG titulado \u00abAplicaci\u00f3n m\u00f3vil para situaciones de emergencias en desastres naturales\u00bb\u00a0vinculado estrechamente al proyecto Trillium II. El proyecto -propuesto desde la Fundaci\u00f3 TIC Salut Social\u00a0 y tutorizado por Ariadna Rius conjuntamente con otros miembros de la fundaci\u00f3n- ha sido realizado por el estudiante Joan [&hellip;]","og_url":"https:\/\/ticsalutsocial.atoom.space\/es\/noticia\/aplicacion-movil-para-situaciones-de-emergencia-en-desastres-naturales\/","og_site_name":"Fundaci\u00f3 TIC Salut i Social","article_modified_time":"2021-07-21T13:42:32+00:00","og_image":[{"width":1599,"height":1200,"url":"https:\/\/ticsalutsocial.atoom.space\/wp-content\/uploads\/2019\/07\/img-20190709-wa0016.jpg","type":"image\/jpeg"}],"twitter_card":"summary_large_image","twitter_misc":{"Tiempo de lectura":"1 minuto"},"schema":{"@context":"https:\/\/schema.org","@graph":[{"@type":"WebPage","@id":"https:\/\/ticsalutsocial.atoom.space\/es\/noticia\/aplicacion-movil-para-situaciones-de-emergencia-en-desastres-naturales\/","url":"https:\/\/ticsalutsocial.atoom.space\/es\/noticia\/aplicacion-movil-para-situaciones-de-emergencia-en-desastres-naturales\/","name":"Aplicaci\u00f3n m\u00f3vil para situaciones de emergencia en desastres naturales - Fundaci\u00f3 TIC Salut i Social","isPartOf":{"@id":"https:\/\/ticsalutsocial.atoom.space\/es\/#website"},"primaryImageOfPage":{"@id":"https:\/\/ticsalutsocial.atoom.space\/es\/noticia\/aplicacion-movil-para-situaciones-de-emergencia-en-desastres-naturales\/#primaryimage"},"image":{"@id":"https:\/\/ticsalutsocial.atoom.space\/es\/noticia\/aplicacion-movil-para-situaciones-de-emergencia-en-desastres-naturales\/#primaryimage"},"thumbnailUrl":"https:\/\/ticsalutsocial.atoom.space\/wp-content\/uploads\/2019\/07\/img-20190709-wa0016.jpg","datePublished":"2019-07-12T08:10:53+00:00","dateModified":"2021-07-21T13:42:32+00:00","breadcrumb":{"@id":"https:\/\/ticsalutsocial.atoom.space\/es\/noticia\/aplicacion-movil-para-situaciones-de-emergencia-en-desastres-naturales\/#breadcrumb"},"inLanguage":"es","potentialAction":[{"@type":"ReadAction","target":["https:\/\/ticsalutsocial.atoom.space\/es\/noticia\/aplicacion-movil-para-situaciones-de-emergencia-en-desastres-naturales\/"]}]},{"@type":"ImageObject","inLanguage":"es","@id":"https:\/\/ticsalutsocial.atoom.space\/es\/noticia\/aplicacion-movil-para-situaciones-de-emergencia-en-desastres-naturales\/#primaryimage","url":"https:\/\/ticsalutsocial.atoom.space\/wp-content\/uploads\/2019\/07\/img-20190709-wa0016.jpg","contentUrl":"https:\/\/ticsalutsocial.atoom.space\/wp-content\/uploads\/2019\/07\/img-20190709-wa0016.jpg","width":1599,"height":1200},{"@type":"BreadcrumbList","@id":"https:\/\/ticsalutsocial.atoom.space\/es\/noticia\/aplicacion-movil-para-situaciones-de-emergencia-en-desastres-naturales\/#breadcrumb","itemListElement":[{"@type":"ListItem","position":1,"name":"Inici","item":"https:\/\/ticsalutsocial.atoom.space\/es\/"},{"@type":"ListItem","position":2,"name":"Aplicaci\u00f3n m\u00f3vil para situaciones de emergencia en desastres naturales"}]},{"@type":"WebSite","@id":"https:\/\/ticsalutsocial.atoom.space\/es\/#website","url":"https:\/\/ticsalutsocial.atoom.space\/es\/","name":"Fundaci\u00f3 TIC Salut i Social","description":"","potentialAction":[{"@type":"SearchAction","target":{"@type":"EntryPoint","urlTemplate":"https:\/\/ticsalutsocial.atoom.space\/es\/?s={search_term_string}"},"query-input":{"@type":"PropertyValueSpecification","valueRequired":true,"valueName":"search_term_string"}}],"inLanguage":"es"}]}},"_links":{"self":[{"href":"https:\/\/ticsalutsocial.atoom.space\/es\/wp-json\/wp\/v2\/noticia\/4009","targetHints":{"allow":["GET"]}}],"collection":[{"href":"https:\/\/ticsalutsocial.atoom.space\/es\/wp-json\/wp\/v2\/noticia"}],"about":[{"href":"https:\/\/ticsalutsocial.atoom.space\/es\/wp-json\/wp\/v2\/types\/noticia"}],"author":[{"embeddable":true,"href":"https:\/\/ticsalutsocial.atoom.space\/es\/wp-json\/wp\/v2\/users\/21"}],"wp:featuredmedia":[{"embeddable":true,"href":"https:\/\/ticsalutsocial.atoom.space\/es\/wp-json\/wp\/v2\/media\/4006"}],"wp:attachment":[{"href":"https:\/\/ticsalutsocial.atoom.space\/es\/wp-json\/wp\/v2\/media?parent=4009"}],"wp:term":[{"taxonomy":"etiqueta","embeddable":true,"href":"https:\/\/ticsalutsocial.atoom.space\/es\/wp-json\/wp\/v2\/etiqueta?post=4009"},{"taxonomy":"tipus","embeddable":true,"href":"https:\/\/ticsalutsocial.atoom.space\/es\/wp-json\/wp\/v2\/tipus?post=4009"},{"taxonomy":"topic","embeddable":true,"href":"https:\/\/ticsalutsocial.atoom.space\/es\/wp-json\/wp\/v2\/topic?post=4009"}],"curies":[{"name":"wp","href":"https:\/\/api.w.org\/{rel}","templated":true}]}}