
{"id":4026,"date":"2019-07-22T10:22:25","date_gmt":"2019-07-22T08:22:25","guid":{"rendered":"https:\/\/ticsalutsocial.atoom.space\/?post_type=noticia&#038;p=4026"},"modified":"2021-07-21T15:42:40","modified_gmt":"2021-07-21T13:42:40","slug":"se-inicia-el-desarrollo-de-la-plataforma-de-movilidad-mconnecta","status":"publish","type":"noticia","link":"https:\/\/ticsalutsocial.atoom.space\/es\/noticia\/se-inicia-el-desarrollo-de-la-plataforma-de-movilidad-mconnecta\/","title":{"rendered":"Se inicia el desarrollo de la Plataforma de movilidad mConnecta"},"content":{"rendered":"<p>El proyecto mConnecta nace del encargo del <em>Departament de Salut<\/em> (Generalitat de Catalunya) y el CatSalut en la Fundaci\u00f3 TIC Salut Social, con el objetivo de ser la piedra angular de la transformaci\u00f3n digital de la asistencia sanitaria en Catalu\u00f1a.<\/p>\n<p>El proyecto que tiene como finalidad proporcionar nuevos recursos a los profesionales asistenciales para mejorar la atenci\u00f3n al ciudadano; debe guiar los procesos participativos, generar el conocimiento y desarrollar la plataforma tecnol\u00f3gica mConnecta para integrar en el proceso asistencial los datos procedentes de diferentes elementos de movilidad. \u00c9stos elementos engloban tanto aplicaciones m\u00f3viles (APPs) como dispositivos m\u00e9dicos y sensores que ofrecen datos relativos a nuestro estado de salud, como por ejemplo, niveles de glucosa en sangre, presi\u00f3n arterial, pulsaciones, etc.<\/p>\n<p>Para desarrollar este objetivo, la plataforma mConnecta dispondr\u00e1 de un cat\u00e1logo de elementos de movilidad en el \u00e1mbito de la salud y el bienestar, que podr\u00e1n ser recomendados por los profesionales asistenciales a los ciudadanos. La oficina mHealth de la Fundaci\u00f3n ser\u00e1 el garante de que el conjunto de elementos de movilidad cumplan con los criterios de evidencia cl\u00ednica, de utilidad, de seguridad, de usabilidad y de integraci\u00f3n tecnol\u00f3gica.<\/p>\n<p>Los datos recogidos por los elementos de movilidad podr\u00e1n ser consultadas por el ciudadano a trav\u00e9s del portal de <em>La Meva Salut<\/em> y tambi\u00e9n por el profesional a trav\u00e9s de la plataforma mConnecta. Tambi\u00e9n podr\u00e1n ser incorporados a la historia cl\u00ednica compartida del paciente a criterio del profesional, creando un conjunto de datos fiables y relevantes, que quedar\u00e1n disponibles para la consulta en cualquier proceso asistencial donde se requiera de esta informaci\u00f3n.<\/p>\n<p>En diciembre del 2019 est\u00e1 previsto iniciar el pilotaje de la plataforma mConnecta con dos procesos asistenciales que actualmente se est\u00e1n definiendo conjuntamente con un grupo de expertos del Sistema Sanitario Catal\u00e1n.<\/p>\n<p>&nbsp;<\/p>\n<div id=\"attachment_19668\" style=\"width: 710px\" class=\"wp-caption alignleft\"><img loading=\"lazy\" decoding=\"async\" aria-describedby=\"caption-attachment-19668\" class=\"wp-image-19668 size-large\" title=\"Funcionalidades mConnecta\" src=\"https:\/\/ticsalutsocial.atoom.space\/wp-content\/uploads\/2019\/07\/funcionalitats-700x257-1.png\" alt=\"Funcionalidades mConnecta\" width=\"700\" height=\"257\" \/><p id=\"caption-attachment-19668\" class=\"wp-caption-text\">Funcionalidades mConnecta<\/p><\/div>\n<p>&nbsp;<\/p>\n","protected":false},"author":21,"featured_media":4023,"menu_order":0,"template":"","meta":{"_acf_changed":false,"inline_featured_image":false},"etiqueta":[],"tipus":[654],"topic":[130],"class_list":["post-4026","noticia","type-noticia","status-publish","has-post-thumbnail","hentry","tipus-activos-digitales","topic-la-fundacion"],"acf":{"imatge":4025,"autor":"Adri\u00e0 G.Font"},"yoast_head":"<!-- This site is optimized with the Yoast SEO plugin v27.1.1 - https:\/\/yoast.com\/product\/yoast-seo-wordpress\/ -->\n<title>Se inicia el desarrollo de la Plataforma de movilidad mConnecta - Fundaci\u00f3 TIC Salut i Social<\/title>\n<meta name=\"robots\" content=\"index, follow, max-snippet:-1, max-image-preview:large, max-video-preview:-1\" \/>\n<link rel=\"canonical\" href=\"https:\/\/ticsalutsocial.atoom.space\/es\/noticia\/se-inicia-el-desarrollo-de-la-plataforma-de-movilidad-mconnecta\/\" \/>\n<meta property=\"og:locale\" content=\"es_ES\" \/>\n<meta property=\"og:type\" content=\"article\" \/>\n<meta property=\"og:title\" content=\"Se inicia el desarrollo de la Plataforma de movilidad mConnecta - Fundaci\u00f3 TIC Salut i Social\" \/>\n<meta property=\"og:description\" content=\"El proyecto mConnecta nace del encargo del Departament de Salut (Generalitat de Catalunya) y el CatSalut en la Fundaci\u00f3 TIC Salut Social, con el objetivo de ser la piedra angular de la transformaci\u00f3n digital de la asistencia sanitaria en Catalu\u00f1a. El proyecto que tiene como finalidad proporcionar nuevos recursos a los profesionales asistenciales para mejorar [&hellip;]\" \/>\n<meta property=\"og:url\" content=\"https:\/\/ticsalutsocial.atoom.space\/es\/noticia\/se-inicia-el-desarrollo-de-la-plataforma-de-movilidad-mconnecta\/\" \/>\n<meta property=\"og:site_name\" content=\"Fundaci\u00f3 TIC Salut i Social\" \/>\n<meta property=\"article:modified_time\" content=\"2021-07-21T13:42:40+00:00\" \/>\n<meta property=\"og:image\" content=\"https:\/\/ticsalutsocial.atoom.space\/wp-content\/uploads\/2019\/07\/photo-1556122734-67a687248e36.jpg\" \/>\n\t<meta property=\"og:image:width\" content=\"1350\" \/>\n\t<meta property=\"og:image:height\" content=\"900\" \/>\n\t<meta property=\"og:image:type\" content=\"image\/jpeg\" \/>\n<meta name=\"twitter:card\" content=\"summary_large_image\" \/>\n<meta name=\"twitter:label1\" content=\"Tiempo de lectura\" \/>\n\t<meta name=\"twitter:data1\" content=\"2 minutos\" \/>\n<script type=\"application\/ld+json\" class=\"yoast-schema-graph\">{\"@context\":\"https:\/\/schema.org\",\"@graph\":[{\"@type\":\"WebPage\",\"@id\":\"https:\/\/ticsalutsocial.atoom.space\/es\/noticia\/se-inicia-el-desarrollo-de-la-plataforma-de-movilidad-mconnecta\/\",\"url\":\"https:\/\/ticsalutsocial.atoom.space\/es\/noticia\/se-inicia-el-desarrollo-de-la-plataforma-de-movilidad-mconnecta\/\",\"name\":\"Se inicia el desarrollo de la Plataforma de movilidad mConnecta - Fundaci\u00f3 TIC Salut i Social\",\"isPartOf\":{\"@id\":\"https:\/\/ticsalutsocial.atoom.space\/es\/#website\"},\"primaryImageOfPage\":{\"@id\":\"https:\/\/ticsalutsocial.atoom.space\/es\/noticia\/se-inicia-el-desarrollo-de-la-plataforma-de-movilidad-mconnecta\/#primaryimage\"},\"image\":{\"@id\":\"https:\/\/ticsalutsocial.atoom.space\/es\/noticia\/se-inicia-el-desarrollo-de-la-plataforma-de-movilidad-mconnecta\/#primaryimage\"},\"thumbnailUrl\":\"https:\/\/ticsalutsocial.atoom.space\/wp-content\/uploads\/2019\/07\/photo-1556122734-67a687248e36.jpg\",\"datePublished\":\"2019-07-22T08:22:25+00:00\",\"dateModified\":\"2021-07-21T13:42:40+00:00\",\"breadcrumb\":{\"@id\":\"https:\/\/ticsalutsocial.atoom.space\/es\/noticia\/se-inicia-el-desarrollo-de-la-plataforma-de-movilidad-mconnecta\/#breadcrumb\"},\"inLanguage\":\"es\",\"potentialAction\":[{\"@type\":\"ReadAction\",\"target\":[\"https:\/\/ticsalutsocial.atoom.space\/es\/noticia\/se-inicia-el-desarrollo-de-la-plataforma-de-movilidad-mconnecta\/\"]}]},{\"@type\":\"ImageObject\",\"inLanguage\":\"es\",\"@id\":\"https:\/\/ticsalutsocial.atoom.space\/es\/noticia\/se-inicia-el-desarrollo-de-la-plataforma-de-movilidad-mconnecta\/#primaryimage\",\"url\":\"https:\/\/ticsalutsocial.atoom.space\/wp-content\/uploads\/2019\/07\/photo-1556122734-67a687248e36.jpg\",\"contentUrl\":\"https:\/\/ticsalutsocial.atoom.space\/wp-content\/uploads\/2019\/07\/photo-1556122734-67a687248e36.jpg\",\"width\":1350,\"height\":900},{\"@type\":\"BreadcrumbList\",\"@id\":\"https:\/\/ticsalutsocial.atoom.space\/es\/noticia\/se-inicia-el-desarrollo-de-la-plataforma-de-movilidad-mconnecta\/#breadcrumb\",\"itemListElement\":[{\"@type\":\"ListItem\",\"position\":1,\"name\":\"Inici\",\"item\":\"https:\/\/ticsalutsocial.atoom.space\/es\/\"},{\"@type\":\"ListItem\",\"position\":2,\"name\":\"Se inicia el desarrollo de la Plataforma de movilidad mConnecta\"}]},{\"@type\":\"WebSite\",\"@id\":\"https:\/\/ticsalutsocial.atoom.space\/es\/#website\",\"url\":\"https:\/\/ticsalutsocial.atoom.space\/es\/\",\"name\":\"Fundaci\u00f3 TIC Salut i Social\",\"description\":\"\",\"potentialAction\":[{\"@type\":\"SearchAction\",\"target\":{\"@type\":\"EntryPoint\",\"urlTemplate\":\"https:\/\/ticsalutsocial.atoom.space\/es\/?s={search_term_string}\"},\"query-input\":{\"@type\":\"PropertyValueSpecification\",\"valueRequired\":true,\"valueName\":\"search_term_string\"}}],\"inLanguage\":\"es\"}]}<\/script>\n<!-- \/ Yoast SEO plugin. -->","yoast_head_json":{"title":"Se inicia el desarrollo de la Plataforma de movilidad mConnecta - Fundaci\u00f3 TIC Salut i Social","robots":{"index":"index","follow":"follow","max-snippet":"max-snippet:-1","max-image-preview":"max-image-preview:large","max-video-preview":"max-video-preview:-1"},"canonical":"https:\/\/ticsalutsocial.atoom.space\/es\/noticia\/se-inicia-el-desarrollo-de-la-plataforma-de-movilidad-mconnecta\/","og_locale":"es_ES","og_type":"article","og_title":"Se inicia el desarrollo de la Plataforma de movilidad mConnecta - Fundaci\u00f3 TIC Salut i Social","og_description":"El proyecto mConnecta nace del encargo del Departament de Salut (Generalitat de Catalunya) y el CatSalut en la Fundaci\u00f3 TIC Salut Social, con el objetivo de ser la piedra angular de la transformaci\u00f3n digital de la asistencia sanitaria en Catalu\u00f1a. El proyecto que tiene como finalidad proporcionar nuevos recursos a los profesionales asistenciales para mejorar [&hellip;]","og_url":"https:\/\/ticsalutsocial.atoom.space\/es\/noticia\/se-inicia-el-desarrollo-de-la-plataforma-de-movilidad-mconnecta\/","og_site_name":"Fundaci\u00f3 TIC Salut i Social","article_modified_time":"2021-07-21T13:42:40+00:00","og_image":[{"width":1350,"height":900,"url":"https:\/\/ticsalutsocial.atoom.space\/wp-content\/uploads\/2019\/07\/photo-1556122734-67a687248e36.jpg","type":"image\/jpeg"}],"twitter_card":"summary_large_image","twitter_misc":{"Tiempo de lectura":"2 minutos"},"schema":{"@context":"https:\/\/schema.org","@graph":[{"@type":"WebPage","@id":"https:\/\/ticsalutsocial.atoom.space\/es\/noticia\/se-inicia-el-desarrollo-de-la-plataforma-de-movilidad-mconnecta\/","url":"https:\/\/ticsalutsocial.atoom.space\/es\/noticia\/se-inicia-el-desarrollo-de-la-plataforma-de-movilidad-mconnecta\/","name":"Se inicia el desarrollo de la Plataforma de movilidad mConnecta - Fundaci\u00f3 TIC Salut i Social","isPartOf":{"@id":"https:\/\/ticsalutsocial.atoom.space\/es\/#website"},"primaryImageOfPage":{"@id":"https:\/\/ticsalutsocial.atoom.space\/es\/noticia\/se-inicia-el-desarrollo-de-la-plataforma-de-movilidad-mconnecta\/#primaryimage"},"image":{"@id":"https:\/\/ticsalutsocial.atoom.space\/es\/noticia\/se-inicia-el-desarrollo-de-la-plataforma-de-movilidad-mconnecta\/#primaryimage"},"thumbnailUrl":"https:\/\/ticsalutsocial.atoom.space\/wp-content\/uploads\/2019\/07\/photo-1556122734-67a687248e36.jpg","datePublished":"2019-07-22T08:22:25+00:00","dateModified":"2021-07-21T13:42:40+00:00","breadcrumb":{"@id":"https:\/\/ticsalutsocial.atoom.space\/es\/noticia\/se-inicia-el-desarrollo-de-la-plataforma-de-movilidad-mconnecta\/#breadcrumb"},"inLanguage":"es","potentialAction":[{"@type":"ReadAction","target":["https:\/\/ticsalutsocial.atoom.space\/es\/noticia\/se-inicia-el-desarrollo-de-la-plataforma-de-movilidad-mconnecta\/"]}]},{"@type":"ImageObject","inLanguage":"es","@id":"https:\/\/ticsalutsocial.atoom.space\/es\/noticia\/se-inicia-el-desarrollo-de-la-plataforma-de-movilidad-mconnecta\/#primaryimage","url":"https:\/\/ticsalutsocial.atoom.space\/wp-content\/uploads\/2019\/07\/photo-1556122734-67a687248e36.jpg","contentUrl":"https:\/\/ticsalutsocial.atoom.space\/wp-content\/uploads\/2019\/07\/photo-1556122734-67a687248e36.jpg","width":1350,"height":900},{"@type":"BreadcrumbList","@id":"https:\/\/ticsalutsocial.atoom.space\/es\/noticia\/se-inicia-el-desarrollo-de-la-plataforma-de-movilidad-mconnecta\/#breadcrumb","itemListElement":[{"@type":"ListItem","position":1,"name":"Inici","item":"https:\/\/ticsalutsocial.atoom.space\/es\/"},{"@type":"ListItem","position":2,"name":"Se inicia el desarrollo de la Plataforma de movilidad mConnecta"}]},{"@type":"WebSite","@id":"https:\/\/ticsalutsocial.atoom.space\/es\/#website","url":"https:\/\/ticsalutsocial.atoom.space\/es\/","name":"Fundaci\u00f3 TIC Salut i Social","description":"","potentialAction":[{"@type":"SearchAction","target":{"@type":"EntryPoint","urlTemplate":"https:\/\/ticsalutsocial.atoom.space\/es\/?s={search_term_string}"},"query-input":{"@type":"PropertyValueSpecification","valueRequired":true,"valueName":"search_term_string"}}],"inLanguage":"es"}]}},"_links":{"self":[{"href":"https:\/\/ticsalutsocial.atoom.space\/es\/wp-json\/wp\/v2\/noticia\/4026","targetHints":{"allow":["GET"]}}],"collection":[{"href":"https:\/\/ticsalutsocial.atoom.space\/es\/wp-json\/wp\/v2\/noticia"}],"about":[{"href":"https:\/\/ticsalutsocial.atoom.space\/es\/wp-json\/wp\/v2\/types\/noticia"}],"author":[{"embeddable":true,"href":"https:\/\/ticsalutsocial.atoom.space\/es\/wp-json\/wp\/v2\/users\/21"}],"wp:featuredmedia":[{"embeddable":true,"href":"https:\/\/ticsalutsocial.atoom.space\/es\/wp-json\/wp\/v2\/media\/4023"}],"wp:attachment":[{"href":"https:\/\/ticsalutsocial.atoom.space\/es\/wp-json\/wp\/v2\/media?parent=4026"}],"wp:term":[{"taxonomy":"etiqueta","embeddable":true,"href":"https:\/\/ticsalutsocial.atoom.space\/es\/wp-json\/wp\/v2\/etiqueta?post=4026"},{"taxonomy":"tipus","embeddable":true,"href":"https:\/\/ticsalutsocial.atoom.space\/es\/wp-json\/wp\/v2\/tipus?post=4026"},{"taxonomy":"topic","embeddable":true,"href":"https:\/\/ticsalutsocial.atoom.space\/es\/wp-json\/wp\/v2\/topic?post=4026"}],"curies":[{"name":"wp","href":"https:\/\/api.w.org\/{rel}","templated":true}]}}