
{"id":4032,"date":"2019-09-02T11:18:02","date_gmt":"2019-09-02T09:18:02","guid":{"rendered":"https:\/\/ticsalutsocial.atoom.space\/?post_type=noticia&#038;p=4032"},"modified":"2021-07-21T15:42:44","modified_gmt":"2021-07-21T13:42:44","slug":"se-puede-querer-a-un-robot","status":"publish","type":"noticia","link":"https:\/\/ticsalutsocial.atoom.space\/es\/noticia\/se-puede-querer-a-un-robot\/","title":{"rendered":"\u00bfSe puede querer a un robot?"},"content":{"rendered":"<p>Al fin y al cabo, establecer relaciones afectivas con o a trav\u00e9s de un robot, es uno de los retos a los que nos enfrentamos en un futuro no muy lejano.<\/p>\n<p>Parece razonable pensar, que debatir sobre el uso que hacemos de la tecnolog\u00eda aplicada al <strong>cuidado de las personas<\/strong>, \u00a0es la mejor manera de avanzar. En este debate a menudo surge el miedo que se implementen tecnolog\u00edas fr\u00edas que resten<strong> humanidad<\/strong>. Tecnolog\u00edas puramente racionales, es decir, meros instrumentos. A la vez, tambi\u00e9n existe el miedo totalmente opuesto. El miedo de generar tecnolog\u00edas tan avanzadas, que permitan que las personas\u00a0 acaben estableciendo relaciones de tipo afectivo.<\/p>\n<h3>Parecidos razonables<\/h3>\n<p>Quiz\u00e1s, mirar de hacer predicciones al respeto ser\u00e1 m\u00e1s sencillo si antes de abordarlo damos un vistazo a tecnolog\u00edas que ya estamos utilizando actualmente. Esta perspectiva nos tendr\u00eda que permitir entender las relaciones que establecemos con la tecnolog\u00eda. Por lo tanto, muy probablemente algunos de nosotros nos\u00a0 sentiremos identificados.<\/p>\n<p>En primer lugar, centrados en el contexto de la salud, vemos como con las tecnolog\u00edas de la <strong>tele asistencia<\/strong> existe la creencia de que sustituir\u00e1n a los humanos.\u00a0 Sin entrar a valorar la futura implantaci\u00f3n de estas tecnolog\u00edas, soluciones para monitorizar los niveles de glucosa o tensi\u00f3n arterial, controlar la adherencia a los tratamientos, registrar y avisar de las ca\u00eddas o controlar la alimentaci\u00f3n, pueden evocar una imagen de<strong> aislamiento<\/strong>. A menudo una imagen de personas solas aisladas socialmente\u00a0 y faltas de afecto. Adem\u00e1s se tiende a pensar que viven rodeadas de instrumentos que solo se\u00a0 ocupan de mantener la dimensi\u00f3n <strong>biol\u00f3gica<\/strong> de la persona. Olvidando la dimensi\u00f3n, psicol\u00f3gica, la social y la espiritual.<\/p>\n<p>Aun as\u00ed, estas mismas tecnolog\u00edas con <strong>aspecto<\/strong> fr\u00edo e instrumentales pueden ayudar a desarrollar <strong>v\u00ednculos sociales<\/strong> y relaciones afectivas, en determinadas circunstancias, en lugar de provocar aislamiento social. Un claro ejemplo es el tel\u00e9fono <strong>m\u00f3vil<\/strong>. Un dispositivo que algunas personas aprecian por encima de otros objetos o seres. Este hecho es f\u00e1cilmente observable cuando se ve la dedicaci\u00f3n i delicadeza con la que se le trata.<\/p>\n<p>Adem\u00e1s de la parte m\u00e1s banal de posesi\u00f3n material de un objeto exclusivo y avanzado tecnol\u00f3gicamente, existe un aprecio a su funcionalidad. A veces este aprecio funcional puede resultar poco saludable y actualmente el miedo a no poder consultar el tel\u00e9fono m\u00f3vil ya tiene un nombre, la<strong> nomof\u00f2bia<\/strong>.\u00a0 En muchas ocasiones el tel\u00e9fono m\u00f3vil permite a sus usuarios comunicarse, mantenerse en contacto y <strong>cuidar<\/strong> unos de los otros desde cualquier lugar, a cualquier hora en unas condiciones m\u00e1s favorables que si este no existiera. Estas dos vertientes la material y la funcional son la responsable de que por ejemplo<strong> volvemos a casa<\/strong> si nos hemos dejado el m\u00f3vil por la ma\u00f1ana. De forma que, se nos haga muy pesado afrontar el d\u00eda sin esta herramienta a nuestro bolsillo.<\/p>\n<h3>\u00bfQu\u00e9 es querer?<\/h3>\n<p>Quiz\u00e1s antes de nada habr\u00eda que situar el concepto querer. Si recurrimos al <strong>diccionario<\/strong>, querer implica:\u00a0 valorar muy positivamente a una persona o a algo. Tambi\u00e9n se puede considerar como sentir afecto.\u00a0 Partiendo de esta definici\u00f3n tambi\u00e9n podemos a\u00f1adir que este aprecio o afecto se puede tener en varios grados y que finalmente se cada persona quien determina si tiene afecto, o no. A que, o a qui\u00e9n sea.<\/p>\n<h3>\u00bf&#8230; pero con un robot?<\/h3>\n<p>Una cosa es la utilidad asistencial, el coste eficiencia,\u00a0 la eficacia terap\u00e9utica y otro muy diferente el v\u00ednculo emocional que la persona establece con la tecnolog\u00eda, en este caso con el robot. Como ya hemos visto antes los humanos somos capaces de establecer ciertos v\u00ednculos con nuestro tel\u00e9fono m\u00f3vil. Varios autores creen que si la tecnolog\u00eda aporta algo de valor al usuario, el usuario estar\u00e1 motivado a utilizar la tecnolog\u00eda y consecuentemente el usuario podr\u00eda llegar a sentir cierto<strong> afecto<\/strong> hacia este objeto.<\/p>\n<p>Entrevistas hechas en los \u00faltimos a\u00f1os a personas que conviven a diario con robots, nos pueden ayudar a ver mejor estas relaciones. Las entrevistas que mencionaremos corresponden a diferentes estudios y estuvieron hechas con fines totalmente distintos.<\/p>\n<p>En primer lugar hablaremos de un usuario de robots de ocio, en concreto un simp\u00e1tico perrito robot y su amo. En este caso el hombre de 67 a\u00f1os\u00a0 explica como el<strong> perro robot<\/strong>, ha supuesto para \u00e9l, un cambio radical. Dice que este dispositivo le genera bienestar, lo hace m\u00e1s feliz y lo mantiene entretenido y que actualmente no estar\u00eda dispuesto a desprenderse de el. Considera su relaci\u00f3n como una <strong>amistad<\/strong> y la compara con la relaci\u00f3n que ha tenido con perros de verdad.<\/p>\n<p>En segundo lugar, veremos el testigo de otro hombre de mediana edad que es usuario de un <strong>robot de limpieza<\/strong>. En su caso su experiencia empez\u00f3 siendo negativa. Le costaba acostumbrarse a las maneras de hacer de su robot y a menudo <strong>se enfadaba<\/strong> con \u00e9l puesto que le provocaba peque\u00f1os destrozos en el domicilio. Explica que en algunos casos retrasaba la llegada al domicilio para evitar enfrentarse a los posibles destrozos. Finalmente y despu\u00e9s de un cierto periodo de adaptaci\u00f3n la convivencia humano robot ha mejorado, pero el entrevistado mantiene que para \u00e9l aquello contin\u00faa siendo un objeto. Sentencia que nunca podr\u00eda establecer un v\u00ednculo afectivo con un aparato de este tipo.<\/p>\n<h3>Conclusiones<\/h3>\n<p>La tendencia actual nos lleva a pensar que en los pr\u00f3ximos a\u00f1os se consolidar\u00e1n los robots que actualmente ya se utilizan como <strong>canguros<\/strong>, como enseres de <strong>limpieza<\/strong>, como asistentes personales, los que sirven como<strong> objetos sexuales<\/strong>, los que prestan ayuda para desplazarse, etc.<\/p>\n<p>A modo de conclusi\u00f3n podr\u00edamos decir que la mayor\u00eda de expertos coinciden en afirmar que: los humanos tenemos la capacidad de devolver aquello que percibimos del otro. As\u00ed que si un robot es capaz de hacernos sentir queridos muy probablemente nosotros se lo devolveremos en forma de afecto. En este horizonte donde la rob\u00f3tica ir\u00e1 perfeccionando sus usos y sobretodo su capacidad de interacci\u00f3n veros\u00edmil con los humanos, es f\u00e1cil pensar que <strong>efectivamente llegaremos a ser capaces de querer a los robots<\/strong> e incluso experimentar sensaciones de luto, cuando este robot falte.<\/p>\n<h3>Que podemos hacer?<\/h3>\n<p>Desgraciadamente para afrontar correctamente los retos que se nos plantean a medio plazo, no tenemos unas directrices concretas pero s\u00ed que es importante que nos preguntemos:<\/p>\n<ul>\n<li>\u00bfQu\u00e9 tipo de relaciones afectivas y sociales est\u00e1n habilitando los dispositivos que denominamos robots?<\/li>\n<li>\u00bfQu\u00e9 relaciones sociales se construyen con el robot o a trav\u00e9s de estos y con qui\u00e9n?<\/li>\n<li>\u00bfQu\u00e9 valores ser\u00e1n necesarios en los seres humanos para interactuar con los robots de una forma saludable?<\/li>\n<li>\u00bfQui\u00e9n se beneficiar\u00eda de la amistad, del amor o de la relaci\u00f3n que tendremos con estos robots?<\/li>\n<li>\u00bfQui\u00e9n ser\u00e1 el garante de que nuestros datos, recogidos por el robot ser\u00e1n utilizados correctamente? \u00bfEs l\u00edcito utilizar algoritmos emocionales, por ejemplo para vendernos un producto cuando estamos m\u00e1s contentos?<\/li>\n<li>\u00bfC\u00f3mo garantizaremos a la gente que no quiere interactuar con robots que tendr\u00e1 los mismos derechos? \u00bfy en t\u00e9rminos de asistencia sanitaria?<\/li>\n<li>\u00bfCu\u00e1les son los l\u00edmites del uso de tecnolog\u00edas en el cuidado de las personas?<\/li>\n<\/ul>\n<p>No hace falta decir, que todas estas preguntas, no son de f\u00e1cil <strong>respuesta<\/strong>. Aun as\u00ed, pr\u00f3ximamente, intentaremos dar cierta luz a algunas de estas preguntas. Reflexionar al respecto nos aportar\u00e1 seguridad y nos permitir\u00e1 transitar por el camino de la rob\u00f3tica con paso firme.<\/p>\n<p>&nbsp;<\/p>\n<h3>Bibliograf\u00eda de inter\u00e9s.<\/h3>\n<p>&nbsp;<\/p>\n<p>Lin, P., Abney, K., &amp; Bekey, G. A. (2014).\u00a0<em>Robot ethics: the ethical and social implications of robotics<\/em>. The MIT Press.<\/p>\n<p>Haring, K. S., Novitzky, M. M., Robinette, P., De Visser, E. J., Wagner, A., &amp; Williams, T. (2019, March). The Dark Side of Human-Robot Interaction: Ethical Considerations and Community Guidelines for the Field of HRI. In\u00a0<em>2019 14th ACM\/IEEE International Conference on Human-Robot Interaction (HRI)<\/em>\u00a0(pp. 689-690). IEEE.<\/p>\n<p>Pols, J., &amp; Moser, I. (2009). Cold technologies versus warm care? On affective and social relations with and through care technologies.\u00a0<em>ALTER-European Journal of Disability Research\/Revue Europ\u00e9enne de Recherche sur le Handicap<\/em>,<em>3<\/em>(2), 159-178.<\/p>\n<p>Iphofen, R., &amp; Kritikos, M. (2019). Regulating artificial intelligence and robotics: ethics by design in a digital society.<em>Contemporary Social Science<\/em>, 1-15.<\/p>\n<p>Knox, E., &amp; Watanabe, K. (2018, October). AIBO Robot Mortuary Rites in the Japanese Cultural Context. In\u00a0<em>2018 IEEE\/RSJ International Conference on Intelligent Robots and Systems (IROS)<\/em>\u00a0(pp. 2020-2025). IEEE.<\/p>\n<p>&nbsp;<\/p>\n<p>&nbsp;<\/p>\n","protected":false},"author":21,"featured_media":4029,"menu_order":0,"template":"","meta":{"_acf_changed":false,"inline_featured_image":false},"etiqueta":[824,826],"tipus":[],"topic":[],"class_list":["post-4032","noticia","type-noticia","status-publish","has-post-thumbnail","hentry","etiqueta-ia-es","etiqueta-robotica-es"],"acf":{"imatge":4031,"autor":"Marc Fortes","textos_destacats":[{"texte":"Querer a un robot o querer a trav\u00e9s de \u00e9l"}]},"yoast_head":"<!-- This site is optimized with the Yoast SEO plugin v27.1.1 - https:\/\/yoast.com\/product\/yoast-seo-wordpress\/ -->\n<title>\u00bfSe puede querer a un robot? - Fundaci\u00f3 TIC Salut i Social<\/title>\n<meta name=\"robots\" content=\"index, follow, max-snippet:-1, max-image-preview:large, max-video-preview:-1\" \/>\n<link rel=\"canonical\" href=\"https:\/\/ticsalutsocial.atoom.space\/es\/noticia\/se-puede-querer-a-un-robot\/\" \/>\n<meta property=\"og:locale\" content=\"es_ES\" \/>\n<meta property=\"og:type\" content=\"article\" \/>\n<meta property=\"og:title\" content=\"\u00bfSe puede querer a un robot? - Fundaci\u00f3 TIC Salut i Social\" \/>\n<meta property=\"og:description\" content=\"Al fin y al cabo, establecer relaciones afectivas con o a trav\u00e9s de un robot, es uno de los retos a los que nos enfrentamos en un futuro no muy lejano. Parece razonable pensar, que debatir sobre el uso que hacemos de la tecnolog\u00eda aplicada al cuidado de las personas, \u00a0es la mejor manera de [&hellip;]\" \/>\n<meta property=\"og:url\" content=\"https:\/\/ticsalutsocial.atoom.space\/es\/noticia\/se-puede-querer-a-un-robot\/\" \/>\n<meta property=\"og:site_name\" content=\"Fundaci\u00f3 TIC Salut i Social\" \/>\n<meta property=\"article:modified_time\" content=\"2021-07-21T13:42:44+00:00\" \/>\n<meta property=\"og:image\" content=\"https:\/\/ticsalutsocial.atoom.space\/wp-content\/uploads\/2019\/09\/robot-scaled.jpg\" \/>\n\t<meta property=\"og:image:width\" content=\"2560\" \/>\n\t<meta property=\"og:image:height\" content=\"1440\" \/>\n\t<meta property=\"og:image:type\" content=\"image\/jpeg\" \/>\n<meta name=\"twitter:card\" content=\"summary_large_image\" \/>\n<meta name=\"twitter:label1\" content=\"Tiempo de lectura\" \/>\n\t<meta name=\"twitter:data1\" content=\"7 minutos\" \/>\n<script type=\"application\/ld+json\" class=\"yoast-schema-graph\">{\"@context\":\"https:\/\/schema.org\",\"@graph\":[{\"@type\":\"WebPage\",\"@id\":\"https:\/\/ticsalutsocial.atoom.space\/es\/noticia\/se-puede-querer-a-un-robot\/\",\"url\":\"https:\/\/ticsalutsocial.atoom.space\/es\/noticia\/se-puede-querer-a-un-robot\/\",\"name\":\"\u00bfSe puede querer a un robot? - Fundaci\u00f3 TIC Salut i Social\",\"isPartOf\":{\"@id\":\"https:\/\/ticsalutsocial.atoom.space\/es\/#website\"},\"primaryImageOfPage\":{\"@id\":\"https:\/\/ticsalutsocial.atoom.space\/es\/noticia\/se-puede-querer-a-un-robot\/#primaryimage\"},\"image\":{\"@id\":\"https:\/\/ticsalutsocial.atoom.space\/es\/noticia\/se-puede-querer-a-un-robot\/#primaryimage\"},\"thumbnailUrl\":\"https:\/\/ticsalutsocial.atoom.space\/wp-content\/uploads\/2019\/09\/robot-scaled.jpg\",\"datePublished\":\"2019-09-02T09:18:02+00:00\",\"dateModified\":\"2021-07-21T13:42:44+00:00\",\"breadcrumb\":{\"@id\":\"https:\/\/ticsalutsocial.atoom.space\/es\/noticia\/se-puede-querer-a-un-robot\/#breadcrumb\"},\"inLanguage\":\"es\",\"potentialAction\":[{\"@type\":\"ReadAction\",\"target\":[\"https:\/\/ticsalutsocial.atoom.space\/es\/noticia\/se-puede-querer-a-un-robot\/\"]}]},{\"@type\":\"ImageObject\",\"inLanguage\":\"es\",\"@id\":\"https:\/\/ticsalutsocial.atoom.space\/es\/noticia\/se-puede-querer-a-un-robot\/#primaryimage\",\"url\":\"https:\/\/ticsalutsocial.atoom.space\/wp-content\/uploads\/2019\/09\/robot-scaled.jpg\",\"contentUrl\":\"https:\/\/ticsalutsocial.atoom.space\/wp-content\/uploads\/2019\/09\/robot-scaled.jpg\",\"width\":2560,\"height\":1440},{\"@type\":\"BreadcrumbList\",\"@id\":\"https:\/\/ticsalutsocial.atoom.space\/es\/noticia\/se-puede-querer-a-un-robot\/#breadcrumb\",\"itemListElement\":[{\"@type\":\"ListItem\",\"position\":1,\"name\":\"Inici\",\"item\":\"https:\/\/ticsalutsocial.atoom.space\/es\/\"},{\"@type\":\"ListItem\",\"position\":2,\"name\":\"\u00bfSe puede querer a un robot?\"}]},{\"@type\":\"WebSite\",\"@id\":\"https:\/\/ticsalutsocial.atoom.space\/es\/#website\",\"url\":\"https:\/\/ticsalutsocial.atoom.space\/es\/\",\"name\":\"Fundaci\u00f3 TIC Salut i Social\",\"description\":\"\",\"potentialAction\":[{\"@type\":\"SearchAction\",\"target\":{\"@type\":\"EntryPoint\",\"urlTemplate\":\"https:\/\/ticsalutsocial.atoom.space\/es\/?s={search_term_string}\"},\"query-input\":{\"@type\":\"PropertyValueSpecification\",\"valueRequired\":true,\"valueName\":\"search_term_string\"}}],\"inLanguage\":\"es\"}]}<\/script>\n<!-- \/ Yoast SEO plugin. -->","yoast_head_json":{"title":"\u00bfSe puede querer a un robot? - Fundaci\u00f3 TIC Salut i Social","robots":{"index":"index","follow":"follow","max-snippet":"max-snippet:-1","max-image-preview":"max-image-preview:large","max-video-preview":"max-video-preview:-1"},"canonical":"https:\/\/ticsalutsocial.atoom.space\/es\/noticia\/se-puede-querer-a-un-robot\/","og_locale":"es_ES","og_type":"article","og_title":"\u00bfSe puede querer a un robot? - Fundaci\u00f3 TIC Salut i Social","og_description":"Al fin y al cabo, establecer relaciones afectivas con o a trav\u00e9s de un robot, es uno de los retos a los que nos enfrentamos en un futuro no muy lejano. Parece razonable pensar, que debatir sobre el uso que hacemos de la tecnolog\u00eda aplicada al cuidado de las personas, \u00a0es la mejor manera de [&hellip;]","og_url":"https:\/\/ticsalutsocial.atoom.space\/es\/noticia\/se-puede-querer-a-un-robot\/","og_site_name":"Fundaci\u00f3 TIC Salut i Social","article_modified_time":"2021-07-21T13:42:44+00:00","og_image":[{"width":2560,"height":1440,"url":"https:\/\/ticsalutsocial.atoom.space\/wp-content\/uploads\/2019\/09\/robot-scaled.jpg","type":"image\/jpeg"}],"twitter_card":"summary_large_image","twitter_misc":{"Tiempo de lectura":"7 minutos"},"schema":{"@context":"https:\/\/schema.org","@graph":[{"@type":"WebPage","@id":"https:\/\/ticsalutsocial.atoom.space\/es\/noticia\/se-puede-querer-a-un-robot\/","url":"https:\/\/ticsalutsocial.atoom.space\/es\/noticia\/se-puede-querer-a-un-robot\/","name":"\u00bfSe puede querer a un robot? - Fundaci\u00f3 TIC Salut i Social","isPartOf":{"@id":"https:\/\/ticsalutsocial.atoom.space\/es\/#website"},"primaryImageOfPage":{"@id":"https:\/\/ticsalutsocial.atoom.space\/es\/noticia\/se-puede-querer-a-un-robot\/#primaryimage"},"image":{"@id":"https:\/\/ticsalutsocial.atoom.space\/es\/noticia\/se-puede-querer-a-un-robot\/#primaryimage"},"thumbnailUrl":"https:\/\/ticsalutsocial.atoom.space\/wp-content\/uploads\/2019\/09\/robot-scaled.jpg","datePublished":"2019-09-02T09:18:02+00:00","dateModified":"2021-07-21T13:42:44+00:00","breadcrumb":{"@id":"https:\/\/ticsalutsocial.atoom.space\/es\/noticia\/se-puede-querer-a-un-robot\/#breadcrumb"},"inLanguage":"es","potentialAction":[{"@type":"ReadAction","target":["https:\/\/ticsalutsocial.atoom.space\/es\/noticia\/se-puede-querer-a-un-robot\/"]}]},{"@type":"ImageObject","inLanguage":"es","@id":"https:\/\/ticsalutsocial.atoom.space\/es\/noticia\/se-puede-querer-a-un-robot\/#primaryimage","url":"https:\/\/ticsalutsocial.atoom.space\/wp-content\/uploads\/2019\/09\/robot-scaled.jpg","contentUrl":"https:\/\/ticsalutsocial.atoom.space\/wp-content\/uploads\/2019\/09\/robot-scaled.jpg","width":2560,"height":1440},{"@type":"BreadcrumbList","@id":"https:\/\/ticsalutsocial.atoom.space\/es\/noticia\/se-puede-querer-a-un-robot\/#breadcrumb","itemListElement":[{"@type":"ListItem","position":1,"name":"Inici","item":"https:\/\/ticsalutsocial.atoom.space\/es\/"},{"@type":"ListItem","position":2,"name":"\u00bfSe puede querer a un robot?"}]},{"@type":"WebSite","@id":"https:\/\/ticsalutsocial.atoom.space\/es\/#website","url":"https:\/\/ticsalutsocial.atoom.space\/es\/","name":"Fundaci\u00f3 TIC Salut i Social","description":"","potentialAction":[{"@type":"SearchAction","target":{"@type":"EntryPoint","urlTemplate":"https:\/\/ticsalutsocial.atoom.space\/es\/?s={search_term_string}"},"query-input":{"@type":"PropertyValueSpecification","valueRequired":true,"valueName":"search_term_string"}}],"inLanguage":"es"}]}},"_links":{"self":[{"href":"https:\/\/ticsalutsocial.atoom.space\/es\/wp-json\/wp\/v2\/noticia\/4032","targetHints":{"allow":["GET"]}}],"collection":[{"href":"https:\/\/ticsalutsocial.atoom.space\/es\/wp-json\/wp\/v2\/noticia"}],"about":[{"href":"https:\/\/ticsalutsocial.atoom.space\/es\/wp-json\/wp\/v2\/types\/noticia"}],"author":[{"embeddable":true,"href":"https:\/\/ticsalutsocial.atoom.space\/es\/wp-json\/wp\/v2\/users\/21"}],"wp:featuredmedia":[{"embeddable":true,"href":"https:\/\/ticsalutsocial.atoom.space\/es\/wp-json\/wp\/v2\/media\/4029"}],"wp:attachment":[{"href":"https:\/\/ticsalutsocial.atoom.space\/es\/wp-json\/wp\/v2\/media?parent=4032"}],"wp:term":[{"taxonomy":"etiqueta","embeddable":true,"href":"https:\/\/ticsalutsocial.atoom.space\/es\/wp-json\/wp\/v2\/etiqueta?post=4032"},{"taxonomy":"tipus","embeddable":true,"href":"https:\/\/ticsalutsocial.atoom.space\/es\/wp-json\/wp\/v2\/tipus?post=4032"},{"taxonomy":"topic","embeddable":true,"href":"https:\/\/ticsalutsocial.atoom.space\/es\/wp-json\/wp\/v2\/topic?post=4032"}],"curies":[{"name":"wp","href":"https:\/\/api.w.org\/{rel}","templated":true}]}}