
{"id":4038,"date":"2019-08-26T14:00:39","date_gmt":"2019-08-26T12:00:39","guid":{"rendered":"https:\/\/ticsalutsocial.atoom.space\/?post_type=noticia&#038;p=4038"},"modified":"2021-07-21T15:42:46","modified_gmt":"2021-07-21T13:42:46","slug":"el-proyecto-eu-modex-presente-al-ultimo-numero-de-hl7-europe","status":"publish","type":"noticia","link":"https:\/\/ticsalutsocial.atoom.space\/es\/noticia\/el-proyecto-eu-modex-presente-al-ultimo-numero-de-hl7-europe\/","title":{"rendered":"El proyecto EU MODEX presente al \u00faltimo n\u00famero de HL7 Europe"},"content":{"rendered":"<p>La <em>Fundaci\u00f3 TIC Salut Social<\/em> ha colaborado en la redacci\u00f3n de un art\u00edculo de la revista <a href=\"http:\/\/www.hl7.eu\/\" target=\"_blank\" rel=\"noopener\">HL7 Europe<\/a>\u00a0en el que se describe todo el proceso experimentado, durante el pasado mes de abril por el equipo de la <em>Oficina d&#8217;Est\u00e0ndards i Interoperabilitat<\/em>. El objectivo fue testar la app para utilizar el resumen del paciente en situaciones de emergencias extremas al ejercicio EU MODEX en Estonia, tal y como recogimos a la noticia <em><a href=\"https:\/\/ticsalutsocial.atoom.space\/es\/actualitat\/larea-dinteroperabilitat-participa-al-eu-modex-destonia-presentant-una-app-dacces-al-resum-del-pacient-online-per-a-situacions-demergencia\/\" target=\"_blank\" rel=\"noopener\">L\u2019\u00e0rea d\u2019Interoperabilitat participa a l\u2019EU MODEX d\u2019Est\u00f2nia presentant una App d\u2019acc\u00e9s al resum del pacient online per a situacions d\u2019emerg\u00e8ncia.<\/a><\/em><\/p>\n<p>La revista se puede consultar <a href=\"https:\/\/ticsalutsocial.atoom.space\/wp-content\/uploads\/2019\/08\/eun-09-2019.pdf\">aqu\u00ed,\u00a0<\/a>y el art\u00edculo sobre EU MODEX aparece en la p\u00e1gina 58.<\/p>\n","protected":false},"author":21,"featured_media":4035,"menu_order":0,"template":"","meta":{"_acf_changed":false,"inline_featured_image":false},"etiqueta":[],"tipus":[84],"topic":[117,125,130],"class_list":["post-4038","noticia","type-noticia","status-publish","has-post-thumbnail","hentry","tipus-oficina-interoperabilidad","topic-jornadas","topic-hub-es","topic-la-fundacion"],"acf":{"imatge":4037,"autor":"Juan Antonio De los Cobos"},"yoast_head":"<!-- This site is optimized with the Yoast SEO plugin v27.1.1 - https:\/\/yoast.com\/product\/yoast-seo-wordpress\/ -->\n<title>El proyecto EU MODEX presente al \u00faltimo n\u00famero de HL7 Europe - Fundaci\u00f3 TIC Salut i Social<\/title>\n<meta name=\"robots\" content=\"index, follow, max-snippet:-1, max-image-preview:large, max-video-preview:-1\" \/>\n<link rel=\"canonical\" href=\"https:\/\/ticsalutsocial.atoom.space\/es\/noticia\/el-proyecto-eu-modex-presente-al-ultimo-numero-de-hl7-europe\/\" \/>\n<meta property=\"og:locale\" content=\"es_ES\" \/>\n<meta property=\"og:type\" content=\"article\" \/>\n<meta property=\"og:title\" content=\"El proyecto EU MODEX presente al \u00faltimo n\u00famero de HL7 Europe - Fundaci\u00f3 TIC Salut i Social\" \/>\n<meta property=\"og:description\" content=\"La Fundaci\u00f3 TIC Salut Social ha colaborado en la redacci\u00f3n de un art\u00edculo de la revista HL7 Europe\u00a0en el que se describe todo el proceso experimentado, durante el pasado mes de abril por el equipo de la Oficina d&#8217;Est\u00e0ndards i Interoperabilitat. El objectivo fue testar la app para utilizar el resumen del paciente en situaciones [&hellip;]\" \/>\n<meta property=\"og:url\" content=\"https:\/\/ticsalutsocial.atoom.space\/es\/noticia\/el-proyecto-eu-modex-presente-al-ultimo-numero-de-hl7-europe\/\" \/>\n<meta property=\"og:site_name\" content=\"Fundaci\u00f3 TIC Salut i Social\" \/>\n<meta property=\"article:modified_time\" content=\"2021-07-21T13:42:46+00:00\" \/>\n<meta property=\"og:image\" content=\"https:\/\/ticsalutsocial.atoom.space\/wp-content\/uploads\/2019\/08\/img_20190413_114746865_hdr-scaled.jpg\" \/>\n\t<meta property=\"og:image:width\" content=\"2560\" \/>\n\t<meta property=\"og:image:height\" content=\"1920\" \/>\n\t<meta property=\"og:image:type\" content=\"image\/jpeg\" \/>\n<meta name=\"twitter:card\" content=\"summary_large_image\" \/>\n<meta name=\"twitter:label1\" content=\"Tiempo de lectura\" \/>\n\t<meta name=\"twitter:data1\" content=\"1 minuto\" \/>\n<script type=\"application\/ld+json\" class=\"yoast-schema-graph\">{\"@context\":\"https:\/\/schema.org\",\"@graph\":[{\"@type\":\"WebPage\",\"@id\":\"https:\/\/ticsalutsocial.atoom.space\/es\/noticia\/el-proyecto-eu-modex-presente-al-ultimo-numero-de-hl7-europe\/\",\"url\":\"https:\/\/ticsalutsocial.atoom.space\/es\/noticia\/el-proyecto-eu-modex-presente-al-ultimo-numero-de-hl7-europe\/\",\"name\":\"El proyecto EU MODEX presente al \u00faltimo n\u00famero de HL7 Europe - Fundaci\u00f3 TIC Salut i Social\",\"isPartOf\":{\"@id\":\"https:\/\/ticsalutsocial.atoom.space\/es\/#website\"},\"primaryImageOfPage\":{\"@id\":\"https:\/\/ticsalutsocial.atoom.space\/es\/noticia\/el-proyecto-eu-modex-presente-al-ultimo-numero-de-hl7-europe\/#primaryimage\"},\"image\":{\"@id\":\"https:\/\/ticsalutsocial.atoom.space\/es\/noticia\/el-proyecto-eu-modex-presente-al-ultimo-numero-de-hl7-europe\/#primaryimage\"},\"thumbnailUrl\":\"https:\/\/ticsalutsocial.atoom.space\/wp-content\/uploads\/2019\/08\/img_20190413_114746865_hdr-scaled.jpg\",\"datePublished\":\"2019-08-26T12:00:39+00:00\",\"dateModified\":\"2021-07-21T13:42:46+00:00\",\"breadcrumb\":{\"@id\":\"https:\/\/ticsalutsocial.atoom.space\/es\/noticia\/el-proyecto-eu-modex-presente-al-ultimo-numero-de-hl7-europe\/#breadcrumb\"},\"inLanguage\":\"es\",\"potentialAction\":[{\"@type\":\"ReadAction\",\"target\":[\"https:\/\/ticsalutsocial.atoom.space\/es\/noticia\/el-proyecto-eu-modex-presente-al-ultimo-numero-de-hl7-europe\/\"]}]},{\"@type\":\"ImageObject\",\"inLanguage\":\"es\",\"@id\":\"https:\/\/ticsalutsocial.atoom.space\/es\/noticia\/el-proyecto-eu-modex-presente-al-ultimo-numero-de-hl7-europe\/#primaryimage\",\"url\":\"https:\/\/ticsalutsocial.atoom.space\/wp-content\/uploads\/2019\/08\/img_20190413_114746865_hdr-scaled.jpg\",\"contentUrl\":\"https:\/\/ticsalutsocial.atoom.space\/wp-content\/uploads\/2019\/08\/img_20190413_114746865_hdr-scaled.jpg\",\"width\":2560,\"height\":1920},{\"@type\":\"BreadcrumbList\",\"@id\":\"https:\/\/ticsalutsocial.atoom.space\/es\/noticia\/el-proyecto-eu-modex-presente-al-ultimo-numero-de-hl7-europe\/#breadcrumb\",\"itemListElement\":[{\"@type\":\"ListItem\",\"position\":1,\"name\":\"Inici\",\"item\":\"https:\/\/ticsalutsocial.atoom.space\/es\/\"},{\"@type\":\"ListItem\",\"position\":2,\"name\":\"El proyecto EU MODEX presente al \u00faltimo n\u00famero de HL7 Europe\"}]},{\"@type\":\"WebSite\",\"@id\":\"https:\/\/ticsalutsocial.atoom.space\/es\/#website\",\"url\":\"https:\/\/ticsalutsocial.atoom.space\/es\/\",\"name\":\"Fundaci\u00f3 TIC Salut i Social\",\"description\":\"\",\"potentialAction\":[{\"@type\":\"SearchAction\",\"target\":{\"@type\":\"EntryPoint\",\"urlTemplate\":\"https:\/\/ticsalutsocial.atoom.space\/es\/?s={search_term_string}\"},\"query-input\":{\"@type\":\"PropertyValueSpecification\",\"valueRequired\":true,\"valueName\":\"search_term_string\"}}],\"inLanguage\":\"es\"}]}<\/script>\n<!-- \/ Yoast SEO plugin. -->","yoast_head_json":{"title":"El proyecto EU MODEX presente al \u00faltimo n\u00famero de HL7 Europe - Fundaci\u00f3 TIC Salut i Social","robots":{"index":"index","follow":"follow","max-snippet":"max-snippet:-1","max-image-preview":"max-image-preview:large","max-video-preview":"max-video-preview:-1"},"canonical":"https:\/\/ticsalutsocial.atoom.space\/es\/noticia\/el-proyecto-eu-modex-presente-al-ultimo-numero-de-hl7-europe\/","og_locale":"es_ES","og_type":"article","og_title":"El proyecto EU MODEX presente al \u00faltimo n\u00famero de HL7 Europe - Fundaci\u00f3 TIC Salut i Social","og_description":"La Fundaci\u00f3 TIC Salut Social ha colaborado en la redacci\u00f3n de un art\u00edculo de la revista HL7 Europe\u00a0en el que se describe todo el proceso experimentado, durante el pasado mes de abril por el equipo de la Oficina d&#8217;Est\u00e0ndards i Interoperabilitat. El objectivo fue testar la app para utilizar el resumen del paciente en situaciones [&hellip;]","og_url":"https:\/\/ticsalutsocial.atoom.space\/es\/noticia\/el-proyecto-eu-modex-presente-al-ultimo-numero-de-hl7-europe\/","og_site_name":"Fundaci\u00f3 TIC Salut i Social","article_modified_time":"2021-07-21T13:42:46+00:00","og_image":[{"width":2560,"height":1920,"url":"https:\/\/ticsalutsocial.atoom.space\/wp-content\/uploads\/2019\/08\/img_20190413_114746865_hdr-scaled.jpg","type":"image\/jpeg"}],"twitter_card":"summary_large_image","twitter_misc":{"Tiempo de lectura":"1 minuto"},"schema":{"@context":"https:\/\/schema.org","@graph":[{"@type":"WebPage","@id":"https:\/\/ticsalutsocial.atoom.space\/es\/noticia\/el-proyecto-eu-modex-presente-al-ultimo-numero-de-hl7-europe\/","url":"https:\/\/ticsalutsocial.atoom.space\/es\/noticia\/el-proyecto-eu-modex-presente-al-ultimo-numero-de-hl7-europe\/","name":"El proyecto EU MODEX presente al \u00faltimo n\u00famero de HL7 Europe - Fundaci\u00f3 TIC Salut i Social","isPartOf":{"@id":"https:\/\/ticsalutsocial.atoom.space\/es\/#website"},"primaryImageOfPage":{"@id":"https:\/\/ticsalutsocial.atoom.space\/es\/noticia\/el-proyecto-eu-modex-presente-al-ultimo-numero-de-hl7-europe\/#primaryimage"},"image":{"@id":"https:\/\/ticsalutsocial.atoom.space\/es\/noticia\/el-proyecto-eu-modex-presente-al-ultimo-numero-de-hl7-europe\/#primaryimage"},"thumbnailUrl":"https:\/\/ticsalutsocial.atoom.space\/wp-content\/uploads\/2019\/08\/img_20190413_114746865_hdr-scaled.jpg","datePublished":"2019-08-26T12:00:39+00:00","dateModified":"2021-07-21T13:42:46+00:00","breadcrumb":{"@id":"https:\/\/ticsalutsocial.atoom.space\/es\/noticia\/el-proyecto-eu-modex-presente-al-ultimo-numero-de-hl7-europe\/#breadcrumb"},"inLanguage":"es","potentialAction":[{"@type":"ReadAction","target":["https:\/\/ticsalutsocial.atoom.space\/es\/noticia\/el-proyecto-eu-modex-presente-al-ultimo-numero-de-hl7-europe\/"]}]},{"@type":"ImageObject","inLanguage":"es","@id":"https:\/\/ticsalutsocial.atoom.space\/es\/noticia\/el-proyecto-eu-modex-presente-al-ultimo-numero-de-hl7-europe\/#primaryimage","url":"https:\/\/ticsalutsocial.atoom.space\/wp-content\/uploads\/2019\/08\/img_20190413_114746865_hdr-scaled.jpg","contentUrl":"https:\/\/ticsalutsocial.atoom.space\/wp-content\/uploads\/2019\/08\/img_20190413_114746865_hdr-scaled.jpg","width":2560,"height":1920},{"@type":"BreadcrumbList","@id":"https:\/\/ticsalutsocial.atoom.space\/es\/noticia\/el-proyecto-eu-modex-presente-al-ultimo-numero-de-hl7-europe\/#breadcrumb","itemListElement":[{"@type":"ListItem","position":1,"name":"Inici","item":"https:\/\/ticsalutsocial.atoom.space\/es\/"},{"@type":"ListItem","position":2,"name":"El proyecto EU MODEX presente al \u00faltimo n\u00famero de HL7 Europe"}]},{"@type":"WebSite","@id":"https:\/\/ticsalutsocial.atoom.space\/es\/#website","url":"https:\/\/ticsalutsocial.atoom.space\/es\/","name":"Fundaci\u00f3 TIC Salut i Social","description":"","potentialAction":[{"@type":"SearchAction","target":{"@type":"EntryPoint","urlTemplate":"https:\/\/ticsalutsocial.atoom.space\/es\/?s={search_term_string}"},"query-input":{"@type":"PropertyValueSpecification","valueRequired":true,"valueName":"search_term_string"}}],"inLanguage":"es"}]}},"_links":{"self":[{"href":"https:\/\/ticsalutsocial.atoom.space\/es\/wp-json\/wp\/v2\/noticia\/4038","targetHints":{"allow":["GET"]}}],"collection":[{"href":"https:\/\/ticsalutsocial.atoom.space\/es\/wp-json\/wp\/v2\/noticia"}],"about":[{"href":"https:\/\/ticsalutsocial.atoom.space\/es\/wp-json\/wp\/v2\/types\/noticia"}],"author":[{"embeddable":true,"href":"https:\/\/ticsalutsocial.atoom.space\/es\/wp-json\/wp\/v2\/users\/21"}],"wp:featuredmedia":[{"embeddable":true,"href":"https:\/\/ticsalutsocial.atoom.space\/es\/wp-json\/wp\/v2\/media\/4035"}],"wp:attachment":[{"href":"https:\/\/ticsalutsocial.atoom.space\/es\/wp-json\/wp\/v2\/media?parent=4038"}],"wp:term":[{"taxonomy":"etiqueta","embeddable":true,"href":"https:\/\/ticsalutsocial.atoom.space\/es\/wp-json\/wp\/v2\/etiqueta?post=4038"},{"taxonomy":"tipus","embeddable":true,"href":"https:\/\/ticsalutsocial.atoom.space\/es\/wp-json\/wp\/v2\/tipus?post=4038"},{"taxonomy":"topic","embeddable":true,"href":"https:\/\/ticsalutsocial.atoom.space\/es\/wp-json\/wp\/v2\/topic?post=4038"}],"curies":[{"name":"wp","href":"https:\/\/api.w.org\/{rel}","templated":true}]}}