
{"id":4049,"date":"2019-09-09T12:59:19","date_gmt":"2019-09-09T10:59:19","guid":{"rendered":"https:\/\/ticsalutsocial.atoom.space\/?post_type=noticia&#038;p=4049"},"modified":"2021-07-21T15:42:52","modified_gmt":"2021-07-21T13:42:52","slug":"la-realidad-virtual-y-aumentada-en-salud-se-encuentra-para-debatir-sobre-su-futuro","status":"publish","type":"noticia","link":"https:\/\/ticsalutsocial.atoom.space\/es\/noticia\/la-realidad-virtual-y-aumentada-en-salud-se-encuentra-para-debatir-sobre-su-futuro\/","title":{"rendered":"La realidad virtual y aumentada en salud se encuentra para debatir sobre su futuro"},"content":{"rendered":"<p>El pasado mi\u00e9rcoles d\u00eda 4 de septiembre se celebr\u00f3 en el Edificio Salvany (Barcelona), el primer \u00abEncuentro del grupo de inter\u00e9s de Realidad Virtual y Aumentada aplicada a la salud en Catalu\u00f1a\u00bb. Con el objetivo de establecer las bases para impulsar un grupo de inter\u00e9s en las tecnolog\u00edas de este \u00e1mbito aplicadas a la salud y que la mayor\u00eda de las entidades del territorio implicadas puedan participar, la Fundaci\u00f3 TIC Salut Social espera poder reunir el m\u00e1ximo de representaci\u00f3n posible. \u00abEl \u00faltimo <a href=\"https:\/\/www.youtube.com\/watch?v=agLeeok15P8&amp;list=PLkH78WEvocPGLKHaqPcsZubcxwSTqCFrs&amp;index=11\" target=\"_blank\" rel=\"noopener\">informe del Mapa de Tendencias<\/a> nos sirvi\u00f3 para identificar m\u00e1s de 45 proyectos en realidad virtual. Algunos ya operativos y otros en fase de desarrollo \u00ab, explicaba Josu\u00e8 Sallent, director de la Fundaci\u00f3 TIC Salut Social. \u00abCon este grupo de trabajo queremos conectar las diferentes iniciativas, unir esfuerzos e impulsar la innovaci\u00f3n entre las diferentes entidades miembro\u00bb.<\/p>\n<p>Con este objetivo, las diferentes iniciativas se agruparon en cuatro \u00e1mbitos de actuaci\u00f3n: salud mental, rehabilitaci\u00f3n, formaci\u00f3n y distracci\u00f3n y seg\u00fan el nivel de madurez: inicio, desarrollo e implementaci\u00f3n. \u00abHemos detectado que hay necesidades comunes entres los diferentes centros y, al mismo tiempo, proyectos bastante similares que pueden beneficiarse de una diseminaci\u00f3n comuna\u00bb, explicaba Sallent.<\/p>\n<p>Este primer encuentro reuni\u00f3 a m\u00e1s de 20 profesionales de diferentes centros como el Hospital Universitario de la Vall d&#8217;Hebron, el Hospital Germans Trias, Parc Sanitari Sant Joan de D\u00e9u, Hospital de la Santa Creu i Sant Pau y del Consorci Sanitari Integral , y otros m\u00e1s invitados que excusaron su asistencia, comprometi\u00e9ndose a participar en futuras ocasiones. Por su parte, Silvia Cuf\u00ed, directora de desarrollo corporativo de TIC Salut Social explic\u00f3 que el objetivo del encuentro \u00abes identificar y promover proyectos basados \u200b\u200ben nuevas tecnolog\u00edas en todo el territorio y optimizar las diferentes fases de desarrollo de los proyectos en cuesti\u00f3n, as\u00ed como el proceso o nivel de maduraci\u00f3n de la tecnolog\u00eda\u00bb.<\/p>\n<p>Est\u00e1 previsto que antes de finalizar el a\u00f1o se organice un segundo encuentro. Antes, los profesionales interesados \u200b\u200ben este \u00e1mbito tienen un encuentro en la ciudad de Vic, en la <a href=\"https:\/\/mon.uvic.cat\/jornadesrdi\/\" target=\"_blank\" rel=\"noopener\">9\u00aa edici\u00f3n de las Jornadas RDI TIC Salut i Social<\/a> que tendr\u00e1n lugar el pr\u00f3ximo 23 de octubre, con la Realidad Virtual aplicada a la salud como eje central.<\/p>\n<p>Cualquier entidad que est\u00e9 desarrollando proyectos en el \u00e1mbito de la realidad virtual y aumentada aplicada a la salud y que quiera formar parte de este grupo de inter\u00e9s, puede contactar directamente con TIC Salut Social a trav\u00e9s del correo electr\u00f3nico <a href=\"mailto:comunicacio@ticsalutsocial.cat\" target=\"_blank\" rel=\"noopener\">comunicacio@ticsalutsocial.cat<\/a><\/p>\n<p><img loading=\"lazy\" decoding=\"async\" class=\"alignleft wp-image-19959 size-large\" src=\"https:\/\/ticsalutsocial.atoom.space\/wp-content\/uploads\/2019\/09\/edobzv5wwaa3wlf-700x525-1.jpg\" alt=\"\" width=\"700\" height=\"525\" \/><\/p>\n","protected":false},"author":21,"featured_media":4046,"menu_order":0,"template":"","meta":{"_acf_changed":false,"inline_featured_image":false},"etiqueta":[],"tipus":[],"topic":[121],"class_list":["post-4049","noticia","type-noticia","status-publish","has-post-thumbnail","hentry","topic-dpd-es"],"acf":{"imatge":4048,"autor":"Adri\u00e0 G.Font","textos_destacats":[{"texte":"Celebrado en Barcelona el primer encuentro del grupo de inter\u00e9s de Realidad Virtual y Aumentada aplicada a la salud en Catalu\u00f1a"}]},"yoast_head":"<!-- This site is optimized with the Yoast SEO plugin v27.1.1 - https:\/\/yoast.com\/product\/yoast-seo-wordpress\/ -->\n<title>La realidad virtual y aumentada en salud se encuentra para debatir sobre su futuro - Fundaci\u00f3 TIC Salut i Social<\/title>\n<meta name=\"robots\" content=\"index, follow, max-snippet:-1, max-image-preview:large, max-video-preview:-1\" \/>\n<link rel=\"canonical\" href=\"https:\/\/ticsalutsocial.atoom.space\/es\/noticia\/la-realidad-virtual-y-aumentada-en-salud-se-encuentra-para-debatir-sobre-su-futuro\/\" \/>\n<meta property=\"og:locale\" content=\"es_ES\" \/>\n<meta property=\"og:type\" content=\"article\" \/>\n<meta property=\"og:title\" content=\"La realidad virtual y aumentada en salud se encuentra para debatir sobre su futuro - Fundaci\u00f3 TIC Salut i Social\" \/>\n<meta property=\"og:description\" content=\"El pasado mi\u00e9rcoles d\u00eda 4 de septiembre se celebr\u00f3 en el Edificio Salvany (Barcelona), el primer \u00abEncuentro del grupo de inter\u00e9s de Realidad Virtual y Aumentada aplicada a la salud en Catalu\u00f1a\u00bb. Con el objetivo de establecer las bases para impulsar un grupo de inter\u00e9s en las tecnolog\u00edas de este \u00e1mbito aplicadas a la salud [&hellip;]\" \/>\n<meta property=\"og:url\" content=\"https:\/\/ticsalutsocial.atoom.space\/es\/noticia\/la-realidad-virtual-y-aumentada-en-salud-se-encuentra-para-debatir-sobre-su-futuro\/\" \/>\n<meta property=\"og:site_name\" content=\"Fundaci\u00f3 TIC Salut i Social\" \/>\n<meta property=\"article:modified_time\" content=\"2021-07-21T13:42:52+00:00\" \/>\n<meta property=\"og:image\" content=\"https:\/\/ticsalutsocial.atoom.space\/wp-content\/uploads\/2019\/09\/photo-1506031765313-0bc574a405f0.jpg\" \/>\n\t<meta property=\"og:image:width\" content=\"1374\" \/>\n\t<meta property=\"og:image:height\" content=\"888\" \/>\n\t<meta property=\"og:image:type\" content=\"image\/jpeg\" \/>\n<meta name=\"twitter:card\" content=\"summary_large_image\" \/>\n<meta name=\"twitter:label1\" content=\"Tiempo de lectura\" \/>\n\t<meta name=\"twitter:data1\" content=\"2 minutos\" \/>\n<script type=\"application\/ld+json\" class=\"yoast-schema-graph\">{\"@context\":\"https:\/\/schema.org\",\"@graph\":[{\"@type\":\"WebPage\",\"@id\":\"https:\/\/ticsalutsocial.atoom.space\/es\/noticia\/la-realidad-virtual-y-aumentada-en-salud-se-encuentra-para-debatir-sobre-su-futuro\/\",\"url\":\"https:\/\/ticsalutsocial.atoom.space\/es\/noticia\/la-realidad-virtual-y-aumentada-en-salud-se-encuentra-para-debatir-sobre-su-futuro\/\",\"name\":\"La realidad virtual y aumentada en salud se encuentra para debatir sobre su futuro - Fundaci\u00f3 TIC Salut i Social\",\"isPartOf\":{\"@id\":\"https:\/\/ticsalutsocial.atoom.space\/es\/#website\"},\"primaryImageOfPage\":{\"@id\":\"https:\/\/ticsalutsocial.atoom.space\/es\/noticia\/la-realidad-virtual-y-aumentada-en-salud-se-encuentra-para-debatir-sobre-su-futuro\/#primaryimage\"},\"image\":{\"@id\":\"https:\/\/ticsalutsocial.atoom.space\/es\/noticia\/la-realidad-virtual-y-aumentada-en-salud-se-encuentra-para-debatir-sobre-su-futuro\/#primaryimage\"},\"thumbnailUrl\":\"https:\/\/ticsalutsocial.atoom.space\/wp-content\/uploads\/2019\/09\/photo-1506031765313-0bc574a405f0.jpg\",\"datePublished\":\"2019-09-09T10:59:19+00:00\",\"dateModified\":\"2021-07-21T13:42:52+00:00\",\"breadcrumb\":{\"@id\":\"https:\/\/ticsalutsocial.atoom.space\/es\/noticia\/la-realidad-virtual-y-aumentada-en-salud-se-encuentra-para-debatir-sobre-su-futuro\/#breadcrumb\"},\"inLanguage\":\"es\",\"potentialAction\":[{\"@type\":\"ReadAction\",\"target\":[\"https:\/\/ticsalutsocial.atoom.space\/es\/noticia\/la-realidad-virtual-y-aumentada-en-salud-se-encuentra-para-debatir-sobre-su-futuro\/\"]}]},{\"@type\":\"ImageObject\",\"inLanguage\":\"es\",\"@id\":\"https:\/\/ticsalutsocial.atoom.space\/es\/noticia\/la-realidad-virtual-y-aumentada-en-salud-se-encuentra-para-debatir-sobre-su-futuro\/#primaryimage\",\"url\":\"https:\/\/ticsalutsocial.atoom.space\/wp-content\/uploads\/2019\/09\/photo-1506031765313-0bc574a405f0.jpg\",\"contentUrl\":\"https:\/\/ticsalutsocial.atoom.space\/wp-content\/uploads\/2019\/09\/photo-1506031765313-0bc574a405f0.jpg\",\"width\":1374,\"height\":888},{\"@type\":\"BreadcrumbList\",\"@id\":\"https:\/\/ticsalutsocial.atoom.space\/es\/noticia\/la-realidad-virtual-y-aumentada-en-salud-se-encuentra-para-debatir-sobre-su-futuro\/#breadcrumb\",\"itemListElement\":[{\"@type\":\"ListItem\",\"position\":1,\"name\":\"Inici\",\"item\":\"https:\/\/ticsalutsocial.atoom.space\/es\/\"},{\"@type\":\"ListItem\",\"position\":2,\"name\":\"La realidad virtual y aumentada en salud se encuentra para debatir sobre su futuro\"}]},{\"@type\":\"WebSite\",\"@id\":\"https:\/\/ticsalutsocial.atoom.space\/es\/#website\",\"url\":\"https:\/\/ticsalutsocial.atoom.space\/es\/\",\"name\":\"Fundaci\u00f3 TIC Salut i Social\",\"description\":\"\",\"potentialAction\":[{\"@type\":\"SearchAction\",\"target\":{\"@type\":\"EntryPoint\",\"urlTemplate\":\"https:\/\/ticsalutsocial.atoom.space\/es\/?s={search_term_string}\"},\"query-input\":{\"@type\":\"PropertyValueSpecification\",\"valueRequired\":true,\"valueName\":\"search_term_string\"}}],\"inLanguage\":\"es\"}]}<\/script>\n<!-- \/ Yoast SEO plugin. -->","yoast_head_json":{"title":"La realidad virtual y aumentada en salud se encuentra para debatir sobre su futuro - Fundaci\u00f3 TIC Salut i Social","robots":{"index":"index","follow":"follow","max-snippet":"max-snippet:-1","max-image-preview":"max-image-preview:large","max-video-preview":"max-video-preview:-1"},"canonical":"https:\/\/ticsalutsocial.atoom.space\/es\/noticia\/la-realidad-virtual-y-aumentada-en-salud-se-encuentra-para-debatir-sobre-su-futuro\/","og_locale":"es_ES","og_type":"article","og_title":"La realidad virtual y aumentada en salud se encuentra para debatir sobre su futuro - Fundaci\u00f3 TIC Salut i Social","og_description":"El pasado mi\u00e9rcoles d\u00eda 4 de septiembre se celebr\u00f3 en el Edificio Salvany (Barcelona), el primer \u00abEncuentro del grupo de inter\u00e9s de Realidad Virtual y Aumentada aplicada a la salud en Catalu\u00f1a\u00bb. Con el objetivo de establecer las bases para impulsar un grupo de inter\u00e9s en las tecnolog\u00edas de este \u00e1mbito aplicadas a la salud [&hellip;]","og_url":"https:\/\/ticsalutsocial.atoom.space\/es\/noticia\/la-realidad-virtual-y-aumentada-en-salud-se-encuentra-para-debatir-sobre-su-futuro\/","og_site_name":"Fundaci\u00f3 TIC Salut i Social","article_modified_time":"2021-07-21T13:42:52+00:00","og_image":[{"width":1374,"height":888,"url":"https:\/\/ticsalutsocial.atoom.space\/wp-content\/uploads\/2019\/09\/photo-1506031765313-0bc574a405f0.jpg","type":"image\/jpeg"}],"twitter_card":"summary_large_image","twitter_misc":{"Tiempo de lectura":"2 minutos"},"schema":{"@context":"https:\/\/schema.org","@graph":[{"@type":"WebPage","@id":"https:\/\/ticsalutsocial.atoom.space\/es\/noticia\/la-realidad-virtual-y-aumentada-en-salud-se-encuentra-para-debatir-sobre-su-futuro\/","url":"https:\/\/ticsalutsocial.atoom.space\/es\/noticia\/la-realidad-virtual-y-aumentada-en-salud-se-encuentra-para-debatir-sobre-su-futuro\/","name":"La realidad virtual y aumentada en salud se encuentra para debatir sobre su futuro - Fundaci\u00f3 TIC Salut i Social","isPartOf":{"@id":"https:\/\/ticsalutsocial.atoom.space\/es\/#website"},"primaryImageOfPage":{"@id":"https:\/\/ticsalutsocial.atoom.space\/es\/noticia\/la-realidad-virtual-y-aumentada-en-salud-se-encuentra-para-debatir-sobre-su-futuro\/#primaryimage"},"image":{"@id":"https:\/\/ticsalutsocial.atoom.space\/es\/noticia\/la-realidad-virtual-y-aumentada-en-salud-se-encuentra-para-debatir-sobre-su-futuro\/#primaryimage"},"thumbnailUrl":"https:\/\/ticsalutsocial.atoom.space\/wp-content\/uploads\/2019\/09\/photo-1506031765313-0bc574a405f0.jpg","datePublished":"2019-09-09T10:59:19+00:00","dateModified":"2021-07-21T13:42:52+00:00","breadcrumb":{"@id":"https:\/\/ticsalutsocial.atoom.space\/es\/noticia\/la-realidad-virtual-y-aumentada-en-salud-se-encuentra-para-debatir-sobre-su-futuro\/#breadcrumb"},"inLanguage":"es","potentialAction":[{"@type":"ReadAction","target":["https:\/\/ticsalutsocial.atoom.space\/es\/noticia\/la-realidad-virtual-y-aumentada-en-salud-se-encuentra-para-debatir-sobre-su-futuro\/"]}]},{"@type":"ImageObject","inLanguage":"es","@id":"https:\/\/ticsalutsocial.atoom.space\/es\/noticia\/la-realidad-virtual-y-aumentada-en-salud-se-encuentra-para-debatir-sobre-su-futuro\/#primaryimage","url":"https:\/\/ticsalutsocial.atoom.space\/wp-content\/uploads\/2019\/09\/photo-1506031765313-0bc574a405f0.jpg","contentUrl":"https:\/\/ticsalutsocial.atoom.space\/wp-content\/uploads\/2019\/09\/photo-1506031765313-0bc574a405f0.jpg","width":1374,"height":888},{"@type":"BreadcrumbList","@id":"https:\/\/ticsalutsocial.atoom.space\/es\/noticia\/la-realidad-virtual-y-aumentada-en-salud-se-encuentra-para-debatir-sobre-su-futuro\/#breadcrumb","itemListElement":[{"@type":"ListItem","position":1,"name":"Inici","item":"https:\/\/ticsalutsocial.atoom.space\/es\/"},{"@type":"ListItem","position":2,"name":"La realidad virtual y aumentada en salud se encuentra para debatir sobre su futuro"}]},{"@type":"WebSite","@id":"https:\/\/ticsalutsocial.atoom.space\/es\/#website","url":"https:\/\/ticsalutsocial.atoom.space\/es\/","name":"Fundaci\u00f3 TIC Salut i Social","description":"","potentialAction":[{"@type":"SearchAction","target":{"@type":"EntryPoint","urlTemplate":"https:\/\/ticsalutsocial.atoom.space\/es\/?s={search_term_string}"},"query-input":{"@type":"PropertyValueSpecification","valueRequired":true,"valueName":"search_term_string"}}],"inLanguage":"es"}]}},"_links":{"self":[{"href":"https:\/\/ticsalutsocial.atoom.space\/es\/wp-json\/wp\/v2\/noticia\/4049","targetHints":{"allow":["GET"]}}],"collection":[{"href":"https:\/\/ticsalutsocial.atoom.space\/es\/wp-json\/wp\/v2\/noticia"}],"about":[{"href":"https:\/\/ticsalutsocial.atoom.space\/es\/wp-json\/wp\/v2\/types\/noticia"}],"author":[{"embeddable":true,"href":"https:\/\/ticsalutsocial.atoom.space\/es\/wp-json\/wp\/v2\/users\/21"}],"wp:featuredmedia":[{"embeddable":true,"href":"https:\/\/ticsalutsocial.atoom.space\/es\/wp-json\/wp\/v2\/media\/4046"}],"wp:attachment":[{"href":"https:\/\/ticsalutsocial.atoom.space\/es\/wp-json\/wp\/v2\/media?parent=4049"}],"wp:term":[{"taxonomy":"etiqueta","embeddable":true,"href":"https:\/\/ticsalutsocial.atoom.space\/es\/wp-json\/wp\/v2\/etiqueta?post=4049"},{"taxonomy":"tipus","embeddable":true,"href":"https:\/\/ticsalutsocial.atoom.space\/es\/wp-json\/wp\/v2\/tipus?post=4049"},{"taxonomy":"topic","embeddable":true,"href":"https:\/\/ticsalutsocial.atoom.space\/es\/wp-json\/wp\/v2\/topic?post=4049"}],"curies":[{"name":"wp","href":"https:\/\/api.w.org\/{rel}","templated":true}]}}