
{"id":4064,"date":"2019-09-12T12:13:56","date_gmt":"2019-09-12T10:13:56","guid":{"rendered":"https:\/\/ticsalutsocial.atoom.space\/?post_type=noticia&#038;p=4064"},"modified":"2021-07-21T15:43:00","modified_gmt":"2021-07-21T13:43:00","slug":"cual-es-la-percepcion-que-tienen-las-profesionales-de-las-tic-en-salud-sobre-su-papel-en-la-industria","status":"publish","type":"noticia","link":"https:\/\/ticsalutsocial.atoom.space\/es\/noticia\/cual-es-la-percepcion-que-tienen-las-profesionales-de-las-tic-en-salud-sobre-su-papel-en-la-industria\/","title":{"rendered":"\u00bfCu\u00e1l es la percepci\u00f3n que tienen las profesionales de las TIC en Salud sobre su papel en la industria?"},"content":{"rendered":"<p>El pasado 27 de Agost, la divisi\u00f3n Europea de la sociedad HIMSS realiz\u00f3 un webinar de presentaci\u00f3n de resultados de la encuesta anual <em>Women in Health IT<\/em>. Desde la OFSTI de la <em>Fundaci\u00f3 TIC Salut Social<\/em> se sigui\u00f3 la sesi\u00f3n, que se puede visualizar al siguiente enlace:<\/p>\n<p><a href=\"http:\/\/What the 2019 HIMSS Europe Annual Women in Health IT Survey Results Mean for Positive Change\">What the 2019 HIMSS Europe Annual Womenin Health IT Survey Results Mean for PositiveChange<\/a><\/p>\n<p>La encuesta, dirigida a mujeres profesionales de las TIC en salud de diferentes pa\u00edses europeos, const\u00f3 de 17 preguntas relacionadas con el \u00e1mbito laboral, y que fueron contestadas por 101\u00a0 usuarias. El resultado que m\u00e1s se ha destacado de la experiencia, ha estado que ha mejorado en un 11% la percepci\u00f3n de las profesionales hacia al reconocimiento que reciben, a pesar de que la mayor\u00eda de las encuestadas piensan que no hay bastante. En concreto, ante la pregunta \u201c\u00bfExiste reconocimiento de la contribuci\u00f3n de las mujeres profesionales en la industria TIC en Salud?\u201d un destacado 82% ha contestado que no.<\/p>\n<p>En cuanto a la pregunta sobre discriminaci\u00f3n por motivos de g\u00e9nero, los datos siguen pr\u00e1cticamente igual que el a\u00f1o pasado: un 40% cree que no hay y un 60% que s\u00ed. Profundizando en las formas que puede tener esta discriminaci\u00f3n, la encuesta ha diferenciado las siguientes (ordenadas de mayor a menorpresencia en las respuestas obtenidas):<\/p>\n<p>Menos sueldo (19,63%).<br \/>\nExclusi\u00f3n de la toma de decisiones (15,42%)<br \/>\nMenores posibilidades de promoci\u00f3n (15,42%).<br \/>\nTrato no igualitario en el espacio laboral (13,08).<br \/>\nMenores oportunidades de hablar en p\u00fablico (10,75).<br \/>\nMayor carga de trabajo (8,88%).<\/p>\n<p>Acoso sexual (8,88%).<br \/>\nMenores oportunidades de formaci\u00f3n (6,07%).<br \/>\nOtras formas (1,87%).<\/p>\n<p>Resulta interesante visibilizar como se concreta la discriminaci\u00f3n de g\u00e9nero, as\u00ed como la manera en que las mujeres se enfrentan. En este sentido, se destacan cuatro acciones principales: hablar abiertamente con compa\u00f1eros de trabajo, sobre todo entre mujeres; plantear el problema a recursos humanos; ofrecerse voluntariamente para realizar tareas o liderar proyectos; y, por \u00faltimo, utilizar recursos externos como conferencias o acontecimientos de networking.<\/p>\n<p><img decoding=\"async\" class=\"size-full wp-image-20000 aligncenter\" src=\"https:\/\/ticsalutsocial.atoom.space\/wp-content\/uploads\/2019\/09\/himss-women.jpg\" alt=\"\" \/><\/p>\n<p>Como muestra del grado de visibilidad de las mujeres en el \u00e1mbito de las TIC en salud, tambi\u00e9n se pregunt\u00f3 qu\u00e9 profesionales se cre\u00eda que eran las m\u00e1s influyentes a Europa. Sorprendentemente, el 50% de las encuestadas contest\u00f3 que no conoc\u00eda al jefe.<\/p>\n<p>Acabada la presentaci\u00f3n de resultados, se aprovech\u00f3 para recordar que el HIMSS tiene toda una serie de recursos bajo el hashtag <strong>#WomeninHIT<\/strong>, como webinars, una comunidad abierta o un bolet\u00edn informativo. Por \u00faltimo, se pudo contar con la intervenci\u00f3n de diferentes perfiles profesionales que aportaron su visi\u00f3n y experiencias a la tem\u00e1tica.<\/p>\n<p>A pesar del n\u00famero de respuestas obtenidas en la encuesta se pudo percibir como poco representativa aunque se considera que las reflexiones que suscita son del todo significativas y necesarias. En una sociedad en que todos los sectores priorizan poner la persona en el centro, no tiene cabida ning\u00fan tipo de discriminaci\u00f3n, y si los profesionales perciben que la hay, tenemos un problema.<\/p>\n<p>Resultar\u00eda interesante ampliar tanto el n\u00famero de encuestadas como el alcance de las preguntas a\u00f1adiendo, por ejemplo, temas como el impacto en la carrera profesional del embarazo o del papel de cuidadora familiar que suele ejercer la mujer. Tambi\u00e9n se considera que ser\u00eda muy interesante comparar estas respuestas con las de los profesionales en general, es decir, incluyendo los perfiles masculinos. Este ejercicio permitir\u00eda empezar a discernir, por ejemplo, si la percepci\u00f3n de la valoraci\u00f3n es una cuesti\u00f3n de g\u00e9nero o un problema de frustraci\u00f3n laboral generalizado.<\/p>\n<p>Desde la Fundaci\u00f3 TIC Salut Social seguiremos este tipo de iniciativas, puesto que est\u00e1n completamente alineadas con la nuestra visi\u00f3n y valores corporativos.<\/p>\n<p>&nbsp;<\/p>\n","protected":false},"author":21,"featured_media":4061,"menu_order":0,"template":"","meta":{"_acf_changed":false,"inline_featured_image":false},"etiqueta":[],"tipus":[84],"topic":[121],"class_list":["post-4064","noticia","type-noticia","status-publish","has-post-thumbnail","hentry","tipus-oficina-interoperabilidad","topic-dpd-es"],"acf":{"imatge":4063,"autor":"Ariadna Rius","textos_destacats":[{"texte":"El HIMSS intenta donar resposta amb una nova entrega de la seva enquesta anual"}]},"yoast_head":"<!-- This site is optimized with the Yoast SEO plugin v27.1.1 - https:\/\/yoast.com\/product\/yoast-seo-wordpress\/ -->\n<title>\u00bfCu\u00e1l es la percepci\u00f3n que tienen las profesionales de las TIC en Salud sobre su papel en la industria? - Fundaci\u00f3 TIC Salut i Social<\/title>\n<meta name=\"robots\" content=\"index, follow, max-snippet:-1, max-image-preview:large, max-video-preview:-1\" \/>\n<link rel=\"canonical\" href=\"https:\/\/ticsalutsocial.atoom.space\/es\/noticia\/cual-es-la-percepcion-que-tienen-las-profesionales-de-las-tic-en-salud-sobre-su-papel-en-la-industria\/\" \/>\n<meta property=\"og:locale\" content=\"es_ES\" \/>\n<meta property=\"og:type\" content=\"article\" \/>\n<meta property=\"og:title\" content=\"\u00bfCu\u00e1l es la percepci\u00f3n que tienen las profesionales de las TIC en Salud sobre su papel en la industria? - Fundaci\u00f3 TIC Salut i Social\" \/>\n<meta property=\"og:description\" content=\"El pasado 27 de Agost, la divisi\u00f3n Europea de la sociedad HIMSS realiz\u00f3 un webinar de presentaci\u00f3n de resultados de la encuesta anual Women in Health IT. Desde la OFSTI de la Fundaci\u00f3 TIC Salut Social se sigui\u00f3 la sesi\u00f3n, que se puede visualizar al siguiente enlace: What the 2019 HIMSS Europe Annual Womenin Health [&hellip;]\" \/>\n<meta property=\"og:url\" content=\"https:\/\/ticsalutsocial.atoom.space\/es\/noticia\/cual-es-la-percepcion-que-tienen-las-profesionales-de-las-tic-en-salud-sobre-su-papel-en-la-industria\/\" \/>\n<meta property=\"og:site_name\" content=\"Fundaci\u00f3 TIC Salut i Social\" \/>\n<meta property=\"article:modified_time\" content=\"2021-07-21T13:43:00+00:00\" \/>\n<meta property=\"og:image\" content=\"https:\/\/ticsalutsocial.atoom.space\/wp-content\/uploads\/2019\/09\/wonderlane-w1s5h_3zn48-unsplash-scaled.jpg\" \/>\n\t<meta property=\"og:image:width\" content=\"2560\" \/>\n\t<meta property=\"og:image:height\" content=\"1703\" \/>\n\t<meta property=\"og:image:type\" content=\"image\/jpeg\" \/>\n<meta name=\"twitter:card\" content=\"summary_large_image\" \/>\n<meta name=\"twitter:label1\" content=\"Tiempo de lectura\" \/>\n\t<meta name=\"twitter:data1\" content=\"3 minutos\" \/>\n<script type=\"application\/ld+json\" class=\"yoast-schema-graph\">{\"@context\":\"https:\/\/schema.org\",\"@graph\":[{\"@type\":\"WebPage\",\"@id\":\"https:\/\/ticsalutsocial.atoom.space\/es\/noticia\/cual-es-la-percepcion-que-tienen-las-profesionales-de-las-tic-en-salud-sobre-su-papel-en-la-industria\/\",\"url\":\"https:\/\/ticsalutsocial.atoom.space\/es\/noticia\/cual-es-la-percepcion-que-tienen-las-profesionales-de-las-tic-en-salud-sobre-su-papel-en-la-industria\/\",\"name\":\"\u00bfCu\u00e1l es la percepci\u00f3n que tienen las profesionales de las TIC en Salud sobre su papel en la industria? - Fundaci\u00f3 TIC Salut i Social\",\"isPartOf\":{\"@id\":\"https:\/\/ticsalutsocial.atoom.space\/es\/#website\"},\"primaryImageOfPage\":{\"@id\":\"https:\/\/ticsalutsocial.atoom.space\/es\/noticia\/cual-es-la-percepcion-que-tienen-las-profesionales-de-las-tic-en-salud-sobre-su-papel-en-la-industria\/#primaryimage\"},\"image\":{\"@id\":\"https:\/\/ticsalutsocial.atoom.space\/es\/noticia\/cual-es-la-percepcion-que-tienen-las-profesionales-de-las-tic-en-salud-sobre-su-papel-en-la-industria\/#primaryimage\"},\"thumbnailUrl\":\"https:\/\/ticsalutsocial.atoom.space\/wp-content\/uploads\/2019\/09\/wonderlane-w1s5h_3zn48-unsplash-scaled.jpg\",\"datePublished\":\"2019-09-12T10:13:56+00:00\",\"dateModified\":\"2021-07-21T13:43:00+00:00\",\"breadcrumb\":{\"@id\":\"https:\/\/ticsalutsocial.atoom.space\/es\/noticia\/cual-es-la-percepcion-que-tienen-las-profesionales-de-las-tic-en-salud-sobre-su-papel-en-la-industria\/#breadcrumb\"},\"inLanguage\":\"es\",\"potentialAction\":[{\"@type\":\"ReadAction\",\"target\":[\"https:\/\/ticsalutsocial.atoom.space\/es\/noticia\/cual-es-la-percepcion-que-tienen-las-profesionales-de-las-tic-en-salud-sobre-su-papel-en-la-industria\/\"]}]},{\"@type\":\"ImageObject\",\"inLanguage\":\"es\",\"@id\":\"https:\/\/ticsalutsocial.atoom.space\/es\/noticia\/cual-es-la-percepcion-que-tienen-las-profesionales-de-las-tic-en-salud-sobre-su-papel-en-la-industria\/#primaryimage\",\"url\":\"https:\/\/ticsalutsocial.atoom.space\/wp-content\/uploads\/2019\/09\/wonderlane-w1s5h_3zn48-unsplash-scaled.jpg\",\"contentUrl\":\"https:\/\/ticsalutsocial.atoom.space\/wp-content\/uploads\/2019\/09\/wonderlane-w1s5h_3zn48-unsplash-scaled.jpg\",\"width\":2560,\"height\":1703},{\"@type\":\"BreadcrumbList\",\"@id\":\"https:\/\/ticsalutsocial.atoom.space\/es\/noticia\/cual-es-la-percepcion-que-tienen-las-profesionales-de-las-tic-en-salud-sobre-su-papel-en-la-industria\/#breadcrumb\",\"itemListElement\":[{\"@type\":\"ListItem\",\"position\":1,\"name\":\"Inici\",\"item\":\"https:\/\/ticsalutsocial.atoom.space\/es\/\"},{\"@type\":\"ListItem\",\"position\":2,\"name\":\"\u00bfCu\u00e1l es la percepci\u00f3n que tienen las profesionales de las TIC en Salud sobre su papel en la industria?\"}]},{\"@type\":\"WebSite\",\"@id\":\"https:\/\/ticsalutsocial.atoom.space\/es\/#website\",\"url\":\"https:\/\/ticsalutsocial.atoom.space\/es\/\",\"name\":\"Fundaci\u00f3 TIC Salut i Social\",\"description\":\"\",\"potentialAction\":[{\"@type\":\"SearchAction\",\"target\":{\"@type\":\"EntryPoint\",\"urlTemplate\":\"https:\/\/ticsalutsocial.atoom.space\/es\/?s={search_term_string}\"},\"query-input\":{\"@type\":\"PropertyValueSpecification\",\"valueRequired\":true,\"valueName\":\"search_term_string\"}}],\"inLanguage\":\"es\"}]}<\/script>\n<!-- \/ Yoast SEO plugin. -->","yoast_head_json":{"title":"\u00bfCu\u00e1l es la percepci\u00f3n que tienen las profesionales de las TIC en Salud sobre su papel en la industria? - Fundaci\u00f3 TIC Salut i Social","robots":{"index":"index","follow":"follow","max-snippet":"max-snippet:-1","max-image-preview":"max-image-preview:large","max-video-preview":"max-video-preview:-1"},"canonical":"https:\/\/ticsalutsocial.atoom.space\/es\/noticia\/cual-es-la-percepcion-que-tienen-las-profesionales-de-las-tic-en-salud-sobre-su-papel-en-la-industria\/","og_locale":"es_ES","og_type":"article","og_title":"\u00bfCu\u00e1l es la percepci\u00f3n que tienen las profesionales de las TIC en Salud sobre su papel en la industria? - Fundaci\u00f3 TIC Salut i Social","og_description":"El pasado 27 de Agost, la divisi\u00f3n Europea de la sociedad HIMSS realiz\u00f3 un webinar de presentaci\u00f3n de resultados de la encuesta anual Women in Health IT. Desde la OFSTI de la Fundaci\u00f3 TIC Salut Social se sigui\u00f3 la sesi\u00f3n, que se puede visualizar al siguiente enlace: What the 2019 HIMSS Europe Annual Womenin Health [&hellip;]","og_url":"https:\/\/ticsalutsocial.atoom.space\/es\/noticia\/cual-es-la-percepcion-que-tienen-las-profesionales-de-las-tic-en-salud-sobre-su-papel-en-la-industria\/","og_site_name":"Fundaci\u00f3 TIC Salut i Social","article_modified_time":"2021-07-21T13:43:00+00:00","og_image":[{"width":2560,"height":1703,"url":"https:\/\/ticsalutsocial.atoom.space\/wp-content\/uploads\/2019\/09\/wonderlane-w1s5h_3zn48-unsplash-scaled.jpg","type":"image\/jpeg"}],"twitter_card":"summary_large_image","twitter_misc":{"Tiempo de lectura":"3 minutos"},"schema":{"@context":"https:\/\/schema.org","@graph":[{"@type":"WebPage","@id":"https:\/\/ticsalutsocial.atoom.space\/es\/noticia\/cual-es-la-percepcion-que-tienen-las-profesionales-de-las-tic-en-salud-sobre-su-papel-en-la-industria\/","url":"https:\/\/ticsalutsocial.atoom.space\/es\/noticia\/cual-es-la-percepcion-que-tienen-las-profesionales-de-las-tic-en-salud-sobre-su-papel-en-la-industria\/","name":"\u00bfCu\u00e1l es la percepci\u00f3n que tienen las profesionales de las TIC en Salud sobre su papel en la industria? - Fundaci\u00f3 TIC Salut i Social","isPartOf":{"@id":"https:\/\/ticsalutsocial.atoom.space\/es\/#website"},"primaryImageOfPage":{"@id":"https:\/\/ticsalutsocial.atoom.space\/es\/noticia\/cual-es-la-percepcion-que-tienen-las-profesionales-de-las-tic-en-salud-sobre-su-papel-en-la-industria\/#primaryimage"},"image":{"@id":"https:\/\/ticsalutsocial.atoom.space\/es\/noticia\/cual-es-la-percepcion-que-tienen-las-profesionales-de-las-tic-en-salud-sobre-su-papel-en-la-industria\/#primaryimage"},"thumbnailUrl":"https:\/\/ticsalutsocial.atoom.space\/wp-content\/uploads\/2019\/09\/wonderlane-w1s5h_3zn48-unsplash-scaled.jpg","datePublished":"2019-09-12T10:13:56+00:00","dateModified":"2021-07-21T13:43:00+00:00","breadcrumb":{"@id":"https:\/\/ticsalutsocial.atoom.space\/es\/noticia\/cual-es-la-percepcion-que-tienen-las-profesionales-de-las-tic-en-salud-sobre-su-papel-en-la-industria\/#breadcrumb"},"inLanguage":"es","potentialAction":[{"@type":"ReadAction","target":["https:\/\/ticsalutsocial.atoom.space\/es\/noticia\/cual-es-la-percepcion-que-tienen-las-profesionales-de-las-tic-en-salud-sobre-su-papel-en-la-industria\/"]}]},{"@type":"ImageObject","inLanguage":"es","@id":"https:\/\/ticsalutsocial.atoom.space\/es\/noticia\/cual-es-la-percepcion-que-tienen-las-profesionales-de-las-tic-en-salud-sobre-su-papel-en-la-industria\/#primaryimage","url":"https:\/\/ticsalutsocial.atoom.space\/wp-content\/uploads\/2019\/09\/wonderlane-w1s5h_3zn48-unsplash-scaled.jpg","contentUrl":"https:\/\/ticsalutsocial.atoom.space\/wp-content\/uploads\/2019\/09\/wonderlane-w1s5h_3zn48-unsplash-scaled.jpg","width":2560,"height":1703},{"@type":"BreadcrumbList","@id":"https:\/\/ticsalutsocial.atoom.space\/es\/noticia\/cual-es-la-percepcion-que-tienen-las-profesionales-de-las-tic-en-salud-sobre-su-papel-en-la-industria\/#breadcrumb","itemListElement":[{"@type":"ListItem","position":1,"name":"Inici","item":"https:\/\/ticsalutsocial.atoom.space\/es\/"},{"@type":"ListItem","position":2,"name":"\u00bfCu\u00e1l es la percepci\u00f3n que tienen las profesionales de las TIC en Salud sobre su papel en la industria?"}]},{"@type":"WebSite","@id":"https:\/\/ticsalutsocial.atoom.space\/es\/#website","url":"https:\/\/ticsalutsocial.atoom.space\/es\/","name":"Fundaci\u00f3 TIC Salut i Social","description":"","potentialAction":[{"@type":"SearchAction","target":{"@type":"EntryPoint","urlTemplate":"https:\/\/ticsalutsocial.atoom.space\/es\/?s={search_term_string}"},"query-input":{"@type":"PropertyValueSpecification","valueRequired":true,"valueName":"search_term_string"}}],"inLanguage":"es"}]}},"_links":{"self":[{"href":"https:\/\/ticsalutsocial.atoom.space\/es\/wp-json\/wp\/v2\/noticia\/4064","targetHints":{"allow":["GET"]}}],"collection":[{"href":"https:\/\/ticsalutsocial.atoom.space\/es\/wp-json\/wp\/v2\/noticia"}],"about":[{"href":"https:\/\/ticsalutsocial.atoom.space\/es\/wp-json\/wp\/v2\/types\/noticia"}],"author":[{"embeddable":true,"href":"https:\/\/ticsalutsocial.atoom.space\/es\/wp-json\/wp\/v2\/users\/21"}],"wp:featuredmedia":[{"embeddable":true,"href":"https:\/\/ticsalutsocial.atoom.space\/es\/wp-json\/wp\/v2\/media\/4061"}],"wp:attachment":[{"href":"https:\/\/ticsalutsocial.atoom.space\/es\/wp-json\/wp\/v2\/media?parent=4064"}],"wp:term":[{"taxonomy":"etiqueta","embeddable":true,"href":"https:\/\/ticsalutsocial.atoom.space\/es\/wp-json\/wp\/v2\/etiqueta?post=4064"},{"taxonomy":"tipus","embeddable":true,"href":"https:\/\/ticsalutsocial.atoom.space\/es\/wp-json\/wp\/v2\/tipus?post=4064"},{"taxonomy":"topic","embeddable":true,"href":"https:\/\/ticsalutsocial.atoom.space\/es\/wp-json\/wp\/v2\/topic?post=4064"}],"curies":[{"name":"wp","href":"https:\/\/api.w.org\/{rel}","templated":true}]}}