
{"id":4070,"date":"2019-09-12T12:37:22","date_gmt":"2019-09-12T10:37:22","guid":{"rendered":"https:\/\/ticsalutsocial.atoom.space\/?post_type=noticia&#038;p=4070"},"modified":"2021-07-21T15:43:03","modified_gmt":"2021-07-21T13:43:03","slug":"ya-os-habeis-inscrito-a-la-loinc-international-conference","status":"publish","type":"noticia","link":"https:\/\/ticsalutsocial.atoom.space\/es\/noticia\/ya-os-habeis-inscrito-a-la-loinc-international-conference\/","title":{"rendered":"\u00bfYa os hab\u00e9is inscrito a la LOINC International Conference?"},"content":{"rendered":"<p>La <em>Fundaci\u00f3 TIC Salut Social<\/em>, a trav\u00e9s de la <em>Oficina d\u2019Est\u00e0ndards i Interoperabilitat<\/em>, est\u00e1 coorganizando el pr\u00f3ximo LOINCInternational Meeting, que por primera vez se realizar\u00e1 a Europa. En concreto, el congreso tendr\u00e1 lugar al Tecnocampus de Matar\u00f3, los d\u00edas 23, 24 y 25 de Octubre. El acontecimiento se ha organizado en dos partes, ambas abiertas al p\u00fablico en general (previo registro):<\/p>\n<ul>\n<li>Durante los d\u00edas 23 y 25 se realizar\u00e1n diferentes reuniones de los comit\u00e9s LOINC: el de laboratorio y el cl\u00ednico respectivamente. Los asistentes podr\u00e1n disfrutar de estas reuniones sin coste y tendr\u00e1n la oportunidad de participar en las discusiones m\u00e1s candentes sobre la terminolog\u00eda y su evoluci\u00f3n.<\/li>\n<li>El d\u00eda 24, segundo d\u00eda del congreso, se han organizado diferentes p\u00edldoras formativas y expertos de todo el mundo presentar\u00e1n sus experiencias relativas a LOINC, el \u00e1mbito de laboratorio e interoperabilidad sem\u00e1ntica.<\/li>\n<\/ul>\n<p>&nbsp;<\/p>\n<p>El congreso ser\u00e1 una oportunidad para contactar con los principales expertos en LOINC a nivel internacional, conocer las \u00faltimas novedades relativas a la terminolog\u00eda y participar en la comunidad compartiendo dudas y buenas pr\u00e1cticas.<\/p>\n<p>&nbsp;<\/p>\n<p>Los interesados pod\u00e9is contactar con el OFSTI a trav\u00e9s del correo electr\u00f3nico: <a href=\"mailto:arius@ticsalutsocial.cat\" target=\"_blank\" rel=\"noopener\">arius@ticsalutsocial.cat<\/a>\u00a0o bien realizar el registro directamente a la llanura web del congreso, donde tambi\u00e9n encontrar\u00e9is toda la informaci\u00f3n: <a href=\"https:\/\/loinc.org\/conference\/fall-2019\" target=\"_blank\" rel=\"noopener\">https:\/\/loinc.org\/conference\/fall-2019<\/a>.<\/p>\n<p>&nbsp;<\/p>\n","protected":false},"author":21,"featured_media":4067,"menu_order":0,"template":"","meta":{"_acf_changed":false,"inline_featured_image":false},"etiqueta":[],"tipus":[84],"topic":[121,123],"class_list":["post-4070","noticia","type-noticia","status-publish","has-post-thumbnail","hentry","tipus-oficina-interoperabilidad","topic-dpd-es","topic-actualidad"],"acf":{"imatge":4069,"autor":"TIC Salut Social"},"yoast_head":"<!-- This site is optimized with the Yoast SEO plugin v27.1.1 - https:\/\/yoast.com\/product\/yoast-seo-wordpress\/ -->\n<title>\u00bfYa os hab\u00e9is inscrito a la LOINC International Conference? - Fundaci\u00f3 TIC Salut i Social<\/title>\n<meta name=\"robots\" content=\"index, follow, max-snippet:-1, max-image-preview:large, max-video-preview:-1\" \/>\n<link rel=\"canonical\" href=\"https:\/\/ticsalutsocial.atoom.space\/es\/noticia\/ya-os-habeis-inscrito-a-la-loinc-international-conference\/\" \/>\n<meta property=\"og:locale\" content=\"es_ES\" \/>\n<meta property=\"og:type\" content=\"article\" \/>\n<meta property=\"og:title\" content=\"\u00bfYa os hab\u00e9is inscrito a la LOINC International Conference? - Fundaci\u00f3 TIC Salut i Social\" \/>\n<meta property=\"og:description\" content=\"La Fundaci\u00f3 TIC Salut Social, a trav\u00e9s de la Oficina d\u2019Est\u00e0ndards i Interoperabilitat, est\u00e1 coorganizando el pr\u00f3ximo LOINCInternational Meeting, que por primera vez se realizar\u00e1 a Europa. En concreto, el congreso tendr\u00e1 lugar al Tecnocampus de Matar\u00f3, los d\u00edas 23, 24 y 25 de Octubre. El acontecimiento se ha organizado en dos partes, ambas abiertas [&hellip;]\" \/>\n<meta property=\"og:url\" content=\"https:\/\/ticsalutsocial.atoom.space\/es\/noticia\/ya-os-habeis-inscrito-a-la-loinc-international-conference\/\" \/>\n<meta property=\"og:site_name\" content=\"Fundaci\u00f3 TIC Salut i Social\" \/>\n<meta property=\"article:modified_time\" content=\"2021-07-21T13:43:03+00:00\" \/>\n<meta property=\"og:image\" content=\"https:\/\/ticsalutsocial.atoom.space\/wp-content\/uploads\/2019\/09\/louis-reed-jeinkkli2po-unsplash-scaled.jpg\" \/>\n\t<meta property=\"og:image:width\" content=\"2560\" \/>\n\t<meta property=\"og:image:height\" content=\"1707\" \/>\n\t<meta property=\"og:image:type\" content=\"image\/jpeg\" \/>\n<meta name=\"twitter:card\" content=\"summary_large_image\" \/>\n<meta name=\"twitter:label1\" content=\"Tiempo de lectura\" \/>\n\t<meta name=\"twitter:data1\" content=\"1 minuto\" \/>\n<script type=\"application\/ld+json\" class=\"yoast-schema-graph\">{\"@context\":\"https:\/\/schema.org\",\"@graph\":[{\"@type\":\"WebPage\",\"@id\":\"https:\/\/ticsalutsocial.atoom.space\/es\/noticia\/ya-os-habeis-inscrito-a-la-loinc-international-conference\/\",\"url\":\"https:\/\/ticsalutsocial.atoom.space\/es\/noticia\/ya-os-habeis-inscrito-a-la-loinc-international-conference\/\",\"name\":\"\u00bfYa os hab\u00e9is inscrito a la LOINC International Conference? - Fundaci\u00f3 TIC Salut i Social\",\"isPartOf\":{\"@id\":\"https:\/\/ticsalutsocial.atoom.space\/es\/#website\"},\"primaryImageOfPage\":{\"@id\":\"https:\/\/ticsalutsocial.atoom.space\/es\/noticia\/ya-os-habeis-inscrito-a-la-loinc-international-conference\/#primaryimage\"},\"image\":{\"@id\":\"https:\/\/ticsalutsocial.atoom.space\/es\/noticia\/ya-os-habeis-inscrito-a-la-loinc-international-conference\/#primaryimage\"},\"thumbnailUrl\":\"https:\/\/ticsalutsocial.atoom.space\/wp-content\/uploads\/2019\/09\/louis-reed-jeinkkli2po-unsplash-scaled.jpg\",\"datePublished\":\"2019-09-12T10:37:22+00:00\",\"dateModified\":\"2021-07-21T13:43:03+00:00\",\"breadcrumb\":{\"@id\":\"https:\/\/ticsalutsocial.atoom.space\/es\/noticia\/ya-os-habeis-inscrito-a-la-loinc-international-conference\/#breadcrumb\"},\"inLanguage\":\"es\",\"potentialAction\":[{\"@type\":\"ReadAction\",\"target\":[\"https:\/\/ticsalutsocial.atoom.space\/es\/noticia\/ya-os-habeis-inscrito-a-la-loinc-international-conference\/\"]}]},{\"@type\":\"ImageObject\",\"inLanguage\":\"es\",\"@id\":\"https:\/\/ticsalutsocial.atoom.space\/es\/noticia\/ya-os-habeis-inscrito-a-la-loinc-international-conference\/#primaryimage\",\"url\":\"https:\/\/ticsalutsocial.atoom.space\/wp-content\/uploads\/2019\/09\/louis-reed-jeinkkli2po-unsplash-scaled.jpg\",\"contentUrl\":\"https:\/\/ticsalutsocial.atoom.space\/wp-content\/uploads\/2019\/09\/louis-reed-jeinkkli2po-unsplash-scaled.jpg\",\"width\":2560,\"height\":1707},{\"@type\":\"BreadcrumbList\",\"@id\":\"https:\/\/ticsalutsocial.atoom.space\/es\/noticia\/ya-os-habeis-inscrito-a-la-loinc-international-conference\/#breadcrumb\",\"itemListElement\":[{\"@type\":\"ListItem\",\"position\":1,\"name\":\"Inici\",\"item\":\"https:\/\/ticsalutsocial.atoom.space\/es\/\"},{\"@type\":\"ListItem\",\"position\":2,\"name\":\"\u00bfYa os hab\u00e9is inscrito a la LOINC International Conference?\"}]},{\"@type\":\"WebSite\",\"@id\":\"https:\/\/ticsalutsocial.atoom.space\/es\/#website\",\"url\":\"https:\/\/ticsalutsocial.atoom.space\/es\/\",\"name\":\"Fundaci\u00f3 TIC Salut i Social\",\"description\":\"\",\"potentialAction\":[{\"@type\":\"SearchAction\",\"target\":{\"@type\":\"EntryPoint\",\"urlTemplate\":\"https:\/\/ticsalutsocial.atoom.space\/es\/?s={search_term_string}\"},\"query-input\":{\"@type\":\"PropertyValueSpecification\",\"valueRequired\":true,\"valueName\":\"search_term_string\"}}],\"inLanguage\":\"es\"}]}<\/script>\n<!-- \/ Yoast SEO plugin. -->","yoast_head_json":{"title":"\u00bfYa os hab\u00e9is inscrito a la LOINC International Conference? - Fundaci\u00f3 TIC Salut i Social","robots":{"index":"index","follow":"follow","max-snippet":"max-snippet:-1","max-image-preview":"max-image-preview:large","max-video-preview":"max-video-preview:-1"},"canonical":"https:\/\/ticsalutsocial.atoom.space\/es\/noticia\/ya-os-habeis-inscrito-a-la-loinc-international-conference\/","og_locale":"es_ES","og_type":"article","og_title":"\u00bfYa os hab\u00e9is inscrito a la LOINC International Conference? - Fundaci\u00f3 TIC Salut i Social","og_description":"La Fundaci\u00f3 TIC Salut Social, a trav\u00e9s de la Oficina d\u2019Est\u00e0ndards i Interoperabilitat, est\u00e1 coorganizando el pr\u00f3ximo LOINCInternational Meeting, que por primera vez se realizar\u00e1 a Europa. En concreto, el congreso tendr\u00e1 lugar al Tecnocampus de Matar\u00f3, los d\u00edas 23, 24 y 25 de Octubre. El acontecimiento se ha organizado en dos partes, ambas abiertas [&hellip;]","og_url":"https:\/\/ticsalutsocial.atoom.space\/es\/noticia\/ya-os-habeis-inscrito-a-la-loinc-international-conference\/","og_site_name":"Fundaci\u00f3 TIC Salut i Social","article_modified_time":"2021-07-21T13:43:03+00:00","og_image":[{"width":2560,"height":1707,"url":"https:\/\/ticsalutsocial.atoom.space\/wp-content\/uploads\/2019\/09\/louis-reed-jeinkkli2po-unsplash-scaled.jpg","type":"image\/jpeg"}],"twitter_card":"summary_large_image","twitter_misc":{"Tiempo de lectura":"1 minuto"},"schema":{"@context":"https:\/\/schema.org","@graph":[{"@type":"WebPage","@id":"https:\/\/ticsalutsocial.atoom.space\/es\/noticia\/ya-os-habeis-inscrito-a-la-loinc-international-conference\/","url":"https:\/\/ticsalutsocial.atoom.space\/es\/noticia\/ya-os-habeis-inscrito-a-la-loinc-international-conference\/","name":"\u00bfYa os hab\u00e9is inscrito a la LOINC International Conference? - Fundaci\u00f3 TIC Salut i Social","isPartOf":{"@id":"https:\/\/ticsalutsocial.atoom.space\/es\/#website"},"primaryImageOfPage":{"@id":"https:\/\/ticsalutsocial.atoom.space\/es\/noticia\/ya-os-habeis-inscrito-a-la-loinc-international-conference\/#primaryimage"},"image":{"@id":"https:\/\/ticsalutsocial.atoom.space\/es\/noticia\/ya-os-habeis-inscrito-a-la-loinc-international-conference\/#primaryimage"},"thumbnailUrl":"https:\/\/ticsalutsocial.atoom.space\/wp-content\/uploads\/2019\/09\/louis-reed-jeinkkli2po-unsplash-scaled.jpg","datePublished":"2019-09-12T10:37:22+00:00","dateModified":"2021-07-21T13:43:03+00:00","breadcrumb":{"@id":"https:\/\/ticsalutsocial.atoom.space\/es\/noticia\/ya-os-habeis-inscrito-a-la-loinc-international-conference\/#breadcrumb"},"inLanguage":"es","potentialAction":[{"@type":"ReadAction","target":["https:\/\/ticsalutsocial.atoom.space\/es\/noticia\/ya-os-habeis-inscrito-a-la-loinc-international-conference\/"]}]},{"@type":"ImageObject","inLanguage":"es","@id":"https:\/\/ticsalutsocial.atoom.space\/es\/noticia\/ya-os-habeis-inscrito-a-la-loinc-international-conference\/#primaryimage","url":"https:\/\/ticsalutsocial.atoom.space\/wp-content\/uploads\/2019\/09\/louis-reed-jeinkkli2po-unsplash-scaled.jpg","contentUrl":"https:\/\/ticsalutsocial.atoom.space\/wp-content\/uploads\/2019\/09\/louis-reed-jeinkkli2po-unsplash-scaled.jpg","width":2560,"height":1707},{"@type":"BreadcrumbList","@id":"https:\/\/ticsalutsocial.atoom.space\/es\/noticia\/ya-os-habeis-inscrito-a-la-loinc-international-conference\/#breadcrumb","itemListElement":[{"@type":"ListItem","position":1,"name":"Inici","item":"https:\/\/ticsalutsocial.atoom.space\/es\/"},{"@type":"ListItem","position":2,"name":"\u00bfYa os hab\u00e9is inscrito a la LOINC International Conference?"}]},{"@type":"WebSite","@id":"https:\/\/ticsalutsocial.atoom.space\/es\/#website","url":"https:\/\/ticsalutsocial.atoom.space\/es\/","name":"Fundaci\u00f3 TIC Salut i Social","description":"","potentialAction":[{"@type":"SearchAction","target":{"@type":"EntryPoint","urlTemplate":"https:\/\/ticsalutsocial.atoom.space\/es\/?s={search_term_string}"},"query-input":{"@type":"PropertyValueSpecification","valueRequired":true,"valueName":"search_term_string"}}],"inLanguage":"es"}]}},"_links":{"self":[{"href":"https:\/\/ticsalutsocial.atoom.space\/es\/wp-json\/wp\/v2\/noticia\/4070","targetHints":{"allow":["GET"]}}],"collection":[{"href":"https:\/\/ticsalutsocial.atoom.space\/es\/wp-json\/wp\/v2\/noticia"}],"about":[{"href":"https:\/\/ticsalutsocial.atoom.space\/es\/wp-json\/wp\/v2\/types\/noticia"}],"author":[{"embeddable":true,"href":"https:\/\/ticsalutsocial.atoom.space\/es\/wp-json\/wp\/v2\/users\/21"}],"wp:featuredmedia":[{"embeddable":true,"href":"https:\/\/ticsalutsocial.atoom.space\/es\/wp-json\/wp\/v2\/media\/4067"}],"wp:attachment":[{"href":"https:\/\/ticsalutsocial.atoom.space\/es\/wp-json\/wp\/v2\/media?parent=4070"}],"wp:term":[{"taxonomy":"etiqueta","embeddable":true,"href":"https:\/\/ticsalutsocial.atoom.space\/es\/wp-json\/wp\/v2\/etiqueta?post=4070"},{"taxonomy":"tipus","embeddable":true,"href":"https:\/\/ticsalutsocial.atoom.space\/es\/wp-json\/wp\/v2\/tipus?post=4070"},{"taxonomy":"topic","embeddable":true,"href":"https:\/\/ticsalutsocial.atoom.space\/es\/wp-json\/wp\/v2\/topic?post=4070"}],"curies":[{"name":"wp","href":"https:\/\/api.w.org\/{rel}","templated":true}]}}