
{"id":4080,"date":"2019-07-05T12:04:46","date_gmt":"2019-07-05T10:04:46","guid":{"rendered":"https:\/\/ticsalutsocial.atoom.space\/?post_type=noticia&#038;p=4080"},"modified":"2021-07-21T15:43:07","modified_gmt":"2021-07-21T13:43:07","slug":"etica-e-inteligencia-artificial","status":"publish","type":"noticia","link":"https:\/\/ticsalutsocial.atoom.space\/es\/noticia\/etica-e-inteligencia-artificial\/","title":{"rendered":"\u00c9tica e Inteligencia Artificial"},"content":{"rendered":"<p>El pasado 20 de junio, miembros del \u00e1rea de Interoperabilidad de la <em>Fundaci\u00f3 TIC Salut Social<\/em>, asistieron a la jornada <em>\u00c9tica e Inteligencia Artificial<\/em> organizada por Tertulia Digital.<\/p>\n<p>La jornada se dividi\u00f3 en dos partes, la primera consisti\u00f3 en la presentaci\u00f3n del informe tecnol\u00f3gico sobre la Inteligencia Artificial en Catalu\u00f1a con la colaboraci\u00f3n de Daniel Marco, director de SmartCatalonia, <em>Departament de Pol\u00edtiques Digitals i Administraci\u00f3 P\u00fablica<\/em> e Inma Rodr\u00edguez, gerente de Inteligencia de Mercado, ACCI\u00d3, <em>Departament d&#8217;Empresa i Coneixement<\/em>.<\/p>\n<p>Unos de los conceptos que quedaron plasmados en el informe presentado, fueron la importancia de los datos, puesto que podr\u00edamos decir que son como la gasolina para la IA (Artificial Intelligence).<\/p>\n<p>Se hizo \u00e9nfasis en las principales ciudades y <em>hubs<\/em> que dedican esfuerzos al IA. El informe concluye que los Estados Unidos (Boston, Silicon Valley y Nueva York) y China (Bejing y Shenzhen) son las principales motores del mundo actualmente.<br \/>\nUn hecho evidente que se pudo ver en la primera parte de esta jornada, consiste en el alto incremento anual de patentes sobre la IA. En relaci\u00f3n a este dato, Estados Unidos y China poseen el 78% de las patentes existentes.<\/p>\n<p>En t\u00e9rminos de salud, se habl\u00f3 sobre c\u00f3mo puede ayudar la IA a corto, medio y largo plazo.<\/p>\n<p>Se calcula que en 2030 el impacto del IA en el PIB global ser\u00e1 de un 14% (15,7 billones de d\u00f3lares), contribuyendo a la productividad laboral, en el ahorro de tiempo y la reducci\u00f3n de defectos en producci\u00f3n.<\/p>\n<p>La segunda parte, consisti\u00f3 en una mesa redonda sobre \u201c\u00c9tica e inteligencia Artificial\u201d, donde se pudo contar con Carme Torras, profesora de investigaci\u00f3n en el <em>Institut de Rob\u00f2tica<\/em> (CSIC-UPC) de Barcelona y Karina Gibert, investigadora del <em>Departament d&#8217;Estad\u00edstica i Investigaci\u00f3 Operativa<\/em> UPC y profesora en FIB.<\/p>\n<p>En esta sesi\u00f3n se distintas c\u00e1psulas que a continuaci\u00f3 compartimos:<\/p>\n<ul>\n<li>Se introdujo el concepto de suicidio digital, que consiste a eliminar todo aquello que el usuario no quiere en un perfil. Respetando a la persona en las decisiones que quiera tomar.<\/li>\n<li>Se destac\u00f3 la importancia de la \u00e9tica en todo momento, significando \u00e9sto, respecto a la dignidad de las personas que interact\u00faan con la IA.<\/li>\n<li>Cada vez m\u00e1s la \u00e9tica en los robots estar\u00e1 m\u00e1s presente en nuestras vidas, desde un robot que ayude a vestir a una persona mayor hasta un robot con fines de limpieza.<\/li>\n<\/ul>\n<p>Este nuevo concepto se denomina \u201cRobo\u00e8tica\u201d y deriva en una serie de nuevos problemas que se deben plantear como la toma de decisiones, sentimientos y relaciones o mejora humana.<\/p>\n","protected":false},"author":21,"featured_media":4077,"menu_order":0,"template":"","meta":{"_acf_changed":false,"inline_featured_image":false},"etiqueta":[],"tipus":[],"topic":[],"class_list":["post-4080","noticia","type-noticia","status-publish","has-post-thumbnail","hentry"],"acf":{"imatge":4079,"autor":"Adri\u00e0 G.Font","textos_destacats":[{"texte":"Los retos \u00e9ticos que plantean las m\u00e1quinas pensantes"}]},"yoast_head":"<!-- This site is optimized with the Yoast SEO plugin v27.1.1 - https:\/\/yoast.com\/product\/yoast-seo-wordpress\/ -->\n<title>\u00c9tica e Inteligencia Artificial - Fundaci\u00f3 TIC Salut i Social<\/title>\n<meta name=\"robots\" content=\"index, follow, max-snippet:-1, max-image-preview:large, max-video-preview:-1\" \/>\n<link rel=\"canonical\" href=\"https:\/\/ticsalutsocial.atoom.space\/es\/noticia\/etica-e-inteligencia-artificial\/\" \/>\n<meta property=\"og:locale\" content=\"es_ES\" \/>\n<meta property=\"og:type\" content=\"article\" \/>\n<meta property=\"og:title\" content=\"\u00c9tica e Inteligencia Artificial - Fundaci\u00f3 TIC Salut i Social\" \/>\n<meta property=\"og:description\" content=\"El pasado 20 de junio, miembros del \u00e1rea de Interoperabilidad de la Fundaci\u00f3 TIC Salut Social, asistieron a la jornada \u00c9tica e Inteligencia Artificial organizada por Tertulia Digital. La jornada se dividi\u00f3 en dos partes, la primera consisti\u00f3 en la presentaci\u00f3n del informe tecnol\u00f3gico sobre la Inteligencia Artificial en Catalu\u00f1a con la colaboraci\u00f3n de Daniel [&hellip;]\" \/>\n<meta property=\"og:url\" content=\"https:\/\/ticsalutsocial.atoom.space\/es\/noticia\/etica-e-inteligencia-artificial\/\" \/>\n<meta property=\"og:site_name\" content=\"Fundaci\u00f3 TIC Salut i Social\" \/>\n<meta property=\"article:modified_time\" content=\"2021-07-21T13:43:07+00:00\" \/>\n<meta property=\"og:image\" content=\"https:\/\/ticsalutsocial.atoom.space\/wp-content\/uploads\/2019\/07\/photo-1531746790731-6c087fecd65a.jpg\" \/>\n\t<meta property=\"og:image:width\" content=\"1295\" \/>\n\t<meta property=\"og:image:height\" content=\"932\" \/>\n\t<meta property=\"og:image:type\" content=\"image\/jpeg\" \/>\n<meta name=\"twitter:card\" content=\"summary_large_image\" \/>\n<meta name=\"twitter:label1\" content=\"Tiempo de lectura\" \/>\n\t<meta name=\"twitter:data1\" content=\"2 minutos\" \/>\n<script type=\"application\/ld+json\" class=\"yoast-schema-graph\">{\"@context\":\"https:\/\/schema.org\",\"@graph\":[{\"@type\":\"WebPage\",\"@id\":\"https:\/\/ticsalutsocial.atoom.space\/es\/noticia\/etica-e-inteligencia-artificial\/\",\"url\":\"https:\/\/ticsalutsocial.atoom.space\/es\/noticia\/etica-e-inteligencia-artificial\/\",\"name\":\"\u00c9tica e Inteligencia Artificial - Fundaci\u00f3 TIC Salut i Social\",\"isPartOf\":{\"@id\":\"https:\/\/ticsalutsocial.atoom.space\/es\/#website\"},\"primaryImageOfPage\":{\"@id\":\"https:\/\/ticsalutsocial.atoom.space\/es\/noticia\/etica-e-inteligencia-artificial\/#primaryimage\"},\"image\":{\"@id\":\"https:\/\/ticsalutsocial.atoom.space\/es\/noticia\/etica-e-inteligencia-artificial\/#primaryimage\"},\"thumbnailUrl\":\"https:\/\/ticsalutsocial.atoom.space\/wp-content\/uploads\/2019\/07\/photo-1531746790731-6c087fecd65a.jpg\",\"datePublished\":\"2019-07-05T10:04:46+00:00\",\"dateModified\":\"2021-07-21T13:43:07+00:00\",\"breadcrumb\":{\"@id\":\"https:\/\/ticsalutsocial.atoom.space\/es\/noticia\/etica-e-inteligencia-artificial\/#breadcrumb\"},\"inLanguage\":\"es\",\"potentialAction\":[{\"@type\":\"ReadAction\",\"target\":[\"https:\/\/ticsalutsocial.atoom.space\/es\/noticia\/etica-e-inteligencia-artificial\/\"]}]},{\"@type\":\"ImageObject\",\"inLanguage\":\"es\",\"@id\":\"https:\/\/ticsalutsocial.atoom.space\/es\/noticia\/etica-e-inteligencia-artificial\/#primaryimage\",\"url\":\"https:\/\/ticsalutsocial.atoom.space\/wp-content\/uploads\/2019\/07\/photo-1531746790731-6c087fecd65a.jpg\",\"contentUrl\":\"https:\/\/ticsalutsocial.atoom.space\/wp-content\/uploads\/2019\/07\/photo-1531746790731-6c087fecd65a.jpg\",\"width\":1295,\"height\":932},{\"@type\":\"BreadcrumbList\",\"@id\":\"https:\/\/ticsalutsocial.atoom.space\/es\/noticia\/etica-e-inteligencia-artificial\/#breadcrumb\",\"itemListElement\":[{\"@type\":\"ListItem\",\"position\":1,\"name\":\"Inici\",\"item\":\"https:\/\/ticsalutsocial.atoom.space\/es\/\"},{\"@type\":\"ListItem\",\"position\":2,\"name\":\"\u00c9tica e Inteligencia Artificial\"}]},{\"@type\":\"WebSite\",\"@id\":\"https:\/\/ticsalutsocial.atoom.space\/es\/#website\",\"url\":\"https:\/\/ticsalutsocial.atoom.space\/es\/\",\"name\":\"Fundaci\u00f3 TIC Salut i Social\",\"description\":\"\",\"potentialAction\":[{\"@type\":\"SearchAction\",\"target\":{\"@type\":\"EntryPoint\",\"urlTemplate\":\"https:\/\/ticsalutsocial.atoom.space\/es\/?s={search_term_string}\"},\"query-input\":{\"@type\":\"PropertyValueSpecification\",\"valueRequired\":true,\"valueName\":\"search_term_string\"}}],\"inLanguage\":\"es\"}]}<\/script>\n<!-- \/ Yoast SEO plugin. -->","yoast_head_json":{"title":"\u00c9tica e Inteligencia Artificial - Fundaci\u00f3 TIC Salut i Social","robots":{"index":"index","follow":"follow","max-snippet":"max-snippet:-1","max-image-preview":"max-image-preview:large","max-video-preview":"max-video-preview:-1"},"canonical":"https:\/\/ticsalutsocial.atoom.space\/es\/noticia\/etica-e-inteligencia-artificial\/","og_locale":"es_ES","og_type":"article","og_title":"\u00c9tica e Inteligencia Artificial - Fundaci\u00f3 TIC Salut i Social","og_description":"El pasado 20 de junio, miembros del \u00e1rea de Interoperabilidad de la Fundaci\u00f3 TIC Salut Social, asistieron a la jornada \u00c9tica e Inteligencia Artificial organizada por Tertulia Digital. La jornada se dividi\u00f3 en dos partes, la primera consisti\u00f3 en la presentaci\u00f3n del informe tecnol\u00f3gico sobre la Inteligencia Artificial en Catalu\u00f1a con la colaboraci\u00f3n de Daniel [&hellip;]","og_url":"https:\/\/ticsalutsocial.atoom.space\/es\/noticia\/etica-e-inteligencia-artificial\/","og_site_name":"Fundaci\u00f3 TIC Salut i Social","article_modified_time":"2021-07-21T13:43:07+00:00","og_image":[{"width":1295,"height":932,"url":"https:\/\/ticsalutsocial.atoom.space\/wp-content\/uploads\/2019\/07\/photo-1531746790731-6c087fecd65a.jpg","type":"image\/jpeg"}],"twitter_card":"summary_large_image","twitter_misc":{"Tiempo de lectura":"2 minutos"},"schema":{"@context":"https:\/\/schema.org","@graph":[{"@type":"WebPage","@id":"https:\/\/ticsalutsocial.atoom.space\/es\/noticia\/etica-e-inteligencia-artificial\/","url":"https:\/\/ticsalutsocial.atoom.space\/es\/noticia\/etica-e-inteligencia-artificial\/","name":"\u00c9tica e Inteligencia Artificial - Fundaci\u00f3 TIC Salut i Social","isPartOf":{"@id":"https:\/\/ticsalutsocial.atoom.space\/es\/#website"},"primaryImageOfPage":{"@id":"https:\/\/ticsalutsocial.atoom.space\/es\/noticia\/etica-e-inteligencia-artificial\/#primaryimage"},"image":{"@id":"https:\/\/ticsalutsocial.atoom.space\/es\/noticia\/etica-e-inteligencia-artificial\/#primaryimage"},"thumbnailUrl":"https:\/\/ticsalutsocial.atoom.space\/wp-content\/uploads\/2019\/07\/photo-1531746790731-6c087fecd65a.jpg","datePublished":"2019-07-05T10:04:46+00:00","dateModified":"2021-07-21T13:43:07+00:00","breadcrumb":{"@id":"https:\/\/ticsalutsocial.atoom.space\/es\/noticia\/etica-e-inteligencia-artificial\/#breadcrumb"},"inLanguage":"es","potentialAction":[{"@type":"ReadAction","target":["https:\/\/ticsalutsocial.atoom.space\/es\/noticia\/etica-e-inteligencia-artificial\/"]}]},{"@type":"ImageObject","inLanguage":"es","@id":"https:\/\/ticsalutsocial.atoom.space\/es\/noticia\/etica-e-inteligencia-artificial\/#primaryimage","url":"https:\/\/ticsalutsocial.atoom.space\/wp-content\/uploads\/2019\/07\/photo-1531746790731-6c087fecd65a.jpg","contentUrl":"https:\/\/ticsalutsocial.atoom.space\/wp-content\/uploads\/2019\/07\/photo-1531746790731-6c087fecd65a.jpg","width":1295,"height":932},{"@type":"BreadcrumbList","@id":"https:\/\/ticsalutsocial.atoom.space\/es\/noticia\/etica-e-inteligencia-artificial\/#breadcrumb","itemListElement":[{"@type":"ListItem","position":1,"name":"Inici","item":"https:\/\/ticsalutsocial.atoom.space\/es\/"},{"@type":"ListItem","position":2,"name":"\u00c9tica e Inteligencia Artificial"}]},{"@type":"WebSite","@id":"https:\/\/ticsalutsocial.atoom.space\/es\/#website","url":"https:\/\/ticsalutsocial.atoom.space\/es\/","name":"Fundaci\u00f3 TIC Salut i Social","description":"","potentialAction":[{"@type":"SearchAction","target":{"@type":"EntryPoint","urlTemplate":"https:\/\/ticsalutsocial.atoom.space\/es\/?s={search_term_string}"},"query-input":{"@type":"PropertyValueSpecification","valueRequired":true,"valueName":"search_term_string"}}],"inLanguage":"es"}]}},"_links":{"self":[{"href":"https:\/\/ticsalutsocial.atoom.space\/es\/wp-json\/wp\/v2\/noticia\/4080","targetHints":{"allow":["GET"]}}],"collection":[{"href":"https:\/\/ticsalutsocial.atoom.space\/es\/wp-json\/wp\/v2\/noticia"}],"about":[{"href":"https:\/\/ticsalutsocial.atoom.space\/es\/wp-json\/wp\/v2\/types\/noticia"}],"author":[{"embeddable":true,"href":"https:\/\/ticsalutsocial.atoom.space\/es\/wp-json\/wp\/v2\/users\/21"}],"wp:featuredmedia":[{"embeddable":true,"href":"https:\/\/ticsalutsocial.atoom.space\/es\/wp-json\/wp\/v2\/media\/4077"}],"wp:attachment":[{"href":"https:\/\/ticsalutsocial.atoom.space\/es\/wp-json\/wp\/v2\/media?parent=4080"}],"wp:term":[{"taxonomy":"etiqueta","embeddable":true,"href":"https:\/\/ticsalutsocial.atoom.space\/es\/wp-json\/wp\/v2\/etiqueta?post=4080"},{"taxonomy":"tipus","embeddable":true,"href":"https:\/\/ticsalutsocial.atoom.space\/es\/wp-json\/wp\/v2\/tipus?post=4080"},{"taxonomy":"topic","embeddable":true,"href":"https:\/\/ticsalutsocial.atoom.space\/es\/wp-json\/wp\/v2\/topic?post=4080"}],"curies":[{"name":"wp","href":"https:\/\/api.w.org\/{rel}","templated":true}]}}