
{"id":4087,"date":"2019-09-20T11:05:27","date_gmt":"2019-09-20T09:05:27","guid":{"rendered":"https:\/\/ticsalutsocial.atoom.space\/?post_type=noticia&#038;p=4087"},"modified":"2021-07-21T15:43:10","modified_gmt":"2021-07-21T13:43:10","slug":"technology-empowering-people","status":"publish","type":"noticia","link":"https:\/\/ticsalutsocial.atoom.space\/es\/noticia\/technology-empowering-people\/","title":{"rendered":"Technology Empowering People"},"content":{"rendered":"<p>&nbsp;<\/p>\n<p><img decoding=\"async\" class=\"size-full wp-image-20142 alignright\" src=\"https:\/\/ticsalutsocial.atoom.space\/wp-content\/uploads\/2019\/09\/cosmo1.jpg\" alt=\"\" \/><\/p>\n<p>El pr\u00f3ximo d\u00eda 25 de septiembre, en el Cosmocaixa de Barcelona tendr\u00e1 lugar la Technology Empowering People, la Diada de las TIC 2019 que tratar\u00e1 temas como el gaming, plataformas de contenidos digitales, econom\u00eda circular, e-Health, herramientas digitales entre otros.<\/p>\n<p>De la mano de la Asociaci\u00f3n GrausTIC este a\u00f1o podr\u00e9is disfrutar de ponencias, debates y networking para profundizar en el conocimiento y actividad que m\u00e1s os interesa.<\/p>\n<p><img decoding=\"async\" class=\"size-medium wp-image-20167 alignleft\" src=\"https:\/\/ticsalutsocial.atoom.space\/wp-content\/uploads\/2019\/09\/graustic1_fb-300x300-1-300x300.png\" alt=\"\" \/><\/p>\n<p>Este a\u00f1o la jornada cuenta con profesionales expertos en la materia y concretamente podr\u00e9is asistir, previa inscripci\u00f3n y de manera gratuita, al debate de la Mesa 5 en que participamos: las aplicaciones del 5G en el \u00e1mbito sanitario. En este contexto y escenario, Josu\u00e8 Sallent, director de la fundaci\u00f3n, expondr\u00e1 como el 5G impacta en el modelo asistencial.<\/p>\n<p>Una nueva ocasi\u00f3n para reencontrarnos, compartir ideas y conocimiento.<\/p>\n<p>Para mayor informaci\u00f3n\u00a0segui el <a href=\"https:\/\/ticsalutsocial.atoom.space\/es\/agenda\/technology-empowering-people-la-diada-tic-de-catalunya-2019\/\">enlace<\/a> y para inscripciones pulsad el siguiente bot\u00f3n.<\/p>\n","protected":false},"author":21,"featured_media":4083,"menu_order":0,"template":"","meta":{"_acf_changed":false,"inline_featured_image":false},"etiqueta":[],"tipus":[],"topic":[121,123],"class_list":["post-4087","noticia","type-noticia","status-publish","has-post-thumbnail","hentry","topic-dpd-es","topic-actualidad"],"acf":{"imatge":4085,"autor":"TIC Salut Social","textos_destacats":[{"texte":"La Diada TIC de Catalu\u00f1a 2019"}]},"yoast_head":"<!-- This site is optimized with the Yoast SEO plugin v27.1.1 - https:\/\/yoast.com\/product\/yoast-seo-wordpress\/ -->\n<title>Technology Empowering People - Fundaci\u00f3 TIC Salut i Social<\/title>\n<meta name=\"robots\" content=\"index, follow, max-snippet:-1, max-image-preview:large, max-video-preview:-1\" \/>\n<link rel=\"canonical\" href=\"https:\/\/ticsalutsocial.atoom.space\/es\/noticia\/technology-empowering-people\/\" \/>\n<meta property=\"og:locale\" content=\"es_ES\" \/>\n<meta property=\"og:type\" content=\"article\" \/>\n<meta property=\"og:title\" content=\"Technology Empowering People - Fundaci\u00f3 TIC Salut i Social\" \/>\n<meta property=\"og:description\" content=\"&nbsp; El pr\u00f3ximo d\u00eda 25 de septiembre, en el Cosmocaixa de Barcelona tendr\u00e1 lugar la Technology Empowering People, la Diada de las TIC 2019 que tratar\u00e1 temas como el gaming, plataformas de contenidos digitales, econom\u00eda circular, e-Health, herramientas digitales entre otros. De la mano de la Asociaci\u00f3n GrausTIC este a\u00f1o podr\u00e9is disfrutar de ponencias, debates [&hellip;]\" \/>\n<meta property=\"og:url\" content=\"https:\/\/ticsalutsocial.atoom.space\/es\/noticia\/technology-empowering-people\/\" \/>\n<meta property=\"og:site_name\" content=\"Fundaci\u00f3 TIC Salut i Social\" \/>\n<meta property=\"article:modified_time\" content=\"2021-07-21T13:43:10+00:00\" \/>\n<meta property=\"og:image\" content=\"https:\/\/ticsalutsocial.atoom.space\/wp-content\/uploads\/2019\/09\/federico-beccari-ahi73zn5p0y-unsplash-scaled.jpg\" \/>\n\t<meta property=\"og:image:width\" content=\"2560\" \/>\n\t<meta property=\"og:image:height\" content=\"1707\" \/>\n\t<meta property=\"og:image:type\" content=\"image\/jpeg\" \/>\n<meta name=\"twitter:card\" content=\"summary_large_image\" \/>\n<meta name=\"twitter:label1\" content=\"Tiempo de lectura\" \/>\n\t<meta name=\"twitter:data1\" content=\"1 minuto\" \/>\n<script type=\"application\/ld+json\" class=\"yoast-schema-graph\">{\"@context\":\"https:\/\/schema.org\",\"@graph\":[{\"@type\":\"WebPage\",\"@id\":\"https:\/\/ticsalutsocial.atoom.space\/es\/noticia\/technology-empowering-people\/\",\"url\":\"https:\/\/ticsalutsocial.atoom.space\/es\/noticia\/technology-empowering-people\/\",\"name\":\"Technology Empowering People - Fundaci\u00f3 TIC Salut i Social\",\"isPartOf\":{\"@id\":\"https:\/\/ticsalutsocial.atoom.space\/es\/#website\"},\"primaryImageOfPage\":{\"@id\":\"https:\/\/ticsalutsocial.atoom.space\/es\/noticia\/technology-empowering-people\/#primaryimage\"},\"image\":{\"@id\":\"https:\/\/ticsalutsocial.atoom.space\/es\/noticia\/technology-empowering-people\/#primaryimage\"},\"thumbnailUrl\":\"https:\/\/ticsalutsocial.atoom.space\/wp-content\/uploads\/2019\/09\/federico-beccari-ahi73zn5p0y-unsplash-scaled.jpg\",\"datePublished\":\"2019-09-20T09:05:27+00:00\",\"dateModified\":\"2021-07-21T13:43:10+00:00\",\"breadcrumb\":{\"@id\":\"https:\/\/ticsalutsocial.atoom.space\/es\/noticia\/technology-empowering-people\/#breadcrumb\"},\"inLanguage\":\"es\",\"potentialAction\":[{\"@type\":\"ReadAction\",\"target\":[\"https:\/\/ticsalutsocial.atoom.space\/es\/noticia\/technology-empowering-people\/\"]}]},{\"@type\":\"ImageObject\",\"inLanguage\":\"es\",\"@id\":\"https:\/\/ticsalutsocial.atoom.space\/es\/noticia\/technology-empowering-people\/#primaryimage\",\"url\":\"https:\/\/ticsalutsocial.atoom.space\/wp-content\/uploads\/2019\/09\/federico-beccari-ahi73zn5p0y-unsplash-scaled.jpg\",\"contentUrl\":\"https:\/\/ticsalutsocial.atoom.space\/wp-content\/uploads\/2019\/09\/federico-beccari-ahi73zn5p0y-unsplash-scaled.jpg\",\"width\":2560,\"height\":1707},{\"@type\":\"BreadcrumbList\",\"@id\":\"https:\/\/ticsalutsocial.atoom.space\/es\/noticia\/technology-empowering-people\/#breadcrumb\",\"itemListElement\":[{\"@type\":\"ListItem\",\"position\":1,\"name\":\"Inici\",\"item\":\"https:\/\/ticsalutsocial.atoom.space\/es\/\"},{\"@type\":\"ListItem\",\"position\":2,\"name\":\"Technology Empowering People\"}]},{\"@type\":\"WebSite\",\"@id\":\"https:\/\/ticsalutsocial.atoom.space\/es\/#website\",\"url\":\"https:\/\/ticsalutsocial.atoom.space\/es\/\",\"name\":\"Fundaci\u00f3 TIC Salut i Social\",\"description\":\"\",\"potentialAction\":[{\"@type\":\"SearchAction\",\"target\":{\"@type\":\"EntryPoint\",\"urlTemplate\":\"https:\/\/ticsalutsocial.atoom.space\/es\/?s={search_term_string}\"},\"query-input\":{\"@type\":\"PropertyValueSpecification\",\"valueRequired\":true,\"valueName\":\"search_term_string\"}}],\"inLanguage\":\"es\"}]}<\/script>\n<!-- \/ Yoast SEO plugin. -->","yoast_head_json":{"title":"Technology Empowering People - Fundaci\u00f3 TIC Salut i Social","robots":{"index":"index","follow":"follow","max-snippet":"max-snippet:-1","max-image-preview":"max-image-preview:large","max-video-preview":"max-video-preview:-1"},"canonical":"https:\/\/ticsalutsocial.atoom.space\/es\/noticia\/technology-empowering-people\/","og_locale":"es_ES","og_type":"article","og_title":"Technology Empowering People - Fundaci\u00f3 TIC Salut i Social","og_description":"&nbsp; El pr\u00f3ximo d\u00eda 25 de septiembre, en el Cosmocaixa de Barcelona tendr\u00e1 lugar la Technology Empowering People, la Diada de las TIC 2019 que tratar\u00e1 temas como el gaming, plataformas de contenidos digitales, econom\u00eda circular, e-Health, herramientas digitales entre otros. De la mano de la Asociaci\u00f3n GrausTIC este a\u00f1o podr\u00e9is disfrutar de ponencias, debates [&hellip;]","og_url":"https:\/\/ticsalutsocial.atoom.space\/es\/noticia\/technology-empowering-people\/","og_site_name":"Fundaci\u00f3 TIC Salut i Social","article_modified_time":"2021-07-21T13:43:10+00:00","og_image":[{"width":2560,"height":1707,"url":"https:\/\/ticsalutsocial.atoom.space\/wp-content\/uploads\/2019\/09\/federico-beccari-ahi73zn5p0y-unsplash-scaled.jpg","type":"image\/jpeg"}],"twitter_card":"summary_large_image","twitter_misc":{"Tiempo de lectura":"1 minuto"},"schema":{"@context":"https:\/\/schema.org","@graph":[{"@type":"WebPage","@id":"https:\/\/ticsalutsocial.atoom.space\/es\/noticia\/technology-empowering-people\/","url":"https:\/\/ticsalutsocial.atoom.space\/es\/noticia\/technology-empowering-people\/","name":"Technology Empowering People - Fundaci\u00f3 TIC Salut i Social","isPartOf":{"@id":"https:\/\/ticsalutsocial.atoom.space\/es\/#website"},"primaryImageOfPage":{"@id":"https:\/\/ticsalutsocial.atoom.space\/es\/noticia\/technology-empowering-people\/#primaryimage"},"image":{"@id":"https:\/\/ticsalutsocial.atoom.space\/es\/noticia\/technology-empowering-people\/#primaryimage"},"thumbnailUrl":"https:\/\/ticsalutsocial.atoom.space\/wp-content\/uploads\/2019\/09\/federico-beccari-ahi73zn5p0y-unsplash-scaled.jpg","datePublished":"2019-09-20T09:05:27+00:00","dateModified":"2021-07-21T13:43:10+00:00","breadcrumb":{"@id":"https:\/\/ticsalutsocial.atoom.space\/es\/noticia\/technology-empowering-people\/#breadcrumb"},"inLanguage":"es","potentialAction":[{"@type":"ReadAction","target":["https:\/\/ticsalutsocial.atoom.space\/es\/noticia\/technology-empowering-people\/"]}]},{"@type":"ImageObject","inLanguage":"es","@id":"https:\/\/ticsalutsocial.atoom.space\/es\/noticia\/technology-empowering-people\/#primaryimage","url":"https:\/\/ticsalutsocial.atoom.space\/wp-content\/uploads\/2019\/09\/federico-beccari-ahi73zn5p0y-unsplash-scaled.jpg","contentUrl":"https:\/\/ticsalutsocial.atoom.space\/wp-content\/uploads\/2019\/09\/federico-beccari-ahi73zn5p0y-unsplash-scaled.jpg","width":2560,"height":1707},{"@type":"BreadcrumbList","@id":"https:\/\/ticsalutsocial.atoom.space\/es\/noticia\/technology-empowering-people\/#breadcrumb","itemListElement":[{"@type":"ListItem","position":1,"name":"Inici","item":"https:\/\/ticsalutsocial.atoom.space\/es\/"},{"@type":"ListItem","position":2,"name":"Technology Empowering People"}]},{"@type":"WebSite","@id":"https:\/\/ticsalutsocial.atoom.space\/es\/#website","url":"https:\/\/ticsalutsocial.atoom.space\/es\/","name":"Fundaci\u00f3 TIC Salut i Social","description":"","potentialAction":[{"@type":"SearchAction","target":{"@type":"EntryPoint","urlTemplate":"https:\/\/ticsalutsocial.atoom.space\/es\/?s={search_term_string}"},"query-input":{"@type":"PropertyValueSpecification","valueRequired":true,"valueName":"search_term_string"}}],"inLanguage":"es"}]}},"_links":{"self":[{"href":"https:\/\/ticsalutsocial.atoom.space\/es\/wp-json\/wp\/v2\/noticia\/4087","targetHints":{"allow":["GET"]}}],"collection":[{"href":"https:\/\/ticsalutsocial.atoom.space\/es\/wp-json\/wp\/v2\/noticia"}],"about":[{"href":"https:\/\/ticsalutsocial.atoom.space\/es\/wp-json\/wp\/v2\/types\/noticia"}],"author":[{"embeddable":true,"href":"https:\/\/ticsalutsocial.atoom.space\/es\/wp-json\/wp\/v2\/users\/21"}],"wp:featuredmedia":[{"embeddable":true,"href":"https:\/\/ticsalutsocial.atoom.space\/es\/wp-json\/wp\/v2\/media\/4083"}],"wp:attachment":[{"href":"https:\/\/ticsalutsocial.atoom.space\/es\/wp-json\/wp\/v2\/media?parent=4087"}],"wp:term":[{"taxonomy":"etiqueta","embeddable":true,"href":"https:\/\/ticsalutsocial.atoom.space\/es\/wp-json\/wp\/v2\/etiqueta?post=4087"},{"taxonomy":"tipus","embeddable":true,"href":"https:\/\/ticsalutsocial.atoom.space\/es\/wp-json\/wp\/v2\/tipus?post=4087"},{"taxonomy":"topic","embeddable":true,"href":"https:\/\/ticsalutsocial.atoom.space\/es\/wp-json\/wp\/v2\/topic?post=4087"}],"curies":[{"name":"wp","href":"https:\/\/api.w.org\/{rel}","templated":true}]}}