
{"id":4092,"date":"2019-10-03T09:47:35","date_gmt":"2019-10-03T07:47:35","guid":{"rendered":"https:\/\/ticsalutsocial.atoom.space\/?post_type=noticia&#038;p=4092"},"modified":"2021-07-21T15:43:13","modified_gmt":"2021-07-21T13:43:13","slug":"el-5g-para-nosotros-sera-una-evolucion-positiva-en-la-aceleracion-de-la-transmision-de-datos-entre-nuestros-dispositivos-y-los-servidores","status":"publish","type":"noticia","link":"https:\/\/ticsalutsocial.atoom.space\/es\/noticia\/el-5g-para-nosotros-sera-una-evolucion-positiva-en-la-aceleracion-de-la-transmision-de-datos-entre-nuestros-dispositivos-y-los-servidores\/","title":{"rendered":"\u00abEl 5G para nosotros ser\u00e1 una evoluci\u00f3n positiva en la aceleraci\u00f3n de la transmisi\u00f3n de datos entre nuestros dispositivos y los servidores.\u00bb"},"content":{"rendered":"<p><strong>En la conversaci\u00f3n de este mes nos hemos acercado a la actividad de una start-up, Xkeletet Easylife SL, para hablar con su CEO y director t\u00e9cnico. Jorid Tura Ceide nos explica el recorrido de esta peque\u00f1a empresa ubicada a Girona, que recientemente ha obtenido reconocimientos internacionales. Frutos que empiezan a recoger gracias al trabajo realizado en los \u00faltimos a\u00f1os. \u00a0\u00a0<\/strong><\/p>\n<p><strong>TICSS. \u00bfApreciado Jordi, me podr\u00edas hablar brevemente de tu Start Up? A que os dedic\u00e1is y cu\u00e1les son vuestros grupos de inter\u00e9s principales?<\/strong><\/p>\n<div id=\"attachment_20318\" style=\"width: 160px\" class=\"wp-caption alignleft\"><img loading=\"lazy\" decoding=\"async\" aria-describedby=\"caption-attachment-20318\" class=\"wp-image-20318 size-thumbnail\" src=\"https:\/\/ticsalutsocial.atoom.space\/wp-content\/uploads\/2019\/10\/xkelet2-150x150-1-150x150.jpg\" alt=\"\" width=\"150\" height=\"150\" \/><p id=\"caption-attachment-20318\" class=\"wp-caption-text\">Jordi Tura Ceide, CEO i Director T\u00e8cnic de Xkelet Easylife, SL<\/p><\/div>\n<p><strong>\u00a0<\/strong><\/p>\n<p><strong>JT.<\/strong> Xkelet Easylife SL se constituy\u00f3 a finales de 2015 a pesar de que ya est\u00e1bamos trabajando desde principios del 2014. Empezamos con esta aventura debido a una necesidad inherente en la sociedad mundial, puesto que el sistemas de inmovilizaci\u00f3n y pr\u00f3tesis (hiesos, termopl\u00e1sticos, f\u00e9rulas, inmovilizaciones textiles, etc&#8230;) pr\u00e1cticamente no han evolucionado durante el \u00faltimo siglo.<\/p>\n<p>Xkelet es un dispositivo global formado por un sistema de escaneo, un software de construcci\u00f3n autom\u00e1tica y un sistema de impresi\u00f3n \u00a0a alta velocidad.\u00a0Creamos inmovilizaciones personalizadas para cada paciente de forma autom\u00e1tica en menos de 2 minutos. Nuestro sistema de impresi\u00f3n nos permite imprimir los Xkelet en tiempos de 5 a 40 minutos y a unos costes equiparables a los de los hiesos convencionales. Por lo tanto, nuestro sector de inter\u00e9s es el sanitario y actualmente estamos especializando nuestra tecnolog\u00eda en las \u00e1reas de traumatolog\u00eda y ortopedia.<\/p>\n<p>&nbsp;<\/p>\n<p><strong>TICSS. \u00bfCu\u00e1les son las principales tecnolog\u00edas que desarroll\u00e1isen vuestra organizaci\u00f3n?<\/strong><\/p>\n<p><strong>JT. <\/strong>En\u00a0Xkelet trabajamos en diferentes \u00e1mbitos. Dise\u00f1o industrial\/producto, desarrollo de software (Apps, IA, Deep Learning), desarrollo en software de esc\u00e1neres 3D y desarrollo en hardware de impresoras 3D.<\/p>\n<p>&nbsp;<\/p>\n<p><strong>TICSS.\u00a0\u00bfQu\u00e9 relaci\u00f3n ten\u00e9is con el sector sanitario y social p\u00fablicos?<\/strong><\/p>\n<p><strong>\u00a0<\/strong><strong>JT.\u00a0<\/strong>Tenemos una relaci\u00f3n comercial puesto que los productos de Xkelet son de car\u00e1cter B2B y los hospitales, ortopedias,&#8230; son nuestros clientes.<br \/>\nTambi\u00e9n tenemos una relaci\u00f3n como colaboradores puesto que nuestros productos est\u00e1n hechos por profesionales del sector y para profesionales del sector.<\/p>\n<p>&nbsp;<\/p>\n<p><strong>TICSS. En nuestro sector se habla mucho del 5G combinado con YATE, sens\u00f2rica, IA entre de otras tendencias emergentes como la RV. \u00bfCu\u00e1l es el futuro inmediato de estas soluciones tecnol\u00f3gicas aplicado a salud y bienestar social?<\/strong><\/p>\n<p><strong>\u00a0<\/strong><strong>JT.<\/strong>En el caso del 5G para nosotros ser\u00e1 una evoluci\u00f3n positiva en cuanto a aceleraci\u00f3n en la transmisi\u00f3n de datos entre nuestros dispositivos y los servidores. Pero primero habr\u00e1 que tener una buena infraestructura que lo soporte.<\/p>\n<p>La aplicaci\u00f3n de IOT y la sens\u00f2rica, es algo que en un futuro formar\u00e1 parte de nuestros productos pero se le tiene que dar un sentido l\u00f3gico y funcional a su aplicaci\u00f3n.<\/p>\n<p>En el caso de IA es algo que ya forma parte de nuestro d\u00eda a d\u00eda, con todo el an\u00e1lisis de datos y aplicaciones de estudio y marketing. En el caso de Xkelet tambi\u00e9n pero aparte de esto nuestra aplicaci\u00f3n tambi\u00e9n tiene un sentido mas pr\u00e1ctico.<\/p>\n<p>&nbsp;<\/p>\n<p><strong>TICSS.\u00a0\u00bfPodr\u00edas ampliar algo m\u00e1s este \u00faltimo punto?<\/strong><\/p>\n<p><strong>JT.\u00a0<\/strong>En estos momentos prefiero no a\u00f1adir comentarios para mantener la cuesti\u00f3n en un plano secundario por motivos de secreto profesional.<\/p>\n<p>&nbsp;<\/p>\n<p><strong>TICSS. \u00bfEn el proceso de dise\u00f1o ten\u00e9is en consideraci\u00f3n las necesidades no cubiertas de los usuarios finales? En este sentido, \u00bfd\u00f3nde se pone el foco?<\/strong><\/p>\n<p><strong>JT.\u00a0<\/strong>Desde el inicio hasta el final de nuestro desarrollo ponemos en valor todas las problem\u00e1ticas existentes en los sistemas de inmovilizaci\u00f3n actuales y sus patolog\u00edas derivadas para solventarlas. No entender\u00edamos hacerlo de otra manera puesto que de lo contrario ser\u00edamos un producto m\u00e1s en el mercado.<\/p>\n<p>Por otro lado tambi\u00e9n entendemos que nos tenemos que adaptar a unos sistemas preestablecidos para que las soluciones aplicadas tengan un funcionamiento pr\u00e1ctico en las metodolog\u00edas utilizadas actualmente.<\/p>\n<p>Finalmente siempre intentamos a\u00f1adir m\u00e1s funcionalidades de las existentes para aumentar el valor de los productos de Xkelet, teniendo en cuenta siempre nuestros clientes principales -profesionales del sector de la traumatolog\u00eda y ortopedia-, y en consecuencia a los clientes finales -los pacientes-, para maximizar su calidad de vida.<\/p>\n<p><strong>\u00a0<\/strong><\/p>\n<p><strong>TICSS.\u00a0\u00bfQu\u00e9 ingredientes debe reunir una tecnolog\u00eda para que no quede en un caj\u00f3n despu\u00e9s de su dise\u00f1o, prototipatje o pilotaje?<\/strong><\/p>\n<p><strong>\u00a0<\/strong><strong>JT.<\/strong>Primero, tener en cuenta que una idea es maravillosa pero no tiene valor como tal; segundo, valorar si esta tiene un mercado objetivo real; tercero, realizar todas las tareas necesarias para tener un prototipo beta funcional (dise\u00f1o y prototipo); cuarto, testar el mercado (pilotaje); quinto (si se necesario), buscar inversores para tener una versi\u00f3n alfa; sexto, elegir el territorio y mercado donde sacar el producto y donde se den ayudas a las empresas; y\u00a0s\u00e9ptimo, trabajar muy duro y cruzar los dedos.<\/p>\n<p>&nbsp;<\/p>\n<p><strong>TICSS.\u00a0\u00bfCu\u00e1l es el secreto de la escalabilidad?<\/strong><\/p>\n<p><strong>\u00a0<\/strong><strong>JT.<\/strong>Muy sencillo, que el producto sea necesario a nivel global y que los gastos de estructura no sean m\u00e1s elevados que los beneficios de la facturaci\u00f3n.<\/p>\n<p><strong>\u00a0<\/strong><\/p>\n<p><strong>TICSS. Recientemente hab\u00e9is recibido el reconocimiento del Departamento de Defensa de los EE. UU. por vuestra actividad. \u00bfPuedes ampliar los detalles principales?<\/strong><\/p>\n<p><strong>\u00a0<\/strong><strong>JT.<\/strong>Gracias a nuestro trabajo realizado en los EE. UU. en 2019, hemos conseguido el reconocimiento de una gran cantidad de centros hospitalarios y entidades del territorio. Puesto que han entendido el valor del componente tecnol\u00f3gico y social que los productos de Xkelet aportan.<\/p>\n<p>Una de estas entidades ha sido el Departamento de Defensa de los EE. UU. para implantar nuestros productos en sus \u00e1reas de inter\u00e9s como son los hospitales militares, veteranos de guerra, ej\u00e9rcito, etc.<\/p>\n<p><strong>\u00a0<\/strong><\/p>\n<p><strong>TICSS.\u00a0\u00bfQu\u00e9 recomendar\u00edas a las empresas tecnol\u00f3gicas locales para prosperar y alcanzar la misma proyecci\u00f3n internacional?<\/strong><\/p>\n<p><strong>\u00a0<\/strong><strong>JT.<\/strong>Focalizarse en los mercados emergentes. Crear empresas que aporten valor a la sociedad.<\/p>\n","protected":false},"author":21,"featured_media":4089,"menu_order":0,"template":"","meta":{"_acf_changed":false,"inline_featured_image":false},"etiqueta":[],"tipus":[],"topic":[],"class_list":["post-4092","noticia","type-noticia","status-publish","has-post-thumbnail","hentry"],"acf":{"imatge":4091,"autor":"Victor Barber\u00e0"},"yoast_head":"<!-- This site is optimized with the Yoast SEO plugin v27.1.1 - https:\/\/yoast.com\/product\/yoast-seo-wordpress\/ -->\n<title>&quot;El 5G para nosotros ser\u00e1 una evoluci\u00f3n positiva en la aceleraci\u00f3n de la transmisi\u00f3n de datos entre nuestros dispositivos y los servidores.&quot; - Fundaci\u00f3 TIC Salut i Social<\/title>\n<meta name=\"robots\" content=\"index, follow, max-snippet:-1, max-image-preview:large, max-video-preview:-1\" \/>\n<link rel=\"canonical\" href=\"https:\/\/ticsalutsocial.atoom.space\/es\/noticia\/el-5g-para-nosotros-sera-una-evolucion-positiva-en-la-aceleracion-de-la-transmision-de-datos-entre-nuestros-dispositivos-y-los-servidores\/\" \/>\n<meta property=\"og:locale\" content=\"es_ES\" \/>\n<meta property=\"og:type\" content=\"article\" \/>\n<meta property=\"og:title\" content=\"&quot;El 5G para nosotros ser\u00e1 una evoluci\u00f3n positiva en la aceleraci\u00f3n de la transmisi\u00f3n de datos entre nuestros dispositivos y los servidores.&quot; - Fundaci\u00f3 TIC Salut i Social\" \/>\n<meta property=\"og:description\" content=\"En la conversaci\u00f3n de este mes nos hemos acercado a la actividad de una start-up, Xkeletet Easylife SL, para hablar con su CEO y director t\u00e9cnico. Jorid Tura Ceide nos explica el recorrido de esta peque\u00f1a empresa ubicada a Girona, que recientemente ha obtenido reconocimientos internacionales. Frutos que empiezan a recoger gracias al trabajo realizado [&hellip;]\" \/>\n<meta property=\"og:url\" content=\"https:\/\/ticsalutsocial.atoom.space\/es\/noticia\/el-5g-para-nosotros-sera-una-evolucion-positiva-en-la-aceleracion-de-la-transmision-de-datos-entre-nuestros-dispositivos-y-los-servidores\/\" \/>\n<meta property=\"og:site_name\" content=\"Fundaci\u00f3 TIC Salut i Social\" \/>\n<meta property=\"article:modified_time\" content=\"2021-07-21T13:43:13+00:00\" \/>\n<meta property=\"og:image\" content=\"https:\/\/ticsalutsocial.atoom.space\/wp-content\/uploads\/2019\/10\/xkeletet.jpg\" \/>\n\t<meta property=\"og:image:width\" content=\"1600\" \/>\n\t<meta property=\"og:image:height\" content=\"1200\" \/>\n\t<meta property=\"og:image:type\" content=\"image\/jpeg\" \/>\n<meta name=\"twitter:card\" content=\"summary_large_image\" \/>\n<meta name=\"twitter:label1\" content=\"Tiempo de lectura\" \/>\n\t<meta name=\"twitter:data1\" content=\"5 minutos\" \/>\n<script type=\"application\/ld+json\" class=\"yoast-schema-graph\">{\"@context\":\"https:\/\/schema.org\",\"@graph\":[{\"@type\":\"WebPage\",\"@id\":\"https:\/\/ticsalutsocial.atoom.space\/es\/noticia\/el-5g-para-nosotros-sera-una-evolucion-positiva-en-la-aceleracion-de-la-transmision-de-datos-entre-nuestros-dispositivos-y-los-servidores\/\",\"url\":\"https:\/\/ticsalutsocial.atoom.space\/es\/noticia\/el-5g-para-nosotros-sera-una-evolucion-positiva-en-la-aceleracion-de-la-transmision-de-datos-entre-nuestros-dispositivos-y-los-servidores\/\",\"name\":\"\\\"El 5G para nosotros ser\u00e1 una evoluci\u00f3n positiva en la aceleraci\u00f3n de la transmisi\u00f3n de datos entre nuestros dispositivos y los servidores.\\\" - Fundaci\u00f3 TIC Salut i Social\",\"isPartOf\":{\"@id\":\"https:\/\/ticsalutsocial.atoom.space\/es\/#website\"},\"primaryImageOfPage\":{\"@id\":\"https:\/\/ticsalutsocial.atoom.space\/es\/noticia\/el-5g-para-nosotros-sera-una-evolucion-positiva-en-la-aceleracion-de-la-transmision-de-datos-entre-nuestros-dispositivos-y-los-servidores\/#primaryimage\"},\"image\":{\"@id\":\"https:\/\/ticsalutsocial.atoom.space\/es\/noticia\/el-5g-para-nosotros-sera-una-evolucion-positiva-en-la-aceleracion-de-la-transmision-de-datos-entre-nuestros-dispositivos-y-los-servidores\/#primaryimage\"},\"thumbnailUrl\":\"https:\/\/ticsalutsocial.atoom.space\/wp-content\/uploads\/2019\/10\/xkeletet.jpg\",\"datePublished\":\"2019-10-03T07:47:35+00:00\",\"dateModified\":\"2021-07-21T13:43:13+00:00\",\"breadcrumb\":{\"@id\":\"https:\/\/ticsalutsocial.atoom.space\/es\/noticia\/el-5g-para-nosotros-sera-una-evolucion-positiva-en-la-aceleracion-de-la-transmision-de-datos-entre-nuestros-dispositivos-y-los-servidores\/#breadcrumb\"},\"inLanguage\":\"es\",\"potentialAction\":[{\"@type\":\"ReadAction\",\"target\":[\"https:\/\/ticsalutsocial.atoom.space\/es\/noticia\/el-5g-para-nosotros-sera-una-evolucion-positiva-en-la-aceleracion-de-la-transmision-de-datos-entre-nuestros-dispositivos-y-los-servidores\/\"]}]},{\"@type\":\"ImageObject\",\"inLanguage\":\"es\",\"@id\":\"https:\/\/ticsalutsocial.atoom.space\/es\/noticia\/el-5g-para-nosotros-sera-una-evolucion-positiva-en-la-aceleracion-de-la-transmision-de-datos-entre-nuestros-dispositivos-y-los-servidores\/#primaryimage\",\"url\":\"https:\/\/ticsalutsocial.atoom.space\/wp-content\/uploads\/2019\/10\/xkeletet.jpg\",\"contentUrl\":\"https:\/\/ticsalutsocial.atoom.space\/wp-content\/uploads\/2019\/10\/xkeletet.jpg\",\"width\":1600,\"height\":1200},{\"@type\":\"BreadcrumbList\",\"@id\":\"https:\/\/ticsalutsocial.atoom.space\/es\/noticia\/el-5g-para-nosotros-sera-una-evolucion-positiva-en-la-aceleracion-de-la-transmision-de-datos-entre-nuestros-dispositivos-y-los-servidores\/#breadcrumb\",\"itemListElement\":[{\"@type\":\"ListItem\",\"position\":1,\"name\":\"Inici\",\"item\":\"https:\/\/ticsalutsocial.atoom.space\/es\/\"},{\"@type\":\"ListItem\",\"position\":2,\"name\":\"\u00abEl 5G para nosotros ser\u00e1 una evoluci\u00f3n positiva en la aceleraci\u00f3n de la transmisi\u00f3n de datos entre nuestros dispositivos y los servidores.\u00bb\"}]},{\"@type\":\"WebSite\",\"@id\":\"https:\/\/ticsalutsocial.atoom.space\/es\/#website\",\"url\":\"https:\/\/ticsalutsocial.atoom.space\/es\/\",\"name\":\"Fundaci\u00f3 TIC Salut i Social\",\"description\":\"\",\"potentialAction\":[{\"@type\":\"SearchAction\",\"target\":{\"@type\":\"EntryPoint\",\"urlTemplate\":\"https:\/\/ticsalutsocial.atoom.space\/es\/?s={search_term_string}\"},\"query-input\":{\"@type\":\"PropertyValueSpecification\",\"valueRequired\":true,\"valueName\":\"search_term_string\"}}],\"inLanguage\":\"es\"}]}<\/script>\n<!-- \/ Yoast SEO plugin. -->","yoast_head_json":{"title":"\"El 5G para nosotros ser\u00e1 una evoluci\u00f3n positiva en la aceleraci\u00f3n de la transmisi\u00f3n de datos entre nuestros dispositivos y los servidores.\" - Fundaci\u00f3 TIC Salut i Social","robots":{"index":"index","follow":"follow","max-snippet":"max-snippet:-1","max-image-preview":"max-image-preview:large","max-video-preview":"max-video-preview:-1"},"canonical":"https:\/\/ticsalutsocial.atoom.space\/es\/noticia\/el-5g-para-nosotros-sera-una-evolucion-positiva-en-la-aceleracion-de-la-transmision-de-datos-entre-nuestros-dispositivos-y-los-servidores\/","og_locale":"es_ES","og_type":"article","og_title":"\"El 5G para nosotros ser\u00e1 una evoluci\u00f3n positiva en la aceleraci\u00f3n de la transmisi\u00f3n de datos entre nuestros dispositivos y los servidores.\" - Fundaci\u00f3 TIC Salut i Social","og_description":"En la conversaci\u00f3n de este mes nos hemos acercado a la actividad de una start-up, Xkeletet Easylife SL, para hablar con su CEO y director t\u00e9cnico. Jorid Tura Ceide nos explica el recorrido de esta peque\u00f1a empresa ubicada a Girona, que recientemente ha obtenido reconocimientos internacionales. Frutos que empiezan a recoger gracias al trabajo realizado [&hellip;]","og_url":"https:\/\/ticsalutsocial.atoom.space\/es\/noticia\/el-5g-para-nosotros-sera-una-evolucion-positiva-en-la-aceleracion-de-la-transmision-de-datos-entre-nuestros-dispositivos-y-los-servidores\/","og_site_name":"Fundaci\u00f3 TIC Salut i Social","article_modified_time":"2021-07-21T13:43:13+00:00","og_image":[{"width":1600,"height":1200,"url":"https:\/\/ticsalutsocial.atoom.space\/wp-content\/uploads\/2019\/10\/xkeletet.jpg","type":"image\/jpeg"}],"twitter_card":"summary_large_image","twitter_misc":{"Tiempo de lectura":"5 minutos"},"schema":{"@context":"https:\/\/schema.org","@graph":[{"@type":"WebPage","@id":"https:\/\/ticsalutsocial.atoom.space\/es\/noticia\/el-5g-para-nosotros-sera-una-evolucion-positiva-en-la-aceleracion-de-la-transmision-de-datos-entre-nuestros-dispositivos-y-los-servidores\/","url":"https:\/\/ticsalutsocial.atoom.space\/es\/noticia\/el-5g-para-nosotros-sera-una-evolucion-positiva-en-la-aceleracion-de-la-transmision-de-datos-entre-nuestros-dispositivos-y-los-servidores\/","name":"\"El 5G para nosotros ser\u00e1 una evoluci\u00f3n positiva en la aceleraci\u00f3n de la transmisi\u00f3n de datos entre nuestros dispositivos y los servidores.\" - Fundaci\u00f3 TIC Salut i Social","isPartOf":{"@id":"https:\/\/ticsalutsocial.atoom.space\/es\/#website"},"primaryImageOfPage":{"@id":"https:\/\/ticsalutsocial.atoom.space\/es\/noticia\/el-5g-para-nosotros-sera-una-evolucion-positiva-en-la-aceleracion-de-la-transmision-de-datos-entre-nuestros-dispositivos-y-los-servidores\/#primaryimage"},"image":{"@id":"https:\/\/ticsalutsocial.atoom.space\/es\/noticia\/el-5g-para-nosotros-sera-una-evolucion-positiva-en-la-aceleracion-de-la-transmision-de-datos-entre-nuestros-dispositivos-y-los-servidores\/#primaryimage"},"thumbnailUrl":"https:\/\/ticsalutsocial.atoom.space\/wp-content\/uploads\/2019\/10\/xkeletet.jpg","datePublished":"2019-10-03T07:47:35+00:00","dateModified":"2021-07-21T13:43:13+00:00","breadcrumb":{"@id":"https:\/\/ticsalutsocial.atoom.space\/es\/noticia\/el-5g-para-nosotros-sera-una-evolucion-positiva-en-la-aceleracion-de-la-transmision-de-datos-entre-nuestros-dispositivos-y-los-servidores\/#breadcrumb"},"inLanguage":"es","potentialAction":[{"@type":"ReadAction","target":["https:\/\/ticsalutsocial.atoom.space\/es\/noticia\/el-5g-para-nosotros-sera-una-evolucion-positiva-en-la-aceleracion-de-la-transmision-de-datos-entre-nuestros-dispositivos-y-los-servidores\/"]}]},{"@type":"ImageObject","inLanguage":"es","@id":"https:\/\/ticsalutsocial.atoom.space\/es\/noticia\/el-5g-para-nosotros-sera-una-evolucion-positiva-en-la-aceleracion-de-la-transmision-de-datos-entre-nuestros-dispositivos-y-los-servidores\/#primaryimage","url":"https:\/\/ticsalutsocial.atoom.space\/wp-content\/uploads\/2019\/10\/xkeletet.jpg","contentUrl":"https:\/\/ticsalutsocial.atoom.space\/wp-content\/uploads\/2019\/10\/xkeletet.jpg","width":1600,"height":1200},{"@type":"BreadcrumbList","@id":"https:\/\/ticsalutsocial.atoom.space\/es\/noticia\/el-5g-para-nosotros-sera-una-evolucion-positiva-en-la-aceleracion-de-la-transmision-de-datos-entre-nuestros-dispositivos-y-los-servidores\/#breadcrumb","itemListElement":[{"@type":"ListItem","position":1,"name":"Inici","item":"https:\/\/ticsalutsocial.atoom.space\/es\/"},{"@type":"ListItem","position":2,"name":"\u00abEl 5G para nosotros ser\u00e1 una evoluci\u00f3n positiva en la aceleraci\u00f3n de la transmisi\u00f3n de datos entre nuestros dispositivos y los servidores.\u00bb"}]},{"@type":"WebSite","@id":"https:\/\/ticsalutsocial.atoom.space\/es\/#website","url":"https:\/\/ticsalutsocial.atoom.space\/es\/","name":"Fundaci\u00f3 TIC Salut i Social","description":"","potentialAction":[{"@type":"SearchAction","target":{"@type":"EntryPoint","urlTemplate":"https:\/\/ticsalutsocial.atoom.space\/es\/?s={search_term_string}"},"query-input":{"@type":"PropertyValueSpecification","valueRequired":true,"valueName":"search_term_string"}}],"inLanguage":"es"}]}},"_links":{"self":[{"href":"https:\/\/ticsalutsocial.atoom.space\/es\/wp-json\/wp\/v2\/noticia\/4092","targetHints":{"allow":["GET"]}}],"collection":[{"href":"https:\/\/ticsalutsocial.atoom.space\/es\/wp-json\/wp\/v2\/noticia"}],"about":[{"href":"https:\/\/ticsalutsocial.atoom.space\/es\/wp-json\/wp\/v2\/types\/noticia"}],"author":[{"embeddable":true,"href":"https:\/\/ticsalutsocial.atoom.space\/es\/wp-json\/wp\/v2\/users\/21"}],"wp:featuredmedia":[{"embeddable":true,"href":"https:\/\/ticsalutsocial.atoom.space\/es\/wp-json\/wp\/v2\/media\/4089"}],"wp:attachment":[{"href":"https:\/\/ticsalutsocial.atoom.space\/es\/wp-json\/wp\/v2\/media?parent=4092"}],"wp:term":[{"taxonomy":"etiqueta","embeddable":true,"href":"https:\/\/ticsalutsocial.atoom.space\/es\/wp-json\/wp\/v2\/etiqueta?post=4092"},{"taxonomy":"tipus","embeddable":true,"href":"https:\/\/ticsalutsocial.atoom.space\/es\/wp-json\/wp\/v2\/tipus?post=4092"},{"taxonomy":"topic","embeddable":true,"href":"https:\/\/ticsalutsocial.atoom.space\/es\/wp-json\/wp\/v2\/topic?post=4092"}],"curies":[{"name":"wp","href":"https:\/\/api.w.org\/{rel}","templated":true}]}}