
{"id":4107,"date":"2019-10-01T13:42:56","date_gmt":"2019-10-01T11:42:56","guid":{"rendered":"https:\/\/ticsalutsocial.atoom.space\/?post_type=noticia&#038;p=4107"},"modified":"2021-07-21T15:43:22","modified_gmt":"2021-07-21T13:43:22","slug":"jornada-salud-4-0","status":"publish","type":"noticia","link":"https:\/\/ticsalutsocial.atoom.space\/es\/noticia\/jornada-salud-4-0\/","title":{"rendered":"Jornada Salud 4.0"},"content":{"rendered":"<p>La Internet de las Cosas (IoT, por su acr\u00f3nimo en ingl\u00e9s) ofrece un gran potencial en el \u00e1mbito de la salud, donde ya se est\u00e1 aplicando en varios casos de uso para aumentar la calidad de la atenci\u00f3n, mejorar el acceso de los pacientes a los servicios y reducir el coste de estos.<\/p>\n<p>Las tecnolog\u00edas integradas en el llamado eHealth se utilizan en aplicaciones como por ejemplo los sistemas de salud en linea , los cuales brindan atenci\u00f3n exhaustiva a personas en ubicaciones remotas, o bien los sistemas de monitorizaci\u00f3n , que proporcionan un flujo continuado de datos precisos para tomar mejores decisiones de atenci\u00f3n. Los dispositivos port\u00e1tiles, o wearables , utilizados para monitorizar los pacientes propensos a varios riesgos, ya son una tecnolog\u00eda habitual en el \u00e1mbito del eHealth.<\/p>\n<p>Un sistema de salud basado en las posibilidades de la IoT no solo ofrece un enfoque m\u00e1s inteligente a los servicios de salud, sino que tambi\u00e9n consigue que el proceso de toma de decisiones sea<br \/>\nm\u00e1s preciso y eficaz.<\/p>\n<p><img decoding=\"async\" class=\"size-medium wp-image-20417 aligncenter\" src=\"https:\/\/ticsalutsocial.atoom.space\/wp-content\/uploads\/2019\/10\/banner_ehealth_petit-300x150-1.jpg\" alt=\"\" \/><\/p>\n<p>La IoT Catalan Alliance se adentrar\u00e1 en los casos de uso actuales y las posibilidades de futuro de las tecnolog\u00edas avanzadas para el sector de la salud durante la jornada Salud 4.0: la tecnolog\u00eda IoT como facilitadora de los servicios de eHealth , la cual tendr\u00e1 lugar durante el pr\u00f3ximo IoT Solutions World Congress en Barcelona. Expertos que trabajan en la intersecci\u00f3n de este sector con las tecnolog\u00edas IoT dar\u00e1n a conocer los casos de uso, los retos y las posibilidades de esta industria emergente.<\/p>\n<p>La IoT Catalan Alliance es un cl\u00faster catal\u00e1n impulsado por la <em>Generalitat de Catalunya<\/em> que agrupa a las empresas l\u00edderes de oferta tecnol\u00f3gica\u00a0IoT en nuestro territorio. Sus objetivos principales son fomentar la colaboraci\u00f3n entre empresas, centros tecnol\u00f3gicos y otras entidades, dar a conocer las ventajas y oportunidades de estas nuevas tecnolog\u00edas facilitando la adopci\u00f3n, realizar una vigilancia tecnol\u00f3gica para detectar oportunidades, participar en ferias para dar a conocer las soluciones de sus miembros a escala internacional y realizar actividades que dinamicen el sector en Catalu\u00f1a.<\/p>\n","protected":false},"author":21,"featured_media":4104,"menu_order":0,"template":"","meta":{"_acf_changed":false,"inline_featured_image":false},"etiqueta":[],"tipus":[654],"topic":[121],"class_list":["post-4107","noticia","type-noticia","status-publish","has-post-thumbnail","hentry","tipus-activos-digitales","topic-dpd-es"],"acf":{"imatge":4106,"autor":"TIC Salut Social","textos_destacats":[{"texte":"La tecnolog\u00eda IoT como facilitadora de los servicios eHealth"}]},"yoast_head":"<!-- This site is optimized with the Yoast SEO plugin v27.1.1 - https:\/\/yoast.com\/product\/yoast-seo-wordpress\/ -->\n<title>Jornada Salud 4.0 - Fundaci\u00f3 TIC Salut i Social<\/title>\n<meta name=\"robots\" content=\"index, follow, max-snippet:-1, max-image-preview:large, max-video-preview:-1\" \/>\n<link rel=\"canonical\" href=\"https:\/\/ticsalutsocial.atoom.space\/es\/noticia\/jornada-salud-4-0\/\" \/>\n<meta property=\"og:locale\" content=\"es_ES\" \/>\n<meta property=\"og:type\" content=\"article\" \/>\n<meta property=\"og:title\" content=\"Jornada Salud 4.0 - Fundaci\u00f3 TIC Salut i Social\" \/>\n<meta property=\"og:description\" content=\"La Internet de las Cosas (IoT, por su acr\u00f3nimo en ingl\u00e9s) ofrece un gran potencial en el \u00e1mbito de la salud, donde ya se est\u00e1 aplicando en varios casos de uso para aumentar la calidad de la atenci\u00f3n, mejorar el acceso de los pacientes a los servicios y reducir el coste de estos. Las tecnolog\u00edas [&hellip;]\" \/>\n<meta property=\"og:url\" content=\"https:\/\/ticsalutsocial.atoom.space\/es\/noticia\/jornada-salud-4-0\/\" \/>\n<meta property=\"og:site_name\" content=\"Fundaci\u00f3 TIC Salut i Social\" \/>\n<meta property=\"article:modified_time\" content=\"2021-07-21T13:43:22+00:00\" \/>\n<meta property=\"og:image\" content=\"https:\/\/ticsalutsocial.atoom.space\/wp-content\/uploads\/2019\/10\/jeremy-thomas-e0ahdsenmdg-unsplash-scaled.jpg\" \/>\n\t<meta property=\"og:image:width\" content=\"2560\" \/>\n\t<meta property=\"og:image:height\" content=\"1748\" \/>\n\t<meta property=\"og:image:type\" content=\"image\/jpeg\" \/>\n<meta name=\"twitter:card\" content=\"summary_large_image\" \/>\n<meta name=\"twitter:label1\" content=\"Tiempo de lectura\" \/>\n\t<meta name=\"twitter:data1\" content=\"2 minutos\" \/>\n<script type=\"application\/ld+json\" class=\"yoast-schema-graph\">{\"@context\":\"https:\/\/schema.org\",\"@graph\":[{\"@type\":\"WebPage\",\"@id\":\"https:\/\/ticsalutsocial.atoom.space\/es\/noticia\/jornada-salud-4-0\/\",\"url\":\"https:\/\/ticsalutsocial.atoom.space\/es\/noticia\/jornada-salud-4-0\/\",\"name\":\"Jornada Salud 4.0 - Fundaci\u00f3 TIC Salut i Social\",\"isPartOf\":{\"@id\":\"https:\/\/ticsalutsocial.atoom.space\/es\/#website\"},\"primaryImageOfPage\":{\"@id\":\"https:\/\/ticsalutsocial.atoom.space\/es\/noticia\/jornada-salud-4-0\/#primaryimage\"},\"image\":{\"@id\":\"https:\/\/ticsalutsocial.atoom.space\/es\/noticia\/jornada-salud-4-0\/#primaryimage\"},\"thumbnailUrl\":\"https:\/\/ticsalutsocial.atoom.space\/wp-content\/uploads\/2019\/10\/jeremy-thomas-e0ahdsenmdg-unsplash-scaled.jpg\",\"datePublished\":\"2019-10-01T11:42:56+00:00\",\"dateModified\":\"2021-07-21T13:43:22+00:00\",\"breadcrumb\":{\"@id\":\"https:\/\/ticsalutsocial.atoom.space\/es\/noticia\/jornada-salud-4-0\/#breadcrumb\"},\"inLanguage\":\"es\",\"potentialAction\":[{\"@type\":\"ReadAction\",\"target\":[\"https:\/\/ticsalutsocial.atoom.space\/es\/noticia\/jornada-salud-4-0\/\"]}]},{\"@type\":\"ImageObject\",\"inLanguage\":\"es\",\"@id\":\"https:\/\/ticsalutsocial.atoom.space\/es\/noticia\/jornada-salud-4-0\/#primaryimage\",\"url\":\"https:\/\/ticsalutsocial.atoom.space\/wp-content\/uploads\/2019\/10\/jeremy-thomas-e0ahdsenmdg-unsplash-scaled.jpg\",\"contentUrl\":\"https:\/\/ticsalutsocial.atoom.space\/wp-content\/uploads\/2019\/10\/jeremy-thomas-e0ahdsenmdg-unsplash-scaled.jpg\",\"width\":2560,\"height\":1748},{\"@type\":\"BreadcrumbList\",\"@id\":\"https:\/\/ticsalutsocial.atoom.space\/es\/noticia\/jornada-salud-4-0\/#breadcrumb\",\"itemListElement\":[{\"@type\":\"ListItem\",\"position\":1,\"name\":\"Inici\",\"item\":\"https:\/\/ticsalutsocial.atoom.space\/es\/\"},{\"@type\":\"ListItem\",\"position\":2,\"name\":\"Jornada Salud 4.0\"}]},{\"@type\":\"WebSite\",\"@id\":\"https:\/\/ticsalutsocial.atoom.space\/es\/#website\",\"url\":\"https:\/\/ticsalutsocial.atoom.space\/es\/\",\"name\":\"Fundaci\u00f3 TIC Salut i Social\",\"description\":\"\",\"potentialAction\":[{\"@type\":\"SearchAction\",\"target\":{\"@type\":\"EntryPoint\",\"urlTemplate\":\"https:\/\/ticsalutsocial.atoom.space\/es\/?s={search_term_string}\"},\"query-input\":{\"@type\":\"PropertyValueSpecification\",\"valueRequired\":true,\"valueName\":\"search_term_string\"}}],\"inLanguage\":\"es\"}]}<\/script>\n<!-- \/ Yoast SEO plugin. -->","yoast_head_json":{"title":"Jornada Salud 4.0 - Fundaci\u00f3 TIC Salut i Social","robots":{"index":"index","follow":"follow","max-snippet":"max-snippet:-1","max-image-preview":"max-image-preview:large","max-video-preview":"max-video-preview:-1"},"canonical":"https:\/\/ticsalutsocial.atoom.space\/es\/noticia\/jornada-salud-4-0\/","og_locale":"es_ES","og_type":"article","og_title":"Jornada Salud 4.0 - Fundaci\u00f3 TIC Salut i Social","og_description":"La Internet de las Cosas (IoT, por su acr\u00f3nimo en ingl\u00e9s) ofrece un gran potencial en el \u00e1mbito de la salud, donde ya se est\u00e1 aplicando en varios casos de uso para aumentar la calidad de la atenci\u00f3n, mejorar el acceso de los pacientes a los servicios y reducir el coste de estos. Las tecnolog\u00edas [&hellip;]","og_url":"https:\/\/ticsalutsocial.atoom.space\/es\/noticia\/jornada-salud-4-0\/","og_site_name":"Fundaci\u00f3 TIC Salut i Social","article_modified_time":"2021-07-21T13:43:22+00:00","og_image":[{"width":2560,"height":1748,"url":"https:\/\/ticsalutsocial.atoom.space\/wp-content\/uploads\/2019\/10\/jeremy-thomas-e0ahdsenmdg-unsplash-scaled.jpg","type":"image\/jpeg"}],"twitter_card":"summary_large_image","twitter_misc":{"Tiempo de lectura":"2 minutos"},"schema":{"@context":"https:\/\/schema.org","@graph":[{"@type":"WebPage","@id":"https:\/\/ticsalutsocial.atoom.space\/es\/noticia\/jornada-salud-4-0\/","url":"https:\/\/ticsalutsocial.atoom.space\/es\/noticia\/jornada-salud-4-0\/","name":"Jornada Salud 4.0 - Fundaci\u00f3 TIC Salut i Social","isPartOf":{"@id":"https:\/\/ticsalutsocial.atoom.space\/es\/#website"},"primaryImageOfPage":{"@id":"https:\/\/ticsalutsocial.atoom.space\/es\/noticia\/jornada-salud-4-0\/#primaryimage"},"image":{"@id":"https:\/\/ticsalutsocial.atoom.space\/es\/noticia\/jornada-salud-4-0\/#primaryimage"},"thumbnailUrl":"https:\/\/ticsalutsocial.atoom.space\/wp-content\/uploads\/2019\/10\/jeremy-thomas-e0ahdsenmdg-unsplash-scaled.jpg","datePublished":"2019-10-01T11:42:56+00:00","dateModified":"2021-07-21T13:43:22+00:00","breadcrumb":{"@id":"https:\/\/ticsalutsocial.atoom.space\/es\/noticia\/jornada-salud-4-0\/#breadcrumb"},"inLanguage":"es","potentialAction":[{"@type":"ReadAction","target":["https:\/\/ticsalutsocial.atoom.space\/es\/noticia\/jornada-salud-4-0\/"]}]},{"@type":"ImageObject","inLanguage":"es","@id":"https:\/\/ticsalutsocial.atoom.space\/es\/noticia\/jornada-salud-4-0\/#primaryimage","url":"https:\/\/ticsalutsocial.atoom.space\/wp-content\/uploads\/2019\/10\/jeremy-thomas-e0ahdsenmdg-unsplash-scaled.jpg","contentUrl":"https:\/\/ticsalutsocial.atoom.space\/wp-content\/uploads\/2019\/10\/jeremy-thomas-e0ahdsenmdg-unsplash-scaled.jpg","width":2560,"height":1748},{"@type":"BreadcrumbList","@id":"https:\/\/ticsalutsocial.atoom.space\/es\/noticia\/jornada-salud-4-0\/#breadcrumb","itemListElement":[{"@type":"ListItem","position":1,"name":"Inici","item":"https:\/\/ticsalutsocial.atoom.space\/es\/"},{"@type":"ListItem","position":2,"name":"Jornada Salud 4.0"}]},{"@type":"WebSite","@id":"https:\/\/ticsalutsocial.atoom.space\/es\/#website","url":"https:\/\/ticsalutsocial.atoom.space\/es\/","name":"Fundaci\u00f3 TIC Salut i Social","description":"","potentialAction":[{"@type":"SearchAction","target":{"@type":"EntryPoint","urlTemplate":"https:\/\/ticsalutsocial.atoom.space\/es\/?s={search_term_string}"},"query-input":{"@type":"PropertyValueSpecification","valueRequired":true,"valueName":"search_term_string"}}],"inLanguage":"es"}]}},"_links":{"self":[{"href":"https:\/\/ticsalutsocial.atoom.space\/es\/wp-json\/wp\/v2\/noticia\/4107","targetHints":{"allow":["GET"]}}],"collection":[{"href":"https:\/\/ticsalutsocial.atoom.space\/es\/wp-json\/wp\/v2\/noticia"}],"about":[{"href":"https:\/\/ticsalutsocial.atoom.space\/es\/wp-json\/wp\/v2\/types\/noticia"}],"author":[{"embeddable":true,"href":"https:\/\/ticsalutsocial.atoom.space\/es\/wp-json\/wp\/v2\/users\/21"}],"wp:featuredmedia":[{"embeddable":true,"href":"https:\/\/ticsalutsocial.atoom.space\/es\/wp-json\/wp\/v2\/media\/4104"}],"wp:attachment":[{"href":"https:\/\/ticsalutsocial.atoom.space\/es\/wp-json\/wp\/v2\/media?parent=4107"}],"wp:term":[{"taxonomy":"etiqueta","embeddable":true,"href":"https:\/\/ticsalutsocial.atoom.space\/es\/wp-json\/wp\/v2\/etiqueta?post=4107"},{"taxonomy":"tipus","embeddable":true,"href":"https:\/\/ticsalutsocial.atoom.space\/es\/wp-json\/wp\/v2\/tipus?post=4107"},{"taxonomy":"topic","embeddable":true,"href":"https:\/\/ticsalutsocial.atoom.space\/es\/wp-json\/wp\/v2\/topic?post=4107"}],"curies":[{"name":"wp","href":"https:\/\/api.w.org\/{rel}","templated":true}]}}