
{"id":4113,"date":"2019-10-07T15:29:20","date_gmt":"2019-10-07T13:29:20","guid":{"rendered":"https:\/\/ticsalutsocial.atoom.space\/?post_type=noticia&#038;p=4113"},"modified":"2021-07-21T15:43:25","modified_gmt":"2021-07-21T13:43:25","slug":"realidad-virtual-y-medicina-una-recopilacion-de-lo-mas-destacado-del-3r-mercado-360o","status":"publish","type":"noticia","link":"https:\/\/ticsalutsocial.atoom.space\/es\/noticia\/realidad-virtual-y-medicina-una-recopilacion-de-lo-mas-destacado-del-3r-mercado-360o\/","title":{"rendered":"Realidad Virtual y medicina, una recopilaci\u00f3n de lo m\u00e1s destacado del 3R Mercado 360\u00ba"},"content":{"rendered":"<p>Los pasados \u200b\u200bd\u00edas 3, 4 y 5 de octubre, el Movistar Centre de Pla\u00e7a Catalunya (Barcelona), acogi\u00f3 el \u00ab3R Mercado 360\u00ba De Realidad Virtual y Realidad Aumentada de Barcelona\u00bb, un ciclo de conferencias profesionales de diversas tem\u00e1ticas como: educaci\u00f3n , medicina, fitness y wellness, realidad aumentada, estudios de producci\u00f3n RV y videojuegos.<\/p>\n<p>Desde la Fundaci\u00f3 TIC Salut Social asistimos como oyentes a la conferencia de la tem\u00e1tica de medicina, presentada por 3 ponentes:<\/p>\n<p>La primera ponencia, a cargo de Joan Miquel Gelabert de la empresa Psious, puso \u00e9nfasis en que los psic\u00f3logos necesitan m\u00e1s herramientas para realizar las terapias, adem\u00e1s, de hablar y escuchar. Hizo menci\u00f3n a la evoluci\u00f3n de m\u00e1s de 20 a\u00f1os de investigaci\u00f3n con Realidad Virtual, la cual se separan en diferentes tem\u00e1ticas:<\/p>\n<ul>\n<li>Adicciones<\/li>\n<li>Trastornos psic\u00f3ticos<\/li>\n<li>Dolor: cr\u00f3nico y moment\u00e1neo<\/li>\n<li>TCA (Trastornos de la Conducta Alimentaria)<\/li>\n<li>Depresi\u00f3n<\/li>\n<li>Autismo<\/li>\n<li>Fobias<\/li>\n<\/ul>\n<p>Y los principales:<\/p>\n<ul>\n<li>TOC (Trastorno obsesivo compulsivo)<\/li>\n<li>TAG (Trastorno de ansiedad generalizada)<\/li>\n<li>TEPT (Trastorno de estr\u00e9s postraum\u00e1tico)<\/li>\n<li>Ansiedad social<\/li>\n<\/ul>\n<p><img decoding=\"async\" class=\"alignleft size-medium wp-image-20481\" src=\"https:\/\/ticsalutsocial.atoom.space\/wp-content\/uploads\/2019\/10\/frsregaw-300x225-1.jpeg\" alt=\"\" \/>En la segunda ponencia, Juan Monz\u00f3n de la empresa Exovite hizo un recorrido por los diferentes proyectos los que est\u00e1n involucrados en el sector de la medicina. Uno de los cuales fue el de conectar las habitaciones de los hospitales por voz. El hecho de que una persona con la voz pueda pedir asistencia, saber a qu\u00e9 hora pasar\u00e1 el m\u00e9dico, etc. Tambi\u00e9n el hecho de ayudar a los profesionales de la salud como enfermeros\/as en tareas mediante la voz.<\/p>\n<p>Otro aspecto que coment\u00f3, fue el hecho de tener camas articuladas, que podr\u00e1n ser programados para despertar a una persona con el movimiento de la cama en una posici\u00f3n c\u00f3moda. Otro ejemplo, es para las personas que roncan, el cual est\u00e1 demostrado cient\u00edficamente que con una posici\u00f3n de 45\u00ba tan en la cabeza como las piernas, las personas ya no roncan, o para tener una mejor circulaci\u00f3n de la sangre poner la parte inferior de la cama en 15\u00ba.<\/p>\n<p>Uno de los otros productos que el ponente explic\u00f3 fue el de un producto que graba la conversaci\u00f3n entre m\u00e9dico y paciente, detectando mediante inteligencia artificial, los apartados m\u00e1s destacados, palabras clave, etc que ser\u00e1n relevantes. As\u00ed el profesional puede poner \u00e9nfasis en la conversaci\u00f3n, sin preocuparse de perder parte de la conversaci\u00f3n porque est\u00e1 tomando apuntes. Puede encontrar m\u00e1s informaci\u00f3n en este enlace.<\/p>\n<p>Finalmente, Isabel Van de Keere de la empresa Immersive Rehab (UK) comenz\u00f3 con la \u00faltima ponencia.<\/p>\n<p><img decoding=\"async\" class=\"alignleft size-medium wp-image-20484\" src=\"https:\/\/ticsalutsocial.atoom.space\/wp-content\/uploads\/2019\/10\/cxeyiiya-300x225-1.jpeg\" alt=\"\" \/><\/p>\n<p>El tema principal fue la neurorrehabilitaci\u00f3n, en el hecho de c\u00f3mo funciona la comunicaci\u00f3n entre el cerebro con el resto de elementos del cuerpo humano. Explic\u00f3 como el uso de la realidad virtual para hacer m\u00e1s entretenida y motivar a los pacientes para que sigan haciendo rehabilitaci\u00f3n.<\/p>\n<p>&nbsp;<\/p>\n","protected":false},"author":21,"featured_media":4110,"menu_order":0,"template":"","meta":{"_acf_changed":false,"inline_featured_image":false},"etiqueta":[],"tipus":[],"topic":[121],"class_list":["post-4113","noticia","type-noticia","status-publish","has-post-thumbnail","hentry","topic-dpd-es"],"acf":{"imatge":4112,"autor":"Adri\u00e0 G.Font"},"yoast_head":"<!-- This site is optimized with the Yoast SEO plugin v27.1.1 - https:\/\/yoast.com\/product\/yoast-seo-wordpress\/ -->\n<title>Realidad Virtual y medicina, una recopilaci\u00f3n de lo m\u00e1s destacado del 3R Mercado 360\u00ba - Fundaci\u00f3 TIC Salut i Social<\/title>\n<meta name=\"robots\" content=\"index, follow, max-snippet:-1, max-image-preview:large, max-video-preview:-1\" \/>\n<link rel=\"canonical\" href=\"https:\/\/ticsalutsocial.atoom.space\/es\/noticia\/realidad-virtual-y-medicina-una-recopilacion-de-lo-mas-destacado-del-3r-mercado-360o\/\" \/>\n<meta property=\"og:locale\" content=\"es_ES\" \/>\n<meta property=\"og:type\" content=\"article\" \/>\n<meta property=\"og:title\" content=\"Realidad Virtual y medicina, una recopilaci\u00f3n de lo m\u00e1s destacado del 3R Mercado 360\u00ba - Fundaci\u00f3 TIC Salut i Social\" \/>\n<meta property=\"og:description\" content=\"Los pasados \u200b\u200bd\u00edas 3, 4 y 5 de octubre, el Movistar Centre de Pla\u00e7a Catalunya (Barcelona), acogi\u00f3 el \u00ab3R Mercado 360\u00ba De Realidad Virtual y Realidad Aumentada de Barcelona\u00bb, un ciclo de conferencias profesionales de diversas tem\u00e1ticas como: educaci\u00f3n , medicina, fitness y wellness, realidad aumentada, estudios de producci\u00f3n RV y videojuegos. Desde la Fundaci\u00f3 [&hellip;]\" \/>\n<meta property=\"og:url\" content=\"https:\/\/ticsalutsocial.atoom.space\/es\/noticia\/realidad-virtual-y-medicina-una-recopilacion-de-lo-mas-destacado-del-3r-mercado-360o\/\" \/>\n<meta property=\"og:site_name\" content=\"Fundaci\u00f3 TIC Salut i Social\" \/>\n<meta property=\"article:modified_time\" content=\"2021-07-21T13:43:25+00:00\" \/>\n<meta property=\"og:image\" content=\"https:\/\/ticsalutsocial.atoom.space\/wp-content\/uploads\/2019\/10\/photo-1558313728-a3ffd746bd23.jpg\" \/>\n\t<meta property=\"og:image:width\" content=\"1350\" \/>\n\t<meta property=\"og:image:height\" content=\"900\" \/>\n\t<meta property=\"og:image:type\" content=\"image\/jpeg\" \/>\n<meta name=\"twitter:card\" content=\"summary_large_image\" \/>\n<meta name=\"twitter:label1\" content=\"Tiempo de lectura\" \/>\n\t<meta name=\"twitter:data1\" content=\"2 minutos\" \/>\n<script type=\"application\/ld+json\" class=\"yoast-schema-graph\">{\"@context\":\"https:\/\/schema.org\",\"@graph\":[{\"@type\":\"WebPage\",\"@id\":\"https:\/\/ticsalutsocial.atoom.space\/es\/noticia\/realidad-virtual-y-medicina-una-recopilacion-de-lo-mas-destacado-del-3r-mercado-360o\/\",\"url\":\"https:\/\/ticsalutsocial.atoom.space\/es\/noticia\/realidad-virtual-y-medicina-una-recopilacion-de-lo-mas-destacado-del-3r-mercado-360o\/\",\"name\":\"Realidad Virtual y medicina, una recopilaci\u00f3n de lo m\u00e1s destacado del 3R Mercado 360\u00ba - Fundaci\u00f3 TIC Salut i Social\",\"isPartOf\":{\"@id\":\"https:\/\/ticsalutsocial.atoom.space\/es\/#website\"},\"primaryImageOfPage\":{\"@id\":\"https:\/\/ticsalutsocial.atoom.space\/es\/noticia\/realidad-virtual-y-medicina-una-recopilacion-de-lo-mas-destacado-del-3r-mercado-360o\/#primaryimage\"},\"image\":{\"@id\":\"https:\/\/ticsalutsocial.atoom.space\/es\/noticia\/realidad-virtual-y-medicina-una-recopilacion-de-lo-mas-destacado-del-3r-mercado-360o\/#primaryimage\"},\"thumbnailUrl\":\"https:\/\/ticsalutsocial.atoom.space\/wp-content\/uploads\/2019\/10\/photo-1558313728-a3ffd746bd23.jpg\",\"datePublished\":\"2019-10-07T13:29:20+00:00\",\"dateModified\":\"2021-07-21T13:43:25+00:00\",\"breadcrumb\":{\"@id\":\"https:\/\/ticsalutsocial.atoom.space\/es\/noticia\/realidad-virtual-y-medicina-una-recopilacion-de-lo-mas-destacado-del-3r-mercado-360o\/#breadcrumb\"},\"inLanguage\":\"es\",\"potentialAction\":[{\"@type\":\"ReadAction\",\"target\":[\"https:\/\/ticsalutsocial.atoom.space\/es\/noticia\/realidad-virtual-y-medicina-una-recopilacion-de-lo-mas-destacado-del-3r-mercado-360o\/\"]}]},{\"@type\":\"ImageObject\",\"inLanguage\":\"es\",\"@id\":\"https:\/\/ticsalutsocial.atoom.space\/es\/noticia\/realidad-virtual-y-medicina-una-recopilacion-de-lo-mas-destacado-del-3r-mercado-360o\/#primaryimage\",\"url\":\"https:\/\/ticsalutsocial.atoom.space\/wp-content\/uploads\/2019\/10\/photo-1558313728-a3ffd746bd23.jpg\",\"contentUrl\":\"https:\/\/ticsalutsocial.atoom.space\/wp-content\/uploads\/2019\/10\/photo-1558313728-a3ffd746bd23.jpg\",\"width\":1350,\"height\":900},{\"@type\":\"BreadcrumbList\",\"@id\":\"https:\/\/ticsalutsocial.atoom.space\/es\/noticia\/realidad-virtual-y-medicina-una-recopilacion-de-lo-mas-destacado-del-3r-mercado-360o\/#breadcrumb\",\"itemListElement\":[{\"@type\":\"ListItem\",\"position\":1,\"name\":\"Inici\",\"item\":\"https:\/\/ticsalutsocial.atoom.space\/es\/\"},{\"@type\":\"ListItem\",\"position\":2,\"name\":\"Realidad Virtual y medicina, una recopilaci\u00f3n de lo m\u00e1s destacado del 3R Mercado 360\u00ba\"}]},{\"@type\":\"WebSite\",\"@id\":\"https:\/\/ticsalutsocial.atoom.space\/es\/#website\",\"url\":\"https:\/\/ticsalutsocial.atoom.space\/es\/\",\"name\":\"Fundaci\u00f3 TIC Salut i Social\",\"description\":\"\",\"potentialAction\":[{\"@type\":\"SearchAction\",\"target\":{\"@type\":\"EntryPoint\",\"urlTemplate\":\"https:\/\/ticsalutsocial.atoom.space\/es\/?s={search_term_string}\"},\"query-input\":{\"@type\":\"PropertyValueSpecification\",\"valueRequired\":true,\"valueName\":\"search_term_string\"}}],\"inLanguage\":\"es\"}]}<\/script>\n<!-- \/ Yoast SEO plugin. -->","yoast_head_json":{"title":"Realidad Virtual y medicina, una recopilaci\u00f3n de lo m\u00e1s destacado del 3R Mercado 360\u00ba - Fundaci\u00f3 TIC Salut i Social","robots":{"index":"index","follow":"follow","max-snippet":"max-snippet:-1","max-image-preview":"max-image-preview:large","max-video-preview":"max-video-preview:-1"},"canonical":"https:\/\/ticsalutsocial.atoom.space\/es\/noticia\/realidad-virtual-y-medicina-una-recopilacion-de-lo-mas-destacado-del-3r-mercado-360o\/","og_locale":"es_ES","og_type":"article","og_title":"Realidad Virtual y medicina, una recopilaci\u00f3n de lo m\u00e1s destacado del 3R Mercado 360\u00ba - Fundaci\u00f3 TIC Salut i Social","og_description":"Los pasados \u200b\u200bd\u00edas 3, 4 y 5 de octubre, el Movistar Centre de Pla\u00e7a Catalunya (Barcelona), acogi\u00f3 el \u00ab3R Mercado 360\u00ba De Realidad Virtual y Realidad Aumentada de Barcelona\u00bb, un ciclo de conferencias profesionales de diversas tem\u00e1ticas como: educaci\u00f3n , medicina, fitness y wellness, realidad aumentada, estudios de producci\u00f3n RV y videojuegos. Desde la Fundaci\u00f3 [&hellip;]","og_url":"https:\/\/ticsalutsocial.atoom.space\/es\/noticia\/realidad-virtual-y-medicina-una-recopilacion-de-lo-mas-destacado-del-3r-mercado-360o\/","og_site_name":"Fundaci\u00f3 TIC Salut i Social","article_modified_time":"2021-07-21T13:43:25+00:00","og_image":[{"width":1350,"height":900,"url":"https:\/\/ticsalutsocial.atoom.space\/wp-content\/uploads\/2019\/10\/photo-1558313728-a3ffd746bd23.jpg","type":"image\/jpeg"}],"twitter_card":"summary_large_image","twitter_misc":{"Tiempo de lectura":"2 minutos"},"schema":{"@context":"https:\/\/schema.org","@graph":[{"@type":"WebPage","@id":"https:\/\/ticsalutsocial.atoom.space\/es\/noticia\/realidad-virtual-y-medicina-una-recopilacion-de-lo-mas-destacado-del-3r-mercado-360o\/","url":"https:\/\/ticsalutsocial.atoom.space\/es\/noticia\/realidad-virtual-y-medicina-una-recopilacion-de-lo-mas-destacado-del-3r-mercado-360o\/","name":"Realidad Virtual y medicina, una recopilaci\u00f3n de lo m\u00e1s destacado del 3R Mercado 360\u00ba - Fundaci\u00f3 TIC Salut i Social","isPartOf":{"@id":"https:\/\/ticsalutsocial.atoom.space\/es\/#website"},"primaryImageOfPage":{"@id":"https:\/\/ticsalutsocial.atoom.space\/es\/noticia\/realidad-virtual-y-medicina-una-recopilacion-de-lo-mas-destacado-del-3r-mercado-360o\/#primaryimage"},"image":{"@id":"https:\/\/ticsalutsocial.atoom.space\/es\/noticia\/realidad-virtual-y-medicina-una-recopilacion-de-lo-mas-destacado-del-3r-mercado-360o\/#primaryimage"},"thumbnailUrl":"https:\/\/ticsalutsocial.atoom.space\/wp-content\/uploads\/2019\/10\/photo-1558313728-a3ffd746bd23.jpg","datePublished":"2019-10-07T13:29:20+00:00","dateModified":"2021-07-21T13:43:25+00:00","breadcrumb":{"@id":"https:\/\/ticsalutsocial.atoom.space\/es\/noticia\/realidad-virtual-y-medicina-una-recopilacion-de-lo-mas-destacado-del-3r-mercado-360o\/#breadcrumb"},"inLanguage":"es","potentialAction":[{"@type":"ReadAction","target":["https:\/\/ticsalutsocial.atoom.space\/es\/noticia\/realidad-virtual-y-medicina-una-recopilacion-de-lo-mas-destacado-del-3r-mercado-360o\/"]}]},{"@type":"ImageObject","inLanguage":"es","@id":"https:\/\/ticsalutsocial.atoom.space\/es\/noticia\/realidad-virtual-y-medicina-una-recopilacion-de-lo-mas-destacado-del-3r-mercado-360o\/#primaryimage","url":"https:\/\/ticsalutsocial.atoom.space\/wp-content\/uploads\/2019\/10\/photo-1558313728-a3ffd746bd23.jpg","contentUrl":"https:\/\/ticsalutsocial.atoom.space\/wp-content\/uploads\/2019\/10\/photo-1558313728-a3ffd746bd23.jpg","width":1350,"height":900},{"@type":"BreadcrumbList","@id":"https:\/\/ticsalutsocial.atoom.space\/es\/noticia\/realidad-virtual-y-medicina-una-recopilacion-de-lo-mas-destacado-del-3r-mercado-360o\/#breadcrumb","itemListElement":[{"@type":"ListItem","position":1,"name":"Inici","item":"https:\/\/ticsalutsocial.atoom.space\/es\/"},{"@type":"ListItem","position":2,"name":"Realidad Virtual y medicina, una recopilaci\u00f3n de lo m\u00e1s destacado del 3R Mercado 360\u00ba"}]},{"@type":"WebSite","@id":"https:\/\/ticsalutsocial.atoom.space\/es\/#website","url":"https:\/\/ticsalutsocial.atoom.space\/es\/","name":"Fundaci\u00f3 TIC Salut i Social","description":"","potentialAction":[{"@type":"SearchAction","target":{"@type":"EntryPoint","urlTemplate":"https:\/\/ticsalutsocial.atoom.space\/es\/?s={search_term_string}"},"query-input":{"@type":"PropertyValueSpecification","valueRequired":true,"valueName":"search_term_string"}}],"inLanguage":"es"}]}},"_links":{"self":[{"href":"https:\/\/ticsalutsocial.atoom.space\/es\/wp-json\/wp\/v2\/noticia\/4113","targetHints":{"allow":["GET"]}}],"collection":[{"href":"https:\/\/ticsalutsocial.atoom.space\/es\/wp-json\/wp\/v2\/noticia"}],"about":[{"href":"https:\/\/ticsalutsocial.atoom.space\/es\/wp-json\/wp\/v2\/types\/noticia"}],"author":[{"embeddable":true,"href":"https:\/\/ticsalutsocial.atoom.space\/es\/wp-json\/wp\/v2\/users\/21"}],"wp:featuredmedia":[{"embeddable":true,"href":"https:\/\/ticsalutsocial.atoom.space\/es\/wp-json\/wp\/v2\/media\/4110"}],"wp:attachment":[{"href":"https:\/\/ticsalutsocial.atoom.space\/es\/wp-json\/wp\/v2\/media?parent=4113"}],"wp:term":[{"taxonomy":"etiqueta","embeddable":true,"href":"https:\/\/ticsalutsocial.atoom.space\/es\/wp-json\/wp\/v2\/etiqueta?post=4113"},{"taxonomy":"tipus","embeddable":true,"href":"https:\/\/ticsalutsocial.atoom.space\/es\/wp-json\/wp\/v2\/tipus?post=4113"},{"taxonomy":"topic","embeddable":true,"href":"https:\/\/ticsalutsocial.atoom.space\/es\/wp-json\/wp\/v2\/topic?post=4113"}],"curies":[{"name":"wp","href":"https:\/\/api.w.org\/{rel}","templated":true}]}}