
{"id":4136,"date":"2019-10-11T13:24:58","date_gmt":"2019-10-11T11:24:58","guid":{"rendered":"https:\/\/ticsalutsocial.atoom.space\/?post_type=noticia&#038;p=4136"},"modified":"2021-07-21T15:43:37","modified_gmt":"2021-07-21T13:43:37","slug":"proyecto-latitud-taller-con-profesionales-sobre-la-atencion-no-presencial","status":"publish","type":"noticia","link":"https:\/\/ticsalutsocial.atoom.space\/es\/noticia\/proyecto-latitud-taller-con-profesionales-sobre-la-atencion-no-presencial\/","title":{"rendered":"Proyecto LATITUD: taller con profesionales sobre la atenci\u00f3n no presencial"},"content":{"rendered":"<p>Los pasados d\u00edas 16 y 17 de Septiembre, se realizaron dos sesiones de trabajo con profesionales del sector sanitario en el marco del proyecto LATITUD. El objetivo de estas sesiones fue debatir sobre el marco conceptual de los servicios de atenci\u00f3n no presencial en el sistema sanitario p\u00fablico en Catalu\u00f1a. El proyecto LATITUD, un encargo del <em>Departament de Salut<\/em> a la <em>Fundaci\u00f3 TIC Salut Social<\/em>, tiene como objetivo proporcionar una estrategia para la implantaci\u00f3n de un Modelo de Servicios de Atenci\u00f3n No Presencial en el SISCAT.<\/p>\n<p>En las dos sesiones realizadas se cont\u00f3 con la presencia de profesionales del sector procedentes de diferentes \u00e1mbitos. Asistieron un total de 21 profesionales, entre los cuales se contaban miembros de Planes Directores, jefes de sistemas, patronales del sector, direcciones de innovaci\u00f3n, direcciones asistenciales, personal de enfermer\u00eda y farmacia.<\/p>\n<p>Los objetivos de las sesiones fueron, en primer lugar, compartir el trabajo realizado desde la Fundaci\u00f3n, en cuanto a la definici\u00f3n de la estrategia de atenci\u00f3n no presencial.<\/p>\n<p>En segundo lugar, compartir el marco conceptual que delimita el alcance de qu\u00e9 se entiende por atenci\u00f3n no presencial y, a trav\u00e9s de lo cual se definen los diferentes escenarios de atenci\u00f3n no presencial.<\/p>\n<p>Finalmente, evaluar una propuesta de escenarios de atenci\u00f3n no presencial por el SISCAT, clasificarlos en funci\u00f3n de sus probabilidades de ser implantados y consolidados en la pr\u00e1ctica cl\u00ednica habitual identificando las palancas y barreras para su implantaci\u00f3n y consolidaci\u00f3n.<\/p>\n<p>&nbsp;<\/p>\n<ul>\n<li>Escenarios de atenci\u00f3n entre profesionales, y entre profesionales y pacientes.<\/li>\n<li>Personalizaci\u00f3n de servicios enfocados al perfil de los usuarios.<\/li>\n<li>Liderazgo de las iniciativas y proyectos de telemedicina.<\/li>\n<li>Marco legal, \u00e9tico y de seguridad.<\/li>\n<li>Gesti\u00f3n de los datos generados en atenci\u00f3n no presencial.<\/li>\n<li>Integraci\u00f3n e interoperabilidad de las soluciones.<\/li>\n<\/ul>\n<p>&nbsp;<\/p>\n<p>Adem\u00e1s, uno de los aspectos relevantes que se trabaj\u00f3 fue la identificaci\u00f3n de palancas y barreras para el despliegue y adopci\u00f3n de soluciones de atenci\u00f3n no presencial. Como principales palancas, se identifica la existencia de un modelo de contrataci\u00f3n de servicios orientado a objetivos, y que contemple la actividad no presencial como parte de la actividad de los centros.<\/p>\n<p><img decoding=\"async\" class=\"size-medium wp-image-20600 aligncenter\" src=\"https:\/\/ticsalutsocial.atoom.space\/wp-content\/uploads\/2019\/10\/2lat-300x225-1.jpg\" alt=\"\" \/><\/p>\n<p>&nbsp;<\/p>\n<p>Tambi\u00e9n, se identifican como aspectos clave el dise\u00f1o de un modelo de relaci\u00f3n entre profesional y paciente que facilite la prescripci\u00f3n de la atenci\u00f3n no presencial (portal \u00fanico), un marco regulador de calidad y protecci\u00f3n de datos, una infraestructura integrable e interoperable, y la existencia de una estrategia de despliegue que implique a todos los actores relevantes en la provisi\u00f3n de servicios. Como barreras, principalmente se mencion\u00f3 la falta de recursos para la inversi\u00f3n en tecnolog\u00eda, la resistencia al cambio por parte de profesionales y pacientes, y algunas carencias en materia de competencias digitales para el uso de las nuevas tecnolog\u00edas.<\/p>\n<p>Los resultados de la sesi\u00f3n permitieron recoger contribuciones muy relevantes por parte de los proveedores de servicios sanitarios, \u00fatiles para la construcci\u00f3n de un modelo de atenci\u00f3n no presencial que d\u00e9 respuesta a las necesidades reales del sector.<\/p>\n<p>Desde la Fundaci\u00f3n, agradecemos otra vez a todos los asistentes su participaci\u00f3n, la cual supone un valor a\u00f1adido a las actividades en curso del proyecto LATITUD para la construcci\u00f3n del Modelo de Atenci\u00f3n No Presencial por el SISCAT.<\/p>\n","protected":false},"author":21,"featured_media":4133,"menu_order":0,"template":"","meta":{"_acf_changed":false,"inline_featured_image":false},"etiqueta":[],"tipus":[],"topic":[123,130],"class_list":["post-4136","noticia","type-noticia","status-publish","has-post-thumbnail","hentry","topic-actualidad","topic-la-fundacion"],"acf":{"imatge":4135,"autor":"Jes\u00fas Berd\u00fan"},"yoast_head":"<!-- This site is optimized with the Yoast SEO plugin v27.1.1 - https:\/\/yoast.com\/product\/yoast-seo-wordpress\/ -->\n<title>Proyecto LATITUD: taller con profesionales sobre la atenci\u00f3n no presencial - Fundaci\u00f3 TIC Salut i Social<\/title>\n<meta name=\"robots\" content=\"index, follow, max-snippet:-1, max-image-preview:large, max-video-preview:-1\" \/>\n<link rel=\"canonical\" href=\"https:\/\/ticsalutsocial.atoom.space\/es\/noticia\/proyecto-latitud-taller-con-profesionales-sobre-la-atencion-no-presencial\/\" \/>\n<meta property=\"og:locale\" content=\"es_ES\" \/>\n<meta property=\"og:type\" content=\"article\" \/>\n<meta property=\"og:title\" content=\"Proyecto LATITUD: taller con profesionales sobre la atenci\u00f3n no presencial - Fundaci\u00f3 TIC Salut i Social\" \/>\n<meta property=\"og:description\" content=\"Los pasados d\u00edas 16 y 17 de Septiembre, se realizaron dos sesiones de trabajo con profesionales del sector sanitario en el marco del proyecto LATITUD. El objetivo de estas sesiones fue debatir sobre el marco conceptual de los servicios de atenci\u00f3n no presencial en el sistema sanitario p\u00fablico en Catalu\u00f1a. El proyecto LATITUD, un encargo [&hellip;]\" \/>\n<meta property=\"og:url\" content=\"https:\/\/ticsalutsocial.atoom.space\/es\/noticia\/proyecto-latitud-taller-con-profesionales-sobre-la-atencion-no-presencial\/\" \/>\n<meta property=\"og:site_name\" content=\"Fundaci\u00f3 TIC Salut i Social\" \/>\n<meta property=\"article:modified_time\" content=\"2021-07-21T13:43:37+00:00\" \/>\n<meta property=\"og:image\" content=\"https:\/\/ticsalutsocial.atoom.space\/wp-content\/uploads\/2019\/10\/1lat.jpg\" \/>\n\t<meta property=\"og:image:width\" content=\"1293\" \/>\n\t<meta property=\"og:image:height\" content=\"727\" \/>\n\t<meta property=\"og:image:type\" content=\"image\/jpeg\" \/>\n<meta name=\"twitter:card\" content=\"summary_large_image\" \/>\n<meta name=\"twitter:label1\" content=\"Tiempo de lectura\" \/>\n\t<meta name=\"twitter:data1\" content=\"3 minutos\" \/>\n<script type=\"application\/ld+json\" class=\"yoast-schema-graph\">{\"@context\":\"https:\/\/schema.org\",\"@graph\":[{\"@type\":\"WebPage\",\"@id\":\"https:\/\/ticsalutsocial.atoom.space\/es\/noticia\/proyecto-latitud-taller-con-profesionales-sobre-la-atencion-no-presencial\/\",\"url\":\"https:\/\/ticsalutsocial.atoom.space\/es\/noticia\/proyecto-latitud-taller-con-profesionales-sobre-la-atencion-no-presencial\/\",\"name\":\"Proyecto LATITUD: taller con profesionales sobre la atenci\u00f3n no presencial - Fundaci\u00f3 TIC Salut i Social\",\"isPartOf\":{\"@id\":\"https:\/\/ticsalutsocial.atoom.space\/es\/#website\"},\"primaryImageOfPage\":{\"@id\":\"https:\/\/ticsalutsocial.atoom.space\/es\/noticia\/proyecto-latitud-taller-con-profesionales-sobre-la-atencion-no-presencial\/#primaryimage\"},\"image\":{\"@id\":\"https:\/\/ticsalutsocial.atoom.space\/es\/noticia\/proyecto-latitud-taller-con-profesionales-sobre-la-atencion-no-presencial\/#primaryimage\"},\"thumbnailUrl\":\"https:\/\/ticsalutsocial.atoom.space\/wp-content\/uploads\/2019\/10\/1lat.jpg\",\"datePublished\":\"2019-10-11T11:24:58+00:00\",\"dateModified\":\"2021-07-21T13:43:37+00:00\",\"breadcrumb\":{\"@id\":\"https:\/\/ticsalutsocial.atoom.space\/es\/noticia\/proyecto-latitud-taller-con-profesionales-sobre-la-atencion-no-presencial\/#breadcrumb\"},\"inLanguage\":\"es\",\"potentialAction\":[{\"@type\":\"ReadAction\",\"target\":[\"https:\/\/ticsalutsocial.atoom.space\/es\/noticia\/proyecto-latitud-taller-con-profesionales-sobre-la-atencion-no-presencial\/\"]}]},{\"@type\":\"ImageObject\",\"inLanguage\":\"es\",\"@id\":\"https:\/\/ticsalutsocial.atoom.space\/es\/noticia\/proyecto-latitud-taller-con-profesionales-sobre-la-atencion-no-presencial\/#primaryimage\",\"url\":\"https:\/\/ticsalutsocial.atoom.space\/wp-content\/uploads\/2019\/10\/1lat.jpg\",\"contentUrl\":\"https:\/\/ticsalutsocial.atoom.space\/wp-content\/uploads\/2019\/10\/1lat.jpg\",\"width\":1293,\"height\":727},{\"@type\":\"BreadcrumbList\",\"@id\":\"https:\/\/ticsalutsocial.atoom.space\/es\/noticia\/proyecto-latitud-taller-con-profesionales-sobre-la-atencion-no-presencial\/#breadcrumb\",\"itemListElement\":[{\"@type\":\"ListItem\",\"position\":1,\"name\":\"Inici\",\"item\":\"https:\/\/ticsalutsocial.atoom.space\/es\/\"},{\"@type\":\"ListItem\",\"position\":2,\"name\":\"Proyecto LATITUD: taller con profesionales sobre la atenci\u00f3n no presencial\"}]},{\"@type\":\"WebSite\",\"@id\":\"https:\/\/ticsalutsocial.atoom.space\/es\/#website\",\"url\":\"https:\/\/ticsalutsocial.atoom.space\/es\/\",\"name\":\"Fundaci\u00f3 TIC Salut i Social\",\"description\":\"\",\"potentialAction\":[{\"@type\":\"SearchAction\",\"target\":{\"@type\":\"EntryPoint\",\"urlTemplate\":\"https:\/\/ticsalutsocial.atoom.space\/es\/?s={search_term_string}\"},\"query-input\":{\"@type\":\"PropertyValueSpecification\",\"valueRequired\":true,\"valueName\":\"search_term_string\"}}],\"inLanguage\":\"es\"}]}<\/script>\n<!-- \/ Yoast SEO plugin. -->","yoast_head_json":{"title":"Proyecto LATITUD: taller con profesionales sobre la atenci\u00f3n no presencial - Fundaci\u00f3 TIC Salut i Social","robots":{"index":"index","follow":"follow","max-snippet":"max-snippet:-1","max-image-preview":"max-image-preview:large","max-video-preview":"max-video-preview:-1"},"canonical":"https:\/\/ticsalutsocial.atoom.space\/es\/noticia\/proyecto-latitud-taller-con-profesionales-sobre-la-atencion-no-presencial\/","og_locale":"es_ES","og_type":"article","og_title":"Proyecto LATITUD: taller con profesionales sobre la atenci\u00f3n no presencial - Fundaci\u00f3 TIC Salut i Social","og_description":"Los pasados d\u00edas 16 y 17 de Septiembre, se realizaron dos sesiones de trabajo con profesionales del sector sanitario en el marco del proyecto LATITUD. El objetivo de estas sesiones fue debatir sobre el marco conceptual de los servicios de atenci\u00f3n no presencial en el sistema sanitario p\u00fablico en Catalu\u00f1a. El proyecto LATITUD, un encargo [&hellip;]","og_url":"https:\/\/ticsalutsocial.atoom.space\/es\/noticia\/proyecto-latitud-taller-con-profesionales-sobre-la-atencion-no-presencial\/","og_site_name":"Fundaci\u00f3 TIC Salut i Social","article_modified_time":"2021-07-21T13:43:37+00:00","og_image":[{"width":1293,"height":727,"url":"https:\/\/ticsalutsocial.atoom.space\/wp-content\/uploads\/2019\/10\/1lat.jpg","type":"image\/jpeg"}],"twitter_card":"summary_large_image","twitter_misc":{"Tiempo de lectura":"3 minutos"},"schema":{"@context":"https:\/\/schema.org","@graph":[{"@type":"WebPage","@id":"https:\/\/ticsalutsocial.atoom.space\/es\/noticia\/proyecto-latitud-taller-con-profesionales-sobre-la-atencion-no-presencial\/","url":"https:\/\/ticsalutsocial.atoom.space\/es\/noticia\/proyecto-latitud-taller-con-profesionales-sobre-la-atencion-no-presencial\/","name":"Proyecto LATITUD: taller con profesionales sobre la atenci\u00f3n no presencial - Fundaci\u00f3 TIC Salut i Social","isPartOf":{"@id":"https:\/\/ticsalutsocial.atoom.space\/es\/#website"},"primaryImageOfPage":{"@id":"https:\/\/ticsalutsocial.atoom.space\/es\/noticia\/proyecto-latitud-taller-con-profesionales-sobre-la-atencion-no-presencial\/#primaryimage"},"image":{"@id":"https:\/\/ticsalutsocial.atoom.space\/es\/noticia\/proyecto-latitud-taller-con-profesionales-sobre-la-atencion-no-presencial\/#primaryimage"},"thumbnailUrl":"https:\/\/ticsalutsocial.atoom.space\/wp-content\/uploads\/2019\/10\/1lat.jpg","datePublished":"2019-10-11T11:24:58+00:00","dateModified":"2021-07-21T13:43:37+00:00","breadcrumb":{"@id":"https:\/\/ticsalutsocial.atoom.space\/es\/noticia\/proyecto-latitud-taller-con-profesionales-sobre-la-atencion-no-presencial\/#breadcrumb"},"inLanguage":"es","potentialAction":[{"@type":"ReadAction","target":["https:\/\/ticsalutsocial.atoom.space\/es\/noticia\/proyecto-latitud-taller-con-profesionales-sobre-la-atencion-no-presencial\/"]}]},{"@type":"ImageObject","inLanguage":"es","@id":"https:\/\/ticsalutsocial.atoom.space\/es\/noticia\/proyecto-latitud-taller-con-profesionales-sobre-la-atencion-no-presencial\/#primaryimage","url":"https:\/\/ticsalutsocial.atoom.space\/wp-content\/uploads\/2019\/10\/1lat.jpg","contentUrl":"https:\/\/ticsalutsocial.atoom.space\/wp-content\/uploads\/2019\/10\/1lat.jpg","width":1293,"height":727},{"@type":"BreadcrumbList","@id":"https:\/\/ticsalutsocial.atoom.space\/es\/noticia\/proyecto-latitud-taller-con-profesionales-sobre-la-atencion-no-presencial\/#breadcrumb","itemListElement":[{"@type":"ListItem","position":1,"name":"Inici","item":"https:\/\/ticsalutsocial.atoom.space\/es\/"},{"@type":"ListItem","position":2,"name":"Proyecto LATITUD: taller con profesionales sobre la atenci\u00f3n no presencial"}]},{"@type":"WebSite","@id":"https:\/\/ticsalutsocial.atoom.space\/es\/#website","url":"https:\/\/ticsalutsocial.atoom.space\/es\/","name":"Fundaci\u00f3 TIC Salut i Social","description":"","potentialAction":[{"@type":"SearchAction","target":{"@type":"EntryPoint","urlTemplate":"https:\/\/ticsalutsocial.atoom.space\/es\/?s={search_term_string}"},"query-input":{"@type":"PropertyValueSpecification","valueRequired":true,"valueName":"search_term_string"}}],"inLanguage":"es"}]}},"_links":{"self":[{"href":"https:\/\/ticsalutsocial.atoom.space\/es\/wp-json\/wp\/v2\/noticia\/4136","targetHints":{"allow":["GET"]}}],"collection":[{"href":"https:\/\/ticsalutsocial.atoom.space\/es\/wp-json\/wp\/v2\/noticia"}],"about":[{"href":"https:\/\/ticsalutsocial.atoom.space\/es\/wp-json\/wp\/v2\/types\/noticia"}],"author":[{"embeddable":true,"href":"https:\/\/ticsalutsocial.atoom.space\/es\/wp-json\/wp\/v2\/users\/21"}],"wp:featuredmedia":[{"embeddable":true,"href":"https:\/\/ticsalutsocial.atoom.space\/es\/wp-json\/wp\/v2\/media\/4133"}],"wp:attachment":[{"href":"https:\/\/ticsalutsocial.atoom.space\/es\/wp-json\/wp\/v2\/media?parent=4136"}],"wp:term":[{"taxonomy":"etiqueta","embeddable":true,"href":"https:\/\/ticsalutsocial.atoom.space\/es\/wp-json\/wp\/v2\/etiqueta?post=4136"},{"taxonomy":"tipus","embeddable":true,"href":"https:\/\/ticsalutsocial.atoom.space\/es\/wp-json\/wp\/v2\/tipus?post=4136"},{"taxonomy":"topic","embeddable":true,"href":"https:\/\/ticsalutsocial.atoom.space\/es\/wp-json\/wp\/v2\/topic?post=4136"}],"curies":[{"name":"wp","href":"https:\/\/api.w.org\/{rel}","templated":true}]}}