
{"id":4142,"date":"2019-10-11T13:39:42","date_gmt":"2019-10-11T11:39:42","guid":{"rendered":"https:\/\/ticsalutsocial.atoom.space\/?post_type=noticia&#038;p=4142"},"modified":"2021-07-21T15:43:40","modified_gmt":"2021-07-21T13:43:40","slug":"finaliza-el-proyecto-trillium-ii","status":"publish","type":"noticia","link":"https:\/\/ticsalutsocial.atoom.space\/es\/noticia\/finaliza-el-proyecto-trillium-ii\/","title":{"rendered":"Finaliza el proyecto Trillium II"},"content":{"rendered":"<p>La revisi\u00f3n final del <a href=\"https:\/\/ticsalutsocial.atoom.space\/es\/area\/oficina-de-proyectos\/\" target=\"_blank\" rel=\"noopener\">proyecto Trillium 2<\/a> que se realiz\u00f3 el <a href=\"https:\/\/ticsalutsocial.atoom.space\/actualitat\/realitzada-la-reunio-de-tancament-del-projecte-trillium-ii-a-luxemburg\/\" target=\"_blank\" rel=\"noopener\">pasado 4 de Septiembre en Luxemburgo<\/a> ha obtenido los resultados definitivos recogidos en un informe emitido por la Comisi\u00f3n Europea.<\/p>\n<p>En las valoraciones generales recogidas en este informe final destacan diferentes recomendaciones para mejorar y completar algunos entregables, as\u00ed como recomendaciones para futuras iniciativas que puedan estar relacionadas con el Resumen Internacional del Paciente (IPS).<\/p>\n<p>Se destaca que el proyecto ha logrado la mayor\u00eda de sus objetivos e hitos durante el periodo establecido. Valora positivamente como el consorcio ha obtenido resultados y visiones de diferentes ejercicios, incluyendo las investigaciones realizadas, m\u00e1s de 18 talleres, actos y conferencias o eventos interactivos como por ejemplo hackathones y pilotos en directo.<\/p>\n<p>Gracias a varios entregables t\u00e9cnicos, se han podido compartir resultados que se pueden explotar mediante la publicaci\u00f3n en herramientas espec\u00edficas como ArtDEcor y Simplifier oi la Gu\u00eda de implementaci\u00f3n de HL7 FHIR sobre la IPS.<\/p>\n","protected":false},"author":21,"featured_media":4139,"menu_order":0,"template":"","meta":{"_acf_changed":false,"inline_featured_image":false},"etiqueta":[],"tipus":[84],"topic":[117,130],"class_list":["post-4142","noticia","type-noticia","status-publish","has-post-thumbnail","hentry","tipus-oficina-interoperabilidad","topic-jornadas","topic-la-fundacion"],"acf":{"imatge":4141,"autor":"David Rodriguez"},"yoast_head":"<!-- This site is optimized with the Yoast SEO plugin v27.1.1 - https:\/\/yoast.com\/product\/yoast-seo-wordpress\/ -->\n<title>Finaliza el proyecto Trillium II - Fundaci\u00f3 TIC Salut i Social<\/title>\n<meta name=\"robots\" content=\"index, follow, max-snippet:-1, max-image-preview:large, max-video-preview:-1\" \/>\n<link rel=\"canonical\" href=\"https:\/\/ticsalutsocial.atoom.space\/es\/noticia\/finaliza-el-proyecto-trillium-ii\/\" \/>\n<meta property=\"og:locale\" content=\"es_ES\" \/>\n<meta property=\"og:type\" content=\"article\" \/>\n<meta property=\"og:title\" content=\"Finaliza el proyecto Trillium II - Fundaci\u00f3 TIC Salut i Social\" \/>\n<meta property=\"og:description\" content=\"La revisi\u00f3n final del proyecto Trillium 2 que se realiz\u00f3 el pasado 4 de Septiembre en Luxemburgo ha obtenido los resultados definitivos recogidos en un informe emitido por la Comisi\u00f3n Europea. En las valoraciones generales recogidas en este informe final destacan diferentes recomendaciones para mejorar y completar algunos entregables, as\u00ed como recomendaciones para futuras iniciativas [&hellip;]\" \/>\n<meta property=\"og:url\" content=\"https:\/\/ticsalutsocial.atoom.space\/es\/noticia\/finaliza-el-proyecto-trillium-ii\/\" \/>\n<meta property=\"og:site_name\" content=\"Fundaci\u00f3 TIC Salut i Social\" \/>\n<meta property=\"article:modified_time\" content=\"2021-07-21T13:43:40+00:00\" \/>\n<meta property=\"og:image\" content=\"https:\/\/ticsalutsocial.atoom.space\/wp-content\/uploads\/2019\/10\/everaldo-coelho-2gw4s08kd-8-unsplash-scaled.jpg\" \/>\n\t<meta property=\"og:image:width\" content=\"2560\" \/>\n\t<meta property=\"og:image:height\" content=\"1440\" \/>\n\t<meta property=\"og:image:type\" content=\"image\/jpeg\" \/>\n<meta name=\"twitter:card\" content=\"summary_large_image\" \/>\n<meta name=\"twitter:label1\" content=\"Tiempo de lectura\" \/>\n\t<meta name=\"twitter:data1\" content=\"1 minuto\" \/>\n<script type=\"application\/ld+json\" class=\"yoast-schema-graph\">{\"@context\":\"https:\/\/schema.org\",\"@graph\":[{\"@type\":\"WebPage\",\"@id\":\"https:\/\/ticsalutsocial.atoom.space\/es\/noticia\/finaliza-el-proyecto-trillium-ii\/\",\"url\":\"https:\/\/ticsalutsocial.atoom.space\/es\/noticia\/finaliza-el-proyecto-trillium-ii\/\",\"name\":\"Finaliza el proyecto Trillium II - Fundaci\u00f3 TIC Salut i Social\",\"isPartOf\":{\"@id\":\"https:\/\/ticsalutsocial.atoom.space\/es\/#website\"},\"primaryImageOfPage\":{\"@id\":\"https:\/\/ticsalutsocial.atoom.space\/es\/noticia\/finaliza-el-proyecto-trillium-ii\/#primaryimage\"},\"image\":{\"@id\":\"https:\/\/ticsalutsocial.atoom.space\/es\/noticia\/finaliza-el-proyecto-trillium-ii\/#primaryimage\"},\"thumbnailUrl\":\"https:\/\/ticsalutsocial.atoom.space\/wp-content\/uploads\/2019\/10\/everaldo-coelho-2gw4s08kd-8-unsplash-scaled.jpg\",\"datePublished\":\"2019-10-11T11:39:42+00:00\",\"dateModified\":\"2021-07-21T13:43:40+00:00\",\"breadcrumb\":{\"@id\":\"https:\/\/ticsalutsocial.atoom.space\/es\/noticia\/finaliza-el-proyecto-trillium-ii\/#breadcrumb\"},\"inLanguage\":\"es\",\"potentialAction\":[{\"@type\":\"ReadAction\",\"target\":[\"https:\/\/ticsalutsocial.atoom.space\/es\/noticia\/finaliza-el-proyecto-trillium-ii\/\"]}]},{\"@type\":\"ImageObject\",\"inLanguage\":\"es\",\"@id\":\"https:\/\/ticsalutsocial.atoom.space\/es\/noticia\/finaliza-el-proyecto-trillium-ii\/#primaryimage\",\"url\":\"https:\/\/ticsalutsocial.atoom.space\/wp-content\/uploads\/2019\/10\/everaldo-coelho-2gw4s08kd-8-unsplash-scaled.jpg\",\"contentUrl\":\"https:\/\/ticsalutsocial.atoom.space\/wp-content\/uploads\/2019\/10\/everaldo-coelho-2gw4s08kd-8-unsplash-scaled.jpg\",\"width\":2560,\"height\":1440},{\"@type\":\"BreadcrumbList\",\"@id\":\"https:\/\/ticsalutsocial.atoom.space\/es\/noticia\/finaliza-el-proyecto-trillium-ii\/#breadcrumb\",\"itemListElement\":[{\"@type\":\"ListItem\",\"position\":1,\"name\":\"Inici\",\"item\":\"https:\/\/ticsalutsocial.atoom.space\/es\/\"},{\"@type\":\"ListItem\",\"position\":2,\"name\":\"Finaliza el proyecto Trillium II\"}]},{\"@type\":\"WebSite\",\"@id\":\"https:\/\/ticsalutsocial.atoom.space\/es\/#website\",\"url\":\"https:\/\/ticsalutsocial.atoom.space\/es\/\",\"name\":\"Fundaci\u00f3 TIC Salut i Social\",\"description\":\"\",\"potentialAction\":[{\"@type\":\"SearchAction\",\"target\":{\"@type\":\"EntryPoint\",\"urlTemplate\":\"https:\/\/ticsalutsocial.atoom.space\/es\/?s={search_term_string}\"},\"query-input\":{\"@type\":\"PropertyValueSpecification\",\"valueRequired\":true,\"valueName\":\"search_term_string\"}}],\"inLanguage\":\"es\"}]}<\/script>\n<!-- \/ Yoast SEO plugin. -->","yoast_head_json":{"title":"Finaliza el proyecto Trillium II - Fundaci\u00f3 TIC Salut i Social","robots":{"index":"index","follow":"follow","max-snippet":"max-snippet:-1","max-image-preview":"max-image-preview:large","max-video-preview":"max-video-preview:-1"},"canonical":"https:\/\/ticsalutsocial.atoom.space\/es\/noticia\/finaliza-el-proyecto-trillium-ii\/","og_locale":"es_ES","og_type":"article","og_title":"Finaliza el proyecto Trillium II - Fundaci\u00f3 TIC Salut i Social","og_description":"La revisi\u00f3n final del proyecto Trillium 2 que se realiz\u00f3 el pasado 4 de Septiembre en Luxemburgo ha obtenido los resultados definitivos recogidos en un informe emitido por la Comisi\u00f3n Europea. En las valoraciones generales recogidas en este informe final destacan diferentes recomendaciones para mejorar y completar algunos entregables, as\u00ed como recomendaciones para futuras iniciativas [&hellip;]","og_url":"https:\/\/ticsalutsocial.atoom.space\/es\/noticia\/finaliza-el-proyecto-trillium-ii\/","og_site_name":"Fundaci\u00f3 TIC Salut i Social","article_modified_time":"2021-07-21T13:43:40+00:00","og_image":[{"width":2560,"height":1440,"url":"https:\/\/ticsalutsocial.atoom.space\/wp-content\/uploads\/2019\/10\/everaldo-coelho-2gw4s08kd-8-unsplash-scaled.jpg","type":"image\/jpeg"}],"twitter_card":"summary_large_image","twitter_misc":{"Tiempo de lectura":"1 minuto"},"schema":{"@context":"https:\/\/schema.org","@graph":[{"@type":"WebPage","@id":"https:\/\/ticsalutsocial.atoom.space\/es\/noticia\/finaliza-el-proyecto-trillium-ii\/","url":"https:\/\/ticsalutsocial.atoom.space\/es\/noticia\/finaliza-el-proyecto-trillium-ii\/","name":"Finaliza el proyecto Trillium II - Fundaci\u00f3 TIC Salut i Social","isPartOf":{"@id":"https:\/\/ticsalutsocial.atoom.space\/es\/#website"},"primaryImageOfPage":{"@id":"https:\/\/ticsalutsocial.atoom.space\/es\/noticia\/finaliza-el-proyecto-trillium-ii\/#primaryimage"},"image":{"@id":"https:\/\/ticsalutsocial.atoom.space\/es\/noticia\/finaliza-el-proyecto-trillium-ii\/#primaryimage"},"thumbnailUrl":"https:\/\/ticsalutsocial.atoom.space\/wp-content\/uploads\/2019\/10\/everaldo-coelho-2gw4s08kd-8-unsplash-scaled.jpg","datePublished":"2019-10-11T11:39:42+00:00","dateModified":"2021-07-21T13:43:40+00:00","breadcrumb":{"@id":"https:\/\/ticsalutsocial.atoom.space\/es\/noticia\/finaliza-el-proyecto-trillium-ii\/#breadcrumb"},"inLanguage":"es","potentialAction":[{"@type":"ReadAction","target":["https:\/\/ticsalutsocial.atoom.space\/es\/noticia\/finaliza-el-proyecto-trillium-ii\/"]}]},{"@type":"ImageObject","inLanguage":"es","@id":"https:\/\/ticsalutsocial.atoom.space\/es\/noticia\/finaliza-el-proyecto-trillium-ii\/#primaryimage","url":"https:\/\/ticsalutsocial.atoom.space\/wp-content\/uploads\/2019\/10\/everaldo-coelho-2gw4s08kd-8-unsplash-scaled.jpg","contentUrl":"https:\/\/ticsalutsocial.atoom.space\/wp-content\/uploads\/2019\/10\/everaldo-coelho-2gw4s08kd-8-unsplash-scaled.jpg","width":2560,"height":1440},{"@type":"BreadcrumbList","@id":"https:\/\/ticsalutsocial.atoom.space\/es\/noticia\/finaliza-el-proyecto-trillium-ii\/#breadcrumb","itemListElement":[{"@type":"ListItem","position":1,"name":"Inici","item":"https:\/\/ticsalutsocial.atoom.space\/es\/"},{"@type":"ListItem","position":2,"name":"Finaliza el proyecto Trillium II"}]},{"@type":"WebSite","@id":"https:\/\/ticsalutsocial.atoom.space\/es\/#website","url":"https:\/\/ticsalutsocial.atoom.space\/es\/","name":"Fundaci\u00f3 TIC Salut i Social","description":"","potentialAction":[{"@type":"SearchAction","target":{"@type":"EntryPoint","urlTemplate":"https:\/\/ticsalutsocial.atoom.space\/es\/?s={search_term_string}"},"query-input":{"@type":"PropertyValueSpecification","valueRequired":true,"valueName":"search_term_string"}}],"inLanguage":"es"}]}},"_links":{"self":[{"href":"https:\/\/ticsalutsocial.atoom.space\/es\/wp-json\/wp\/v2\/noticia\/4142","targetHints":{"allow":["GET"]}}],"collection":[{"href":"https:\/\/ticsalutsocial.atoom.space\/es\/wp-json\/wp\/v2\/noticia"}],"about":[{"href":"https:\/\/ticsalutsocial.atoom.space\/es\/wp-json\/wp\/v2\/types\/noticia"}],"author":[{"embeddable":true,"href":"https:\/\/ticsalutsocial.atoom.space\/es\/wp-json\/wp\/v2\/users\/21"}],"wp:featuredmedia":[{"embeddable":true,"href":"https:\/\/ticsalutsocial.atoom.space\/es\/wp-json\/wp\/v2\/media\/4139"}],"wp:attachment":[{"href":"https:\/\/ticsalutsocial.atoom.space\/es\/wp-json\/wp\/v2\/media?parent=4142"}],"wp:term":[{"taxonomy":"etiqueta","embeddable":true,"href":"https:\/\/ticsalutsocial.atoom.space\/es\/wp-json\/wp\/v2\/etiqueta?post=4142"},{"taxonomy":"tipus","embeddable":true,"href":"https:\/\/ticsalutsocial.atoom.space\/es\/wp-json\/wp\/v2\/tipus?post=4142"},{"taxonomy":"topic","embeddable":true,"href":"https:\/\/ticsalutsocial.atoom.space\/es\/wp-json\/wp\/v2\/topic?post=4142"}],"curies":[{"name":"wp","href":"https:\/\/api.w.org\/{rel}","templated":true}]}}