
{"id":4149,"date":"2019-10-15T12:51:30","date_gmt":"2019-10-15T10:51:30","guid":{"rendered":"https:\/\/ticsalutsocial.atoom.space\/?post_type=noticia&#038;p=4149"},"modified":"2021-07-21T15:43:44","modified_gmt":"2021-07-21T13:43:44","slug":"disponibles-las-presentanciones-de-la-ultima-edicion-del-xpatient-barcelona-congress","status":"publish","type":"noticia","link":"https:\/\/ticsalutsocial.atoom.space\/es\/noticia\/disponibles-las-presentanciones-de-la-ultima-edicion-del-xpatient-barcelona-congress\/","title":{"rendered":"Disponibles las presentanciones de la \u00faltima edici\u00f3n del XPatient Barcelona Congress"},"content":{"rendered":"<p>El pasado mes de septiembre se celebr\u00f3 una nueva edici\u00f3n del <a href=\"https:\/\/xpatientbcncongress.com\/\">XPatient Barcelona Congress<\/a>, organizado por Eurecat, Hospital Cl\u00ednic de Barcelona, la Fundaci\u00f3 TIC Salut Social y con el impulso de la comunidad de pr\u00e1ctica XPA Barcelona (Experiencia del Paciente). Esta cuarta edici\u00f3n del congreso cont\u00f3 con m\u00e1s de 500 inscritos y puso en valor una veintena de iniciativas innovadoras en el empoderamiento del paciente y del cuidador para mejorar su experiencia. Compartimos las reflexiones de los organizadores.<\/p>\n<p>Seg\u00fan el director de la Unidad de eHealth de Eurecat, Felip Miralles, \u00abla transformaci\u00f3n digital est\u00e1 aportando nuevas innovaciones tecnol\u00f3gicas ligadas a la nube, en el m\u00f3vil, en la inteligencia artificial y el an\u00e1lisis masivo de datos que permiten que los pacientes puedan aumentar la cantidad y la calidad de las comunicaciones con el personal sanitario \u00ab.<\/p>\n<p>El responsable del Proyecto Experiencia del Paciente del Hospital Cl\u00ednic de Barcelona, \u200b\u200bel <a href=\"https:\/\/www.youtube.com\/watch?v=XkHe5plu1io\">Dr. Joan Escarrabill<\/a>, considera que los cuatro puntos fundamentales del debate de la primera jornada del congreso fueron \u00abla co-creaci\u00f3n de materiales informativos con los pacientes y la gesti\u00f3n de los tiempos de espera, tanto en cuanto a las expectativas como la informaci\u00f3n\u00bb. El responsable del proyecto afirma tambi\u00e9n que \u00abse necesita m\u00e1s tiempo para las decisiones compartidas e informaci\u00f3n para entender las cifras que hablan de probabilidades y riesgos. Finalmente, hacen falta espacios &#8216;seguros&#8217; para poder tratar las faltas de respeto \u00ab.<\/p>\n<p>Finalmente, el director de la Fundaci\u00f3 TIC Salut Social, Josu\u00e8 Sallent, explic\u00f3 que \u00abdesde TIC Salut Social trabajamos para poner al paciente en el centro del sistema de salud, tanto a la hora de dise\u00f1ar los proyectos como en la evaluaci\u00f3n de los procesos . \u00bb En este contexto, \u00abhacerlo de la mano de los profesionales sanitarios y los gestores involucrados es indispensable\u00bb. El XPatient Barcelona Congress ha acogido iniciativas en este \u00e1mbito. Y a\u00f1adi\u00f3: \u00abUn ejemplo son las aplicaciones m\u00f3viles como mecanismo de relaci\u00f3n entre los profesionales sanitarios y los pacientes, en las que se hace visible la participaci\u00f3n de estos \u00faltimos tanto en la concepci\u00f3n como en la valoraci\u00f3n de la app.\u00bb<\/p>\n<p>Los contenidos de las sesiones se pueden consultar en el siguiente <a href=\"https:\/\/xpatientbcncongress.com\/continguts-2019\/\">enlace<\/a>.<\/p>\n","protected":false},"author":21,"featured_media":3510,"menu_order":0,"template":"","meta":{"_acf_changed":false,"inline_featured_image":false},"etiqueta":[],"tipus":[],"topic":[121,123],"class_list":["post-4149","noticia","type-noticia","status-publish","has-post-thumbnail","hentry","topic-dpd-es","topic-actualidad"],"acf":{"imatge":3512,"autor":"Adri\u00e0 G.Font"},"yoast_head":"<!-- This site is optimized with the Yoast SEO plugin v27.1.1 - https:\/\/yoast.com\/product\/yoast-seo-wordpress\/ -->\n<title>Disponibles las presentanciones de la \u00faltima edici\u00f3n del XPatient Barcelona Congress - Fundaci\u00f3 TIC Salut i Social<\/title>\n<meta name=\"robots\" content=\"index, follow, max-snippet:-1, max-image-preview:large, max-video-preview:-1\" \/>\n<link rel=\"canonical\" href=\"https:\/\/ticsalutsocial.atoom.space\/es\/noticia\/disponibles-las-presentanciones-de-la-ultima-edicion-del-xpatient-barcelona-congress\/\" \/>\n<meta property=\"og:locale\" content=\"es_ES\" \/>\n<meta property=\"og:type\" content=\"article\" \/>\n<meta property=\"og:title\" content=\"Disponibles las presentanciones de la \u00faltima edici\u00f3n del XPatient Barcelona Congress - Fundaci\u00f3 TIC Salut i Social\" \/>\n<meta property=\"og:description\" content=\"El pasado mes de septiembre se celebr\u00f3 una nueva edici\u00f3n del XPatient Barcelona Congress, organizado por Eurecat, Hospital Cl\u00ednic de Barcelona, la Fundaci\u00f3 TIC Salut Social y con el impulso de la comunidad de pr\u00e1ctica XPA Barcelona (Experiencia del Paciente). Esta cuarta edici\u00f3n del congreso cont\u00f3 con m\u00e1s de 500 inscritos y puso en valor [&hellip;]\" \/>\n<meta property=\"og:url\" content=\"https:\/\/ticsalutsocial.atoom.space\/es\/noticia\/disponibles-las-presentanciones-de-la-ultima-edicion-del-xpatient-barcelona-congress\/\" \/>\n<meta property=\"og:site_name\" content=\"Fundaci\u00f3 TIC Salut i Social\" \/>\n<meta property=\"article:modified_time\" content=\"2021-07-21T13:43:44+00:00\" \/>\n<meta property=\"og:image\" content=\"https:\/\/ticsalutsocial.atoom.space\/wp-content\/uploads\/2018\/09\/captura-1.png\" \/>\n\t<meta property=\"og:image:width\" content=\"856\" \/>\n\t<meta property=\"og:image:height\" content=\"575\" \/>\n\t<meta property=\"og:image:type\" content=\"image\/png\" \/>\n<meta name=\"twitter:card\" content=\"summary_large_image\" \/>\n<meta name=\"twitter:label1\" content=\"Tiempo de lectura\" \/>\n\t<meta name=\"twitter:data1\" content=\"2 minutos\" \/>\n<script type=\"application\/ld+json\" class=\"yoast-schema-graph\">{\"@context\":\"https:\/\/schema.org\",\"@graph\":[{\"@type\":\"WebPage\",\"@id\":\"https:\/\/ticsalutsocial.atoom.space\/es\/noticia\/disponibles-las-presentanciones-de-la-ultima-edicion-del-xpatient-barcelona-congress\/\",\"url\":\"https:\/\/ticsalutsocial.atoom.space\/es\/noticia\/disponibles-las-presentanciones-de-la-ultima-edicion-del-xpatient-barcelona-congress\/\",\"name\":\"Disponibles las presentanciones de la \u00faltima edici\u00f3n del XPatient Barcelona Congress - Fundaci\u00f3 TIC Salut i Social\",\"isPartOf\":{\"@id\":\"https:\/\/ticsalutsocial.atoom.space\/es\/#website\"},\"primaryImageOfPage\":{\"@id\":\"https:\/\/ticsalutsocial.atoom.space\/es\/noticia\/disponibles-las-presentanciones-de-la-ultima-edicion-del-xpatient-barcelona-congress\/#primaryimage\"},\"image\":{\"@id\":\"https:\/\/ticsalutsocial.atoom.space\/es\/noticia\/disponibles-las-presentanciones-de-la-ultima-edicion-del-xpatient-barcelona-congress\/#primaryimage\"},\"thumbnailUrl\":\"https:\/\/ticsalutsocial.atoom.space\/wp-content\/uploads\/2018\/09\/captura-1.png\",\"datePublished\":\"2019-10-15T10:51:30+00:00\",\"dateModified\":\"2021-07-21T13:43:44+00:00\",\"breadcrumb\":{\"@id\":\"https:\/\/ticsalutsocial.atoom.space\/es\/noticia\/disponibles-las-presentanciones-de-la-ultima-edicion-del-xpatient-barcelona-congress\/#breadcrumb\"},\"inLanguage\":\"es\",\"potentialAction\":[{\"@type\":\"ReadAction\",\"target\":[\"https:\/\/ticsalutsocial.atoom.space\/es\/noticia\/disponibles-las-presentanciones-de-la-ultima-edicion-del-xpatient-barcelona-congress\/\"]}]},{\"@type\":\"ImageObject\",\"inLanguage\":\"es\",\"@id\":\"https:\/\/ticsalutsocial.atoom.space\/es\/noticia\/disponibles-las-presentanciones-de-la-ultima-edicion-del-xpatient-barcelona-congress\/#primaryimage\",\"url\":\"https:\/\/ticsalutsocial.atoom.space\/wp-content\/uploads\/2018\/09\/captura-1.png\",\"contentUrl\":\"https:\/\/ticsalutsocial.atoom.space\/wp-content\/uploads\/2018\/09\/captura-1.png\",\"width\":856,\"height\":575},{\"@type\":\"BreadcrumbList\",\"@id\":\"https:\/\/ticsalutsocial.atoom.space\/es\/noticia\/disponibles-las-presentanciones-de-la-ultima-edicion-del-xpatient-barcelona-congress\/#breadcrumb\",\"itemListElement\":[{\"@type\":\"ListItem\",\"position\":1,\"name\":\"Inici\",\"item\":\"https:\/\/ticsalutsocial.atoom.space\/es\/\"},{\"@type\":\"ListItem\",\"position\":2,\"name\":\"Disponibles las presentanciones de la \u00faltima edici\u00f3n del XPatient Barcelona Congress\"}]},{\"@type\":\"WebSite\",\"@id\":\"https:\/\/ticsalutsocial.atoom.space\/es\/#website\",\"url\":\"https:\/\/ticsalutsocial.atoom.space\/es\/\",\"name\":\"Fundaci\u00f3 TIC Salut i Social\",\"description\":\"\",\"potentialAction\":[{\"@type\":\"SearchAction\",\"target\":{\"@type\":\"EntryPoint\",\"urlTemplate\":\"https:\/\/ticsalutsocial.atoom.space\/es\/?s={search_term_string}\"},\"query-input\":{\"@type\":\"PropertyValueSpecification\",\"valueRequired\":true,\"valueName\":\"search_term_string\"}}],\"inLanguage\":\"es\"}]}<\/script>\n<!-- \/ Yoast SEO plugin. -->","yoast_head_json":{"title":"Disponibles las presentanciones de la \u00faltima edici\u00f3n del XPatient Barcelona Congress - Fundaci\u00f3 TIC Salut i Social","robots":{"index":"index","follow":"follow","max-snippet":"max-snippet:-1","max-image-preview":"max-image-preview:large","max-video-preview":"max-video-preview:-1"},"canonical":"https:\/\/ticsalutsocial.atoom.space\/es\/noticia\/disponibles-las-presentanciones-de-la-ultima-edicion-del-xpatient-barcelona-congress\/","og_locale":"es_ES","og_type":"article","og_title":"Disponibles las presentanciones de la \u00faltima edici\u00f3n del XPatient Barcelona Congress - Fundaci\u00f3 TIC Salut i Social","og_description":"El pasado mes de septiembre se celebr\u00f3 una nueva edici\u00f3n del XPatient Barcelona Congress, organizado por Eurecat, Hospital Cl\u00ednic de Barcelona, la Fundaci\u00f3 TIC Salut Social y con el impulso de la comunidad de pr\u00e1ctica XPA Barcelona (Experiencia del Paciente). Esta cuarta edici\u00f3n del congreso cont\u00f3 con m\u00e1s de 500 inscritos y puso en valor [&hellip;]","og_url":"https:\/\/ticsalutsocial.atoom.space\/es\/noticia\/disponibles-las-presentanciones-de-la-ultima-edicion-del-xpatient-barcelona-congress\/","og_site_name":"Fundaci\u00f3 TIC Salut i Social","article_modified_time":"2021-07-21T13:43:44+00:00","og_image":[{"width":856,"height":575,"url":"https:\/\/ticsalutsocial.atoom.space\/wp-content\/uploads\/2018\/09\/captura-1.png","type":"image\/png"}],"twitter_card":"summary_large_image","twitter_misc":{"Tiempo de lectura":"2 minutos"},"schema":{"@context":"https:\/\/schema.org","@graph":[{"@type":"WebPage","@id":"https:\/\/ticsalutsocial.atoom.space\/es\/noticia\/disponibles-las-presentanciones-de-la-ultima-edicion-del-xpatient-barcelona-congress\/","url":"https:\/\/ticsalutsocial.atoom.space\/es\/noticia\/disponibles-las-presentanciones-de-la-ultima-edicion-del-xpatient-barcelona-congress\/","name":"Disponibles las presentanciones de la \u00faltima edici\u00f3n del XPatient Barcelona Congress - Fundaci\u00f3 TIC Salut i Social","isPartOf":{"@id":"https:\/\/ticsalutsocial.atoom.space\/es\/#website"},"primaryImageOfPage":{"@id":"https:\/\/ticsalutsocial.atoom.space\/es\/noticia\/disponibles-las-presentanciones-de-la-ultima-edicion-del-xpatient-barcelona-congress\/#primaryimage"},"image":{"@id":"https:\/\/ticsalutsocial.atoom.space\/es\/noticia\/disponibles-las-presentanciones-de-la-ultima-edicion-del-xpatient-barcelona-congress\/#primaryimage"},"thumbnailUrl":"https:\/\/ticsalutsocial.atoom.space\/wp-content\/uploads\/2018\/09\/captura-1.png","datePublished":"2019-10-15T10:51:30+00:00","dateModified":"2021-07-21T13:43:44+00:00","breadcrumb":{"@id":"https:\/\/ticsalutsocial.atoom.space\/es\/noticia\/disponibles-las-presentanciones-de-la-ultima-edicion-del-xpatient-barcelona-congress\/#breadcrumb"},"inLanguage":"es","potentialAction":[{"@type":"ReadAction","target":["https:\/\/ticsalutsocial.atoom.space\/es\/noticia\/disponibles-las-presentanciones-de-la-ultima-edicion-del-xpatient-barcelona-congress\/"]}]},{"@type":"ImageObject","inLanguage":"es","@id":"https:\/\/ticsalutsocial.atoom.space\/es\/noticia\/disponibles-las-presentanciones-de-la-ultima-edicion-del-xpatient-barcelona-congress\/#primaryimage","url":"https:\/\/ticsalutsocial.atoom.space\/wp-content\/uploads\/2018\/09\/captura-1.png","contentUrl":"https:\/\/ticsalutsocial.atoom.space\/wp-content\/uploads\/2018\/09\/captura-1.png","width":856,"height":575},{"@type":"BreadcrumbList","@id":"https:\/\/ticsalutsocial.atoom.space\/es\/noticia\/disponibles-las-presentanciones-de-la-ultima-edicion-del-xpatient-barcelona-congress\/#breadcrumb","itemListElement":[{"@type":"ListItem","position":1,"name":"Inici","item":"https:\/\/ticsalutsocial.atoom.space\/es\/"},{"@type":"ListItem","position":2,"name":"Disponibles las presentanciones de la \u00faltima edici\u00f3n del XPatient Barcelona Congress"}]},{"@type":"WebSite","@id":"https:\/\/ticsalutsocial.atoom.space\/es\/#website","url":"https:\/\/ticsalutsocial.atoom.space\/es\/","name":"Fundaci\u00f3 TIC Salut i Social","description":"","potentialAction":[{"@type":"SearchAction","target":{"@type":"EntryPoint","urlTemplate":"https:\/\/ticsalutsocial.atoom.space\/es\/?s={search_term_string}"},"query-input":{"@type":"PropertyValueSpecification","valueRequired":true,"valueName":"search_term_string"}}],"inLanguage":"es"}]}},"_links":{"self":[{"href":"https:\/\/ticsalutsocial.atoom.space\/es\/wp-json\/wp\/v2\/noticia\/4149","targetHints":{"allow":["GET"]}}],"collection":[{"href":"https:\/\/ticsalutsocial.atoom.space\/es\/wp-json\/wp\/v2\/noticia"}],"about":[{"href":"https:\/\/ticsalutsocial.atoom.space\/es\/wp-json\/wp\/v2\/types\/noticia"}],"author":[{"embeddable":true,"href":"https:\/\/ticsalutsocial.atoom.space\/es\/wp-json\/wp\/v2\/users\/21"}],"wp:featuredmedia":[{"embeddable":true,"href":"https:\/\/ticsalutsocial.atoom.space\/es\/wp-json\/wp\/v2\/media\/3510"}],"wp:attachment":[{"href":"https:\/\/ticsalutsocial.atoom.space\/es\/wp-json\/wp\/v2\/media?parent=4149"}],"wp:term":[{"taxonomy":"etiqueta","embeddable":true,"href":"https:\/\/ticsalutsocial.atoom.space\/es\/wp-json\/wp\/v2\/etiqueta?post=4149"},{"taxonomy":"tipus","embeddable":true,"href":"https:\/\/ticsalutsocial.atoom.space\/es\/wp-json\/wp\/v2\/tipus?post=4149"},{"taxonomy":"topic","embeddable":true,"href":"https:\/\/ticsalutsocial.atoom.space\/es\/wp-json\/wp\/v2\/topic?post=4149"}],"curies":[{"name":"wp","href":"https:\/\/api.w.org\/{rel}","templated":true}]}}