
{"id":4158,"date":"2019-11-05T08:42:46","date_gmt":"2019-11-05T06:42:46","guid":{"rendered":"https:\/\/ticsalutsocial.atoom.space\/?post_type=noticia&#038;p=4158"},"modified":"2021-07-21T15:43:47","modified_gmt":"2021-07-21T13:43:47","slug":"ya-esta-disponible-la-guia-de-privacidad-para-incluir-criterios-de-proteccion-de-datos-en-el-diseno-de-productos-y-servicios-sanitarios","status":"publish","type":"noticia","link":"https:\/\/ticsalutsocial.atoom.space\/es\/noticia\/ya-esta-disponible-la-guia-de-privacidad-para-incluir-criterios-de-proteccion-de-datos-en-el-diseno-de-productos-y-servicios-sanitarios\/","title":{"rendered":"Ya est\u00e1 disponible la Gu\u00eda de Privacidad para incluir criterios de protecci\u00f3n de datos en el dise\u00f1o de productos y servicios sanitarios"},"content":{"rendered":"<p>La Agencia Espa\u00f1ola de Protecci\u00f3n de Datos (AEPD) ha publicado recientemente la <strong>Gu\u00eda de Privacidad<\/strong> para el dise\u00f1o con el objetivo de proporcionar pautas que faciliten la incorporaci\u00f3n de los principios de protecci\u00f3n de datos y los requisitos de privacidad a nuevos productos o servicios desde el momento en el que se empiezan a dise\u00f1ar. La Gu\u00eda est\u00e1 dirigida a responsables y otros actores que intervienen en el tratamiento de datos personales, tales como proveedores y prestadores de servicios, desarrolladores de productos y aplicaciones o fabricantes de dispositivos.<\/p>\n<p>&nbsp;<\/p>\n<p>A pesar de que el concepto de privacidad desde el dise\u00f1o ya fue aceptado en la 32 Conferencia Internacional de Comisionados de Protecci\u00f3n de Datos y Privacidad, es el Reglamento General de Protecci\u00f3n de Datos (RGPD) el que le ha conferido la categor\u00eda de requisito legal, al incorporar en su art\u00edculo 25 la pr\u00e1ctica de considerar los requisitos de privacidad desde las primeras etapas del dise\u00f1o de productos y servicios. El objetivo de la privacidad desde el dise\u00f1o pretende que la protecci\u00f3n de datos est\u00e9 presente desde el inicio de los nuevos desarrollos y no sea una capa a\u00f1adida una vez finalizada. Se pretende pues que forme parte integral del producto (hardware o software), sistema, servicio o proceso.<\/p>\n<p>&nbsp;<\/p>\n<p>El documento define el concepto y los principios de la privacidad desde el dise\u00f1o, as\u00ed como los requisitos que tiene que reunir el producto o servicio para garantizar esta privacidad. Analiza el concepto de ingenier\u00eda de privacidad, un proceso que tiene por objeto traducir los principios de privacidad desde el dise\u00f1o en medidas concretas, tanto en la fase de concepci\u00f3n del producto o servicio como en la de desarrollo. Tambi\u00e9n aborda las diferentes estrategias de dise\u00f1o de la privacidad, algunas de las cuales est\u00e1n orientadas al tratamiento de datos (minimizar, ocultar, separar y abstraer) mientras que otras est\u00e1n dirigidas a definir procesos para una gesti\u00f3n responsable de los datos personales (informar, controlar, cumplir y demostrar). As\u00ed mismo, dedica un apartado a clasificar las tecnolog\u00edas de privacidad mejorada o PETs (Privacy Enhancing Technologies), entre otros aspectos. Por \u00faltimo, la AEPD pone de manifiesto en la Gu\u00eda que asegurar la privacidad y establecer un marco que garantice la protecci\u00f3n de datos no representa un obst\u00e1culo para la innovaci\u00f3n sino que ofrece ventajas y oportunidades tanto para las organizaciones como para el mercado y la sociedad en su conjunto. As\u00ed mismo, recuerda que la privacidad desde el dise\u00f1o es una obligaci\u00f3n sea como fuere la forma de desarrollo, adquisici\u00f3n o subcontrataci\u00f3n del sistema, producto o servicio y no pudiendo delegar completamente la responsabilidad en fabricantes y encargados.<\/p>\n<p>&nbsp;<\/p>\n<p>En estos casos, el Delegado de Protecci\u00f3n de Datos (DPD) juega un papel fundamental en la implementaci\u00f3n de esta estrategia, asesorando al responsable y supervisando el cumplimiento de la normativa de protecci\u00f3n de datos dentro de la organizaci\u00f3n. Tambi\u00e9n resulta efectiva la implementaci\u00f3n de modelos de gesti\u00f3n de la privacidad como el propuesto por la reciente norma ISO\/IEC 27701:2019 que especifica los requisitos y proporciona orientaci\u00f3n para establecer, implementar, mantener y mejorar de manera contin\u00faa un sistema de gesti\u00f3n de informaci\u00f3n de la privacidad (PIMS, PrivacyInformation Management System).<\/p>\n<p>Para m\u00e1s informaci\u00f3n pod\u00e9is consultar la Gu\u00eda Pr\u00e1ctica sobre la evaluaci\u00f3n de impacto relativa a la protecci\u00f3n de datos y la plantilla de evaluaci\u00f3n de impacto relativa a la protecci\u00f3n de datos en el siguiente <a href=\"https:\/\/www.aepd.es\/media\/guias\/guia-privacidad-desde-diseno.pdf\" target=\"_blank\" rel=\"noopener noreferrer\">enllace<\/a><\/p>\n","protected":false},"author":21,"featured_media":4155,"menu_order":0,"template":"","meta":{"_acf_changed":false,"inline_featured_image":false},"etiqueta":[],"tipus":[106],"topic":[113],"class_list":["post-4158","noticia","type-noticia","status-publish","has-post-thumbnail","hentry","tipus-dpd-salud","topic-transformacion-digital"],"acf":{"imatge":4157,"autor":"TIC Salut Social","textos_destacats":[{"texte":"Como incluir criterios de protecci\u00f3n de datos en el dise\u00f1o de productos y servicios sanitarios"}]},"yoast_head":"<!-- This site is optimized with the Yoast SEO plugin v27.1.1 - https:\/\/yoast.com\/product\/yoast-seo-wordpress\/ -->\n<title>Ya est\u00e1 disponible la Gu\u00eda de Privacidad para incluir criterios de protecci\u00f3n de datos en el dise\u00f1o de productos y servicios sanitarios - Fundaci\u00f3 TIC Salut i Social<\/title>\n<meta name=\"robots\" content=\"index, follow, max-snippet:-1, max-image-preview:large, max-video-preview:-1\" \/>\n<link rel=\"canonical\" href=\"https:\/\/ticsalutsocial.atoom.space\/es\/noticia\/ya-esta-disponible-la-guia-de-privacidad-para-incluir-criterios-de-proteccion-de-datos-en-el-diseno-de-productos-y-servicios-sanitarios\/\" \/>\n<meta property=\"og:locale\" content=\"es_ES\" \/>\n<meta property=\"og:type\" content=\"article\" \/>\n<meta property=\"og:title\" content=\"Ya est\u00e1 disponible la Gu\u00eda de Privacidad para incluir criterios de protecci\u00f3n de datos en el dise\u00f1o de productos y servicios sanitarios - Fundaci\u00f3 TIC Salut i Social\" \/>\n<meta property=\"og:description\" content=\"La Agencia Espa\u00f1ola de Protecci\u00f3n de Datos (AEPD) ha publicado recientemente la Gu\u00eda de Privacidad para el dise\u00f1o con el objetivo de proporcionar pautas que faciliten la incorporaci\u00f3n de los principios de protecci\u00f3n de datos y los requisitos de privacidad a nuevos productos o servicios desde el momento en el que se empiezan a dise\u00f1ar. [&hellip;]\" \/>\n<meta property=\"og:url\" content=\"https:\/\/ticsalutsocial.atoom.space\/es\/noticia\/ya-esta-disponible-la-guia-de-privacidad-para-incluir-criterios-de-proteccion-de-datos-en-el-diseno-de-productos-y-servicios-sanitarios\/\" \/>\n<meta property=\"og:site_name\" content=\"Fundaci\u00f3 TIC Salut i Social\" \/>\n<meta property=\"article:modified_time\" content=\"2021-07-21T13:43:47+00:00\" \/>\n<meta property=\"og:image\" content=\"https:\/\/ticsalutsocial.atoom.space\/wp-content\/uploads\/2019\/11\/micah-williams-lmfjox7hpc4-unsplash-scaled.jpg\" \/>\n\t<meta property=\"og:image:width\" content=\"2560\" \/>\n\t<meta property=\"og:image:height\" content=\"1707\" \/>\n\t<meta property=\"og:image:type\" content=\"image\/jpeg\" \/>\n<meta name=\"twitter:card\" content=\"summary_large_image\" \/>\n<meta name=\"twitter:label1\" content=\"Tiempo de lectura\" \/>\n\t<meta name=\"twitter:data1\" content=\"3 minutos\" \/>\n<script type=\"application\/ld+json\" class=\"yoast-schema-graph\">{\"@context\":\"https:\/\/schema.org\",\"@graph\":[{\"@type\":\"WebPage\",\"@id\":\"https:\/\/ticsalutsocial.atoom.space\/es\/noticia\/ya-esta-disponible-la-guia-de-privacidad-para-incluir-criterios-de-proteccion-de-datos-en-el-diseno-de-productos-y-servicios-sanitarios\/\",\"url\":\"https:\/\/ticsalutsocial.atoom.space\/es\/noticia\/ya-esta-disponible-la-guia-de-privacidad-para-incluir-criterios-de-proteccion-de-datos-en-el-diseno-de-productos-y-servicios-sanitarios\/\",\"name\":\"Ya est\u00e1 disponible la Gu\u00eda de Privacidad para incluir criterios de protecci\u00f3n de datos en el dise\u00f1o de productos y servicios sanitarios - Fundaci\u00f3 TIC Salut i Social\",\"isPartOf\":{\"@id\":\"https:\/\/ticsalutsocial.atoom.space\/es\/#website\"},\"primaryImageOfPage\":{\"@id\":\"https:\/\/ticsalutsocial.atoom.space\/es\/noticia\/ya-esta-disponible-la-guia-de-privacidad-para-incluir-criterios-de-proteccion-de-datos-en-el-diseno-de-productos-y-servicios-sanitarios\/#primaryimage\"},\"image\":{\"@id\":\"https:\/\/ticsalutsocial.atoom.space\/es\/noticia\/ya-esta-disponible-la-guia-de-privacidad-para-incluir-criterios-de-proteccion-de-datos-en-el-diseno-de-productos-y-servicios-sanitarios\/#primaryimage\"},\"thumbnailUrl\":\"https:\/\/ticsalutsocial.atoom.space\/wp-content\/uploads\/2019\/11\/micah-williams-lmfjox7hpc4-unsplash-scaled.jpg\",\"datePublished\":\"2019-11-05T06:42:46+00:00\",\"dateModified\":\"2021-07-21T13:43:47+00:00\",\"breadcrumb\":{\"@id\":\"https:\/\/ticsalutsocial.atoom.space\/es\/noticia\/ya-esta-disponible-la-guia-de-privacidad-para-incluir-criterios-de-proteccion-de-datos-en-el-diseno-de-productos-y-servicios-sanitarios\/#breadcrumb\"},\"inLanguage\":\"es\",\"potentialAction\":[{\"@type\":\"ReadAction\",\"target\":[\"https:\/\/ticsalutsocial.atoom.space\/es\/noticia\/ya-esta-disponible-la-guia-de-privacidad-para-incluir-criterios-de-proteccion-de-datos-en-el-diseno-de-productos-y-servicios-sanitarios\/\"]}]},{\"@type\":\"ImageObject\",\"inLanguage\":\"es\",\"@id\":\"https:\/\/ticsalutsocial.atoom.space\/es\/noticia\/ya-esta-disponible-la-guia-de-privacidad-para-incluir-criterios-de-proteccion-de-datos-en-el-diseno-de-productos-y-servicios-sanitarios\/#primaryimage\",\"url\":\"https:\/\/ticsalutsocial.atoom.space\/wp-content\/uploads\/2019\/11\/micah-williams-lmfjox7hpc4-unsplash-scaled.jpg\",\"contentUrl\":\"https:\/\/ticsalutsocial.atoom.space\/wp-content\/uploads\/2019\/11\/micah-williams-lmfjox7hpc4-unsplash-scaled.jpg\",\"width\":2560,\"height\":1707},{\"@type\":\"BreadcrumbList\",\"@id\":\"https:\/\/ticsalutsocial.atoom.space\/es\/noticia\/ya-esta-disponible-la-guia-de-privacidad-para-incluir-criterios-de-proteccion-de-datos-en-el-diseno-de-productos-y-servicios-sanitarios\/#breadcrumb\",\"itemListElement\":[{\"@type\":\"ListItem\",\"position\":1,\"name\":\"Inici\",\"item\":\"https:\/\/ticsalutsocial.atoom.space\/es\/\"},{\"@type\":\"ListItem\",\"position\":2,\"name\":\"Ya est\u00e1 disponible la Gu\u00eda de Privacidad para incluir criterios de protecci\u00f3n de datos en el dise\u00f1o de productos y servicios sanitarios\"}]},{\"@type\":\"WebSite\",\"@id\":\"https:\/\/ticsalutsocial.atoom.space\/es\/#website\",\"url\":\"https:\/\/ticsalutsocial.atoom.space\/es\/\",\"name\":\"Fundaci\u00f3 TIC Salut i Social\",\"description\":\"\",\"potentialAction\":[{\"@type\":\"SearchAction\",\"target\":{\"@type\":\"EntryPoint\",\"urlTemplate\":\"https:\/\/ticsalutsocial.atoom.space\/es\/?s={search_term_string}\"},\"query-input\":{\"@type\":\"PropertyValueSpecification\",\"valueRequired\":true,\"valueName\":\"search_term_string\"}}],\"inLanguage\":\"es\"}]}<\/script>\n<!-- \/ Yoast SEO plugin. -->","yoast_head_json":{"title":"Ya est\u00e1 disponible la Gu\u00eda de Privacidad para incluir criterios de protecci\u00f3n de datos en el dise\u00f1o de productos y servicios sanitarios - Fundaci\u00f3 TIC Salut i Social","robots":{"index":"index","follow":"follow","max-snippet":"max-snippet:-1","max-image-preview":"max-image-preview:large","max-video-preview":"max-video-preview:-1"},"canonical":"https:\/\/ticsalutsocial.atoom.space\/es\/noticia\/ya-esta-disponible-la-guia-de-privacidad-para-incluir-criterios-de-proteccion-de-datos-en-el-diseno-de-productos-y-servicios-sanitarios\/","og_locale":"es_ES","og_type":"article","og_title":"Ya est\u00e1 disponible la Gu\u00eda de Privacidad para incluir criterios de protecci\u00f3n de datos en el dise\u00f1o de productos y servicios sanitarios - Fundaci\u00f3 TIC Salut i Social","og_description":"La Agencia Espa\u00f1ola de Protecci\u00f3n de Datos (AEPD) ha publicado recientemente la Gu\u00eda de Privacidad para el dise\u00f1o con el objetivo de proporcionar pautas que faciliten la incorporaci\u00f3n de los principios de protecci\u00f3n de datos y los requisitos de privacidad a nuevos productos o servicios desde el momento en el que se empiezan a dise\u00f1ar. [&hellip;]","og_url":"https:\/\/ticsalutsocial.atoom.space\/es\/noticia\/ya-esta-disponible-la-guia-de-privacidad-para-incluir-criterios-de-proteccion-de-datos-en-el-diseno-de-productos-y-servicios-sanitarios\/","og_site_name":"Fundaci\u00f3 TIC Salut i Social","article_modified_time":"2021-07-21T13:43:47+00:00","og_image":[{"width":2560,"height":1707,"url":"https:\/\/ticsalutsocial.atoom.space\/wp-content\/uploads\/2019\/11\/micah-williams-lmfjox7hpc4-unsplash-scaled.jpg","type":"image\/jpeg"}],"twitter_card":"summary_large_image","twitter_misc":{"Tiempo de lectura":"3 minutos"},"schema":{"@context":"https:\/\/schema.org","@graph":[{"@type":"WebPage","@id":"https:\/\/ticsalutsocial.atoom.space\/es\/noticia\/ya-esta-disponible-la-guia-de-privacidad-para-incluir-criterios-de-proteccion-de-datos-en-el-diseno-de-productos-y-servicios-sanitarios\/","url":"https:\/\/ticsalutsocial.atoom.space\/es\/noticia\/ya-esta-disponible-la-guia-de-privacidad-para-incluir-criterios-de-proteccion-de-datos-en-el-diseno-de-productos-y-servicios-sanitarios\/","name":"Ya est\u00e1 disponible la Gu\u00eda de Privacidad para incluir criterios de protecci\u00f3n de datos en el dise\u00f1o de productos y servicios sanitarios - Fundaci\u00f3 TIC Salut i Social","isPartOf":{"@id":"https:\/\/ticsalutsocial.atoom.space\/es\/#website"},"primaryImageOfPage":{"@id":"https:\/\/ticsalutsocial.atoom.space\/es\/noticia\/ya-esta-disponible-la-guia-de-privacidad-para-incluir-criterios-de-proteccion-de-datos-en-el-diseno-de-productos-y-servicios-sanitarios\/#primaryimage"},"image":{"@id":"https:\/\/ticsalutsocial.atoom.space\/es\/noticia\/ya-esta-disponible-la-guia-de-privacidad-para-incluir-criterios-de-proteccion-de-datos-en-el-diseno-de-productos-y-servicios-sanitarios\/#primaryimage"},"thumbnailUrl":"https:\/\/ticsalutsocial.atoom.space\/wp-content\/uploads\/2019\/11\/micah-williams-lmfjox7hpc4-unsplash-scaled.jpg","datePublished":"2019-11-05T06:42:46+00:00","dateModified":"2021-07-21T13:43:47+00:00","breadcrumb":{"@id":"https:\/\/ticsalutsocial.atoom.space\/es\/noticia\/ya-esta-disponible-la-guia-de-privacidad-para-incluir-criterios-de-proteccion-de-datos-en-el-diseno-de-productos-y-servicios-sanitarios\/#breadcrumb"},"inLanguage":"es","potentialAction":[{"@type":"ReadAction","target":["https:\/\/ticsalutsocial.atoom.space\/es\/noticia\/ya-esta-disponible-la-guia-de-privacidad-para-incluir-criterios-de-proteccion-de-datos-en-el-diseno-de-productos-y-servicios-sanitarios\/"]}]},{"@type":"ImageObject","inLanguage":"es","@id":"https:\/\/ticsalutsocial.atoom.space\/es\/noticia\/ya-esta-disponible-la-guia-de-privacidad-para-incluir-criterios-de-proteccion-de-datos-en-el-diseno-de-productos-y-servicios-sanitarios\/#primaryimage","url":"https:\/\/ticsalutsocial.atoom.space\/wp-content\/uploads\/2019\/11\/micah-williams-lmfjox7hpc4-unsplash-scaled.jpg","contentUrl":"https:\/\/ticsalutsocial.atoom.space\/wp-content\/uploads\/2019\/11\/micah-williams-lmfjox7hpc4-unsplash-scaled.jpg","width":2560,"height":1707},{"@type":"BreadcrumbList","@id":"https:\/\/ticsalutsocial.atoom.space\/es\/noticia\/ya-esta-disponible-la-guia-de-privacidad-para-incluir-criterios-de-proteccion-de-datos-en-el-diseno-de-productos-y-servicios-sanitarios\/#breadcrumb","itemListElement":[{"@type":"ListItem","position":1,"name":"Inici","item":"https:\/\/ticsalutsocial.atoom.space\/es\/"},{"@type":"ListItem","position":2,"name":"Ya est\u00e1 disponible la Gu\u00eda de Privacidad para incluir criterios de protecci\u00f3n de datos en el dise\u00f1o de productos y servicios sanitarios"}]},{"@type":"WebSite","@id":"https:\/\/ticsalutsocial.atoom.space\/es\/#website","url":"https:\/\/ticsalutsocial.atoom.space\/es\/","name":"Fundaci\u00f3 TIC Salut i Social","description":"","potentialAction":[{"@type":"SearchAction","target":{"@type":"EntryPoint","urlTemplate":"https:\/\/ticsalutsocial.atoom.space\/es\/?s={search_term_string}"},"query-input":{"@type":"PropertyValueSpecification","valueRequired":true,"valueName":"search_term_string"}}],"inLanguage":"es"}]}},"_links":{"self":[{"href":"https:\/\/ticsalutsocial.atoom.space\/es\/wp-json\/wp\/v2\/noticia\/4158","targetHints":{"allow":["GET"]}}],"collection":[{"href":"https:\/\/ticsalutsocial.atoom.space\/es\/wp-json\/wp\/v2\/noticia"}],"about":[{"href":"https:\/\/ticsalutsocial.atoom.space\/es\/wp-json\/wp\/v2\/types\/noticia"}],"author":[{"embeddable":true,"href":"https:\/\/ticsalutsocial.atoom.space\/es\/wp-json\/wp\/v2\/users\/21"}],"wp:featuredmedia":[{"embeddable":true,"href":"https:\/\/ticsalutsocial.atoom.space\/es\/wp-json\/wp\/v2\/media\/4155"}],"wp:attachment":[{"href":"https:\/\/ticsalutsocial.atoom.space\/es\/wp-json\/wp\/v2\/media?parent=4158"}],"wp:term":[{"taxonomy":"etiqueta","embeddable":true,"href":"https:\/\/ticsalutsocial.atoom.space\/es\/wp-json\/wp\/v2\/etiqueta?post=4158"},{"taxonomy":"tipus","embeddable":true,"href":"https:\/\/ticsalutsocial.atoom.space\/es\/wp-json\/wp\/v2\/tipus?post=4158"},{"taxonomy":"topic","embeddable":true,"href":"https:\/\/ticsalutsocial.atoom.space\/es\/wp-json\/wp\/v2\/topic?post=4158"}],"curies":[{"name":"wp","href":"https:\/\/api.w.org\/{rel}","templated":true}]}}