
{"id":4164,"date":"2019-11-11T09:53:12","date_gmt":"2019-11-11T07:53:12","guid":{"rendered":"https:\/\/ticsalutsocial.atoom.space\/?post_type=noticia&#038;p=4164"},"modified":"2021-07-21T15:43:50","modified_gmt":"2021-07-21T13:43:50","slug":"guia-practica-de-evaluacion-en-el-impacto-sobre-proteccion-de-datos","status":"publish","type":"noticia","link":"https:\/\/ticsalutsocial.atoom.space\/es\/noticia\/guia-practica-de-evaluacion-en-el-impacto-sobre-proteccion-de-datos\/","title":{"rendered":"Guia pr\u00e1ctica de evaluaci\u00f3n en el impacto sobre protecci\u00f3n de datos"},"content":{"rendered":"<p>Recientemente, la <em>Autoritat Catalana en Protecci\u00f3 de Dades<\/em> (ADPCAT) ha publicado una Gu\u00eda pr\u00e1ctica de Evaluaci\u00f3n de impacto relativa a la protecci\u00f3n de datos para facilitar a responsables y encargados el cumplimiento del Reglamento (UE) 2016\/679 del Parlamento Europeo y del Consejo, de 27 de abril de 2016, relativo a la protecci\u00f3n de las personas f\u00edsicas en cuanto al tratamiento y la libre circulaci\u00f3n de datos personales (de ahora en adelante RGPD).<\/p>\n<p>Dentro de las novedades del RGPD se incorpora una nueva obligaci\u00f3n para los responsables de tratamientos para evaluar el impacto de las operaciones de tratamiento en la protecci\u00f3n de los datos personales, cuando sea probable que el tratamiento comporte un riesgo significativo para los derechos y las libertades de las personas.<br \/>\nPor lo tanto, cuando un tratamiento, por su naturaleza, alcance, contexto o fines suponga un alto riesgo por los derechos y libertades de las personas f\u00edsicas, especialmente cuando se utilicen nuevas tecnolog\u00edas, el responsable tiene que hacer antes una evaluaci\u00f3n del impacto en la protecci\u00f3n de datos (AIPD).<\/p>\n<p>En estos casos, el responsable del tratamiento tiene que buscar el consejo del Delegado de Protecci\u00f3n de Datos (DPD). Este consejo y las decisiones que tome tienen que quedar documentadas en la AIPD. En particular, el responsable del tratamiento tiene que pedir opini\u00f3n al DPD en los aspectos siguientes: determinar si hay que hacer una AIPD, la metodolog\u00eda a usar en la AIPD, determinar si conviene hacer la AIPD internamente o si es mejor externalizarla, las medidas adoptadas para proteger los derechos y las libertades de las personas y determinar si la AIPD se ha hecho correctamente y si las conclusiones satisfacen los requerimientos de protecci\u00f3n de datos.<\/p>\n<p>A efectos pr\u00e1cticos, tal y como establece el art\u00edculo 35.4 del RGPD, las autoridades de control han publicado en sus web de referencia, una lista de los tipos de operaciones de tratamiento que requieren una evaluaci\u00f3n de impacto relativa a la protecci\u00f3n de datos, a pesar de que estas listas no son exhaustivas y se ir\u00e1n actualizando progresivamente. As\u00ed pues, el hecho que un tratamiento no est\u00e9 a la lista no significa que no se tenga que hacer una AIPD, por eso habr\u00e1 que verificar con el DPDque el tratamiento no supone un alto riesgo por los derechos y libertades de las personas, especialmente si se utiliza nuevas tecnolog\u00edas.<br \/>\nPara mayor informaci\u00f3n pod\u00e9is consultar la Gu\u00eda pr\u00e1ctica sobre la evaluaci\u00f3n de impacto relativa a la protecci\u00f3n de datos y la plantilla de evaluaci\u00f3n de impacto relativa a la protecci\u00f3n de datos en el siguiente <a href=\"https:\/\/apdcat.gencat.cat\/ca\/documentacio\/guies_basiques\/Guies-apdcat\/Guia-sobre-la-evaluacion-de-impacto-relativa-a-la-proteccion-de-datos-en-el-RGPD\/index.html\" target=\"_blank\" rel=\"noopener noreferrer\">enlla\u00e7<\/a><\/p>\n","protected":false},"author":21,"featured_media":4161,"menu_order":0,"template":"","meta":{"_acf_changed":false,"inline_featured_image":false},"etiqueta":[],"tipus":[106],"topic":[113],"class_list":["post-4164","noticia","type-noticia","status-publish","has-post-thumbnail","hentry","tipus-dpd-salud","topic-transformacion-digital"],"acf":{"imatge":4163,"autor":"TIC Salut Social"},"yoast_head":"<!-- This site is optimized with the Yoast SEO plugin v27.1.1 - https:\/\/yoast.com\/product\/yoast-seo-wordpress\/ -->\n<title>Guia pr\u00e1ctica de evaluaci\u00f3n en el impacto sobre protecci\u00f3n de datos - Fundaci\u00f3 TIC Salut i Social<\/title>\n<meta name=\"robots\" content=\"index, follow, max-snippet:-1, max-image-preview:large, max-video-preview:-1\" \/>\n<link rel=\"canonical\" href=\"https:\/\/ticsalutsocial.atoom.space\/es\/noticia\/guia-practica-de-evaluacion-en-el-impacto-sobre-proteccion-de-datos\/\" \/>\n<meta property=\"og:locale\" content=\"es_ES\" \/>\n<meta property=\"og:type\" content=\"article\" \/>\n<meta property=\"og:title\" content=\"Guia pr\u00e1ctica de evaluaci\u00f3n en el impacto sobre protecci\u00f3n de datos - Fundaci\u00f3 TIC Salut i Social\" \/>\n<meta property=\"og:description\" content=\"Recientemente, la Autoritat Catalana en Protecci\u00f3 de Dades (ADPCAT) ha publicado una Gu\u00eda pr\u00e1ctica de Evaluaci\u00f3n de impacto relativa a la protecci\u00f3n de datos para facilitar a responsables y encargados el cumplimiento del Reglamento (UE) 2016\/679 del Parlamento Europeo y del Consejo, de 27 de abril de 2016, relativo a la protecci\u00f3n de las personas [&hellip;]\" \/>\n<meta property=\"og:url\" content=\"https:\/\/ticsalutsocial.atoom.space\/es\/noticia\/guia-practica-de-evaluacion-en-el-impacto-sobre-proteccion-de-datos\/\" \/>\n<meta property=\"og:site_name\" content=\"Fundaci\u00f3 TIC Salut i Social\" \/>\n<meta property=\"article:modified_time\" content=\"2021-07-21T13:43:50+00:00\" \/>\n<meta property=\"og:image\" content=\"https:\/\/ticsalutsocial.atoom.space\/wp-content\/uploads\/2019\/11\/markus-spiske-pgoplav3joe-unsplash-scaled.jpg\" \/>\n\t<meta property=\"og:image:width\" content=\"2560\" \/>\n\t<meta property=\"og:image:height\" content=\"1707\" \/>\n\t<meta property=\"og:image:type\" content=\"image\/jpeg\" \/>\n<meta name=\"twitter:card\" content=\"summary_large_image\" \/>\n<meta name=\"twitter:label1\" content=\"Tiempo de lectura\" \/>\n\t<meta name=\"twitter:data1\" content=\"2 minutos\" \/>\n<script type=\"application\/ld+json\" class=\"yoast-schema-graph\">{\"@context\":\"https:\/\/schema.org\",\"@graph\":[{\"@type\":\"WebPage\",\"@id\":\"https:\/\/ticsalutsocial.atoom.space\/es\/noticia\/guia-practica-de-evaluacion-en-el-impacto-sobre-proteccion-de-datos\/\",\"url\":\"https:\/\/ticsalutsocial.atoom.space\/es\/noticia\/guia-practica-de-evaluacion-en-el-impacto-sobre-proteccion-de-datos\/\",\"name\":\"Guia pr\u00e1ctica de evaluaci\u00f3n en el impacto sobre protecci\u00f3n de datos - Fundaci\u00f3 TIC Salut i Social\",\"isPartOf\":{\"@id\":\"https:\/\/ticsalutsocial.atoom.space\/es\/#website\"},\"primaryImageOfPage\":{\"@id\":\"https:\/\/ticsalutsocial.atoom.space\/es\/noticia\/guia-practica-de-evaluacion-en-el-impacto-sobre-proteccion-de-datos\/#primaryimage\"},\"image\":{\"@id\":\"https:\/\/ticsalutsocial.atoom.space\/es\/noticia\/guia-practica-de-evaluacion-en-el-impacto-sobre-proteccion-de-datos\/#primaryimage\"},\"thumbnailUrl\":\"https:\/\/ticsalutsocial.atoom.space\/wp-content\/uploads\/2019\/11\/markus-spiske-pgoplav3joe-unsplash-scaled.jpg\",\"datePublished\":\"2019-11-11T07:53:12+00:00\",\"dateModified\":\"2021-07-21T13:43:50+00:00\",\"breadcrumb\":{\"@id\":\"https:\/\/ticsalutsocial.atoom.space\/es\/noticia\/guia-practica-de-evaluacion-en-el-impacto-sobre-proteccion-de-datos\/#breadcrumb\"},\"inLanguage\":\"es\",\"potentialAction\":[{\"@type\":\"ReadAction\",\"target\":[\"https:\/\/ticsalutsocial.atoom.space\/es\/noticia\/guia-practica-de-evaluacion-en-el-impacto-sobre-proteccion-de-datos\/\"]}]},{\"@type\":\"ImageObject\",\"inLanguage\":\"es\",\"@id\":\"https:\/\/ticsalutsocial.atoom.space\/es\/noticia\/guia-practica-de-evaluacion-en-el-impacto-sobre-proteccion-de-datos\/#primaryimage\",\"url\":\"https:\/\/ticsalutsocial.atoom.space\/wp-content\/uploads\/2019\/11\/markus-spiske-pgoplav3joe-unsplash-scaled.jpg\",\"contentUrl\":\"https:\/\/ticsalutsocial.atoom.space\/wp-content\/uploads\/2019\/11\/markus-spiske-pgoplav3joe-unsplash-scaled.jpg\",\"width\":2560,\"height\":1707},{\"@type\":\"BreadcrumbList\",\"@id\":\"https:\/\/ticsalutsocial.atoom.space\/es\/noticia\/guia-practica-de-evaluacion-en-el-impacto-sobre-proteccion-de-datos\/#breadcrumb\",\"itemListElement\":[{\"@type\":\"ListItem\",\"position\":1,\"name\":\"Inici\",\"item\":\"https:\/\/ticsalutsocial.atoom.space\/es\/\"},{\"@type\":\"ListItem\",\"position\":2,\"name\":\"Guia pr\u00e1ctica de evaluaci\u00f3n en el impacto sobre protecci\u00f3n de datos\"}]},{\"@type\":\"WebSite\",\"@id\":\"https:\/\/ticsalutsocial.atoom.space\/es\/#website\",\"url\":\"https:\/\/ticsalutsocial.atoom.space\/es\/\",\"name\":\"Fundaci\u00f3 TIC Salut i Social\",\"description\":\"\",\"potentialAction\":[{\"@type\":\"SearchAction\",\"target\":{\"@type\":\"EntryPoint\",\"urlTemplate\":\"https:\/\/ticsalutsocial.atoom.space\/es\/?s={search_term_string}\"},\"query-input\":{\"@type\":\"PropertyValueSpecification\",\"valueRequired\":true,\"valueName\":\"search_term_string\"}}],\"inLanguage\":\"es\"}]}<\/script>\n<!-- \/ Yoast SEO plugin. -->","yoast_head_json":{"title":"Guia pr\u00e1ctica de evaluaci\u00f3n en el impacto sobre protecci\u00f3n de datos - Fundaci\u00f3 TIC Salut i Social","robots":{"index":"index","follow":"follow","max-snippet":"max-snippet:-1","max-image-preview":"max-image-preview:large","max-video-preview":"max-video-preview:-1"},"canonical":"https:\/\/ticsalutsocial.atoom.space\/es\/noticia\/guia-practica-de-evaluacion-en-el-impacto-sobre-proteccion-de-datos\/","og_locale":"es_ES","og_type":"article","og_title":"Guia pr\u00e1ctica de evaluaci\u00f3n en el impacto sobre protecci\u00f3n de datos - Fundaci\u00f3 TIC Salut i Social","og_description":"Recientemente, la Autoritat Catalana en Protecci\u00f3 de Dades (ADPCAT) ha publicado una Gu\u00eda pr\u00e1ctica de Evaluaci\u00f3n de impacto relativa a la protecci\u00f3n de datos para facilitar a responsables y encargados el cumplimiento del Reglamento (UE) 2016\/679 del Parlamento Europeo y del Consejo, de 27 de abril de 2016, relativo a la protecci\u00f3n de las personas [&hellip;]","og_url":"https:\/\/ticsalutsocial.atoom.space\/es\/noticia\/guia-practica-de-evaluacion-en-el-impacto-sobre-proteccion-de-datos\/","og_site_name":"Fundaci\u00f3 TIC Salut i Social","article_modified_time":"2021-07-21T13:43:50+00:00","og_image":[{"width":2560,"height":1707,"url":"https:\/\/ticsalutsocial.atoom.space\/wp-content\/uploads\/2019\/11\/markus-spiske-pgoplav3joe-unsplash-scaled.jpg","type":"image\/jpeg"}],"twitter_card":"summary_large_image","twitter_misc":{"Tiempo de lectura":"2 minutos"},"schema":{"@context":"https:\/\/schema.org","@graph":[{"@type":"WebPage","@id":"https:\/\/ticsalutsocial.atoom.space\/es\/noticia\/guia-practica-de-evaluacion-en-el-impacto-sobre-proteccion-de-datos\/","url":"https:\/\/ticsalutsocial.atoom.space\/es\/noticia\/guia-practica-de-evaluacion-en-el-impacto-sobre-proteccion-de-datos\/","name":"Guia pr\u00e1ctica de evaluaci\u00f3n en el impacto sobre protecci\u00f3n de datos - Fundaci\u00f3 TIC Salut i Social","isPartOf":{"@id":"https:\/\/ticsalutsocial.atoom.space\/es\/#website"},"primaryImageOfPage":{"@id":"https:\/\/ticsalutsocial.atoom.space\/es\/noticia\/guia-practica-de-evaluacion-en-el-impacto-sobre-proteccion-de-datos\/#primaryimage"},"image":{"@id":"https:\/\/ticsalutsocial.atoom.space\/es\/noticia\/guia-practica-de-evaluacion-en-el-impacto-sobre-proteccion-de-datos\/#primaryimage"},"thumbnailUrl":"https:\/\/ticsalutsocial.atoom.space\/wp-content\/uploads\/2019\/11\/markus-spiske-pgoplav3joe-unsplash-scaled.jpg","datePublished":"2019-11-11T07:53:12+00:00","dateModified":"2021-07-21T13:43:50+00:00","breadcrumb":{"@id":"https:\/\/ticsalutsocial.atoom.space\/es\/noticia\/guia-practica-de-evaluacion-en-el-impacto-sobre-proteccion-de-datos\/#breadcrumb"},"inLanguage":"es","potentialAction":[{"@type":"ReadAction","target":["https:\/\/ticsalutsocial.atoom.space\/es\/noticia\/guia-practica-de-evaluacion-en-el-impacto-sobre-proteccion-de-datos\/"]}]},{"@type":"ImageObject","inLanguage":"es","@id":"https:\/\/ticsalutsocial.atoom.space\/es\/noticia\/guia-practica-de-evaluacion-en-el-impacto-sobre-proteccion-de-datos\/#primaryimage","url":"https:\/\/ticsalutsocial.atoom.space\/wp-content\/uploads\/2019\/11\/markus-spiske-pgoplav3joe-unsplash-scaled.jpg","contentUrl":"https:\/\/ticsalutsocial.atoom.space\/wp-content\/uploads\/2019\/11\/markus-spiske-pgoplav3joe-unsplash-scaled.jpg","width":2560,"height":1707},{"@type":"BreadcrumbList","@id":"https:\/\/ticsalutsocial.atoom.space\/es\/noticia\/guia-practica-de-evaluacion-en-el-impacto-sobre-proteccion-de-datos\/#breadcrumb","itemListElement":[{"@type":"ListItem","position":1,"name":"Inici","item":"https:\/\/ticsalutsocial.atoom.space\/es\/"},{"@type":"ListItem","position":2,"name":"Guia pr\u00e1ctica de evaluaci\u00f3n en el impacto sobre protecci\u00f3n de datos"}]},{"@type":"WebSite","@id":"https:\/\/ticsalutsocial.atoom.space\/es\/#website","url":"https:\/\/ticsalutsocial.atoom.space\/es\/","name":"Fundaci\u00f3 TIC Salut i Social","description":"","potentialAction":[{"@type":"SearchAction","target":{"@type":"EntryPoint","urlTemplate":"https:\/\/ticsalutsocial.atoom.space\/es\/?s={search_term_string}"},"query-input":{"@type":"PropertyValueSpecification","valueRequired":true,"valueName":"search_term_string"}}],"inLanguage":"es"}]}},"_links":{"self":[{"href":"https:\/\/ticsalutsocial.atoom.space\/es\/wp-json\/wp\/v2\/noticia\/4164","targetHints":{"allow":["GET"]}}],"collection":[{"href":"https:\/\/ticsalutsocial.atoom.space\/es\/wp-json\/wp\/v2\/noticia"}],"about":[{"href":"https:\/\/ticsalutsocial.atoom.space\/es\/wp-json\/wp\/v2\/types\/noticia"}],"author":[{"embeddable":true,"href":"https:\/\/ticsalutsocial.atoom.space\/es\/wp-json\/wp\/v2\/users\/21"}],"wp:featuredmedia":[{"embeddable":true,"href":"https:\/\/ticsalutsocial.atoom.space\/es\/wp-json\/wp\/v2\/media\/4161"}],"wp:attachment":[{"href":"https:\/\/ticsalutsocial.atoom.space\/es\/wp-json\/wp\/v2\/media?parent=4164"}],"wp:term":[{"taxonomy":"etiqueta","embeddable":true,"href":"https:\/\/ticsalutsocial.atoom.space\/es\/wp-json\/wp\/v2\/etiqueta?post=4164"},{"taxonomy":"tipus","embeddable":true,"href":"https:\/\/ticsalutsocial.atoom.space\/es\/wp-json\/wp\/v2\/tipus?post=4164"},{"taxonomy":"topic","embeddable":true,"href":"https:\/\/ticsalutsocial.atoom.space\/es\/wp-json\/wp\/v2\/topic?post=4164"}],"curies":[{"name":"wp","href":"https:\/\/api.w.org\/{rel}","templated":true}]}}