
{"id":4170,"date":"2019-10-25T09:41:14","date_gmt":"2019-10-25T07:41:14","guid":{"rendered":"https:\/\/ticsalutsocial.atoom.space\/?post_type=noticia&#038;p=4170"},"modified":"2021-07-21T15:43:53","modified_gmt":"2021-07-21T13:43:53","slug":"las-novenas-jornades-tic-salut-i-social-se-consolidan-como-un-espacio-de-conocimiento-compartido-en-la-cataluna-central","status":"publish","type":"noticia","link":"https:\/\/ticsalutsocial.atoom.space\/es\/noticia\/las-novenas-jornades-tic-salut-i-social-se-consolidan-como-un-espacio-de-conocimiento-compartido-en-la-cataluna-central\/","title":{"rendered":"Las novenas &#8216;Jornades TIC Salut i Social&#8217; se consolidan como un espacio de conocimiento compartido en la Catalu\u00f1a Central"},"content":{"rendered":"<p>Las novenas\u00a0<em><a href=\"https:\/\/mon.uvic.cat\/jornadesrdi\/\" target=\"_blank\" rel=\"noopener noreferrer\">Jornades TIC Salut i Social<\/a><\/em> se consolidan en Vic como un espacio de conocimiento y de trabajo compartido entre la <a href=\"https:\/\/www.uvic.cat\/\" target=\"_blank\" rel=\"noopener noreferrer\">UVic-UCC<\/a>, la\u00a0<em>Fundaci\u00f3 TIC Salut Social<\/em>, i la red sanitaria territorial tanto de atenci\u00f3n primaria como hospitalaria de la Catalu\u00f1a Central. Las jornadas, que tuvieron lugar durante todo el mi\u00e9rcoles en el edificio del Sucre de Vic, contaron con m\u00e1s de 230 inscritos y abordaron la realidad virtual aplicada en sanidad. Se puso de manifiesto que es un tratamiento que \u201cempodera el paciente a trav\u00e9s de la incorporaci\u00f3n de su mirada\u201d, seg\u00fan explic\u00f3 la coordinadora del <em>Centre d\u2019Estudis Sanitaris i Socials<\/em> (CESS), Marina Geli, durante la clausura.<\/p>\n<p>Las Jornadas permitieron conocer muchas experiencias aplicadas en diferentes organizaciones del sistema sanitario de Catalu\u00f1a, as\u00ed como de empresas y profesionales de la ingenier\u00eda y la tecnolog\u00eda. Evidenci\u00f3 que la realidad virtual ya es una herramienta muy utilizada en tratamientos y atenciones sanitarias. Por ello, seg\u00fan Geli \u201chabr\u00e1 que ubicarla en la cartera del sistema sanitario puesto que Catalu\u00f1a lidera muchas experiencias en salud digital, en realidad virtual y aumentada\u201d.<\/p>\n<p>A trav\u00e9s de las diferentes experiencias que ya se est\u00e1n aplicando en buena parte de los centros hospitalarios de Catalu\u00f1a y las propuestas empresariales enfocadas a mejorar esta tecnolog\u00eda, las Jornadas apuntaron que la RV debe ser considerada como prestaci\u00f3n sanitaria que minimizan los efectos secundarios y que fomenta resultados m\u00e1s eficientes. Algunos ejemplos presentaron durante el evento son el uso de la realidad virtual en el pre-operatorio, especialmente en ni\u00f1os, para reducir la ansiedad; la realidad virtual en el tratamiento de las fobias, del dolor cr\u00f3nico y de quemados o en las funciones cognitivas y de bienestar emocional en pacientes ingresados a intensivos. En cuanto a la realidad aumentada se present\u00f3 la tecnolog\u00eda usada por la empresa SEIDOR para tratar heridas y lesiones. Tambi\u00e9n se dieron a conocer casos en que la realidad virtual sirve para reeducar personas privadas de libertad por delitos de agresiones, maltratos sexuales y violencia.<\/p>\n<p><img decoding=\"async\" class=\"aligncenter size-large wp-image-20798\" src=\"https:\/\/ticsalutsocial.atoom.space\/wp-content\/uploads\/2019\/10\/foto_jornada-700x474-1.jpg\" alt=\"\" \/><\/p>\n<p>La inauguraci\u00f3n la hicieron el rector de la UVic-UCC, Josep-Eladi Ba\u00f1os, la secretaria general del <em>Departament de Salut<\/em> de la Generalitat de Catalu\u00f1a, Laura Pelay, y el director de la <em>Fundaci\u00f3 TIC Salut Social<\/em>, Josu\u00e8 Sallent. La UVic-UCC coorganiza las jornadas a trav\u00e9s de la <em>C\u00e1tedra TIC Salut i Social<\/em>, promovida por la Fundaci\u00f3n y la UVic-UCC, vinculada en el CESS, junto con la TIC Salut Social, el Consorci Hospitalari de Vic, el Institut Catal\u00e0 de la Salut, la Fundaci\u00f3 Hospital de la Santa Creu de Vic, EBA Vic, EBA Centelles y la Fundaci\u00f3n Althaia. Tambi\u00e9n cuenta con la colaboraci\u00f3n de la Generalitat de Catalu\u00f1a, el Ayuntamiento de Vic, la C\u00e1tedra de Servicios Sociales y la Facultad de Medicina de la UVic-UCC, COPLEFEC, m4Social y la tabla de entidades del tercer sector en Catalu\u00f1a como partners estrat\u00e9gicos, as\u00ed como con la secretar\u00eda t\u00e9cnica de la Fundaci\u00f3n de Osona para la Investigaci\u00f3n y la Educaci\u00f3n Sanitarias (FORES).<\/p>\n<p>Destaca el patrocinio de las empresas que colaboran, como la empresa SEIDOR, patrocinador platinum de la jornada, y empresas como ISERN, Lenovo, AtheneaSolutions (MedXat), que tambi\u00e9n participan.<\/p>\n<p><strong>Departament de Comunicaci\u00f3\u00a0<\/strong><br \/>\n<strong>Universitat de Vic<br \/>\nUniversitat Central de Catalunya<\/strong><\/p>\n","protected":false},"author":21,"featured_media":4167,"menu_order":0,"template":"","meta":{"_acf_changed":false,"inline_featured_image":false},"etiqueta":[],"tipus":[],"topic":[121,123],"class_list":["post-4170","noticia","type-noticia","status-publish","has-post-thumbnail","hentry","topic-dpd-es","topic-actualidad"],"acf":{"imatge":4169,"autor":"TIC Salut Social"},"yoast_head":"<!-- This site is optimized with the Yoast SEO plugin v27.1.1 - https:\/\/yoast.com\/product\/yoast-seo-wordpress\/ -->\n<title>Las novenas &#039;Jornades TIC Salut i Social&#039; se consolidan como un espacio de conocimiento compartido en la Catalu\u00f1a Central - Fundaci\u00f3 TIC Salut i Social<\/title>\n<meta name=\"robots\" content=\"index, follow, max-snippet:-1, max-image-preview:large, max-video-preview:-1\" \/>\n<link rel=\"canonical\" href=\"https:\/\/ticsalutsocial.atoom.space\/es\/noticia\/las-novenas-jornades-tic-salut-i-social-se-consolidan-como-un-espacio-de-conocimiento-compartido-en-la-cataluna-central\/\" \/>\n<meta property=\"og:locale\" content=\"es_ES\" \/>\n<meta property=\"og:type\" content=\"article\" \/>\n<meta property=\"og:title\" content=\"Las novenas &#039;Jornades TIC Salut i Social&#039; se consolidan como un espacio de conocimiento compartido en la Catalu\u00f1a Central - Fundaci\u00f3 TIC Salut i Social\" \/>\n<meta property=\"og:description\" content=\"Las novenas\u00a0Jornades TIC Salut i Social se consolidan en Vic como un espacio de conocimiento y de trabajo compartido entre la UVic-UCC, la\u00a0Fundaci\u00f3 TIC Salut Social, i la red sanitaria territorial tanto de atenci\u00f3n primaria como hospitalaria de la Catalu\u00f1a Central. Las jornadas, que tuvieron lugar durante todo el mi\u00e9rcoles en el edificio del Sucre [&hellip;]\" \/>\n<meta property=\"og:url\" content=\"https:\/\/ticsalutsocial.atoom.space\/es\/noticia\/las-novenas-jornades-tic-salut-i-social-se-consolidan-como-un-espacio-de-conocimiento-compartido-en-la-cataluna-central\/\" \/>\n<meta property=\"og:site_name\" content=\"Fundaci\u00f3 TIC Salut i Social\" \/>\n<meta property=\"article:modified_time\" content=\"2021-07-21T13:43:53+00:00\" \/>\n<meta property=\"og:image\" content=\"https:\/\/ticsalutsocial.atoom.space\/wp-content\/uploads\/2019\/10\/ar_su_0_2.jpg\" \/>\n\t<meta property=\"og:image:width\" content=\"1170\" \/>\n\t<meta property=\"og:image:height\" content=\"585\" \/>\n\t<meta property=\"og:image:type\" content=\"image\/jpeg\" \/>\n<meta name=\"twitter:card\" content=\"summary_large_image\" \/>\n<meta name=\"twitter:label1\" content=\"Tiempo de lectura\" \/>\n\t<meta name=\"twitter:data1\" content=\"3 minutos\" \/>\n<script type=\"application\/ld+json\" class=\"yoast-schema-graph\">{\"@context\":\"https:\/\/schema.org\",\"@graph\":[{\"@type\":\"WebPage\",\"@id\":\"https:\/\/ticsalutsocial.atoom.space\/es\/noticia\/las-novenas-jornades-tic-salut-i-social-se-consolidan-como-un-espacio-de-conocimiento-compartido-en-la-cataluna-central\/\",\"url\":\"https:\/\/ticsalutsocial.atoom.space\/es\/noticia\/las-novenas-jornades-tic-salut-i-social-se-consolidan-como-un-espacio-de-conocimiento-compartido-en-la-cataluna-central\/\",\"name\":\"Las novenas 'Jornades TIC Salut i Social' se consolidan como un espacio de conocimiento compartido en la Catalu\u00f1a Central - Fundaci\u00f3 TIC Salut i Social\",\"isPartOf\":{\"@id\":\"https:\/\/ticsalutsocial.atoom.space\/es\/#website\"},\"primaryImageOfPage\":{\"@id\":\"https:\/\/ticsalutsocial.atoom.space\/es\/noticia\/las-novenas-jornades-tic-salut-i-social-se-consolidan-como-un-espacio-de-conocimiento-compartido-en-la-cataluna-central\/#primaryimage\"},\"image\":{\"@id\":\"https:\/\/ticsalutsocial.atoom.space\/es\/noticia\/las-novenas-jornades-tic-salut-i-social-se-consolidan-como-un-espacio-de-conocimiento-compartido-en-la-cataluna-central\/#primaryimage\"},\"thumbnailUrl\":\"https:\/\/ticsalutsocial.atoom.space\/wp-content\/uploads\/2019\/10\/ar_su_0_2.jpg\",\"datePublished\":\"2019-10-25T07:41:14+00:00\",\"dateModified\":\"2021-07-21T13:43:53+00:00\",\"breadcrumb\":{\"@id\":\"https:\/\/ticsalutsocial.atoom.space\/es\/noticia\/las-novenas-jornades-tic-salut-i-social-se-consolidan-como-un-espacio-de-conocimiento-compartido-en-la-cataluna-central\/#breadcrumb\"},\"inLanguage\":\"es\",\"potentialAction\":[{\"@type\":\"ReadAction\",\"target\":[\"https:\/\/ticsalutsocial.atoom.space\/es\/noticia\/las-novenas-jornades-tic-salut-i-social-se-consolidan-como-un-espacio-de-conocimiento-compartido-en-la-cataluna-central\/\"]}]},{\"@type\":\"ImageObject\",\"inLanguage\":\"es\",\"@id\":\"https:\/\/ticsalutsocial.atoom.space\/es\/noticia\/las-novenas-jornades-tic-salut-i-social-se-consolidan-como-un-espacio-de-conocimiento-compartido-en-la-cataluna-central\/#primaryimage\",\"url\":\"https:\/\/ticsalutsocial.atoom.space\/wp-content\/uploads\/2019\/10\/ar_su_0_2.jpg\",\"contentUrl\":\"https:\/\/ticsalutsocial.atoom.space\/wp-content\/uploads\/2019\/10\/ar_su_0_2.jpg\",\"width\":1170,\"height\":585},{\"@type\":\"BreadcrumbList\",\"@id\":\"https:\/\/ticsalutsocial.atoom.space\/es\/noticia\/las-novenas-jornades-tic-salut-i-social-se-consolidan-como-un-espacio-de-conocimiento-compartido-en-la-cataluna-central\/#breadcrumb\",\"itemListElement\":[{\"@type\":\"ListItem\",\"position\":1,\"name\":\"Inici\",\"item\":\"https:\/\/ticsalutsocial.atoom.space\/es\/\"},{\"@type\":\"ListItem\",\"position\":2,\"name\":\"Las novenas &#8216;Jornades TIC Salut i Social&#8217; se consolidan como un espacio de conocimiento compartido en la Catalu\u00f1a Central\"}]},{\"@type\":\"WebSite\",\"@id\":\"https:\/\/ticsalutsocial.atoom.space\/es\/#website\",\"url\":\"https:\/\/ticsalutsocial.atoom.space\/es\/\",\"name\":\"Fundaci\u00f3 TIC Salut i Social\",\"description\":\"\",\"potentialAction\":[{\"@type\":\"SearchAction\",\"target\":{\"@type\":\"EntryPoint\",\"urlTemplate\":\"https:\/\/ticsalutsocial.atoom.space\/es\/?s={search_term_string}\"},\"query-input\":{\"@type\":\"PropertyValueSpecification\",\"valueRequired\":true,\"valueName\":\"search_term_string\"}}],\"inLanguage\":\"es\"}]}<\/script>\n<!-- \/ Yoast SEO plugin. -->","yoast_head_json":{"title":"Las novenas 'Jornades TIC Salut i Social' se consolidan como un espacio de conocimiento compartido en la Catalu\u00f1a Central - Fundaci\u00f3 TIC Salut i Social","robots":{"index":"index","follow":"follow","max-snippet":"max-snippet:-1","max-image-preview":"max-image-preview:large","max-video-preview":"max-video-preview:-1"},"canonical":"https:\/\/ticsalutsocial.atoom.space\/es\/noticia\/las-novenas-jornades-tic-salut-i-social-se-consolidan-como-un-espacio-de-conocimiento-compartido-en-la-cataluna-central\/","og_locale":"es_ES","og_type":"article","og_title":"Las novenas 'Jornades TIC Salut i Social' se consolidan como un espacio de conocimiento compartido en la Catalu\u00f1a Central - Fundaci\u00f3 TIC Salut i Social","og_description":"Las novenas\u00a0Jornades TIC Salut i Social se consolidan en Vic como un espacio de conocimiento y de trabajo compartido entre la UVic-UCC, la\u00a0Fundaci\u00f3 TIC Salut Social, i la red sanitaria territorial tanto de atenci\u00f3n primaria como hospitalaria de la Catalu\u00f1a Central. Las jornadas, que tuvieron lugar durante todo el mi\u00e9rcoles en el edificio del Sucre [&hellip;]","og_url":"https:\/\/ticsalutsocial.atoom.space\/es\/noticia\/las-novenas-jornades-tic-salut-i-social-se-consolidan-como-un-espacio-de-conocimiento-compartido-en-la-cataluna-central\/","og_site_name":"Fundaci\u00f3 TIC Salut i Social","article_modified_time":"2021-07-21T13:43:53+00:00","og_image":[{"width":1170,"height":585,"url":"https:\/\/ticsalutsocial.atoom.space\/wp-content\/uploads\/2019\/10\/ar_su_0_2.jpg","type":"image\/jpeg"}],"twitter_card":"summary_large_image","twitter_misc":{"Tiempo de lectura":"3 minutos"},"schema":{"@context":"https:\/\/schema.org","@graph":[{"@type":"WebPage","@id":"https:\/\/ticsalutsocial.atoom.space\/es\/noticia\/las-novenas-jornades-tic-salut-i-social-se-consolidan-como-un-espacio-de-conocimiento-compartido-en-la-cataluna-central\/","url":"https:\/\/ticsalutsocial.atoom.space\/es\/noticia\/las-novenas-jornades-tic-salut-i-social-se-consolidan-como-un-espacio-de-conocimiento-compartido-en-la-cataluna-central\/","name":"Las novenas 'Jornades TIC Salut i Social' se consolidan como un espacio de conocimiento compartido en la Catalu\u00f1a Central - Fundaci\u00f3 TIC Salut i Social","isPartOf":{"@id":"https:\/\/ticsalutsocial.atoom.space\/es\/#website"},"primaryImageOfPage":{"@id":"https:\/\/ticsalutsocial.atoom.space\/es\/noticia\/las-novenas-jornades-tic-salut-i-social-se-consolidan-como-un-espacio-de-conocimiento-compartido-en-la-cataluna-central\/#primaryimage"},"image":{"@id":"https:\/\/ticsalutsocial.atoom.space\/es\/noticia\/las-novenas-jornades-tic-salut-i-social-se-consolidan-como-un-espacio-de-conocimiento-compartido-en-la-cataluna-central\/#primaryimage"},"thumbnailUrl":"https:\/\/ticsalutsocial.atoom.space\/wp-content\/uploads\/2019\/10\/ar_su_0_2.jpg","datePublished":"2019-10-25T07:41:14+00:00","dateModified":"2021-07-21T13:43:53+00:00","breadcrumb":{"@id":"https:\/\/ticsalutsocial.atoom.space\/es\/noticia\/las-novenas-jornades-tic-salut-i-social-se-consolidan-como-un-espacio-de-conocimiento-compartido-en-la-cataluna-central\/#breadcrumb"},"inLanguage":"es","potentialAction":[{"@type":"ReadAction","target":["https:\/\/ticsalutsocial.atoom.space\/es\/noticia\/las-novenas-jornades-tic-salut-i-social-se-consolidan-como-un-espacio-de-conocimiento-compartido-en-la-cataluna-central\/"]}]},{"@type":"ImageObject","inLanguage":"es","@id":"https:\/\/ticsalutsocial.atoom.space\/es\/noticia\/las-novenas-jornades-tic-salut-i-social-se-consolidan-como-un-espacio-de-conocimiento-compartido-en-la-cataluna-central\/#primaryimage","url":"https:\/\/ticsalutsocial.atoom.space\/wp-content\/uploads\/2019\/10\/ar_su_0_2.jpg","contentUrl":"https:\/\/ticsalutsocial.atoom.space\/wp-content\/uploads\/2019\/10\/ar_su_0_2.jpg","width":1170,"height":585},{"@type":"BreadcrumbList","@id":"https:\/\/ticsalutsocial.atoom.space\/es\/noticia\/las-novenas-jornades-tic-salut-i-social-se-consolidan-como-un-espacio-de-conocimiento-compartido-en-la-cataluna-central\/#breadcrumb","itemListElement":[{"@type":"ListItem","position":1,"name":"Inici","item":"https:\/\/ticsalutsocial.atoom.space\/es\/"},{"@type":"ListItem","position":2,"name":"Las novenas &#8216;Jornades TIC Salut i Social&#8217; se consolidan como un espacio de conocimiento compartido en la Catalu\u00f1a Central"}]},{"@type":"WebSite","@id":"https:\/\/ticsalutsocial.atoom.space\/es\/#website","url":"https:\/\/ticsalutsocial.atoom.space\/es\/","name":"Fundaci\u00f3 TIC Salut i Social","description":"","potentialAction":[{"@type":"SearchAction","target":{"@type":"EntryPoint","urlTemplate":"https:\/\/ticsalutsocial.atoom.space\/es\/?s={search_term_string}"},"query-input":{"@type":"PropertyValueSpecification","valueRequired":true,"valueName":"search_term_string"}}],"inLanguage":"es"}]}},"_links":{"self":[{"href":"https:\/\/ticsalutsocial.atoom.space\/es\/wp-json\/wp\/v2\/noticia\/4170","targetHints":{"allow":["GET"]}}],"collection":[{"href":"https:\/\/ticsalutsocial.atoom.space\/es\/wp-json\/wp\/v2\/noticia"}],"about":[{"href":"https:\/\/ticsalutsocial.atoom.space\/es\/wp-json\/wp\/v2\/types\/noticia"}],"author":[{"embeddable":true,"href":"https:\/\/ticsalutsocial.atoom.space\/es\/wp-json\/wp\/v2\/users\/21"}],"wp:featuredmedia":[{"embeddable":true,"href":"https:\/\/ticsalutsocial.atoom.space\/es\/wp-json\/wp\/v2\/media\/4167"}],"wp:attachment":[{"href":"https:\/\/ticsalutsocial.atoom.space\/es\/wp-json\/wp\/v2\/media?parent=4170"}],"wp:term":[{"taxonomy":"etiqueta","embeddable":true,"href":"https:\/\/ticsalutsocial.atoom.space\/es\/wp-json\/wp\/v2\/etiqueta?post=4170"},{"taxonomy":"tipus","embeddable":true,"href":"https:\/\/ticsalutsocial.atoom.space\/es\/wp-json\/wp\/v2\/tipus?post=4170"},{"taxonomy":"topic","embeddable":true,"href":"https:\/\/ticsalutsocial.atoom.space\/es\/wp-json\/wp\/v2\/topic?post=4170"}],"curies":[{"name":"wp","href":"https:\/\/api.w.org\/{rel}","templated":true}]}}