
{"id":4175,"date":"2019-10-28T17:09:57","date_gmt":"2019-10-28T15:09:57","guid":{"rendered":"https:\/\/ticsalutsocial.atoom.space\/?post_type=noticia&#038;p=4175"},"modified":"2021-07-21T15:43:56","modified_gmt":"2021-07-21T13:43:56","slug":"realidad-virtual-la-tecnologia-que-esta-transformando-el-presente","status":"publish","type":"noticia","link":"https:\/\/ticsalutsocial.atoom.space\/es\/noticia\/realidad-virtual-la-tecnologia-que-esta-transformando-el-presente\/","title":{"rendered":"Realidad Virtual: la tecnolog\u00eda que est\u00e1 transformando el presente"},"content":{"rendered":"<p>El pasado 23 de octubre tuvo lugar a Vic la <a href=\"https:\/\/ticsalutsocial.atoom.space\/es\/actualitat\/les-novenes-jornades-tic-salut-i-social-es-consoliden-com-un-espai-de-coneixement-compartit-a-la-catalunya-central\/\">9a edici\u00f3n de las <em>Jornades R+D+I TIC Salut i Social<\/em><\/a>, con la realidad virtual y la realidad aumentada (RV\/RA) como principal foco, y el impacto que tienen estas tecnolog\u00edas en las instituciones sanitarias de Catalu\u00f1a. Durante la jornada se presentaron una gran variedad de proyectos que mostraban como se est\u00e1 aplicando la realidad virtual y la realidad aumentada en los \u00e1mbitos de la salud y lo social y qu\u00e9 ventajas puede tener. Hemos querido hacer un repaso de los proyectos m\u00e1s destacados.<\/p>\n<p>Pudimos ver c\u00f3mo se puede usar la RV para crear entornos virtuales que pueden mejorar las t\u00e9cnicas de inyecci\u00f3n y anatom\u00eda facial donde. Ver las propias manos del cirujano y una vista en detalle de la zona de inyecci\u00f3n. La RV tambi\u00e9n se puede usar para reducir la ansiedad y el dolor, por ejemplo en pediatr\u00eda para la retirada de yesos u orotopedias, o aplicada a pacientes que sufran fibromialgia. La RV tambi\u00e9n ofrece al paciente la posibilidad de experimentar cada etapa del proceso operatorio en un ambiente libre de estr\u00e9s puesto que la exposici\u00f3n a RV permite reducir la ansiedad preoperatoria.<\/p>\n<p>En el \u00e1mbito de la rehabilitaci\u00f3n, se utiliza incluyendo juegos donde el paciente tiene que ir moviendo los brazos. Esto permite poder trabajar con diferentes pacientes a la vez, e intensificar la rehabilitaci\u00f3n. Por otro lado, el gobierno holand\u00e9s promueve una aplicaci\u00f3n de RV por medio de la cual el paciente accede a informaci\u00f3n relacionada con el tratamiento o cirug\u00eda a la que ser\u00e1 sometido enfocando la app a la reducci\u00f3n del estr\u00e9s preoperatorio.<\/p>\n<p>Tal como se apreci\u00f3 a lo largo de la jornada, los principales entornos de utilizaci\u00f3n de estas tecnolog\u00edas son para la formaci\u00f3n y simulaci\u00f3n, la pr\u00e1ctica cl\u00ednica y para el uso terap\u00e9utico, pero tambi\u00e9n se presentaron algunos proyectos enfocados a otras \u00e1reas que incluso usaban tecnolog\u00edas similares como la realidad mixta o realidad ampliada.<\/p>\n<p>Finalmente, Vic sirvi\u00f3 para presentar el\u00a0<a href=\"https:\/\/ticsalutsocial.atoom.space\/es\/actualitat\/la-realitat-virtual-i-augmentada-en-salut-es-troba-per-debatre-sobre-el-futur\/\">Grupo de Inter\u00e9s RV\/RA aplicado a la salud en Catalunya<\/a>\u00a0que surgi\u00f3 cuando se identificaron alrededor de 50 proyectos del SISCAT en que se usaba la RV\/RA\/RM. Estos grupos de inter\u00e9s se agrupan en 4 \u00e1mbitos de actuaci\u00f3n diferenciados: salud mental, rehabilitaci\u00f3n, formaci\u00f3n y distracci\u00f3n. Los objetivos son identificar y promover proyectos basados en esta tecnolog\u00eda en el territorio catal\u00e1n, optimizar las diferentes fases de desarrollo de los proyectos en cuesti\u00f3n, hacer sist\u00e9micos los proyectos que sean beneficiosos para el ecosistema de salud catal\u00e1n e implementar aquellas ideas que supongan una mejora asistencial.<\/p>\n<p><img decoding=\"async\" class=\"size-large wp-image-20842 alignleft\" src=\"https:\/\/ticsalutsocial.atoom.space\/wp-content\/uploads\/2019\/10\/01-700x602-1.png\" alt=\"\" \/><\/p>\n","protected":false},"author":21,"featured_media":4172,"menu_order":0,"template":"","meta":{"_acf_changed":false,"inline_featured_image":false},"etiqueta":[],"tipus":[],"topic":[121],"class_list":["post-4175","noticia","type-noticia","status-publish","has-post-thumbnail","hentry","topic-dpd-es"],"acf":{"imatge":4174,"autor":"David Rodriguez","textos_destacats":[{"texte":"Una revisi\u00f3n de lo m\u00e1s destacado de las 9as jornadas R+D+i TIC Salud y Social de Vic"}]},"yoast_head":"<!-- This site is optimized with the Yoast SEO plugin v27.1.1 - https:\/\/yoast.com\/product\/yoast-seo-wordpress\/ -->\n<title>Realidad Virtual: la tecnolog\u00eda que est\u00e1 transformando el presente - Fundaci\u00f3 TIC Salut i Social<\/title>\n<meta name=\"robots\" content=\"index, follow, max-snippet:-1, max-image-preview:large, max-video-preview:-1\" \/>\n<link rel=\"canonical\" href=\"https:\/\/ticsalutsocial.atoom.space\/es\/noticia\/realidad-virtual-la-tecnologia-que-esta-transformando-el-presente\/\" \/>\n<meta property=\"og:locale\" content=\"es_ES\" \/>\n<meta property=\"og:type\" content=\"article\" \/>\n<meta property=\"og:title\" content=\"Realidad Virtual: la tecnolog\u00eda que est\u00e1 transformando el presente - Fundaci\u00f3 TIC Salut i Social\" \/>\n<meta property=\"og:description\" content=\"El pasado 23 de octubre tuvo lugar a Vic la 9a edici\u00f3n de las Jornades R+D+I TIC Salut i Social, con la realidad virtual y la realidad aumentada (RV\/RA) como principal foco, y el impacto que tienen estas tecnolog\u00edas en las instituciones sanitarias de Catalu\u00f1a. Durante la jornada se presentaron una gran variedad de proyectos [&hellip;]\" \/>\n<meta property=\"og:url\" content=\"https:\/\/ticsalutsocial.atoom.space\/es\/noticia\/realidad-virtual-la-tecnologia-que-esta-transformando-el-presente\/\" \/>\n<meta property=\"og:site_name\" content=\"Fundaci\u00f3 TIC Salut i Social\" \/>\n<meta property=\"article:modified_time\" content=\"2021-07-21T13:43:56+00:00\" \/>\n<meta property=\"og:image\" content=\"https:\/\/ticsalutsocial.atoom.space\/wp-content\/uploads\/2019\/10\/photo-1508930175694-ea32dca8cc79.jpg\" \/>\n\t<meta property=\"og:image:width\" content=\"1350\" \/>\n\t<meta property=\"og:image:height\" content=\"900\" \/>\n\t<meta property=\"og:image:type\" content=\"image\/jpeg\" \/>\n<meta name=\"twitter:card\" content=\"summary_large_image\" \/>\n<meta name=\"twitter:label1\" content=\"Tiempo de lectura\" \/>\n\t<meta name=\"twitter:data1\" content=\"2 minutos\" \/>\n<script type=\"application\/ld+json\" class=\"yoast-schema-graph\">{\"@context\":\"https:\/\/schema.org\",\"@graph\":[{\"@type\":\"WebPage\",\"@id\":\"https:\/\/ticsalutsocial.atoom.space\/es\/noticia\/realidad-virtual-la-tecnologia-que-esta-transformando-el-presente\/\",\"url\":\"https:\/\/ticsalutsocial.atoom.space\/es\/noticia\/realidad-virtual-la-tecnologia-que-esta-transformando-el-presente\/\",\"name\":\"Realidad Virtual: la tecnolog\u00eda que est\u00e1 transformando el presente - Fundaci\u00f3 TIC Salut i Social\",\"isPartOf\":{\"@id\":\"https:\/\/ticsalutsocial.atoom.space\/es\/#website\"},\"primaryImageOfPage\":{\"@id\":\"https:\/\/ticsalutsocial.atoom.space\/es\/noticia\/realidad-virtual-la-tecnologia-que-esta-transformando-el-presente\/#primaryimage\"},\"image\":{\"@id\":\"https:\/\/ticsalutsocial.atoom.space\/es\/noticia\/realidad-virtual-la-tecnologia-que-esta-transformando-el-presente\/#primaryimage\"},\"thumbnailUrl\":\"https:\/\/ticsalutsocial.atoom.space\/wp-content\/uploads\/2019\/10\/photo-1508930175694-ea32dca8cc79.jpg\",\"datePublished\":\"2019-10-28T15:09:57+00:00\",\"dateModified\":\"2021-07-21T13:43:56+00:00\",\"breadcrumb\":{\"@id\":\"https:\/\/ticsalutsocial.atoom.space\/es\/noticia\/realidad-virtual-la-tecnologia-que-esta-transformando-el-presente\/#breadcrumb\"},\"inLanguage\":\"es\",\"potentialAction\":[{\"@type\":\"ReadAction\",\"target\":[\"https:\/\/ticsalutsocial.atoom.space\/es\/noticia\/realidad-virtual-la-tecnologia-que-esta-transformando-el-presente\/\"]}]},{\"@type\":\"ImageObject\",\"inLanguage\":\"es\",\"@id\":\"https:\/\/ticsalutsocial.atoom.space\/es\/noticia\/realidad-virtual-la-tecnologia-que-esta-transformando-el-presente\/#primaryimage\",\"url\":\"https:\/\/ticsalutsocial.atoom.space\/wp-content\/uploads\/2019\/10\/photo-1508930175694-ea32dca8cc79.jpg\",\"contentUrl\":\"https:\/\/ticsalutsocial.atoom.space\/wp-content\/uploads\/2019\/10\/photo-1508930175694-ea32dca8cc79.jpg\",\"width\":1350,\"height\":900},{\"@type\":\"BreadcrumbList\",\"@id\":\"https:\/\/ticsalutsocial.atoom.space\/es\/noticia\/realidad-virtual-la-tecnologia-que-esta-transformando-el-presente\/#breadcrumb\",\"itemListElement\":[{\"@type\":\"ListItem\",\"position\":1,\"name\":\"Inici\",\"item\":\"https:\/\/ticsalutsocial.atoom.space\/es\/\"},{\"@type\":\"ListItem\",\"position\":2,\"name\":\"Realidad Virtual: la tecnolog\u00eda que est\u00e1 transformando el presente\"}]},{\"@type\":\"WebSite\",\"@id\":\"https:\/\/ticsalutsocial.atoom.space\/es\/#website\",\"url\":\"https:\/\/ticsalutsocial.atoom.space\/es\/\",\"name\":\"Fundaci\u00f3 TIC Salut i Social\",\"description\":\"\",\"potentialAction\":[{\"@type\":\"SearchAction\",\"target\":{\"@type\":\"EntryPoint\",\"urlTemplate\":\"https:\/\/ticsalutsocial.atoom.space\/es\/?s={search_term_string}\"},\"query-input\":{\"@type\":\"PropertyValueSpecification\",\"valueRequired\":true,\"valueName\":\"search_term_string\"}}],\"inLanguage\":\"es\"}]}<\/script>\n<!-- \/ Yoast SEO plugin. -->","yoast_head_json":{"title":"Realidad Virtual: la tecnolog\u00eda que est\u00e1 transformando el presente - Fundaci\u00f3 TIC Salut i Social","robots":{"index":"index","follow":"follow","max-snippet":"max-snippet:-1","max-image-preview":"max-image-preview:large","max-video-preview":"max-video-preview:-1"},"canonical":"https:\/\/ticsalutsocial.atoom.space\/es\/noticia\/realidad-virtual-la-tecnologia-que-esta-transformando-el-presente\/","og_locale":"es_ES","og_type":"article","og_title":"Realidad Virtual: la tecnolog\u00eda que est\u00e1 transformando el presente - Fundaci\u00f3 TIC Salut i Social","og_description":"El pasado 23 de octubre tuvo lugar a Vic la 9a edici\u00f3n de las Jornades R+D+I TIC Salut i Social, con la realidad virtual y la realidad aumentada (RV\/RA) como principal foco, y el impacto que tienen estas tecnolog\u00edas en las instituciones sanitarias de Catalu\u00f1a. Durante la jornada se presentaron una gran variedad de proyectos [&hellip;]","og_url":"https:\/\/ticsalutsocial.atoom.space\/es\/noticia\/realidad-virtual-la-tecnologia-que-esta-transformando-el-presente\/","og_site_name":"Fundaci\u00f3 TIC Salut i Social","article_modified_time":"2021-07-21T13:43:56+00:00","og_image":[{"width":1350,"height":900,"url":"https:\/\/ticsalutsocial.atoom.space\/wp-content\/uploads\/2019\/10\/photo-1508930175694-ea32dca8cc79.jpg","type":"image\/jpeg"}],"twitter_card":"summary_large_image","twitter_misc":{"Tiempo de lectura":"2 minutos"},"schema":{"@context":"https:\/\/schema.org","@graph":[{"@type":"WebPage","@id":"https:\/\/ticsalutsocial.atoom.space\/es\/noticia\/realidad-virtual-la-tecnologia-que-esta-transformando-el-presente\/","url":"https:\/\/ticsalutsocial.atoom.space\/es\/noticia\/realidad-virtual-la-tecnologia-que-esta-transformando-el-presente\/","name":"Realidad Virtual: la tecnolog\u00eda que est\u00e1 transformando el presente - Fundaci\u00f3 TIC Salut i Social","isPartOf":{"@id":"https:\/\/ticsalutsocial.atoom.space\/es\/#website"},"primaryImageOfPage":{"@id":"https:\/\/ticsalutsocial.atoom.space\/es\/noticia\/realidad-virtual-la-tecnologia-que-esta-transformando-el-presente\/#primaryimage"},"image":{"@id":"https:\/\/ticsalutsocial.atoom.space\/es\/noticia\/realidad-virtual-la-tecnologia-que-esta-transformando-el-presente\/#primaryimage"},"thumbnailUrl":"https:\/\/ticsalutsocial.atoom.space\/wp-content\/uploads\/2019\/10\/photo-1508930175694-ea32dca8cc79.jpg","datePublished":"2019-10-28T15:09:57+00:00","dateModified":"2021-07-21T13:43:56+00:00","breadcrumb":{"@id":"https:\/\/ticsalutsocial.atoom.space\/es\/noticia\/realidad-virtual-la-tecnologia-que-esta-transformando-el-presente\/#breadcrumb"},"inLanguage":"es","potentialAction":[{"@type":"ReadAction","target":["https:\/\/ticsalutsocial.atoom.space\/es\/noticia\/realidad-virtual-la-tecnologia-que-esta-transformando-el-presente\/"]}]},{"@type":"ImageObject","inLanguage":"es","@id":"https:\/\/ticsalutsocial.atoom.space\/es\/noticia\/realidad-virtual-la-tecnologia-que-esta-transformando-el-presente\/#primaryimage","url":"https:\/\/ticsalutsocial.atoom.space\/wp-content\/uploads\/2019\/10\/photo-1508930175694-ea32dca8cc79.jpg","contentUrl":"https:\/\/ticsalutsocial.atoom.space\/wp-content\/uploads\/2019\/10\/photo-1508930175694-ea32dca8cc79.jpg","width":1350,"height":900},{"@type":"BreadcrumbList","@id":"https:\/\/ticsalutsocial.atoom.space\/es\/noticia\/realidad-virtual-la-tecnologia-que-esta-transformando-el-presente\/#breadcrumb","itemListElement":[{"@type":"ListItem","position":1,"name":"Inici","item":"https:\/\/ticsalutsocial.atoom.space\/es\/"},{"@type":"ListItem","position":2,"name":"Realidad Virtual: la tecnolog\u00eda que est\u00e1 transformando el presente"}]},{"@type":"WebSite","@id":"https:\/\/ticsalutsocial.atoom.space\/es\/#website","url":"https:\/\/ticsalutsocial.atoom.space\/es\/","name":"Fundaci\u00f3 TIC Salut i Social","description":"","potentialAction":[{"@type":"SearchAction","target":{"@type":"EntryPoint","urlTemplate":"https:\/\/ticsalutsocial.atoom.space\/es\/?s={search_term_string}"},"query-input":{"@type":"PropertyValueSpecification","valueRequired":true,"valueName":"search_term_string"}}],"inLanguage":"es"}]}},"_links":{"self":[{"href":"https:\/\/ticsalutsocial.atoom.space\/es\/wp-json\/wp\/v2\/noticia\/4175","targetHints":{"allow":["GET"]}}],"collection":[{"href":"https:\/\/ticsalutsocial.atoom.space\/es\/wp-json\/wp\/v2\/noticia"}],"about":[{"href":"https:\/\/ticsalutsocial.atoom.space\/es\/wp-json\/wp\/v2\/types\/noticia"}],"author":[{"embeddable":true,"href":"https:\/\/ticsalutsocial.atoom.space\/es\/wp-json\/wp\/v2\/users\/21"}],"wp:featuredmedia":[{"embeddable":true,"href":"https:\/\/ticsalutsocial.atoom.space\/es\/wp-json\/wp\/v2\/media\/4172"}],"wp:attachment":[{"href":"https:\/\/ticsalutsocial.atoom.space\/es\/wp-json\/wp\/v2\/media?parent=4175"}],"wp:term":[{"taxonomy":"etiqueta","embeddable":true,"href":"https:\/\/ticsalutsocial.atoom.space\/es\/wp-json\/wp\/v2\/etiqueta?post=4175"},{"taxonomy":"tipus","embeddable":true,"href":"https:\/\/ticsalutsocial.atoom.space\/es\/wp-json\/wp\/v2\/tipus?post=4175"},{"taxonomy":"topic","embeddable":true,"href":"https:\/\/ticsalutsocial.atoom.space\/es\/wp-json\/wp\/v2\/topic?post=4175"}],"curies":[{"name":"wp","href":"https:\/\/api.w.org\/{rel}","templated":true}]}}