
{"id":4205,"date":"2019-11-05T14:02:04","date_gmt":"2019-11-05T12:02:04","guid":{"rendered":"https:\/\/ticsalutsocial.atoom.space\/?post_type=noticia&#038;p=4205"},"modified":"2021-07-21T15:44:08","modified_gmt":"2021-07-21T13:44:08","slug":"mhealth-y-salud-mental-el-proyecto-smart4md-al-servicio-de-las-personas-con-deterioro-cognitivo-y-demencia","status":"publish","type":"noticia","link":"https:\/\/ticsalutsocial.atoom.space\/es\/noticia\/mhealth-y-salud-mental-el-proyecto-smart4md-al-servicio-de-las-personas-con-deterioro-cognitivo-y-demencia\/","title":{"rendered":"mHealth y salud mental: el proyecto SMART4MD al servicio de las personas con deterioro cognitivo y demencia"},"content":{"rendered":"<div>El pr\u00f3ximo 22 de noviembre el grupo de investigaci\u00f3n <a href=\"http:\/\/www.neuropsicologiacst.cat\/\" target=\"_blank\" rel=\"noopener noreferrer\"><em>Brain, Cognition and Behavior<\/em><\/a> del <em>Consorci Sanitari de Terrassa<\/em> (CST) organiza la conferencia\u00a0<strong><em><a href=\"https:\/\/ticsalutsocial.atoom.space\/es\/agenda\/jornada-tecnology-for-elderly-and-health-translation-to-the-market\/\" target=\"_blank\" rel=\"noopener noreferrer\">T<\/a><a href=\"https:\/\/ticsalutsocial.atoom.space\/es\/agenda\/jornada-tecnology-for-elderly-and-health-translation-to-the-market\/\" target=\"_blank\" rel=\"noopener noreferrer\">echnology for elderly and health: Translation to the market<\/a><\/em><\/strong>. Esta conferencia tendr\u00e1 lugar en el Hospital de Terrassa y el objetivo es dar a conocer, atendiendo el envejecimiento de la poblaci\u00f3n de nuestro pa\u00eds, la oportunidad que la <em>Silver Economy<\/em> representa para el mercado a partir de las diferentes experiencias tecnol\u00f3gicas financiadas por la Uni\u00f3n Europea que se han desarrollado para este segmento de poblaci\u00f3n.<\/div>\n<div>\u00a0 \u00a0 \u00a0 \u00a0 \u00a0 \u00a0<img decoding=\"async\" class=\"alignnone size-medium wp-image-20915\" src=\"https:\/\/ticsalutsocial.atoom.space\/wp-content\/uploads\/2019\/10\/smart4md-300x114.png\" alt=\"\" \/>\u00a0 \u00a0 \u00a0 \u00a0 \u00a0 \u00a0 \u00a0 \u00a0 \u00a0 \u00a0 \u00a0 \u00a0 \u00a0 \u00a0 \u00a0 \u00a0 \u00a0\u00a0<img loading=\"lazy\" decoding=\"async\" class=\"alignnone wp-image-20922\" src=\"https:\/\/ticsalutsocial.atoom.space\/wp-content\/uploads\/2019\/11\/h2020-300x47-1.png\" alt=\"\" width=\"325\" height=\"51\" \/><\/div>\n<div><\/div>\n<div>En paralelo, y atendiendo al problema de transferencia para comercializar estos productos, entre los proyectos europeos expuestos se encuentra SMART4MD. Este proyecto cofinanciado por la Uni\u00f3n Europea bajo un programa marco de investigaci\u00f3n e innovaci\u00f3n de la Comisi\u00f3n Europea \u2013Horizon 2020-, con c\u00f3digo de subvenci\u00f3n 643399, consiste en una investigaci\u00f3n que abarca toda la UE e involucra 11 socios internacionales. El consorcio est\u00e1 integrado por <em>Anglia Ruskin University Higher Education Corporation<\/em> (coordinador del proyecto), <em>Alzheimer Europe, Athena ICT Ltd, Handle My Health<\/em>, Universidad Politecnica de Madrid, <em>South Essex Partnership University NHS Foundation Trust<\/em>, Consorci Sanitari de Terrassa, <em>DEX Innovation Centre<\/em>, Servicio Andaluz de Salud, <em>Blekinge Tekniska Hogskola<\/em> y \u00a0<em>Katholieke Hogeschool Limburg VZW<\/em>. El <em>Consorci Sanitari<\/em> de Terrassa es un partner cl\u00ednico que interviene en el desarrollo tecnol\u00f3gico de una app encarg\u00e1ndose de realizar los grupos focales y el estudio de viabilidad. Adem\u00e1s participa activamente al ensayo cl\u00ednico que ha incluido un total de 368 participantes. Teniendo en cuenta que el ensayo se ha realizado con sujetos con deterioro cognitivo y sus cuidadores, en total 736 individuos participan desde el CST.<\/div>\n<div>\n<p>As\u00ed pues el proyecto se centra en mejorar la calidad de vida de las personas con Deterioro Cognitivo Leve (en ingl\u00e9s <em>Mild Cognitive Impairment<\/em> y\u00a0en adelante MCI) y la demencia leve sin perder de vista a sus cuidadores. Estas patolog\u00edas han estado objeto de muchos estudios en los \u00faltimos a\u00f1os a causa del elevado riesgo que plantean los individuos diagnosticados en esta categor\u00eda de desarrollo de la demencia. El primer concepto de MCI fue propuesto a la d\u00e9cada de 1990 por Flicker, Ferrys y Reisberg (1991) para referirse a un grupo de pacientes que ten\u00edan un deterioro cognitivo sin demencia y que mostraron un declive significativo en sus capacidades cognitivas despu\u00e9s de dos a\u00f1os. La prevalencia de la MCI depende en gran medida de los criterios utilizados, que van desde el 3% hasta el 42% en la gente mayor (Ganguli et al., 2010; L\u00f3pez et al., 2003).<\/p>\n<\/div>\n<div>\n<div id=\"attachment_20980\" style=\"width: 710px\" class=\"wp-caption alignnone\"><img loading=\"lazy\" decoding=\"async\" aria-describedby=\"caption-attachment-20980\" class=\"wp-image-20980 size-large\" src=\"https:\/\/ticsalutsocial.atoom.space\/wp-content\/uploads\/2019\/11\/smart4mdfoto-700x862-1.jpg\" alt=\"\" width=\"700\" height=\"862\" \/><p id=\"caption-attachment-20980\" class=\"wp-caption-text\">Foto de: Isabel de Mar\u00eda de Gazta\u00f1ondo<\/p><\/div>\n<\/div>\n<div><\/div>\n<div>\n<div><\/div>\n<div>\n<p>Por otro lado, el t\u00e9rmino &#8216;demencia&#8217; denota un s\u00edndrome adquirido, producido por una causa org\u00e1nica, caracterizada por un conjunto de signos y s\u00edntomas que producen un declive cognitivo persistente y que alteran la capacidad funcional de la persona en ausencia de alteraci\u00f3n de la consciencia. Hay muchas dolencias que son causadas por la demencia, pero la dolencia del Alzheimer -m\u00e9dico hom\u00f3nimo que la describi\u00f3 por primera vez hace m\u00e1s de 100 a\u00f1os- es ampliamente su causa m\u00e1s com\u00fan (Desai y Grossberg, 2005; Kalaria et al., 2008).<\/p>\n<p>As\u00ed pues, el proyecto SMART4MD desarrolla una la plataforma digital hom\u00f3nima que incluye una aplicaci\u00f3n dise\u00f1ada espec\u00edficamente para personas con MCI o demencia leve, para sus cuidadores informales y profesionales sanitarios. La aplicaci\u00f3n SMART4MD, preinstalada en tabletas de 7 pulgadas, est\u00e1 disponible en 5 idiomas diferentes: ingl\u00e9s, castellano, checo, sueco y franc\u00e9s.<br \/>\nLa app se ha desarrollado con 7 funciones principales: 1. &#8216;Mis Recordatorios&#8217; para medicamentos, citas y tareas generales; 2. &#8216;Mi Salud&#8217; con m\u00faltiples s\u00edntomas de seguimiento; 3. &#8216;La Gente que Conozco&#8217;; 4. &#8216;Juegos y Recursos&#8217;, con juegos cognitivos y noticias interesantes; 5. &#8216;Sobre la Demencia&#8217;; 6. &#8216;Personalizar mi aplicaci\u00f3n&#8217;, con opciones para aumentar la medida de texto, volumen, desactivar funcionalidades, cambiar colores, etc; y 7. &#8216;Compartir con otros&#8217;, como por ejemplo, cuidadores y profesionales sanitarios. La aplicaci\u00f3n <em>per se<\/em> es altamente personalizable a partir de las condiciones y preferencias de cada usuario y se ha desarrollado pensando en las necesidades de los usuarios.<\/p>\n<\/div>\n<\/div>\n<div><\/div>\n<div><\/div>\n<div>\n<div id=\"attachment_20918\" style=\"width: 540px\" class=\"wp-caption aligncenter\"><img loading=\"lazy\" decoding=\"async\" aria-describedby=\"caption-attachment-20918\" class=\"wp-image-20918 size-full\" src=\"https:\/\/ticsalutsocial.atoom.space\/wp-content\/uploads\/2019\/11\/smat4md2.png\" alt=\"\" width=\"530\" height=\"701\" \/><p id=\"caption-attachment-20918\" class=\"wp-caption-text\">Funcionalidades de la app SMART4MD<\/p><\/div>\n<\/div>\n<div><\/div>\n<div>\n<p>La plataforma y la consecuci\u00f3n de sus objetivos se est\u00e1n probando actualmente a trav\u00e9s de un ensayo cl\u00ednico controlado a gran escala, randomizado, con m\u00e1s de 1000 d\u00edas, incluyendo las personas con MCI o la demencia y sus cuidadores informales.<\/p>\n<p>Una vez realzado el estudio de viabilidad, se inici\u00f3 la fase de pilotos de la plataforma con duraci\u00f3n de 18 meses y que actualmente se encuentra en plena ejecuci\u00f3n. Los pilotos pretenden contrastar varias hip\u00f3tesis de investigaci\u00f3n proporcionando una base de conocimiento para la explotaci\u00f3n posterior de la plataforma SMART4MD en territorios comunitarios. M\u00e1s de 1000 personas con MCI o demencia junto con los cuidadores han sido reclutados tanto en el grupo de intervenci\u00f3n (con la plataforma) como en el grupo de control (recibiendo atenci\u00f3n habitual). Las visitas regulares durante 6 meses en los centros sanitarios proporcionan datos sobre la calidad de vida mediante el uso de QoL-AD <strong>[1]<\/strong>, la funci\u00f3n cognitiva MMSE <strong>[2]<\/strong>, la disminuci\u00f3n funcional EQ-5D <strong>[3]<\/strong>, la medicaci\u00f3n (recuento de dosis y pastillas) y la adhesi\u00f3n de citas combinadas con datos recogidos de la aplicaci\u00f3n sobre el comportamiento de los usuarios.<\/p>\n<p>En la actualidad, los datos recogidos durante 6 meses entre m\u00e1s de 1000 personas investigadas con MCI o demencia leve con una edad mediana de 74 a\u00f1os y con una media inicial de puntuaci\u00f3n MMSE de 25, 5 puntos y GDS-15 a 3 puntos, muestran un ligero aumento de la puntuaci\u00f3n MMSE entre el grupo de intervenci\u00f3n en comparaci\u00f3n con el grupo de control y la media del a\u00f1o a la disminuci\u00f3n interanual. Tambi\u00e9n apuntan que las funciones m\u00e1s frecuentemente utilizadas de la aplicaci\u00f3n SMART4MD son &#8216;Mis Recordatorios&#8217;, &#8216;Mi Salud&#8217; y &#8216;Juegos y Recursos&#8217;.<\/p>\n<\/div>\n<div><\/div>\n<div>___<\/div>\n<div>\n<p><strong><strong>[1]\u00a0<\/strong><\/strong><em>Quality of Life-AD -Qol-AD- <\/em>(Logsdon et al, 2002)<em>.<\/em>La calidad de vida de la persona con demencia es la principal medida del resultado del ensayo. Ser\u00e1 evaluado por la puntuaci\u00f3n total de la escala Qol-AD. Los pacientes con demencia experimentar\u00e1n disminuci\u00f3n cognitiva durante el curso del estudio (2 a\u00f1os), incluso dificult\u00e1ndoles completar la escala. Por este motivo, el cuidador tambi\u00e9n completar\u00e1 la escala, en paralelo y en nombre del participante, desde el inicio del estudio. El instrumento ha sido dise\u00f1ado espec\u00edficamente para evaluar la calidad de vida en sujetos con demencia tanto desde el punto de vista del paciente como del cuidador.<\/p>\n<p>La escala comprende 13 elementos, incluyendo la evaluaci\u00f3n de la relaci\u00f3n del participante con amigos y familiares, situaci\u00f3n financiera, condici\u00f3n f\u00edsica, estado de \u00e1nimo y calidad general de la evaluaci\u00f3n de la vida. Los cuidadores completar\u00e1n la escala en funci\u00f3n de la calidad de vida de la persona que cuide, mientras que el paciente lo completar\u00e1 bas\u00e1ndose en su propia calidad de vida.<br \/>\nEsta escala ser\u00e1 administrada por el investigador a trav\u00e9s de la entrevista, mientras que en el caso de los cuidadores se autoadministrar\u00e0. Se administrar\u00e1 en las siguientes visitas: basal, mas 6, mas 12 y mis 18.<\/p>\n<p>En la actualidad, los datos recogidos durante 6 meses entre m\u00e1s de 1000 personas investigadas con MCI o demencia leve con una edad mediana de 74 a\u00f1os y con una media inicial de puntuaci\u00f3n MMSE de 25, 5 puntos y GDS-15 a 3 puntos, muestran un ligero aumento de la puntuaci\u00f3n MMSE entre el grupo de intervenci\u00f3n en comparaci\u00f3n con el grupo de control y la media del a\u00f1o a la disminuci\u00f3n interanual. Tambi\u00e9n apuntan que las funciones m\u00e1s frecuentemente utilizadas de la aplicaci\u00f3n SMART4MD son &#8216;Mis Recordatorios&#8217;, &#8216;Mi Salud&#8217; y &#8216;Juegos y Recursos&#8217;.<\/p>\n<\/div>\n<div><\/div>\n<div><\/div>\n<div><strong>[2]\u00a0<\/strong><em>Mini-Mental State Examination<\/em>\u00a0-MMSE- (Folstein et al, 1975). Se trata de una prueba de detecci\u00f3n cognitiva, que tiene como objetivo la evaluaci\u00f3n de la cognici\u00f3n a corto plazo. Para ser incluido en el ensayo, los participantes deben tener una puntuaci\u00f3n de la MMSE de entre 20-28 puntos. La MMSE se ha administrado en las siguientes visitas: basal, mas 6, mas 12 y mis 18.<\/div>\n<div><\/div>\n<div><\/div>\n<div>\n<div><strong>[3] <\/strong>Escala EuroQol 5D se ha utilizado para evaluar la calidad de vida de las personas con demencia. Esta escala es un instrumento estandarizado y permite el an\u00e1lisis de los costes econ\u00f3micos (Guyatt et al, 1993; Amb el grup EuroQol, 1996).<\/div>\n<div>EuroQol es una escala autogestionada que consta de cinco preguntas que incluyen cuestiones como la movilidad, la higiene, las actividades, el dolor y la ansiedad. Aun as\u00ed incluye una escala visual anal\u00f3gica donde el paciente eval\u00faa su estatus de salud en un rango de valor de 0-100. La escala se administrar\u00e1 a las visitas de l\u00ednea basal, mas 12 y mis 24. EuroQol se ha mostrado correlacionado con Qol-AD, demostrando que estas dos medidas de calidad de vida son compatibles (Thorgrimsen et al, 2003).<\/div>\n<div>__<\/div>\n<\/div>\n<div><\/div>\n<div><strong>REFERENCIAS<\/strong><\/div>\n<div><\/div>\n<ul>\n<li>Brooks, R., with the EuroQol Group, (1996). EuroQol: the current state of play. <em>Health Policy <\/em>37, pp. 53-72.<\/li>\n<li>Desai, A. K. y Grossberg, G. T. (2005). Diagnosis and treatment of Alzheimer\u2019s disease. <em>Neurology,<\/em> <em>64<\/em>(12 Suppl 3), 34-39.<\/li>\n<li>Flicker, C., Ferris, S. H. y Reisberg, B. (1991). Mild Cognitive Impairment in the elderly: Predictors of dementia. <em>Neurology, 41<\/em>(7), 1006- 1009.<\/li>\n<\/ul>\n<div>\n<ul>\n<li>Folstein, M.F., Folstein, S.E. and McHugh, P.R., (1975). \u201cMini-mental state\u201d: a practical method for grading the cognitive state of patients for the clinician. <em>Journal of psychiatric research<\/em>, <em>12<\/em>(3), pp.189-198.<\/li>\n<li>Ganguli, M., Chang, C. C., Snitz, B. E., Saxton, J. A., Vanderbilt, J. y Lee, C. W. (2010). Prevalence of Mild Cognitive Impairment by multiple classifications: The Monongahela- Youghiogheny healthy aging team (MYHAT) project. <em>The American Journal of Geriatric<\/em> <em>Psychiatry, 18<\/em>(8), 674-683.<\/li>\n<li>Guyatt, G-H., Feeny, D-H., Patrick, D-L. (1993). Measuring Health-Related Quality of Life. <em>Intern Medicin <\/em>118 (8), pp.622-629.<\/li>\n<li>Kalaria, R. N., Maestre, G. E., Arizaga, R., Friedland, R. P., Galasko, D., Hall, K., et al. (2008). Alzheimer\u2019s disease and vascular dementia in developing countries: Prevalence, management, and risk factors. <em>The Lancet Neurology,<\/em> <em>7<\/em>(9), 812-826.<\/li>\n<li>Logsdon, R.G., Gibbons, L.E., McCurry, S.M., Teri, L., (2002). Assessing quality of life in older adults with cognitive impairment. <em>Psychosomatic medicine<\/em> 64 (3), pp.510\u2013519.<\/li>\n<li>Lopez, O. L., Jagust, W. J., DeKosky, S. T., Becker, J. T., Fitzpatrick, A., Dulberg, C., et al. (2003). Prevalence and classification of Mild Cognitive Impairment in the cardiovascular health study cognition study: Part 1. <em>Archives of<\/em> <em>Neurology, 60<\/em>(10), 1385-1389.<\/li>\n<li>Thorgrimsen, L., Selwood, A., Spector, A., Royan, L., de Madariaga Lopez, M., Woods, R.T. and Orrell, M., (2003). Whose quality of life is it anyway?: The validity and reliability of the Quality of Life-Alzheimer&#8217;s Disease (QoL-AD) scale. <em>Alzheimer Disease &amp; Associated Disorders<\/em>, <em>17<\/em>(4), pp.201-208.<\/li>\n<\/ul>\n<p>&nbsp;<\/p>\n<p>&nbsp;<\/p>\n<\/div>\n","protected":false},"author":21,"featured_media":4202,"menu_order":0,"template":"","meta":{"_acf_changed":false,"inline_featured_image":false},"etiqueta":[],"tipus":[654],"topic":[121,125,130],"class_list":["post-4205","noticia","type-noticia","status-publish","has-post-thumbnail","hentry","tipus-activos-digitales","topic-dpd-es","topic-hub-es","topic-la-fundacion"],"acf":{"imatge":4204,"autor":"Victor Barber\u00e0","textos_destacats":[{"texte":"El Consorci Sanitari de Terrassa participa en el desarrollo de soluciones mHealth en el contexto del programa marco H2020"}]},"yoast_head":"<!-- This site is optimized with the Yoast SEO plugin v27.1.1 - https:\/\/yoast.com\/product\/yoast-seo-wordpress\/ -->\n<title>mHealth y salud mental: el proyecto SMART4MD al servicio de las personas con deterioro cognitivo y demencia - Fundaci\u00f3 TIC Salut i Social<\/title>\n<meta name=\"robots\" content=\"index, follow, max-snippet:-1, max-image-preview:large, max-video-preview:-1\" \/>\n<link rel=\"canonical\" href=\"https:\/\/ticsalutsocial.atoom.space\/es\/noticia\/mhealth-y-salud-mental-el-proyecto-smart4md-al-servicio-de-las-personas-con-deterioro-cognitivo-y-demencia\/\" \/>\n<meta property=\"og:locale\" content=\"es_ES\" \/>\n<meta property=\"og:type\" content=\"article\" \/>\n<meta property=\"og:title\" content=\"mHealth y salud mental: el proyecto SMART4MD al servicio de las personas con deterioro cognitivo y demencia - Fundaci\u00f3 TIC Salut i Social\" \/>\n<meta property=\"og:description\" content=\"El pr\u00f3ximo 22 de noviembre el grupo de investigaci\u00f3n Brain, Cognition and Behavior del Consorci Sanitari de Terrassa (CST) organiza la conferencia\u00a0Technology for elderly and health: Translation to the market. Esta conferencia tendr\u00e1 lugar en el Hospital de Terrassa y el objetivo es dar a conocer, atendiendo el envejecimiento de la poblaci\u00f3n de nuestro pa\u00eds, [&hellip;]\" \/>\n<meta property=\"og:url\" content=\"https:\/\/ticsalutsocial.atoom.space\/es\/noticia\/mhealth-y-salud-mental-el-proyecto-smart4md-al-servicio-de-las-personas-con-deterioro-cognitivo-y-demencia\/\" \/>\n<meta property=\"og:site_name\" content=\"Fundaci\u00f3 TIC Salut i Social\" \/>\n<meta property=\"article:modified_time\" content=\"2021-07-21T13:44:08+00:00\" \/>\n<meta property=\"og:image\" content=\"https:\/\/ticsalutsocial.atoom.space\/wp-content\/uploads\/2019\/11\/steven-hwg-zbsdrthiim4-unsplash-scaled.jpg\" \/>\n\t<meta property=\"og:image:width\" content=\"2560\" \/>\n\t<meta property=\"og:image:height\" content=\"1707\" \/>\n\t<meta property=\"og:image:type\" content=\"image\/jpeg\" \/>\n<meta name=\"twitter:card\" content=\"summary_large_image\" \/>\n<meta name=\"twitter:label1\" content=\"Tiempo de lectura\" \/>\n\t<meta name=\"twitter:data1\" content=\"9 minutos\" \/>\n<script type=\"application\/ld+json\" class=\"yoast-schema-graph\">{\"@context\":\"https:\/\/schema.org\",\"@graph\":[{\"@type\":\"WebPage\",\"@id\":\"https:\/\/ticsalutsocial.atoom.space\/es\/noticia\/mhealth-y-salud-mental-el-proyecto-smart4md-al-servicio-de-las-personas-con-deterioro-cognitivo-y-demencia\/\",\"url\":\"https:\/\/ticsalutsocial.atoom.space\/es\/noticia\/mhealth-y-salud-mental-el-proyecto-smart4md-al-servicio-de-las-personas-con-deterioro-cognitivo-y-demencia\/\",\"name\":\"mHealth y salud mental: el proyecto SMART4MD al servicio de las personas con deterioro cognitivo y demencia - Fundaci\u00f3 TIC Salut i Social\",\"isPartOf\":{\"@id\":\"https:\/\/ticsalutsocial.atoom.space\/es\/#website\"},\"primaryImageOfPage\":{\"@id\":\"https:\/\/ticsalutsocial.atoom.space\/es\/noticia\/mhealth-y-salud-mental-el-proyecto-smart4md-al-servicio-de-las-personas-con-deterioro-cognitivo-y-demencia\/#primaryimage\"},\"image\":{\"@id\":\"https:\/\/ticsalutsocial.atoom.space\/es\/noticia\/mhealth-y-salud-mental-el-proyecto-smart4md-al-servicio-de-las-personas-con-deterioro-cognitivo-y-demencia\/#primaryimage\"},\"thumbnailUrl\":\"https:\/\/ticsalutsocial.atoom.space\/wp-content\/uploads\/2019\/11\/steven-hwg-zbsdrthiim4-unsplash-scaled.jpg\",\"datePublished\":\"2019-11-05T12:02:04+00:00\",\"dateModified\":\"2021-07-21T13:44:08+00:00\",\"breadcrumb\":{\"@id\":\"https:\/\/ticsalutsocial.atoom.space\/es\/noticia\/mhealth-y-salud-mental-el-proyecto-smart4md-al-servicio-de-las-personas-con-deterioro-cognitivo-y-demencia\/#breadcrumb\"},\"inLanguage\":\"es\",\"potentialAction\":[{\"@type\":\"ReadAction\",\"target\":[\"https:\/\/ticsalutsocial.atoom.space\/es\/noticia\/mhealth-y-salud-mental-el-proyecto-smart4md-al-servicio-de-las-personas-con-deterioro-cognitivo-y-demencia\/\"]}]},{\"@type\":\"ImageObject\",\"inLanguage\":\"es\",\"@id\":\"https:\/\/ticsalutsocial.atoom.space\/es\/noticia\/mhealth-y-salud-mental-el-proyecto-smart4md-al-servicio-de-las-personas-con-deterioro-cognitivo-y-demencia\/#primaryimage\",\"url\":\"https:\/\/ticsalutsocial.atoom.space\/wp-content\/uploads\/2019\/11\/steven-hwg-zbsdrthiim4-unsplash-scaled.jpg\",\"contentUrl\":\"https:\/\/ticsalutsocial.atoom.space\/wp-content\/uploads\/2019\/11\/steven-hwg-zbsdrthiim4-unsplash-scaled.jpg\",\"width\":2560,\"height\":1707},{\"@type\":\"BreadcrumbList\",\"@id\":\"https:\/\/ticsalutsocial.atoom.space\/es\/noticia\/mhealth-y-salud-mental-el-proyecto-smart4md-al-servicio-de-las-personas-con-deterioro-cognitivo-y-demencia\/#breadcrumb\",\"itemListElement\":[{\"@type\":\"ListItem\",\"position\":1,\"name\":\"Inici\",\"item\":\"https:\/\/ticsalutsocial.atoom.space\/es\/\"},{\"@type\":\"ListItem\",\"position\":2,\"name\":\"mHealth y salud mental: el proyecto SMART4MD al servicio de las personas con deterioro cognitivo y demencia\"}]},{\"@type\":\"WebSite\",\"@id\":\"https:\/\/ticsalutsocial.atoom.space\/es\/#website\",\"url\":\"https:\/\/ticsalutsocial.atoom.space\/es\/\",\"name\":\"Fundaci\u00f3 TIC Salut i Social\",\"description\":\"\",\"potentialAction\":[{\"@type\":\"SearchAction\",\"target\":{\"@type\":\"EntryPoint\",\"urlTemplate\":\"https:\/\/ticsalutsocial.atoom.space\/es\/?s={search_term_string}\"},\"query-input\":{\"@type\":\"PropertyValueSpecification\",\"valueRequired\":true,\"valueName\":\"search_term_string\"}}],\"inLanguage\":\"es\"}]}<\/script>\n<!-- \/ Yoast SEO plugin. -->","yoast_head_json":{"title":"mHealth y salud mental: el proyecto SMART4MD al servicio de las personas con deterioro cognitivo y demencia - Fundaci\u00f3 TIC Salut i Social","robots":{"index":"index","follow":"follow","max-snippet":"max-snippet:-1","max-image-preview":"max-image-preview:large","max-video-preview":"max-video-preview:-1"},"canonical":"https:\/\/ticsalutsocial.atoom.space\/es\/noticia\/mhealth-y-salud-mental-el-proyecto-smart4md-al-servicio-de-las-personas-con-deterioro-cognitivo-y-demencia\/","og_locale":"es_ES","og_type":"article","og_title":"mHealth y salud mental: el proyecto SMART4MD al servicio de las personas con deterioro cognitivo y demencia - Fundaci\u00f3 TIC Salut i Social","og_description":"El pr\u00f3ximo 22 de noviembre el grupo de investigaci\u00f3n Brain, Cognition and Behavior del Consorci Sanitari de Terrassa (CST) organiza la conferencia\u00a0Technology for elderly and health: Translation to the market. Esta conferencia tendr\u00e1 lugar en el Hospital de Terrassa y el objetivo es dar a conocer, atendiendo el envejecimiento de la poblaci\u00f3n de nuestro pa\u00eds, [&hellip;]","og_url":"https:\/\/ticsalutsocial.atoom.space\/es\/noticia\/mhealth-y-salud-mental-el-proyecto-smart4md-al-servicio-de-las-personas-con-deterioro-cognitivo-y-demencia\/","og_site_name":"Fundaci\u00f3 TIC Salut i Social","article_modified_time":"2021-07-21T13:44:08+00:00","og_image":[{"width":2560,"height":1707,"url":"https:\/\/ticsalutsocial.atoom.space\/wp-content\/uploads\/2019\/11\/steven-hwg-zbsdrthiim4-unsplash-scaled.jpg","type":"image\/jpeg"}],"twitter_card":"summary_large_image","twitter_misc":{"Tiempo de lectura":"9 minutos"},"schema":{"@context":"https:\/\/schema.org","@graph":[{"@type":"WebPage","@id":"https:\/\/ticsalutsocial.atoom.space\/es\/noticia\/mhealth-y-salud-mental-el-proyecto-smart4md-al-servicio-de-las-personas-con-deterioro-cognitivo-y-demencia\/","url":"https:\/\/ticsalutsocial.atoom.space\/es\/noticia\/mhealth-y-salud-mental-el-proyecto-smart4md-al-servicio-de-las-personas-con-deterioro-cognitivo-y-demencia\/","name":"mHealth y salud mental: el proyecto SMART4MD al servicio de las personas con deterioro cognitivo y demencia - Fundaci\u00f3 TIC Salut i Social","isPartOf":{"@id":"https:\/\/ticsalutsocial.atoom.space\/es\/#website"},"primaryImageOfPage":{"@id":"https:\/\/ticsalutsocial.atoom.space\/es\/noticia\/mhealth-y-salud-mental-el-proyecto-smart4md-al-servicio-de-las-personas-con-deterioro-cognitivo-y-demencia\/#primaryimage"},"image":{"@id":"https:\/\/ticsalutsocial.atoom.space\/es\/noticia\/mhealth-y-salud-mental-el-proyecto-smart4md-al-servicio-de-las-personas-con-deterioro-cognitivo-y-demencia\/#primaryimage"},"thumbnailUrl":"https:\/\/ticsalutsocial.atoom.space\/wp-content\/uploads\/2019\/11\/steven-hwg-zbsdrthiim4-unsplash-scaled.jpg","datePublished":"2019-11-05T12:02:04+00:00","dateModified":"2021-07-21T13:44:08+00:00","breadcrumb":{"@id":"https:\/\/ticsalutsocial.atoom.space\/es\/noticia\/mhealth-y-salud-mental-el-proyecto-smart4md-al-servicio-de-las-personas-con-deterioro-cognitivo-y-demencia\/#breadcrumb"},"inLanguage":"es","potentialAction":[{"@type":"ReadAction","target":["https:\/\/ticsalutsocial.atoom.space\/es\/noticia\/mhealth-y-salud-mental-el-proyecto-smart4md-al-servicio-de-las-personas-con-deterioro-cognitivo-y-demencia\/"]}]},{"@type":"ImageObject","inLanguage":"es","@id":"https:\/\/ticsalutsocial.atoom.space\/es\/noticia\/mhealth-y-salud-mental-el-proyecto-smart4md-al-servicio-de-las-personas-con-deterioro-cognitivo-y-demencia\/#primaryimage","url":"https:\/\/ticsalutsocial.atoom.space\/wp-content\/uploads\/2019\/11\/steven-hwg-zbsdrthiim4-unsplash-scaled.jpg","contentUrl":"https:\/\/ticsalutsocial.atoom.space\/wp-content\/uploads\/2019\/11\/steven-hwg-zbsdrthiim4-unsplash-scaled.jpg","width":2560,"height":1707},{"@type":"BreadcrumbList","@id":"https:\/\/ticsalutsocial.atoom.space\/es\/noticia\/mhealth-y-salud-mental-el-proyecto-smart4md-al-servicio-de-las-personas-con-deterioro-cognitivo-y-demencia\/#breadcrumb","itemListElement":[{"@type":"ListItem","position":1,"name":"Inici","item":"https:\/\/ticsalutsocial.atoom.space\/es\/"},{"@type":"ListItem","position":2,"name":"mHealth y salud mental: el proyecto SMART4MD al servicio de las personas con deterioro cognitivo y demencia"}]},{"@type":"WebSite","@id":"https:\/\/ticsalutsocial.atoom.space\/es\/#website","url":"https:\/\/ticsalutsocial.atoom.space\/es\/","name":"Fundaci\u00f3 TIC Salut i Social","description":"","potentialAction":[{"@type":"SearchAction","target":{"@type":"EntryPoint","urlTemplate":"https:\/\/ticsalutsocial.atoom.space\/es\/?s={search_term_string}"},"query-input":{"@type":"PropertyValueSpecification","valueRequired":true,"valueName":"search_term_string"}}],"inLanguage":"es"}]}},"_links":{"self":[{"href":"https:\/\/ticsalutsocial.atoom.space\/es\/wp-json\/wp\/v2\/noticia\/4205","targetHints":{"allow":["GET"]}}],"collection":[{"href":"https:\/\/ticsalutsocial.atoom.space\/es\/wp-json\/wp\/v2\/noticia"}],"about":[{"href":"https:\/\/ticsalutsocial.atoom.space\/es\/wp-json\/wp\/v2\/types\/noticia"}],"author":[{"embeddable":true,"href":"https:\/\/ticsalutsocial.atoom.space\/es\/wp-json\/wp\/v2\/users\/21"}],"wp:featuredmedia":[{"embeddable":true,"href":"https:\/\/ticsalutsocial.atoom.space\/es\/wp-json\/wp\/v2\/media\/4202"}],"wp:attachment":[{"href":"https:\/\/ticsalutsocial.atoom.space\/es\/wp-json\/wp\/v2\/media?parent=4205"}],"wp:term":[{"taxonomy":"etiqueta","embeddable":true,"href":"https:\/\/ticsalutsocial.atoom.space\/es\/wp-json\/wp\/v2\/etiqueta?post=4205"},{"taxonomy":"tipus","embeddable":true,"href":"https:\/\/ticsalutsocial.atoom.space\/es\/wp-json\/wp\/v2\/tipus?post=4205"},{"taxonomy":"topic","embeddable":true,"href":"https:\/\/ticsalutsocial.atoom.space\/es\/wp-json\/wp\/v2\/topic?post=4205"}],"curies":[{"name":"wp","href":"https:\/\/api.w.org\/{rel}","templated":true}]}}