
{"id":4216,"date":"2019-11-06T16:26:43","date_gmt":"2019-11-06T14:26:43","guid":{"rendered":"https:\/\/ticsalutsocial.atoom.space\/?post_type=noticia&#038;p=4216"},"modified":"2021-07-21T15:44:18","modified_gmt":"2021-07-21T13:44:18","slug":"miembros-del-reference-site-catalonia-se-reunen-para-seguir-evolucionando-el-grupo-de-trabajo","status":"publish","type":"noticia","link":"https:\/\/ticsalutsocial.atoom.space\/es\/noticia\/miembros-del-reference-site-catalonia-se-reunen-para-seguir-evolucionando-el-grupo-de-trabajo\/","title":{"rendered":"Miembros del Reference Site Catalonia se re\u00fanen para seguir evolucionando el grupo de trabajo"},"content":{"rendered":"<p>El pasado martes 5 de noviembre (en el Departamento de Salud, en Barcelona) tuvo lugar una primera reuni\u00f3n entre miembros del Reference Site Catalonia, formado por la Fundaci\u00f3n TIC Salut Social (Coordinador), Eurecat (industria), Universitat de Barcelona (investigaci\u00f3n) e IDIAP Jordi Gol \/ICS (sociedad civil). Este encuentro entre partners se program\u00f3 para definir y consensuar los objetivos del Reference Site Catalonia para el pr\u00f3ximo a\u00f1o, conocer a las personas de cada instituci\u00f3n que participar\u00e1n activamente y definir acciones concretas a medio corto plazo.<\/p>\n<p>En esta primera reuni\u00f3n introductoria, la Fundaci\u00f3 TIC Salut Social, como nuevo coordinador del RS, present\u00f3 una primera propuesta de actividades y objetivos generales, entre los que destacan:<\/p>\n<ol>\n<li>Posicionamiento de Catalu\u00f1a a nivel internacional en temas de envejecimiento.<\/li>\n<li>Potenciar la red de relaciones entre los colaboradores.<\/li>\n<li>Obtenci\u00f3n de financiaci\u00f3n europea.<\/li>\n<li>Identificar proyectos que se puedan implementar a nivel sist\u00e9mico (en las \u00e1reas de salud y atenci\u00f3n social).<\/li>\n<\/ol>\n<p><strong><u>Qu\u00e9 es un Reference Site? <\/u><\/strong><\/p>\n<p>Los RS est\u00e1n enmarcados dentro del European Innovation Partnership on Active and Healthy Ageing, una iniciativa de la Comunidad Europea para impulsar la innovaci\u00f3n y la transformaci\u00f3n digital en el \u00e1rea de envejecimiento saludable que busca aglutinar actor relevantes de Europa.<\/p>\n<p>Dentro de la EIP on AHA hay dos pilares principales: Los action groups y los Reference Sites.<\/p>\n<p>Los Reference Sites son ecosistemas \u00abinspiradores\u00bb que actualmente est\u00e1n trabajando en soluciones relacionadas con el envejecimiento y que aglutinan actores de la cu\u00e1druple h\u00e9lice (industria, sociedad, investigaci\u00f3n y administraci\u00f3n p\u00fablica). El objetivo principal de los RS es aglutinar a los actores de una regi\u00f3n determinada, fomentar el networking y la visibilidad de soluciones entorno del envejecimiento, impulsar la colaboraci\u00f3n y ser ejemplo del impacto positivo de estas soluciones.<\/p>\n<p>El pasado mes de septiembre, el Departamento de Salud recibi\u00f3 el m\u00e1ximo reconocimiento de 4 * con reconocimiento a la excelencia como EIP on AHA Reference Site Catalonia.<\/p>\n","protected":false},"author":21,"featured_media":6934,"menu_order":0,"template":"","meta":{"_acf_changed":false,"inline_featured_image":false},"etiqueta":[],"tipus":[],"topic":[123,130],"class_list":["post-4216","noticia","type-noticia","status-publish","has-post-thumbnail","hentry","topic-actualidad","topic-la-fundacion"],"acf":{"imatge":6934,"autor":"Carla Alvarez"},"yoast_head":"<!-- This site is optimized with the Yoast SEO plugin v27.1.1 - https:\/\/yoast.com\/product\/yoast-seo-wordpress\/ -->\n<title>Miembros del Reference Site Catalonia se re\u00fanen para seguir evolucionando el grupo de trabajo - Fundaci\u00f3 TIC Salut i Social<\/title>\n<meta name=\"robots\" content=\"index, follow, max-snippet:-1, max-image-preview:large, max-video-preview:-1\" \/>\n<link rel=\"canonical\" href=\"https:\/\/ticsalutsocial.atoom.space\/es\/noticia\/miembros-del-reference-site-catalonia-se-reunen-para-seguir-evolucionando-el-grupo-de-trabajo\/\" \/>\n<meta property=\"og:locale\" content=\"es_ES\" \/>\n<meta property=\"og:type\" content=\"article\" \/>\n<meta property=\"og:title\" content=\"Miembros del Reference Site Catalonia se re\u00fanen para seguir evolucionando el grupo de trabajo - Fundaci\u00f3 TIC Salut i Social\" \/>\n<meta property=\"og:description\" content=\"El pasado martes 5 de noviembre (en el Departamento de Salud, en Barcelona) tuvo lugar una primera reuni\u00f3n entre miembros del Reference Site Catalonia, formado por la Fundaci\u00f3n TIC Salut Social (Coordinador), Eurecat (industria), Universitat de Barcelona (investigaci\u00f3n) e IDIAP Jordi Gol \/ICS (sociedad civil). Este encuentro entre partners se program\u00f3 para definir y consensuar [&hellip;]\" \/>\n<meta property=\"og:url\" content=\"https:\/\/ticsalutsocial.atoom.space\/es\/noticia\/miembros-del-reference-site-catalonia-se-reunen-para-seguir-evolucionando-el-grupo-de-trabajo\/\" \/>\n<meta property=\"og:site_name\" content=\"Fundaci\u00f3 TIC Salut i Social\" \/>\n<meta property=\"article:modified_time\" content=\"2021-07-21T13:44:18+00:00\" \/>\n<meta property=\"og:image\" content=\"https:\/\/ticsalutsocial.atoom.space\/wp-content\/uploads\/2019\/11\/photo-1565427167526-c9d39f300959-e1573130984657.jpg\" \/>\n\t<meta property=\"og:image:width\" content=\"923\" \/>\n\t<meta property=\"og:image:height\" content=\"655\" \/>\n\t<meta property=\"og:image:type\" content=\"image\/jpeg\" \/>\n<meta name=\"twitter:card\" content=\"summary_large_image\" \/>\n<meta name=\"twitter:label1\" content=\"Tiempo de lectura\" \/>\n\t<meta name=\"twitter:data1\" content=\"2 minutos\" \/>\n<script type=\"application\/ld+json\" class=\"yoast-schema-graph\">{\"@context\":\"https:\/\/schema.org\",\"@graph\":[{\"@type\":\"WebPage\",\"@id\":\"https:\/\/ticsalutsocial.atoom.space\/es\/noticia\/miembros-del-reference-site-catalonia-se-reunen-para-seguir-evolucionando-el-grupo-de-trabajo\/\",\"url\":\"https:\/\/ticsalutsocial.atoom.space\/es\/noticia\/miembros-del-reference-site-catalonia-se-reunen-para-seguir-evolucionando-el-grupo-de-trabajo\/\",\"name\":\"Miembros del Reference Site Catalonia se re\u00fanen para seguir evolucionando el grupo de trabajo - Fundaci\u00f3 TIC Salut i Social\",\"isPartOf\":{\"@id\":\"https:\/\/ticsalutsocial.atoom.space\/es\/#website\"},\"primaryImageOfPage\":{\"@id\":\"https:\/\/ticsalutsocial.atoom.space\/es\/noticia\/miembros-del-reference-site-catalonia-se-reunen-para-seguir-evolucionando-el-grupo-de-trabajo\/#primaryimage\"},\"image\":{\"@id\":\"https:\/\/ticsalutsocial.atoom.space\/es\/noticia\/miembros-del-reference-site-catalonia-se-reunen-para-seguir-evolucionando-el-grupo-de-trabajo\/#primaryimage\"},\"thumbnailUrl\":\"https:\/\/ticsalutsocial.atoom.space\/wp-content\/uploads\/2019\/11\/photo-1565427167526-c9d39f300959-e1573130984657.jpg\",\"datePublished\":\"2019-11-06T14:26:43+00:00\",\"dateModified\":\"2021-07-21T13:44:18+00:00\",\"breadcrumb\":{\"@id\":\"https:\/\/ticsalutsocial.atoom.space\/es\/noticia\/miembros-del-reference-site-catalonia-se-reunen-para-seguir-evolucionando-el-grupo-de-trabajo\/#breadcrumb\"},\"inLanguage\":\"es\",\"potentialAction\":[{\"@type\":\"ReadAction\",\"target\":[\"https:\/\/ticsalutsocial.atoom.space\/es\/noticia\/miembros-del-reference-site-catalonia-se-reunen-para-seguir-evolucionando-el-grupo-de-trabajo\/\"]}]},{\"@type\":\"ImageObject\",\"inLanguage\":\"es\",\"@id\":\"https:\/\/ticsalutsocial.atoom.space\/es\/noticia\/miembros-del-reference-site-catalonia-se-reunen-para-seguir-evolucionando-el-grupo-de-trabajo\/#primaryimage\",\"url\":\"https:\/\/ticsalutsocial.atoom.space\/wp-content\/uploads\/2019\/11\/photo-1565427167526-c9d39f300959-e1573130984657.jpg\",\"contentUrl\":\"https:\/\/ticsalutsocial.atoom.space\/wp-content\/uploads\/2019\/11\/photo-1565427167526-c9d39f300959-e1573130984657.jpg\",\"width\":923,\"height\":655},{\"@type\":\"BreadcrumbList\",\"@id\":\"https:\/\/ticsalutsocial.atoom.space\/es\/noticia\/miembros-del-reference-site-catalonia-se-reunen-para-seguir-evolucionando-el-grupo-de-trabajo\/#breadcrumb\",\"itemListElement\":[{\"@type\":\"ListItem\",\"position\":1,\"name\":\"Inici\",\"item\":\"https:\/\/ticsalutsocial.atoom.space\/es\/\"},{\"@type\":\"ListItem\",\"position\":2,\"name\":\"Miembros del Reference Site Catalonia se re\u00fanen para seguir evolucionando el grupo de trabajo\"}]},{\"@type\":\"WebSite\",\"@id\":\"https:\/\/ticsalutsocial.atoom.space\/es\/#website\",\"url\":\"https:\/\/ticsalutsocial.atoom.space\/es\/\",\"name\":\"Fundaci\u00f3 TIC Salut i Social\",\"description\":\"\",\"potentialAction\":[{\"@type\":\"SearchAction\",\"target\":{\"@type\":\"EntryPoint\",\"urlTemplate\":\"https:\/\/ticsalutsocial.atoom.space\/es\/?s={search_term_string}\"},\"query-input\":{\"@type\":\"PropertyValueSpecification\",\"valueRequired\":true,\"valueName\":\"search_term_string\"}}],\"inLanguage\":\"es\"}]}<\/script>\n<!-- \/ Yoast SEO plugin. -->","yoast_head_json":{"title":"Miembros del Reference Site Catalonia se re\u00fanen para seguir evolucionando el grupo de trabajo - Fundaci\u00f3 TIC Salut i Social","robots":{"index":"index","follow":"follow","max-snippet":"max-snippet:-1","max-image-preview":"max-image-preview:large","max-video-preview":"max-video-preview:-1"},"canonical":"https:\/\/ticsalutsocial.atoom.space\/es\/noticia\/miembros-del-reference-site-catalonia-se-reunen-para-seguir-evolucionando-el-grupo-de-trabajo\/","og_locale":"es_ES","og_type":"article","og_title":"Miembros del Reference Site Catalonia se re\u00fanen para seguir evolucionando el grupo de trabajo - Fundaci\u00f3 TIC Salut i Social","og_description":"El pasado martes 5 de noviembre (en el Departamento de Salud, en Barcelona) tuvo lugar una primera reuni\u00f3n entre miembros del Reference Site Catalonia, formado por la Fundaci\u00f3n TIC Salut Social (Coordinador), Eurecat (industria), Universitat de Barcelona (investigaci\u00f3n) e IDIAP Jordi Gol \/ICS (sociedad civil). Este encuentro entre partners se program\u00f3 para definir y consensuar [&hellip;]","og_url":"https:\/\/ticsalutsocial.atoom.space\/es\/noticia\/miembros-del-reference-site-catalonia-se-reunen-para-seguir-evolucionando-el-grupo-de-trabajo\/","og_site_name":"Fundaci\u00f3 TIC Salut i Social","article_modified_time":"2021-07-21T13:44:18+00:00","og_image":[{"width":923,"height":655,"url":"https:\/\/ticsalutsocial.atoom.space\/wp-content\/uploads\/2019\/11\/photo-1565427167526-c9d39f300959-e1573130984657.jpg","type":"image\/jpeg"}],"twitter_card":"summary_large_image","twitter_misc":{"Tiempo de lectura":"2 minutos"},"schema":{"@context":"https:\/\/schema.org","@graph":[{"@type":"WebPage","@id":"https:\/\/ticsalutsocial.atoom.space\/es\/noticia\/miembros-del-reference-site-catalonia-se-reunen-para-seguir-evolucionando-el-grupo-de-trabajo\/","url":"https:\/\/ticsalutsocial.atoom.space\/es\/noticia\/miembros-del-reference-site-catalonia-se-reunen-para-seguir-evolucionando-el-grupo-de-trabajo\/","name":"Miembros del Reference Site Catalonia se re\u00fanen para seguir evolucionando el grupo de trabajo - Fundaci\u00f3 TIC Salut i Social","isPartOf":{"@id":"https:\/\/ticsalutsocial.atoom.space\/es\/#website"},"primaryImageOfPage":{"@id":"https:\/\/ticsalutsocial.atoom.space\/es\/noticia\/miembros-del-reference-site-catalonia-se-reunen-para-seguir-evolucionando-el-grupo-de-trabajo\/#primaryimage"},"image":{"@id":"https:\/\/ticsalutsocial.atoom.space\/es\/noticia\/miembros-del-reference-site-catalonia-se-reunen-para-seguir-evolucionando-el-grupo-de-trabajo\/#primaryimage"},"thumbnailUrl":"https:\/\/ticsalutsocial.atoom.space\/wp-content\/uploads\/2019\/11\/photo-1565427167526-c9d39f300959-e1573130984657.jpg","datePublished":"2019-11-06T14:26:43+00:00","dateModified":"2021-07-21T13:44:18+00:00","breadcrumb":{"@id":"https:\/\/ticsalutsocial.atoom.space\/es\/noticia\/miembros-del-reference-site-catalonia-se-reunen-para-seguir-evolucionando-el-grupo-de-trabajo\/#breadcrumb"},"inLanguage":"es","potentialAction":[{"@type":"ReadAction","target":["https:\/\/ticsalutsocial.atoom.space\/es\/noticia\/miembros-del-reference-site-catalonia-se-reunen-para-seguir-evolucionando-el-grupo-de-trabajo\/"]}]},{"@type":"ImageObject","inLanguage":"es","@id":"https:\/\/ticsalutsocial.atoom.space\/es\/noticia\/miembros-del-reference-site-catalonia-se-reunen-para-seguir-evolucionando-el-grupo-de-trabajo\/#primaryimage","url":"https:\/\/ticsalutsocial.atoom.space\/wp-content\/uploads\/2019\/11\/photo-1565427167526-c9d39f300959-e1573130984657.jpg","contentUrl":"https:\/\/ticsalutsocial.atoom.space\/wp-content\/uploads\/2019\/11\/photo-1565427167526-c9d39f300959-e1573130984657.jpg","width":923,"height":655},{"@type":"BreadcrumbList","@id":"https:\/\/ticsalutsocial.atoom.space\/es\/noticia\/miembros-del-reference-site-catalonia-se-reunen-para-seguir-evolucionando-el-grupo-de-trabajo\/#breadcrumb","itemListElement":[{"@type":"ListItem","position":1,"name":"Inici","item":"https:\/\/ticsalutsocial.atoom.space\/es\/"},{"@type":"ListItem","position":2,"name":"Miembros del Reference Site Catalonia se re\u00fanen para seguir evolucionando el grupo de trabajo"}]},{"@type":"WebSite","@id":"https:\/\/ticsalutsocial.atoom.space\/es\/#website","url":"https:\/\/ticsalutsocial.atoom.space\/es\/","name":"Fundaci\u00f3 TIC Salut i Social","description":"","potentialAction":[{"@type":"SearchAction","target":{"@type":"EntryPoint","urlTemplate":"https:\/\/ticsalutsocial.atoom.space\/es\/?s={search_term_string}"},"query-input":{"@type":"PropertyValueSpecification","valueRequired":true,"valueName":"search_term_string"}}],"inLanguage":"es"}]}},"_links":{"self":[{"href":"https:\/\/ticsalutsocial.atoom.space\/es\/wp-json\/wp\/v2\/noticia\/4216","targetHints":{"allow":["GET"]}}],"collection":[{"href":"https:\/\/ticsalutsocial.atoom.space\/es\/wp-json\/wp\/v2\/noticia"}],"about":[{"href":"https:\/\/ticsalutsocial.atoom.space\/es\/wp-json\/wp\/v2\/types\/noticia"}],"author":[{"embeddable":true,"href":"https:\/\/ticsalutsocial.atoom.space\/es\/wp-json\/wp\/v2\/users\/21"}],"wp:featuredmedia":[{"embeddable":true,"href":"https:\/\/ticsalutsocial.atoom.space\/es\/wp-json\/wp\/v2\/media\/6934"}],"wp:attachment":[{"href":"https:\/\/ticsalutsocial.atoom.space\/es\/wp-json\/wp\/v2\/media?parent=4216"}],"wp:term":[{"taxonomy":"etiqueta","embeddable":true,"href":"https:\/\/ticsalutsocial.atoom.space\/es\/wp-json\/wp\/v2\/etiqueta?post=4216"},{"taxonomy":"tipus","embeddable":true,"href":"https:\/\/ticsalutsocial.atoom.space\/es\/wp-json\/wp\/v2\/tipus?post=4216"},{"taxonomy":"topic","embeddable":true,"href":"https:\/\/ticsalutsocial.atoom.space\/es\/wp-json\/wp\/v2\/topic?post=4216"}],"curies":[{"name":"wp","href":"https:\/\/api.w.org\/{rel}","templated":true}]}}