
{"id":4234,"date":"2019-11-14T13:10:03","date_gmt":"2019-11-14T11:10:03","guid":{"rendered":"https:\/\/ticsalutsocial.atoom.space\/?post_type=noticia&#038;p=4234"},"modified":"2021-07-21T15:44:31","modified_gmt":"2021-07-21T13:44:31","slug":"conclusiones-del-foro-de-dialogo-profesional-sobre-competencias-digitales","status":"publish","type":"noticia","link":"https:\/\/ticsalutsocial.atoom.space\/es\/noticia\/conclusiones-del-foro-de-dialogo-profesional-sobre-competencias-digitales\/","title":{"rendered":"Conclusiones del Foro de Di\u00e1logo Profesional sobre competencias digitales"},"content":{"rendered":"<p>La <em>Direcci\u00f3 General de Professionals Sanitaris<\/em> inici\u00f3 en septiembre del 2018 el Foro de Di\u00e1logo Profesional en el que diferentes representantes de los profesionales del sector de la salud, identificaron 17 retos presentes y futuros a los cuales se enfrentan nuestros profesionales sanitarios. El pasado 5 de Noviembre tuvo lugar su cierre. Al final de este art\u00edculo podr\u00e9is consultar el documento con las conclusiones.<\/p>\n<p>La <em>Fundaci\u00f3 TIC Salut Social<\/em>, coordin\u00f3 junto con la Secretar\u00eda T\u00e9cnica de la <em>Sub-direcci\u00f3 General d\u2019Ordenaci\u00f3 i Desenvolupament Professional<\/em> (SGODP), el reto 4: \u201cMejorar las competencias TIC de los profesionales de la salud, avanzar en un uso de las TIC que facilite la humanizaci\u00f3n de la atenci\u00f3n presencial y en el dise\u00f1o de servicios de atenci\u00f3n no presencial\u201d.<\/p>\n<p>&nbsp;<\/p>\n<h3><strong>\u00bfPara qu\u00e9 son necesarias estas competencias?<\/strong><\/h3>\n<p>Porque diferentes estudios han demostrado que su carencia entorpece el logro de la transformaci\u00f3n digital en el entorno salud (1-3). Esta transformaci\u00f3n est\u00e1 siendo pedida por la ciudadan\u00eda para mejorar la eficacia de la provisi\u00f3n de servicios, mejorar la prevenci\u00f3n, los diagn\u00f3sticos y la personalizaci\u00f3n del actos terap\u00e9uticos (4,5).<\/p>\n<p>Tenemos el reto de la formaci\u00f3n y la capacitaci\u00f3n de los profesionales de la salud y de los servicios sociales que, necesariamente, ser\u00e1n cada vez m\u00e1s demandados para realizar de una forma diferente sus tareas asistenciales o sociales.<\/p>\n<p>&nbsp;<\/p>\n<h3><strong>Pr\u00f3ximamente publicaremos m\u00e1s informaci\u00f3n sobre:<\/strong><\/h3>\n<ul>\n<li>\u00bfCu\u00e1l es la situaci\u00f3n de las competencias digitales para profesionales sanitarios a nivel internacional?<\/li>\n<li><em>\u00bfC\u00f3mo las definimos?<\/em><\/li>\n<li>\u00bfCu\u00e1les deber\u00edan \u00a0ser?<\/li>\n<\/ul>\n<p>&nbsp;<\/p>\n<h3><strong>Bibliograf\u00eda<\/strong><\/h3>\n<ol>\n<li>Digital Health and the challege of Health Systems transformation. Alami H, Gagnon MP i Fortin JP. mHealth 2017; 3: 31.<\/li>\n<li>European ICT professionals role profiles. Transforming and scaling up health professionals\u2019 education and training. World Health Organization 2013.<\/li>\n<li>EMSA policy European Medical Students\u2019 Association\u00a0 Association Europ\u00e9enne des \u00c9tudiants en M\u00e9decine. This policy was adopted by the 29th EMSA Autumn Assembly in Athens (Greece) on 4th September 2019.\u00a0 Valid until: 4th September 2022.<\/li>\n<li>Ocupabilitat i compet\u00e8ncies dels metges interns residents (MIR). La percepci\u00f3 dels caps de servei i c\u00e0rrecs equivalents sobre els MIR. Principals resultats de l\u2019estudi 2015 als centres sanitaris. Ag\u00e8ncia per la Qualitat del Sistema Universitari de Catalunya.<\/li>\n<li>Healthcare professionals\u2019 competence in digitalisation: A systematic review. Konttila J, Siira H, Kyng\u00e4s H, et al. <em>J Clin Nurs<\/em> 2019; 28: 745-761.<\/li>\n<\/ol>\n","protected":false},"author":21,"featured_media":4231,"menu_order":0,"template":"","meta":{"_acf_changed":false,"inline_featured_image":false},"etiqueta":[],"tipus":[],"topic":[119],"class_list":["post-4234","noticia","type-noticia","status-publish","has-post-thumbnail","hentry","topic-innovacion"],"acf":{"imatge":4233,"autor":"Agathe Le\u00f3n","textos_destacats":[{"texte":"Competencias digitales para profesionales sanitarios"}]},"yoast_head":"<!-- This site is optimized with the Yoast SEO plugin v27.1.1 - https:\/\/yoast.com\/product\/yoast-seo-wordpress\/ -->\n<title>Conclusiones del Foro de Di\u00e1logo Profesional sobre competencias digitales - Fundaci\u00f3 TIC Salut i Social<\/title>\n<meta name=\"robots\" content=\"index, follow, max-snippet:-1, max-image-preview:large, max-video-preview:-1\" \/>\n<link rel=\"canonical\" href=\"https:\/\/ticsalutsocial.atoom.space\/es\/noticia\/conclusiones-del-foro-de-dialogo-profesional-sobre-competencias-digitales\/\" \/>\n<meta property=\"og:locale\" content=\"es_ES\" \/>\n<meta property=\"og:type\" content=\"article\" \/>\n<meta property=\"og:title\" content=\"Conclusiones del Foro de Di\u00e1logo Profesional sobre competencias digitales - Fundaci\u00f3 TIC Salut i Social\" \/>\n<meta property=\"og:description\" content=\"La Direcci\u00f3 General de Professionals Sanitaris inici\u00f3 en septiembre del 2018 el Foro de Di\u00e1logo Profesional en el que diferentes representantes de los profesionales del sector de la salud, identificaron 17 retos presentes y futuros a los cuales se enfrentan nuestros profesionales sanitarios. El pasado 5 de Noviembre tuvo lugar su cierre. Al final de [&hellip;]\" \/>\n<meta property=\"og:url\" content=\"https:\/\/ticsalutsocial.atoom.space\/es\/noticia\/conclusiones-del-foro-de-dialogo-profesional-sobre-competencias-digitales\/\" \/>\n<meta property=\"og:site_name\" content=\"Fundaci\u00f3 TIC Salut i Social\" \/>\n<meta property=\"article:modified_time\" content=\"2021-07-21T13:44:31+00:00\" \/>\n<meta property=\"og:image\" content=\"https:\/\/ticsalutsocial.atoom.space\/wp-content\/uploads\/2019\/11\/photo-1522865303908-cf456007b41e.jpg\" \/>\n\t<meta property=\"og:image:width\" content=\"1350\" \/>\n\t<meta property=\"og:image:height\" content=\"900\" \/>\n\t<meta property=\"og:image:type\" content=\"image\/jpeg\" \/>\n<meta name=\"twitter:card\" content=\"summary_large_image\" \/>\n<meta name=\"twitter:label1\" content=\"Tiempo de lectura\" \/>\n\t<meta name=\"twitter:data1\" content=\"2 minutos\" \/>\n<script type=\"application\/ld+json\" class=\"yoast-schema-graph\">{\"@context\":\"https:\/\/schema.org\",\"@graph\":[{\"@type\":\"WebPage\",\"@id\":\"https:\/\/ticsalutsocial.atoom.space\/es\/noticia\/conclusiones-del-foro-de-dialogo-profesional-sobre-competencias-digitales\/\",\"url\":\"https:\/\/ticsalutsocial.atoom.space\/es\/noticia\/conclusiones-del-foro-de-dialogo-profesional-sobre-competencias-digitales\/\",\"name\":\"Conclusiones del Foro de Di\u00e1logo Profesional sobre competencias digitales - Fundaci\u00f3 TIC Salut i Social\",\"isPartOf\":{\"@id\":\"https:\/\/ticsalutsocial.atoom.space\/es\/#website\"},\"primaryImageOfPage\":{\"@id\":\"https:\/\/ticsalutsocial.atoom.space\/es\/noticia\/conclusiones-del-foro-de-dialogo-profesional-sobre-competencias-digitales\/#primaryimage\"},\"image\":{\"@id\":\"https:\/\/ticsalutsocial.atoom.space\/es\/noticia\/conclusiones-del-foro-de-dialogo-profesional-sobre-competencias-digitales\/#primaryimage\"},\"thumbnailUrl\":\"https:\/\/ticsalutsocial.atoom.space\/wp-content\/uploads\/2019\/11\/photo-1522865303908-cf456007b41e.jpg\",\"datePublished\":\"2019-11-14T11:10:03+00:00\",\"dateModified\":\"2021-07-21T13:44:31+00:00\",\"breadcrumb\":{\"@id\":\"https:\/\/ticsalutsocial.atoom.space\/es\/noticia\/conclusiones-del-foro-de-dialogo-profesional-sobre-competencias-digitales\/#breadcrumb\"},\"inLanguage\":\"es\",\"potentialAction\":[{\"@type\":\"ReadAction\",\"target\":[\"https:\/\/ticsalutsocial.atoom.space\/es\/noticia\/conclusiones-del-foro-de-dialogo-profesional-sobre-competencias-digitales\/\"]}]},{\"@type\":\"ImageObject\",\"inLanguage\":\"es\",\"@id\":\"https:\/\/ticsalutsocial.atoom.space\/es\/noticia\/conclusiones-del-foro-de-dialogo-profesional-sobre-competencias-digitales\/#primaryimage\",\"url\":\"https:\/\/ticsalutsocial.atoom.space\/wp-content\/uploads\/2019\/11\/photo-1522865303908-cf456007b41e.jpg\",\"contentUrl\":\"https:\/\/ticsalutsocial.atoom.space\/wp-content\/uploads\/2019\/11\/photo-1522865303908-cf456007b41e.jpg\",\"width\":1350,\"height\":900},{\"@type\":\"BreadcrumbList\",\"@id\":\"https:\/\/ticsalutsocial.atoom.space\/es\/noticia\/conclusiones-del-foro-de-dialogo-profesional-sobre-competencias-digitales\/#breadcrumb\",\"itemListElement\":[{\"@type\":\"ListItem\",\"position\":1,\"name\":\"Inici\",\"item\":\"https:\/\/ticsalutsocial.atoom.space\/es\/\"},{\"@type\":\"ListItem\",\"position\":2,\"name\":\"Conclusiones del Foro de Di\u00e1logo Profesional sobre competencias digitales\"}]},{\"@type\":\"WebSite\",\"@id\":\"https:\/\/ticsalutsocial.atoom.space\/es\/#website\",\"url\":\"https:\/\/ticsalutsocial.atoom.space\/es\/\",\"name\":\"Fundaci\u00f3 TIC Salut i Social\",\"description\":\"\",\"potentialAction\":[{\"@type\":\"SearchAction\",\"target\":{\"@type\":\"EntryPoint\",\"urlTemplate\":\"https:\/\/ticsalutsocial.atoom.space\/es\/?s={search_term_string}\"},\"query-input\":{\"@type\":\"PropertyValueSpecification\",\"valueRequired\":true,\"valueName\":\"search_term_string\"}}],\"inLanguage\":\"es\"}]}<\/script>\n<!-- \/ Yoast SEO plugin. -->","yoast_head_json":{"title":"Conclusiones del Foro de Di\u00e1logo Profesional sobre competencias digitales - Fundaci\u00f3 TIC Salut i Social","robots":{"index":"index","follow":"follow","max-snippet":"max-snippet:-1","max-image-preview":"max-image-preview:large","max-video-preview":"max-video-preview:-1"},"canonical":"https:\/\/ticsalutsocial.atoom.space\/es\/noticia\/conclusiones-del-foro-de-dialogo-profesional-sobre-competencias-digitales\/","og_locale":"es_ES","og_type":"article","og_title":"Conclusiones del Foro de Di\u00e1logo Profesional sobre competencias digitales - Fundaci\u00f3 TIC Salut i Social","og_description":"La Direcci\u00f3 General de Professionals Sanitaris inici\u00f3 en septiembre del 2018 el Foro de Di\u00e1logo Profesional en el que diferentes representantes de los profesionales del sector de la salud, identificaron 17 retos presentes y futuros a los cuales se enfrentan nuestros profesionales sanitarios. El pasado 5 de Noviembre tuvo lugar su cierre. Al final de [&hellip;]","og_url":"https:\/\/ticsalutsocial.atoom.space\/es\/noticia\/conclusiones-del-foro-de-dialogo-profesional-sobre-competencias-digitales\/","og_site_name":"Fundaci\u00f3 TIC Salut i Social","article_modified_time":"2021-07-21T13:44:31+00:00","og_image":[{"width":1350,"height":900,"url":"https:\/\/ticsalutsocial.atoom.space\/wp-content\/uploads\/2019\/11\/photo-1522865303908-cf456007b41e.jpg","type":"image\/jpeg"}],"twitter_card":"summary_large_image","twitter_misc":{"Tiempo de lectura":"2 minutos"},"schema":{"@context":"https:\/\/schema.org","@graph":[{"@type":"WebPage","@id":"https:\/\/ticsalutsocial.atoom.space\/es\/noticia\/conclusiones-del-foro-de-dialogo-profesional-sobre-competencias-digitales\/","url":"https:\/\/ticsalutsocial.atoom.space\/es\/noticia\/conclusiones-del-foro-de-dialogo-profesional-sobre-competencias-digitales\/","name":"Conclusiones del Foro de Di\u00e1logo Profesional sobre competencias digitales - Fundaci\u00f3 TIC Salut i Social","isPartOf":{"@id":"https:\/\/ticsalutsocial.atoom.space\/es\/#website"},"primaryImageOfPage":{"@id":"https:\/\/ticsalutsocial.atoom.space\/es\/noticia\/conclusiones-del-foro-de-dialogo-profesional-sobre-competencias-digitales\/#primaryimage"},"image":{"@id":"https:\/\/ticsalutsocial.atoom.space\/es\/noticia\/conclusiones-del-foro-de-dialogo-profesional-sobre-competencias-digitales\/#primaryimage"},"thumbnailUrl":"https:\/\/ticsalutsocial.atoom.space\/wp-content\/uploads\/2019\/11\/photo-1522865303908-cf456007b41e.jpg","datePublished":"2019-11-14T11:10:03+00:00","dateModified":"2021-07-21T13:44:31+00:00","breadcrumb":{"@id":"https:\/\/ticsalutsocial.atoom.space\/es\/noticia\/conclusiones-del-foro-de-dialogo-profesional-sobre-competencias-digitales\/#breadcrumb"},"inLanguage":"es","potentialAction":[{"@type":"ReadAction","target":["https:\/\/ticsalutsocial.atoom.space\/es\/noticia\/conclusiones-del-foro-de-dialogo-profesional-sobre-competencias-digitales\/"]}]},{"@type":"ImageObject","inLanguage":"es","@id":"https:\/\/ticsalutsocial.atoom.space\/es\/noticia\/conclusiones-del-foro-de-dialogo-profesional-sobre-competencias-digitales\/#primaryimage","url":"https:\/\/ticsalutsocial.atoom.space\/wp-content\/uploads\/2019\/11\/photo-1522865303908-cf456007b41e.jpg","contentUrl":"https:\/\/ticsalutsocial.atoom.space\/wp-content\/uploads\/2019\/11\/photo-1522865303908-cf456007b41e.jpg","width":1350,"height":900},{"@type":"BreadcrumbList","@id":"https:\/\/ticsalutsocial.atoom.space\/es\/noticia\/conclusiones-del-foro-de-dialogo-profesional-sobre-competencias-digitales\/#breadcrumb","itemListElement":[{"@type":"ListItem","position":1,"name":"Inici","item":"https:\/\/ticsalutsocial.atoom.space\/es\/"},{"@type":"ListItem","position":2,"name":"Conclusiones del Foro de Di\u00e1logo Profesional sobre competencias digitales"}]},{"@type":"WebSite","@id":"https:\/\/ticsalutsocial.atoom.space\/es\/#website","url":"https:\/\/ticsalutsocial.atoom.space\/es\/","name":"Fundaci\u00f3 TIC Salut i Social","description":"","potentialAction":[{"@type":"SearchAction","target":{"@type":"EntryPoint","urlTemplate":"https:\/\/ticsalutsocial.atoom.space\/es\/?s={search_term_string}"},"query-input":{"@type":"PropertyValueSpecification","valueRequired":true,"valueName":"search_term_string"}}],"inLanguage":"es"}]}},"_links":{"self":[{"href":"https:\/\/ticsalutsocial.atoom.space\/es\/wp-json\/wp\/v2\/noticia\/4234","targetHints":{"allow":["GET"]}}],"collection":[{"href":"https:\/\/ticsalutsocial.atoom.space\/es\/wp-json\/wp\/v2\/noticia"}],"about":[{"href":"https:\/\/ticsalutsocial.atoom.space\/es\/wp-json\/wp\/v2\/types\/noticia"}],"author":[{"embeddable":true,"href":"https:\/\/ticsalutsocial.atoom.space\/es\/wp-json\/wp\/v2\/users\/21"}],"wp:featuredmedia":[{"embeddable":true,"href":"https:\/\/ticsalutsocial.atoom.space\/es\/wp-json\/wp\/v2\/media\/4231"}],"wp:attachment":[{"href":"https:\/\/ticsalutsocial.atoom.space\/es\/wp-json\/wp\/v2\/media?parent=4234"}],"wp:term":[{"taxonomy":"etiqueta","embeddable":true,"href":"https:\/\/ticsalutsocial.atoom.space\/es\/wp-json\/wp\/v2\/etiqueta?post=4234"},{"taxonomy":"tipus","embeddable":true,"href":"https:\/\/ticsalutsocial.atoom.space\/es\/wp-json\/wp\/v2\/tipus?post=4234"},{"taxonomy":"topic","embeddable":true,"href":"https:\/\/ticsalutsocial.atoom.space\/es\/wp-json\/wp\/v2\/topic?post=4234"}],"curies":[{"name":"wp","href":"https:\/\/api.w.org\/{rel}","templated":true}]}}